{"id":1056,"date":"2024-04-11T17:08:38","date_gmt":"2024-04-11T20:08:38","guid":{"rendered":"https:\/\/www.pmpf.rs.gov.br\/portal-do-servidor-publico\/?p=1056"},"modified":"2024-04-15T14:43:10","modified_gmt":"2024-04-15T17:43:10","slug":"encontro-sobre-o-dia-a-dia-para-quem-cuida-de-portadores-de-tea-manejos-e-desafios","status":"publish","type":"post","link":"https:\/\/www.pmpf.rs.gov.br\/portal-do-servidor-publico\/2024\/04\/11\/encontro-sobre-o-dia-a-dia-para-quem-cuida-de-portadores-de-tea-manejos-e-desafios\/","title":{"rendered":"Encontro sobre o Dia a Dia para Quem Cuida de Portadores de TEA: Manejos e Desafios"},"content":{"rendered":"<div class=\"wp-block-image is-style-default\">\n<figure class=\"alignleft size-large is-resized\"><img loading=\"lazy\" decoding=\"async\" width=\"1024\" height=\"819\" src=\"https:\/\/www.pmpf.rs.gov.br\/portal-do-servidor-publico\/wp-content\/uploads\/sites\/41\/2022\/02\/foto-autismo-15042024-1024x819.jpg\" alt=\"\" class=\"wp-image-1059\" style=\"width:291px;height:auto\" srcset=\"https:\/\/www.pmpf.rs.gov.br\/portal-do-servidor-publico\/wp-content\/uploads\/sites\/41\/2022\/02\/foto-autismo-15042024-1024x819.jpg 1024w, https:\/\/www.pmpf.rs.gov.br\/portal-do-servidor-publico\/wp-content\/uploads\/sites\/41\/2022\/02\/foto-autismo-15042024-300x240.jpg 300w, https:\/\/www.pmpf.rs.gov.br\/portal-do-servidor-publico\/wp-content\/uploads\/sites\/41\/2022\/02\/foto-autismo-15042024-768x614.jpg 768w, https:\/\/www.pmpf.rs.gov.br\/portal-do-servidor-publico\/wp-content\/uploads\/sites\/41\/2022\/02\/foto-autismo-15042024.jpg 1280w\" sizes=\"(max-width: 1024px) 100vw, 1024px\" \/><\/figure><\/div>\n\n\n<p>O dia a dia para quem cuida de portadores de TEA: manejos e desafios foi o assunto do encontro ocorrido no dia 04 de abril de 2024 no Teatro Municipal M\u00facio de Castro, promovido pelo N\u00facleo de Biometria da Prefeitura de Passo Fundo.<br>O evento contou com a participa\u00e7\u00e3o de profissionais  especialistas no assunto e teve a ades\u00e3o de mais de cem servidores do munic\u00edpio.<br>Um momento importante dedicado aos servidores pais de autistas, bem como aqueles que atendem autistas em seus locais de trabalho.<br>O n\u00facleo de Biometria agradece a ades\u00e3o dos colegas ao evento e se sente motivado em realizar a\u00e7\u00f5es futuras.<\/p>\n\n\n\n<hr class=\"wp-block-separator has-alpha-channel-opacity\"\/>\n","protected":false},"excerpt":{"rendered":"<p>Evento contou com grande n\u00famero de participante.<\/p>\n","protected":false},"author":4,"featured_media":0,"comment_status":"closed","ping_status":"closed","sticky":false,"template":"","format":"standard","meta":{"footnotes":""},"categories":[1],"tags":[],"class_list":["post-1056","post","type-post","status-publish","format-standard","hentry","category-sem-categoria"],"yoast_head":"<!-- This site is optimized with the Yoast SEO plugin v23.8 - https:\/\/yoast.com\/wordpress\/plugins\/seo\/ -->\n<title>Encontro sobre o Dia a Dia para Quem Cuida de Portadores de TEA: Manejos e Desafios - Portal do Servidor P\u00fablico<\/title>\n<meta name=\"robots\" content=\"index, follow, max-snippet:-1, max-image-preview:large, max-video-preview:-1\" \/>\n<link rel=\"canonical\" href=\"https:\/\/www.pmpf.rs.gov.br\/portal-do-servidor-publico\/2024\/04\/11\/encontro-sobre-o-dia-a-dia-para-quem-cuida-de-portadores-de-tea-manejos-e-desafios\/\" \/>\n<meta property=\"og:locale\" content=\"pt_BR\" \/>\n<meta property=\"og:type\" content=\"article\" \/>\n<meta property=\"og:title\" content=\"Encontro sobre o Dia a Dia para Quem Cuida de Portadores de TEA: Manejos e Desafios - Portal do Servidor P\u00fablico\" \/>\n<meta property=\"og:description\" content=\"Evento contou com grande n\u00famero de participante.\" \/>\n<meta property=\"og:url\" content=\"https:\/\/www.pmpf.rs.gov.br\/portal-do-servidor-publico\/2024\/04\/11\/encontro-sobre-o-dia-a-dia-para-quem-cuida-de-portadores-de-tea-manejos-e-desafios\/\" \/>\n<meta property=\"og:site_name\" content=\"Portal do Servidor P\u00fablico\" \/>\n<meta property=\"article:published_time\" content=\"2024-04-11T20:08:38+00:00\" \/>\n<meta property=\"article:modified_time\" content=\"2024-04-15T17:43:10+00:00\" \/>\n<meta property=\"og:image\" content=\"https:\/\/www.pmpf.rs.gov.br\/portal-do-servidor-publico\/wp-content\/uploads\/sites\/41\/2022\/02\/foto-autismo-15042024-1024x819.jpg\" \/>\n<meta name=\"author\" content=\"cristianem\" \/>\n<meta name=\"twitter:card\" content=\"summary_large_image\" \/>\n<meta name=\"twitter:label1\" content=\"Escrito por\" \/>\n\t<meta name=\"twitter:data1\" content=\"cristianem\" \/>\n\t<meta name=\"twitter:label2\" content=\"Est. tempo de leitura\" \/>\n\t<meta name=\"twitter:data2\" content=\"1 minuto\" \/>\n<script type=\"application\/ld+json\" class=\"yoast-schema-graph\">{\"@context\":\"https:\/\/schema.org\",\"@graph\":[{\"@type\":\"WebPage\",\"@id\":\"https:\/\/www.pmpf.rs.gov.br\/portal-do-servidor-publico\/2024\/04\/11\/encontro-sobre-o-dia-a-dia-para-quem-cuida-de-portadores-de-tea-manejos-e-desafios\/\",\"url\":\"https:\/\/www.pmpf.rs.gov.br\/portal-do-servidor-publico\/2024\/04\/11\/encontro-sobre-o-dia-a-dia-para-quem-cuida-de-portadores-de-tea-manejos-e-desafios\/\",\"name\":\"Encontro sobre o Dia a Dia para Quem Cuida de Portadores de TEA: Manejos e Desafios - Portal do Servidor P\u00fablico\",\"isPartOf\":{\"@id\":\"https:\/\/www.pmpf.rs.gov.br\/portal-do-servidor-publico\/#website\"},\"primaryImageOfPage\":{\"@id\":\"https:\/\/www.pmpf.rs.gov.br\/portal-do-servidor-publico\/2024\/04\/11\/encontro-sobre-o-dia-a-dia-para-quem-cuida-de-portadores-de-tea-manejos-e-desafios\/#primaryimage\"},\"image\":{\"@id\":\"https:\/\/www.pmpf.rs.gov.br\/portal-do-servidor-publico\/2024\/04\/11\/encontro-sobre-o-dia-a-dia-para-quem-cuida-de-portadores-de-tea-manejos-e-desafios\/#primaryimage\"},\"thumbnailUrl\":\"https:\/\/www.pmpf.rs.gov.br\/portal-do-servidor-publico\/wp-content\/uploads\/sites\/41\/2022\/02\/foto-autismo-15042024-1024x819.jpg\",\"datePublished\":\"2024-04-11T20:08:38+00:00\",\"dateModified\":\"2024-04-15T17:43:10+00:00\",\"author\":{\"@id\":\"https:\/\/www.pmpf.rs.gov.br\/portal-do-servidor-publico\/#\/schema\/person\/7546f09893e4b6bb3b2692a8a4132462\"},\"inLanguage\":\"pt-BR\",\"potentialAction\":[{\"@type\":\"ReadAction\",\"target\":[\"https:\/\/www.pmpf.rs.gov.br\/portal-do-servidor-publico\/2024\/04\/11\/encontro-sobre-o-dia-a-dia-para-quem-cuida-de-portadores-de-tea-manejos-e-desafios\/\"]}]},{\"@type\":\"ImageObject\",\"inLanguage\":\"pt-BR\",\"@id\":\"https:\/\/www.pmpf.rs.gov.br\/portal-do-servidor-publico\/2024\/04\/11\/encontro-sobre-o-dia-a-dia-para-quem-cuida-de-portadores-de-tea-manejos-e-desafios\/#primaryimage\",\"url\":\"https:\/\/www.pmpf.rs.gov.br\/portal-do-servidor-publico\/wp-content\/uploads\/sites\/41\/2022\/02\/foto-autismo-15042024.jpg\",\"contentUrl\":\"https:\/\/www.pmpf.rs.gov.br\/portal-do-servidor-publico\/wp-content\/uploads\/sites\/41\/2022\/02\/foto-autismo-15042024.jpg\",\"width\":1280,\"height\":1024},{\"@type\":\"WebSite\",\"@id\":\"https:\/\/www.pmpf.rs.gov.br\/portal-do-servidor-publico\/#website\",\"url\":\"https:\/\/www.pmpf.rs.gov.br\/portal-do-servidor-publico\/\",\"name\":\"Portal do Servidor P\u00fablico\",\"description\":\"S\u00f3 mais um site Prefeitura de Passo Fundo\",\"potentialAction\":[{\"@type\":\"SearchAction\",\"target\":{\"@type\":\"EntryPoint\",\"urlTemplate\":\"https:\/\/www.pmpf.rs.gov.br\/portal-do-servidor-publico\/?s={search_term_string}\"},\"query-input\":{\"@type\":\"PropertyValueSpecification\",\"valueRequired\":true,\"valueName\":\"search_term_string\"}}],\"inLanguage\":\"pt-BR\"},{\"@type\":\"Person\",\"@id\":\"https:\/\/www.pmpf.rs.gov.br\/portal-do-servidor-publico\/#\/schema\/person\/7546f09893e4b6bb3b2692a8a4132462\",\"name\":\"cristianem\",\"image\":{\"@type\":\"ImageObject\",\"inLanguage\":\"pt-BR\",\"@id\":\"https:\/\/www.pmpf.rs.gov.br\/portal-do-servidor-publico\/#\/schema\/person\/image\/\",\"url\":\"https:\/\/secure.gravatar.com\/avatar\/66d52b92d6080d2743ba29b3cdbdf293?s=96&d=mm&r=g\",\"contentUrl\":\"https:\/\/secure.gravatar.com\/avatar\/66d52b92d6080d2743ba29b3cdbdf293?s=96&d=mm&r=g\",\"caption\":\"cristianem\"},\"url\":\"https:\/\/www.pmpf.rs.gov.br\/portal-do-servidor-publico\/author\/cristianem\/\"}]}<\/script>\n<!-- \/ Yoast SEO plugin. -->","yoast_head_json":{"title":"Encontro sobre o Dia a Dia para Quem Cuida de Portadores de TEA: Manejos e Desafios - Portal do Servidor P\u00fablico","robots":{"index":"index","follow":"follow","max-snippet":"max-snippet:-1","max-image-preview":"max-image-preview:large","max-video-preview":"max-video-preview:-1"},"canonical":"https:\/\/www.pmpf.rs.gov.br\/portal-do-servidor-publico\/2024\/04\/11\/encontro-sobre-o-dia-a-dia-para-quem-cuida-de-portadores-de-tea-manejos-e-desafios\/","og_locale":"pt_BR","og_type":"article","og_title":"Encontro sobre o Dia a Dia para Quem Cuida de Portadores de TEA: Manejos e Desafios - Portal do Servidor P\u00fablico","og_description":"Evento contou com grande n\u00famero de participante.","og_url":"https:\/\/www.pmpf.rs.gov.br\/portal-do-servidor-publico\/2024\/04\/11\/encontro-sobre-o-dia-a-dia-para-quem-cuida-de-portadores-de-tea-manejos-e-desafios\/","og_site_name":"Portal do Servidor P\u00fablico","article_published_time":"2024-04-11T20:08:38+00:00","article_modified_time":"2024-04-15T17:43:10+00:00","og_image":[{"url":"https:\/\/www.pmpf.rs.gov.br\/portal-do-servidor-publico\/wp-content\/uploads\/sites\/41\/2022\/02\/foto-autismo-15042024-1024x819.jpg"}],"author":"cristianem","twitter_card":"summary_large_image","twitter_misc":{"Escrito por":"cristianem","Est. tempo de leitura":"1 minuto"},"schema":{"@context":"https:\/\/schema.org","@graph":[{"@type":"WebPage","@id":"https:\/\/www.pmpf.rs.gov.br\/portal-do-servidor-publico\/2024\/04\/11\/encontro-sobre-o-dia-a-dia-para-quem-cuida-de-portadores-de-tea-manejos-e-desafios\/","url":"https:\/\/www.pmpf.rs.gov.br\/portal-do-servidor-publico\/2024\/04\/11\/encontro-sobre-o-dia-a-dia-para-quem-cuida-de-portadores-de-tea-manejos-e-desafios\/","name":"Encontro sobre o Dia a Dia para Quem Cuida de Portadores de TEA: Manejos e Desafios - Portal do Servidor P\u00fablico","isPartOf":{"@id":"https:\/\/www.pmpf.rs.gov.br\/portal-do-servidor-publico\/#website"},"primaryImageOfPage":{"@id":"https:\/\/www.pmpf.rs.gov.br\/portal-do-servidor-publico\/2024\/04\/11\/encontro-sobre-o-dia-a-dia-para-quem-cuida-de-portadores-de-tea-manejos-e-desafios\/#primaryimage"},"image":{"@id":"https:\/\/www.pmpf.rs.gov.br\/portal-do-servidor-publico\/2024\/04\/11\/encontro-sobre-o-dia-a-dia-para-quem-cuida-de-portadores-de-tea-manejos-e-desafios\/#primaryimage"},"thumbnailUrl":"https:\/\/www.pmpf.rs.gov.br\/portal-do-servidor-publico\/wp-content\/uploads\/sites\/41\/2022\/02\/foto-autismo-15042024-1024x819.jpg","datePublished":"2024-04-11T20:08:38+00:00","dateModified":"2024-04-15T17:43:10+00:00","author":{"@id":"https:\/\/www.pmpf.rs.gov.br\/portal-do-servidor-publico\/#\/schema\/person\/7546f09893e4b6bb3b2692a8a4132462"},"inLanguage":"pt-BR","potentialAction":[{"@type":"ReadAction","target":["https:\/\/www.pmpf.rs.gov.br\/portal-do-servidor-publico\/2024\/04\/11\/encontro-sobre-o-dia-a-dia-para-quem-cuida-de-portadores-de-tea-manejos-e-desafios\/"]}]},{"@type":"ImageObject","inLanguage":"pt-BR","@id":"https:\/\/www.pmpf.rs.gov.br\/portal-do-servidor-publico\/2024\/04\/11\/encontro-sobre-o-dia-a-dia-para-quem-cuida-de-portadores-de-tea-manejos-e-desafios\/#primaryimage","url":"https:\/\/www.pmpf.rs.gov.br\/portal-do-servidor-publico\/wp-content\/uploads\/sites\/41\/2022\/02\/foto-autismo-15042024.jpg","contentUrl":"https:\/\/www.pmpf.rs.gov.br\/portal-do-servidor-publico\/wp-content\/uploads\/sites\/41\/2022\/02\/foto-autismo-15042024.jpg","width":1280,"height":1024},{"@type":"WebSite","@id":"https:\/\/www.pmpf.rs.gov.br\/portal-do-servidor-publico\/#website","url":"https:\/\/www.pmpf.rs.gov.br\/portal-do-servidor-publico\/","name":"Portal do Servidor P\u00fablico","description":"S\u00f3 mais um site Prefeitura de Passo Fundo","potentialAction":[{"@type":"SearchAction","target":{"@type":"EntryPoint","urlTemplate":"https:\/\/www.pmpf.rs.gov.br\/portal-do-servidor-publico\/?s={search_term_string}"},"query-input":{"@type":"PropertyValueSpecification","valueRequired":true,"valueName":"search_term_string"}}],"inLanguage":"pt-BR"},{"@type":"Person","@id":"https:\/\/www.pmpf.rs.gov.br\/portal-do-servidor-publico\/#\/schema\/person\/7546f09893e4b6bb3b2692a8a4132462","name":"cristianem","image":{"@type":"ImageObject","inLanguage":"pt-BR","@id":"https:\/\/www.pmpf.rs.gov.br\/portal-do-servidor-publico\/#\/schema\/person\/image\/","url":"https:\/\/secure.gravatar.com\/avatar\/66d52b92d6080d2743ba29b3cdbdf293?s=96&d=mm&r=g","contentUrl":"https:\/\/secure.gravatar.com\/avatar\/66d52b92d6080d2743ba29b3cdbdf293?s=96&d=mm&r=g","caption":"cristianem"},"url":"https:\/\/www.pmpf.rs.gov.br\/portal-do-servidor-publico\/author\/cristianem\/"}]}},"_links":{"self":[{"href":"https:\/\/www.pmpf.rs.gov.br\/portal-do-servidor-publico\/wp-json\/wp\/v2\/posts\/1056"}],"collection":[{"href":"https:\/\/www.pmpf.rs.gov.br\/portal-do-servidor-publico\/wp-json\/wp\/v2\/posts"}],"about":[{"href":"https:\/\/www.pmpf.rs.gov.br\/portal-do-servidor-publico\/wp-json\/wp\/v2\/types\/post"}],"author":[{"embeddable":true,"href":"https:\/\/www.pmpf.rs.gov.br\/portal-do-servidor-publico\/wp-json\/wp\/v2\/users\/4"}],"replies":[{"embeddable":true,"href":"https:\/\/www.pmpf.rs.gov.br\/portal-do-servidor-publico\/wp-json\/wp\/v2\/comments?post=1056"}],"version-history":[{"count":2,"href":"https:\/\/www.pmpf.rs.gov.br\/portal-do-servidor-publico\/wp-json\/wp\/v2\/posts\/1056\/revisions"}],"predecessor-version":[{"id":1060,"href":"https:\/\/www.pmpf.rs.gov.br\/portal-do-servidor-publico\/wp-json\/wp\/v2\/posts\/1056\/revisions\/1060"}],"wp:attachment":[{"href":"https:\/\/www.pmpf.rs.gov.br\/portal-do-servidor-publico\/wp-json\/wp\/v2\/media?parent=1056"}],"wp:term":[{"taxonomy":"category","embeddable":true,"href":"https:\/\/www.pmpf.rs.gov.br\/portal-do-servidor-publico\/wp-json\/wp\/v2\/categories?post=1056"},{"taxonomy":"post_tag","embeddable":true,"href":"https:\/\/www.pmpf.rs.gov.br\/portal-do-servidor-publico\/wp-json\/wp\/v2\/tags?post=1056"}],"curies":[{"name":"wp","href":"https:\/\/api.w.org\/{rel}","templated":true}]}}