{"id":490,"date":"2026-09-01T11:09:20","date_gmt":"2026-09-01T14:09:20","guid":{"rendered":"https:\/\/www.pmpf.rs.gov.br\/inovacao\/?p=490"},"modified":"2026-09-01T11:09:21","modified_gmt":"2026-09-01T14:09:21","slug":"prefeitura-anuncia-passo-fundo-como-sede-do-eli-summit-2027","status":"publish","type":"post","link":"https:\/\/www.pmpf.rs.gov.br\/inovacao\/2026\/09\/01\/prefeitura-anuncia-passo-fundo-como-sede-do-eli-summit-2027\/","title":{"rendered":"Prefeitura anuncia Passo Fundo como sede do ELI Summit 2027"},"content":{"rendered":"\n<p class=\"wp-block-paragraph\"><\/p>\n\n\n\n<p class=\"wp-block-paragraph\">Passo Fundo ser\u00e1 sede do ELI Summit 2027, marcado para os dias 4 e 5 de agosto do pr\u00f3ximo ano. A escolha foi anunciada durante a edi\u00e7\u00e3o de 2026 do encontro, em Iju\u00ed, e representa um reconhecimento ao trabalho desenvolvido pelo munic\u00edpio para fortalecer o ecossistema de inova\u00e7\u00e3o e empreendedorismo.<\/p>\n\n\n\n<p class=\"wp-block-paragraph\">A programa\u00e7\u00e3o dever\u00e1 reunir empreendedores, empresas, institui\u00e7\u00f5es de ensino e pesquisa e representantes de diferentes setores para momentos de conex\u00e3o, troca de experi\u00eancias, networking e discuss\u00f5es sobre inova\u00e7\u00e3o, empreendedorismo e desenvolvimento de novos neg\u00f3cios. A realiza\u00e7\u00e3o do encontro em Passo Fundo tamb\u00e9m amplia a visibilidade do munic\u00edpio no cen\u00e1rio estadual e cria novas oportunidades de articula\u00e7\u00e3o entre os diferentes atores do ecossistema.<\/p>\n\n\n\n<p class=\"wp-block-paragraph\">A iniciativa est\u00e1 alinhada \u00e0s diretrizes do Passo para o Futuro, o Pacto pela Inova\u00e7\u00e3o de Passo Fundo, que re\u00fane poder p\u00fablico, setor produtivo, institui\u00e7\u00f5es de ensino e pesquisa e sociedade em uma agenda conjunta voltada ao desenvolvimento econ\u00f4mico, \u00e0 inova\u00e7\u00e3o e \u00e0 cria\u00e7\u00e3o de novas oportunidades para a cidade.<\/p>\n\n\n\n<p class=\"wp-block-paragraph\">A edi\u00e7\u00e3o de 2026 reuniu cerca de 800 participantes e representantes de diferentes ecossistemas de inova\u00e7\u00e3o. A presen\u00e7a de Passo Fundo possibilitou ampliar conex\u00f5es e apresentar iniciativas que v\u00eam sendo desenvolvidas para estimular o empreendedorismo e consolidar um ambiente favor\u00e1vel \u00e0 inova\u00e7\u00e3o.<\/p>\n\n\n\n<p class=\"wp-block-paragraph\">A secret\u00e1ria de Inova\u00e7\u00e3o, B\u00e1rbara Fritzen, destaca que a escolha de Passo Fundo para receber o encontro refor\u00e7a o reconhecimento alcan\u00e7ado pelo munic\u00edpio. \u201cEm 2025, Passo Fundo consagrou-se como o primeiro ecossistema de inova\u00e7\u00e3o do interior do RS a atingir o grau consolidado de maturidade, al\u00e9m disso recebeu selo ouro em n\u00edvel nacional. Receber o principal evento de ecossistemas de inova\u00e7\u00e3o do Estado certamente \u00e9 outro importante reconhecimento de que Passo Fundo tem se tornado uma refer\u00eancia em inova\u00e7\u00e3o\u201d, salienta.<\/p>\n\n\n\n<p class=\"wp-block-paragraph\">Para a gerente da Regional Norte do Sebrae RS, Silvana Conterato Berguemmaier, a escolha representa o resultado de uma trajet\u00f3ria constru\u00edda coletivamente. \u201cPasso Fundo vive um momento especial de sua hist\u00f3ria, e para n\u00f3s, equipe da Regional Norte do Sebrae RS, trazer o ELI Summit RS 2027 para o munic\u00edpio \u00e9 muito mais do que conquistar um grande evento. \u00c9 o reconhecimento de uma trajet\u00f3ria constru\u00edda por muitas m\u00e3os e de um momento em que a cidade se destaca pelo desenvolvimento, pelo protagonismo, pela inova\u00e7\u00e3o e pela capacidade de conectar pessoas e institui\u00e7\u00f5es. E essa conquista \u00e9 de toda a regi\u00e3o. Queremos mostrar a for\u00e7a dos nossos ecossistemas, das universidades, empresas, startups, ambientes de inova\u00e7\u00e3o e de tantas iniciativas que est\u00e3o transformando o nosso territ\u00f3rio. Em 2027, Passo Fundo ser\u00e1 o ponto de encontro de quem acredita, se conecta e cresce junto, atrav\u00e9s da inova\u00e7\u00e3o\u201d, aponta.<\/p>\n\n\n\n<p class=\"wp-block-paragraph\">Nos dias 4 e 5 de agosto de 2027, Passo Fundo receber\u00e1 participantes de diferentes regi\u00f5es para um encontro dedicado \u00e0 inova\u00e7\u00e3o, ao empreendedorismo e \u00e0 colabora\u00e7\u00e3o. A programa\u00e7\u00e3o e as informa\u00e7\u00f5es sobre inscri\u00e7\u00f5es ser\u00e3o divulgadas pelas redes sociais do Sebrae RS (@sebraers), Passo para o Futuro (@passoparaofuturopf), Comunidade V\u00e9rtice (@vertice.inovacao) e pelos canais oficiais da Prefeitura de Passo Fundo.<\/p>\n","protected":false},"excerpt":{"rendered":"<p>Evento estadual de ecossistemas de inova\u00e7\u00e3o ser\u00e1 promovido no munic\u00edpio nos dias 4 e 5 de agosto do pr\u00f3ximo ano<\/p>\n","protected":false},"author":24,"featured_media":0,"comment_status":"closed","ping_status":"closed","sticky":false,"template":"","format":"standard","meta":{"footnotes":""},"categories":[1],"tags":[],"class_list":["post-490","post","type-post","status-publish","format-standard","hentry","category-sem-categoria"],"yoast_head":"<!-- This site is optimized with the Yoast SEO plugin v28.1 - https:\/\/yoast.com\/product\/yoast-seo-wordpress\/ -->\n<title>Prefeitura anuncia Passo Fundo como sede do ELI Summit 2027 - Secretaria de Inova\u00e7\u00e3o<\/title>\n<meta name=\"robots\" content=\"index, follow, max-snippet:-1, max-image-preview:large, max-video-preview:-1\" \/>\n<link rel=\"canonical\" href=\"https:\/\/www.pmpf.rs.gov.br\/inovacao\/2026\/09\/01\/prefeitura-anuncia-passo-fundo-como-sede-do-eli-summit-2027\/\" \/>\n<meta property=\"og:locale\" content=\"pt_BR\" \/>\n<meta property=\"og:type\" content=\"article\" \/>\n<meta property=\"og:title\" content=\"Prefeitura anuncia Passo Fundo como sede do ELI Summit 2027 - Secretaria de Inova\u00e7\u00e3o\" \/>\n<meta property=\"og:description\" content=\"Evento estadual de ecossistemas de inova\u00e7\u00e3o ser\u00e1 promovido no munic\u00edpio nos dias 4 e 5 de agosto do pr\u00f3ximo ano\" \/>\n<meta property=\"og:url\" content=\"https:\/\/www.pmpf.rs.gov.br\/inovacao\/2026\/09\/01\/prefeitura-anuncia-passo-fundo-como-sede-do-eli-summit-2027\/\" \/>\n<meta property=\"og:site_name\" content=\"Secretaria de Inova\u00e7\u00e3o\" \/>\n<meta property=\"article:published_time\" content=\"2026-09-01T14:09:20+00:00\" \/>\n<meta property=\"article:modified_time\" content=\"2026-09-01T14:09:21+00:00\" \/>\n<meta name=\"author\" content=\"lilicrivello\" \/>\n<meta name=\"twitter:card\" content=\"summary_large_image\" \/>\n<meta name=\"twitter:label1\" content=\"Escrito por\" \/>\n\t<meta name=\"twitter:data1\" content=\"lilicrivello\" \/>\n\t<meta name=\"twitter:label2\" content=\"Est. tempo de leitura\" \/>\n\t<meta name=\"twitter:data2\" content=\"3 minutos\" \/>\n<script type=\"application\/ld+json\" class=\"yoast-schema-graph\">{\"@context\":\"https:\\\/\\\/schema.org\",\"@graph\":[{\"@type\":\"Article\",\"@id\":\"https:\\\/\\\/www.pmpf.rs.gov.br\\\/inovacao\\\/2026\\\/09\\\/01\\\/prefeitura-anuncia-passo-fundo-como-sede-do-eli-summit-2027\\\/#article\",\"isPartOf\":{\"@id\":\"https:\\\/\\\/www.pmpf.rs.gov.br\\\/inovacao\\\/2026\\\/09\\\/01\\\/prefeitura-anuncia-passo-fundo-como-sede-do-eli-summit-2027\\\/\"},\"author\":{\"name\":\"lilicrivello\",\"@id\":\"https:\\\/\\\/www.pmpf.rs.gov.br\\\/inovacao\\\/#\\\/schema\\\/person\\\/6e93b0ab2174b69f691ac4f278ba2d0a\"},\"headline\":\"Prefeitura anuncia Passo Fundo como sede do ELI Summit 2027\",\"datePublished\":\"2026-09-01T14:09:20+00:00\",\"dateModified\":\"2026-09-01T14:09:21+00:00\",\"mainEntityOfPage\":{\"@id\":\"https:\\\/\\\/www.pmpf.rs.gov.br\\\/inovacao\\\/2026\\\/09\\\/01\\\/prefeitura-anuncia-passo-fundo-como-sede-do-eli-summit-2027\\\/\"},\"wordCount\":546,\"inLanguage\":\"pt-BR\"},{\"@type\":\"WebPage\",\"@id\":\"https:\\\/\\\/www.pmpf.rs.gov.br\\\/inovacao\\\/2026\\\/09\\\/01\\\/prefeitura-anuncia-passo-fundo-como-sede-do-eli-summit-2027\\\/\",\"url\":\"https:\\\/\\\/www.pmpf.rs.gov.br\\\/inovacao\\\/2026\\\/09\\\/01\\\/prefeitura-anuncia-passo-fundo-como-sede-do-eli-summit-2027\\\/\",\"name\":\"Prefeitura anuncia Passo Fundo como sede do ELI Summit 2027 - Secretaria de Inova\u00e7\u00e3o\",\"isPartOf\":{\"@id\":\"https:\\\/\\\/www.pmpf.rs.gov.br\\\/inovacao\\\/#website\"},\"datePublished\":\"2026-09-01T14:09:20+00:00\",\"dateModified\":\"2026-09-01T14:09:21+00:00\",\"author\":{\"@id\":\"https:\\\/\\\/www.pmpf.rs.gov.br\\\/inovacao\\\/#\\\/schema\\\/person\\\/6e93b0ab2174b69f691ac4f278ba2d0a\"},\"breadcrumb\":{\"@id\":\"https:\\\/\\\/www.pmpf.rs.gov.br\\\/inovacao\\\/2026\\\/09\\\/01\\\/prefeitura-anuncia-passo-fundo-como-sede-do-eli-summit-2027\\\/#breadcrumb\"},\"inLanguage\":\"pt-BR\",\"potentialAction\":[{\"@type\":\"ReadAction\",\"target\":[\"https:\\\/\\\/www.pmpf.rs.gov.br\\\/inovacao\\\/2026\\\/09\\\/01\\\/prefeitura-anuncia-passo-fundo-como-sede-do-eli-summit-2027\\\/\"]}]},{\"@type\":\"BreadcrumbList\",\"@id\":\"https:\\\/\\\/www.pmpf.rs.gov.br\\\/inovacao\\\/2026\\\/09\\\/01\\\/prefeitura-anuncia-passo-fundo-como-sede-do-eli-summit-2027\\\/#breadcrumb\",\"itemListElement\":[{\"@type\":\"ListItem\",\"position\":1,\"name\":\"In\u00edcio\",\"item\":\"https:\\\/\\\/www.pmpf.rs.gov.br\\\/inovacao\\\/\"},{\"@type\":\"ListItem\",\"position\":2,\"name\":\"Prefeitura anuncia Passo Fundo como sede do ELI Summit 2027\"}]},{\"@type\":\"WebSite\",\"@id\":\"https:\\\/\\\/www.pmpf.rs.gov.br\\\/inovacao\\\/#website\",\"url\":\"https:\\\/\\\/www.pmpf.rs.gov.br\\\/inovacao\\\/\",\"name\":\"Secretaria de Inova\u00e7\u00e3o\",\"description\":\"\",\"potentialAction\":[{\"@type\":\"SearchAction\",\"target\":{\"@type\":\"EntryPoint\",\"urlTemplate\":\"https:\\\/\\\/www.pmpf.rs.gov.br\\\/inovacao\\\/?s={search_term_string}\"},\"query-input\":{\"@type\":\"PropertyValueSpecification\",\"valueRequired\":true,\"valueName\":\"search_term_string\"}}],\"inLanguage\":\"pt-BR\"},{\"@type\":\"Person\",\"@id\":\"https:\\\/\\\/www.pmpf.rs.gov.br\\\/inovacao\\\/#\\\/schema\\\/person\\\/6e93b0ab2174b69f691ac4f278ba2d0a\",\"name\":\"lilicrivello\",\"image\":{\"@type\":\"ImageObject\",\"inLanguage\":\"pt-BR\",\"@id\":\"https:\\\/\\\/secure.gravatar.com\\\/avatar\\\/2d7d1b74ed39cacb62203880e0370d16df2765b1ae7d6da8beb6c43e087a0b1d?s=96&d=mm&r=g\",\"url\":\"https:\\\/\\\/secure.gravatar.com\\\/avatar\\\/2d7d1b74ed39cacb62203880e0370d16df2765b1ae7d6da8beb6c43e087a0b1d?s=96&d=mm&r=g\",\"contentUrl\":\"https:\\\/\\\/secure.gravatar.com\\\/avatar\\\/2d7d1b74ed39cacb62203880e0370d16df2765b1ae7d6da8beb6c43e087a0b1d?s=96&d=mm&r=g\",\"caption\":\"lilicrivello\"},\"url\":\"https:\\\/\\\/www.pmpf.rs.gov.br\\\/inovacao\\\/author\\\/lilicrivello\\\/\"}]}<\/script>\n<!-- \/ Yoast SEO plugin. -->","yoast_head_json":{"title":"Prefeitura anuncia Passo Fundo como sede do ELI Summit 2027 - Secretaria de Inova\u00e7\u00e3o","robots":{"index":"index","follow":"follow","max-snippet":"max-snippet:-1","max-image-preview":"max-image-preview:large","max-video-preview":"max-video-preview:-1"},"canonical":"https:\/\/www.pmpf.rs.gov.br\/inovacao\/2026\/09\/01\/prefeitura-anuncia-passo-fundo-como-sede-do-eli-summit-2027\/","og_locale":"pt_BR","og_type":"article","og_title":"Prefeitura anuncia Passo Fundo como sede do ELI Summit 2027 - Secretaria de Inova\u00e7\u00e3o","og_description":"Evento estadual de ecossistemas de inova\u00e7\u00e3o ser\u00e1 promovido no munic\u00edpio nos dias 4 e 5 de agosto do pr\u00f3ximo ano","og_url":"https:\/\/www.pmpf.rs.gov.br\/inovacao\/2026\/09\/01\/prefeitura-anuncia-passo-fundo-como-sede-do-eli-summit-2027\/","og_site_name":"Secretaria de Inova\u00e7\u00e3o","article_published_time":"2026-09-01T14:09:20+00:00","article_modified_time":"2026-09-01T14:09:21+00:00","author":"lilicrivello","twitter_card":"summary_large_image","twitter_misc":{"Escrito por":"lilicrivello","Est. tempo de leitura":"3 minutos"},"schema":{"@context":"https:\/\/schema.org","@graph":[{"@type":"Article","@id":"https:\/\/www.pmpf.rs.gov.br\/inovacao\/2026\/09\/01\/prefeitura-anuncia-passo-fundo-como-sede-do-eli-summit-2027\/#article","isPartOf":{"@id":"https:\/\/www.pmpf.rs.gov.br\/inovacao\/2026\/09\/01\/prefeitura-anuncia-passo-fundo-como-sede-do-eli-summit-2027\/"},"author":{"name":"lilicrivello","@id":"https:\/\/www.pmpf.rs.gov.br\/inovacao\/#\/schema\/person\/6e93b0ab2174b69f691ac4f278ba2d0a"},"headline":"Prefeitura anuncia Passo Fundo como sede do ELI Summit 2027","datePublished":"2026-09-01T14:09:20+00:00","dateModified":"2026-09-01T14:09:21+00:00","mainEntityOfPage":{"@id":"https:\/\/www.pmpf.rs.gov.br\/inovacao\/2026\/09\/01\/prefeitura-anuncia-passo-fundo-como-sede-do-eli-summit-2027\/"},"wordCount":546,"inLanguage":"pt-BR"},{"@type":"WebPage","@id":"https:\/\/www.pmpf.rs.gov.br\/inovacao\/2026\/09\/01\/prefeitura-anuncia-passo-fundo-como-sede-do-eli-summit-2027\/","url":"https:\/\/www.pmpf.rs.gov.br\/inovacao\/2026\/09\/01\/prefeitura-anuncia-passo-fundo-como-sede-do-eli-summit-2027\/","name":"Prefeitura anuncia Passo Fundo como sede do ELI Summit 2027 - Secretaria de Inova\u00e7\u00e3o","isPartOf":{"@id":"https:\/\/www.pmpf.rs.gov.br\/inovacao\/#website"},"datePublished":"2026-09-01T14:09:20+00:00","dateModified":"2026-09-01T14:09:21+00:00","author":{"@id":"https:\/\/www.pmpf.rs.gov.br\/inovacao\/#\/schema\/person\/6e93b0ab2174b69f691ac4f278ba2d0a"},"breadcrumb":{"@id":"https:\/\/www.pmpf.rs.gov.br\/inovacao\/2026\/09\/01\/prefeitura-anuncia-passo-fundo-como-sede-do-eli-summit-2027\/#breadcrumb"},"inLanguage":"pt-BR","potentialAction":[{"@type":"ReadAction","target":["https:\/\/www.pmpf.rs.gov.br\/inovacao\/2026\/09\/01\/prefeitura-anuncia-passo-fundo-como-sede-do-eli-summit-2027\/"]}]},{"@type":"BreadcrumbList","@id":"https:\/\/www.pmpf.rs.gov.br\/inovacao\/2026\/09\/01\/prefeitura-anuncia-passo-fundo-como-sede-do-eli-summit-2027\/#breadcrumb","itemListElement":[{"@type":"ListItem","position":1,"name":"In\u00edcio","item":"https:\/\/www.pmpf.rs.gov.br\/inovacao\/"},{"@type":"ListItem","position":2,"name":"Prefeitura anuncia Passo Fundo como sede do ELI Summit 2027"}]},{"@type":"WebSite","@id":"https:\/\/www.pmpf.rs.gov.br\/inovacao\/#website","url":"https:\/\/www.pmpf.rs.gov.br\/inovacao\/","name":"Secretaria de Inova\u00e7\u00e3o","description":"","potentialAction":[{"@type":"SearchAction","target":{"@type":"EntryPoint","urlTemplate":"https:\/\/www.pmpf.rs.gov.br\/inovacao\/?s={search_term_string}"},"query-input":{"@type":"PropertyValueSpecification","valueRequired":true,"valueName":"search_term_string"}}],"inLanguage":"pt-BR"},{"@type":"Person","@id":"https:\/\/www.pmpf.rs.gov.br\/inovacao\/#\/schema\/person\/6e93b0ab2174b69f691ac4f278ba2d0a","name":"lilicrivello","image":{"@type":"ImageObject","inLanguage":"pt-BR","@id":"https:\/\/secure.gravatar.com\/avatar\/2d7d1b74ed39cacb62203880e0370d16df2765b1ae7d6da8beb6c43e087a0b1d?s=96&d=mm&r=g","url":"https:\/\/secure.gravatar.com\/avatar\/2d7d1b74ed39cacb62203880e0370d16df2765b1ae7d6da8beb6c43e087a0b1d?s=96&d=mm&r=g","contentUrl":"https:\/\/secure.gravatar.com\/avatar\/2d7d1b74ed39cacb62203880e0370d16df2765b1ae7d6da8beb6c43e087a0b1d?s=96&d=mm&r=g","caption":"lilicrivello"},"url":"https:\/\/www.pmpf.rs.gov.br\/inovacao\/author\/lilicrivello\/"}]}},"_links":{"self":[{"href":"https:\/\/www.pmpf.rs.gov.br\/inovacao\/wp-json\/wp\/v2\/posts\/490","targetHints":{"allow":["GET"]}}],"collection":[{"href":"https:\/\/www.pmpf.rs.gov.br\/inovacao\/wp-json\/wp\/v2\/posts"}],"about":[{"href":"https:\/\/www.pmpf.rs.gov.br\/inovacao\/wp-json\/wp\/v2\/types\/post"}],"author":[{"embeddable":true,"href":"https:\/\/www.pmpf.rs.gov.br\/inovacao\/wp-json\/wp\/v2\/users\/24"}],"replies":[{"embeddable":true,"href":"https:\/\/www.pmpf.rs.gov.br\/inovacao\/wp-json\/wp\/v2\/comments?post=490"}],"version-history":[{"count":1,"href":"https:\/\/www.pmpf.rs.gov.br\/inovacao\/wp-json\/wp\/v2\/posts\/490\/revisions"}],"predecessor-version":[{"id":491,"href":"https:\/\/www.pmpf.rs.gov.br\/inovacao\/wp-json\/wp\/v2\/posts\/490\/revisions\/491"}],"wp:attachment":[{"href":"https:\/\/www.pmpf.rs.gov.br\/inovacao\/wp-json\/wp\/v2\/media?parent=490"}],"wp:term":[{"taxonomy":"category","embeddable":true,"href":"https:\/\/www.pmpf.rs.gov.br\/inovacao\/wp-json\/wp\/v2\/categories?post=490"},{"taxonomy":"post_tag","embeddable":true,"href":"https:\/\/www.pmpf.rs.gov.br\/inovacao\/wp-json\/wp\/v2\/tags?post=490"}],"curies":[{"name":"wp","href":"https:\/\/api.w.org\/{rel}","templated":true}]}}