{"id":314,"date":"2025-08-15T10:00:59","date_gmt":"2025-08-15T13:00:59","guid":{"rendered":"https:\/\/www.pmpf.rs.gov.br\/inovacao\/?p=314"},"modified":"2025-08-15T10:01:01","modified_gmt":"2025-08-15T13:01:01","slug":"prefeitura-lanca-a-escola-publica-de-inovacao-um-marco-na-educacao-e-no-desenvolvimento-de-talentos","status":"publish","type":"post","link":"https:\/\/www.pmpf.rs.gov.br\/inovacao\/2025\/08\/15\/prefeitura-lanca-a-escola-publica-de-inovacao-um-marco-na-educacao-e-no-desenvolvimento-de-talentos\/","title":{"rendered":"Prefeitura lan\u00e7a a Escola P\u00fablica de Inova\u00e7\u00e3o, um marco na educa\u00e7\u00e3o e no desenvolvimento de talentos"},"content":{"rendered":"\n<p><\/p>\n\n\n\n<p>A Prefeitura de Passo Fundo lan\u00e7ou, nesta quinta-feira (14), a Escola P\u00fablica de Inova\u00e7\u00e3o, um espa\u00e7o criado para democratizar o acesso ao conhecimento e \u00e0s oportunidades de transforma\u00e7\u00e3o social, conectando tecnologia, cultura digital, empreendedorismo, inova\u00e7\u00e3o social e sustentabilidade ao cotidiano da comunidade.<\/p>\n\n\n\n<p>O projeto integra o Passo para o Futuro, pacto pela inova\u00e7\u00e3o do munic\u00edpio, e est\u00e1 estruturado para atender pessoas de todas as idades, em diferentes est\u00e1gios de forma\u00e7\u00e3o e que estar\u00e3o em constru\u00e7\u00e3o permanente, de acordo com as necessidades.<\/p>\n\n\n\n<p>A escola contar\u00e1 com esta\u00e7\u00f5es fixas e itinerantes, levando forma\u00e7\u00e3o para bairros, escolas, CRAS e associa\u00e7\u00f5es, al\u00e9m de um ambiente digital com cursos e mentorias on-line. As esta\u00e7\u00f5es s\u00e3o espa\u00e7os de institui\u00e7\u00f5es parceiras \u2014 como universidades, entidades e empresas \u2014 que j\u00e1 desenvolvem ou pretendem desenvolver iniciativas inovadoras. Atualmente, Passo Fundo j\u00e1 conta com diversas dessas esta\u00e7\u00f5es espalhadas pela cidade, fortalecendo a rede de aprendizado e ampliando o alcance das a\u00e7\u00f5es.<\/p>\n\n\n\n<p>O prefeito Pedro Almeida destacou que a inaugura\u00e7\u00e3o \u00e9 um passo concreto para consolidar Passo Fundo como cidade de educa\u00e7\u00e3o inovadora. \u201cEste \u00e9 um momento hist\u00f3rico. A Escola P\u00fablica de Inova\u00e7\u00e3o simboliza a nossa vis\u00e3o de uma cidade que aprende, inova e inspira. Estamos criando oportunidades para que qualquer pessoa, independente da idade ou condi\u00e7\u00e3o social, possa desenvolver suas habilidades e transformar a pr\u00f3pria realidade. \u00c9 o presente e o futuro se encontrando aqui\u201d, frisa o prefeito.<\/p>\n\n\n\n<p>O secret\u00e1rio de Educa\u00e7\u00e3o, Adriano Canabarro Teixeira, lembrou que esta conquista nasce de um movimento coletivo iniciado quando Passo Fundo aderiu \u00e0 Carta das Cidades Educadoras. \u201cHoje celebramos a 8\u00aa escola p\u00fablica criada para unir for\u00e7as e inspirar a cidade em torno de uma causa comum. Desde 2021, nossas escolas p\u00fablicas tem\u00e1ticas j\u00e1 abriram portas, criaram oportunidades e impactaram a vida de mais de 70 mil passo-fundenses. Este \u00e9 mais um passo na constru\u00e7\u00e3o de uma cidade que aprende, que ensina e que se transforma junto com seu povo\u201d, afirmou.<\/p>\n\n\n\n<p>A secret\u00e1ria de Inova\u00e7\u00e3o, B\u00e1rbara Fritzen, refor\u00e7ou que o projeto foi pensado para incluir especialmente quem nunca teve contato com ambientes de inova\u00e7\u00e3o. \u201cEsta escola \u00e9 para todos, mas principalmente para quem nunca p\u00f4de acessar esse tipo de espa\u00e7o. \u00c9 para a menina da periferia que sonha em criar um aplicativo, para a m\u00e3e que quer empreender, para o jovem que busca gerar impacto, para o idoso que deseja se reconectar com o mundo e para o servidor p\u00fablico que v\u00ea na inova\u00e7\u00e3o uma forma de servir melhor. O futuro come\u00e7a agora, e ele come\u00e7a com a gente\u201d, pondera a secret\u00e1ria.<\/p>\n\n\n\n<p>Localizada na Escola das Profiss\u00f5es, a sede j\u00e1 conta com laborat\u00f3rios, salas de l\u00ednguas, espa\u00e7os maker e ambientes de prototipagem. Ao todo, centenas de pessoas j\u00e1 est\u00e3o inscritas em atividades e forma\u00e7\u00f5es, e a expectativa \u00e9 ampliar a oferta para atingir milhares de cidad\u00e3os nos pr\u00f3ximos anos.<\/p>\n\n\n\n<p>Com a inaugura\u00e7\u00e3o, Passo Fundo refor\u00e7a o compromisso de ser refer\u00eancia nacional em educa\u00e7\u00e3o inovadora, preparando sua popula\u00e7\u00e3o para um cen\u00e1rio global cada vez mais conectado, tecnol\u00f3gico e colaborativo.<\/p>\n","protected":false},"excerpt":{"rendered":"<p>A Prefeitura de Passo Fundo lan\u00e7ou, nesta quinta-feira (14), a Escola P\u00fablica de Inova\u00e7\u00e3o, um espa\u00e7o criado para democratizar o acesso ao conhecimento e \u00e0s oportunidades de transforma\u00e7\u00e3o social, conectando tecnologia, cultura [&hellip;]<\/p>\n","protected":false},"author":24,"featured_media":315,"comment_status":"closed","ping_status":"closed","sticky":false,"template":"","format":"standard","meta":{"footnotes":""},"categories":[1],"tags":[],"class_list":["post-314","post","type-post","status-publish","format-standard","has-post-thumbnail","hentry","category-sem-categoria"],"yoast_head":"<!-- This site is optimized with the Yoast SEO plugin v23.8 - https:\/\/yoast.com\/wordpress\/plugins\/seo\/ -->\n<title>Prefeitura lan\u00e7a a Escola P\u00fablica de Inova\u00e7\u00e3o, um marco na educa\u00e7\u00e3o e no desenvolvimento de talentos - Secretaria de Inova\u00e7\u00e3o<\/title>\n<meta name=\"robots\" content=\"index, follow, max-snippet:-1, max-image-preview:large, max-video-preview:-1\" \/>\n<link rel=\"canonical\" href=\"https:\/\/www.pmpf.rs.gov.br\/inovacao\/2025\/08\/15\/prefeitura-lanca-a-escola-publica-de-inovacao-um-marco-na-educacao-e-no-desenvolvimento-de-talentos\/\" \/>\n<meta property=\"og:locale\" content=\"pt_BR\" \/>\n<meta property=\"og:type\" content=\"article\" \/>\n<meta property=\"og:title\" content=\"Prefeitura lan\u00e7a a Escola P\u00fablica de Inova\u00e7\u00e3o, um marco na educa\u00e7\u00e3o e no desenvolvimento de talentos - Secretaria de Inova\u00e7\u00e3o\" \/>\n<meta property=\"og:description\" content=\"A Prefeitura de Passo Fundo lan\u00e7ou, nesta quinta-feira (14), a Escola P\u00fablica de Inova\u00e7\u00e3o, um espa\u00e7o criado para democratizar o acesso ao conhecimento e \u00e0s oportunidades de transforma\u00e7\u00e3o social, conectando tecnologia, cultura [&hellip;]\" \/>\n<meta property=\"og:url\" content=\"https:\/\/www.pmpf.rs.gov.br\/inovacao\/2025\/08\/15\/prefeitura-lanca-a-escola-publica-de-inovacao-um-marco-na-educacao-e-no-desenvolvimento-de-talentos\/\" \/>\n<meta property=\"og:site_name\" content=\"Secretaria de Inova\u00e7\u00e3o\" \/>\n<meta property=\"article:published_time\" content=\"2025-08-15T13:00:59+00:00\" \/>\n<meta property=\"article:modified_time\" content=\"2025-08-15T13:01:01+00:00\" \/>\n<meta name=\"author\" content=\"lilicrivello\" \/>\n<meta name=\"twitter:card\" content=\"summary_large_image\" \/>\n<meta name=\"twitter:label1\" content=\"Escrito por\" \/>\n\t<meta name=\"twitter:data1\" content=\"lilicrivello\" \/>\n\t<meta name=\"twitter:label2\" content=\"Est. tempo de leitura\" \/>\n\t<meta name=\"twitter:data2\" content=\"3 minutos\" \/>\n<script type=\"application\/ld+json\" class=\"yoast-schema-graph\">{\"@context\":\"https:\/\/schema.org\",\"@graph\":[{\"@type\":\"WebPage\",\"@id\":\"https:\/\/www.pmpf.rs.gov.br\/inovacao\/2025\/08\/15\/prefeitura-lanca-a-escola-publica-de-inovacao-um-marco-na-educacao-e-no-desenvolvimento-de-talentos\/\",\"url\":\"https:\/\/www.pmpf.rs.gov.br\/inovacao\/2025\/08\/15\/prefeitura-lanca-a-escola-publica-de-inovacao-um-marco-na-educacao-e-no-desenvolvimento-de-talentos\/\",\"name\":\"Prefeitura lan\u00e7a a Escola P\u00fablica de Inova\u00e7\u00e3o, um marco na educa\u00e7\u00e3o e no desenvolvimento de talentos - Secretaria de Inova\u00e7\u00e3o\",\"isPartOf\":{\"@id\":\"https:\/\/www.pmpf.rs.gov.br\/inovacao\/#website\"},\"primaryImageOfPage\":{\"@id\":\"https:\/\/www.pmpf.rs.gov.br\/inovacao\/2025\/08\/15\/prefeitura-lanca-a-escola-publica-de-inovacao-um-marco-na-educacao-e-no-desenvolvimento-de-talentos\/#primaryimage\"},\"image\":{\"@id\":\"https:\/\/www.pmpf.rs.gov.br\/inovacao\/2025\/08\/15\/prefeitura-lanca-a-escola-publica-de-inovacao-um-marco-na-educacao-e-no-desenvolvimento-de-talentos\/#primaryimage\"},\"thumbnailUrl\":\"https:\/\/www.pmpf.rs.gov.br\/inovacao\/wp-content\/uploads\/sites\/78\/2025\/08\/WhatsApp-Image-2025-08-14-at-19.39.00.jpeg\",\"datePublished\":\"2025-08-15T13:00:59+00:00\",\"dateModified\":\"2025-08-15T13:01:01+00:00\",\"author\":{\"@id\":\"https:\/\/www.pmpf.rs.gov.br\/inovacao\/#\/schema\/person\/6e93b0ab2174b69f691ac4f278ba2d0a\"},\"breadcrumb\":{\"@id\":\"https:\/\/www.pmpf.rs.gov.br\/inovacao\/2025\/08\/15\/prefeitura-lanca-a-escola-publica-de-inovacao-um-marco-na-educacao-e-no-desenvolvimento-de-talentos\/#breadcrumb\"},\"inLanguage\":\"pt-BR\",\"potentialAction\":[{\"@type\":\"ReadAction\",\"target\":[\"https:\/\/www.pmpf.rs.gov.br\/inovacao\/2025\/08\/15\/prefeitura-lanca-a-escola-publica-de-inovacao-um-marco-na-educacao-e-no-desenvolvimento-de-talentos\/\"]}]},{\"@type\":\"ImageObject\",\"inLanguage\":\"pt-BR\",\"@id\":\"https:\/\/www.pmpf.rs.gov.br\/inovacao\/2025\/08\/15\/prefeitura-lanca-a-escola-publica-de-inovacao-um-marco-na-educacao-e-no-desenvolvimento-de-talentos\/#primaryimage\",\"url\":\"https:\/\/www.pmpf.rs.gov.br\/inovacao\/wp-content\/uploads\/sites\/78\/2025\/08\/WhatsApp-Image-2025-08-14-at-19.39.00.jpeg\",\"contentUrl\":\"https:\/\/www.pmpf.rs.gov.br\/inovacao\/wp-content\/uploads\/sites\/78\/2025\/08\/WhatsApp-Image-2025-08-14-at-19.39.00.jpeg\",\"width\":1600,\"height\":1070},{\"@type\":\"BreadcrumbList\",\"@id\":\"https:\/\/www.pmpf.rs.gov.br\/inovacao\/2025\/08\/15\/prefeitura-lanca-a-escola-publica-de-inovacao-um-marco-na-educacao-e-no-desenvolvimento-de-talentos\/#breadcrumb\",\"itemListElement\":[{\"@type\":\"ListItem\",\"position\":1,\"name\":\"In\u00edcio\",\"item\":\"https:\/\/www.pmpf.rs.gov.br\/inovacao\/\"},{\"@type\":\"ListItem\",\"position\":2,\"name\":\"Prefeitura lan\u00e7a a Escola P\u00fablica de Inova\u00e7\u00e3o, um marco na educa\u00e7\u00e3o e no desenvolvimento de talentos\"}]},{\"@type\":\"WebSite\",\"@id\":\"https:\/\/www.pmpf.rs.gov.br\/inovacao\/#website\",\"url\":\"https:\/\/www.pmpf.rs.gov.br\/inovacao\/\",\"name\":\"Secretaria de Inova\u00e7\u00e3o\",\"description\":\"\",\"potentialAction\":[{\"@type\":\"SearchAction\",\"target\":{\"@type\":\"EntryPoint\",\"urlTemplate\":\"https:\/\/www.pmpf.rs.gov.br\/inovacao\/?s={search_term_string}\"},\"query-input\":{\"@type\":\"PropertyValueSpecification\",\"valueRequired\":true,\"valueName\":\"search_term_string\"}}],\"inLanguage\":\"pt-BR\"},{\"@type\":\"Person\",\"@id\":\"https:\/\/www.pmpf.rs.gov.br\/inovacao\/#\/schema\/person\/6e93b0ab2174b69f691ac4f278ba2d0a\",\"name\":\"lilicrivello\",\"image\":{\"@type\":\"ImageObject\",\"inLanguage\":\"pt-BR\",\"@id\":\"https:\/\/www.pmpf.rs.gov.br\/inovacao\/#\/schema\/person\/image\/\",\"url\":\"https:\/\/secure.gravatar.com\/avatar\/0b546b667388f8edb7b67d70a57b5e46?s=96&d=mm&r=g\",\"contentUrl\":\"https:\/\/secure.gravatar.com\/avatar\/0b546b667388f8edb7b67d70a57b5e46?s=96&d=mm&r=g\",\"caption\":\"lilicrivello\"},\"url\":\"https:\/\/www.pmpf.rs.gov.br\/inovacao\/author\/lilicrivello\/\"}]}<\/script>\n<!-- \/ Yoast SEO plugin. -->","yoast_head_json":{"title":"Prefeitura lan\u00e7a a Escola P\u00fablica de Inova\u00e7\u00e3o, um marco na educa\u00e7\u00e3o e no desenvolvimento de talentos - Secretaria de Inova\u00e7\u00e3o","robots":{"index":"index","follow":"follow","max-snippet":"max-snippet:-1","max-image-preview":"max-image-preview:large","max-video-preview":"max-video-preview:-1"},"canonical":"https:\/\/www.pmpf.rs.gov.br\/inovacao\/2025\/08\/15\/prefeitura-lanca-a-escola-publica-de-inovacao-um-marco-na-educacao-e-no-desenvolvimento-de-talentos\/","og_locale":"pt_BR","og_type":"article","og_title":"Prefeitura lan\u00e7a a Escola P\u00fablica de Inova\u00e7\u00e3o, um marco na educa\u00e7\u00e3o e no desenvolvimento de talentos - Secretaria de Inova\u00e7\u00e3o","og_description":"A Prefeitura de Passo Fundo lan\u00e7ou, nesta quinta-feira (14), a Escola P\u00fablica de Inova\u00e7\u00e3o, um espa\u00e7o criado para democratizar o acesso ao conhecimento e \u00e0s oportunidades de transforma\u00e7\u00e3o social, conectando tecnologia, cultura [&hellip;]","og_url":"https:\/\/www.pmpf.rs.gov.br\/inovacao\/2025\/08\/15\/prefeitura-lanca-a-escola-publica-de-inovacao-um-marco-na-educacao-e-no-desenvolvimento-de-talentos\/","og_site_name":"Secretaria de Inova\u00e7\u00e3o","article_published_time":"2025-08-15T13:00:59+00:00","article_modified_time":"2025-08-15T13:01:01+00:00","author":"lilicrivello","twitter_card":"summary_large_image","twitter_misc":{"Escrito por":"lilicrivello","Est. tempo de leitura":"3 minutos"},"schema":{"@context":"https:\/\/schema.org","@graph":[{"@type":"WebPage","@id":"https:\/\/www.pmpf.rs.gov.br\/inovacao\/2025\/08\/15\/prefeitura-lanca-a-escola-publica-de-inovacao-um-marco-na-educacao-e-no-desenvolvimento-de-talentos\/","url":"https:\/\/www.pmpf.rs.gov.br\/inovacao\/2025\/08\/15\/prefeitura-lanca-a-escola-publica-de-inovacao-um-marco-na-educacao-e-no-desenvolvimento-de-talentos\/","name":"Prefeitura lan\u00e7a a Escola P\u00fablica de Inova\u00e7\u00e3o, um marco na educa\u00e7\u00e3o e no desenvolvimento de talentos - Secretaria de Inova\u00e7\u00e3o","isPartOf":{"@id":"https:\/\/www.pmpf.rs.gov.br\/inovacao\/#website"},"primaryImageOfPage":{"@id":"https:\/\/www.pmpf.rs.gov.br\/inovacao\/2025\/08\/15\/prefeitura-lanca-a-escola-publica-de-inovacao-um-marco-na-educacao-e-no-desenvolvimento-de-talentos\/#primaryimage"},"image":{"@id":"https:\/\/www.pmpf.rs.gov.br\/inovacao\/2025\/08\/15\/prefeitura-lanca-a-escola-publica-de-inovacao-um-marco-na-educacao-e-no-desenvolvimento-de-talentos\/#primaryimage"},"thumbnailUrl":"https:\/\/www.pmpf.rs.gov.br\/inovacao\/wp-content\/uploads\/sites\/78\/2025\/08\/WhatsApp-Image-2025-08-14-at-19.39.00.jpeg","datePublished":"2025-08-15T13:00:59+00:00","dateModified":"2025-08-15T13:01:01+00:00","author":{"@id":"https:\/\/www.pmpf.rs.gov.br\/inovacao\/#\/schema\/person\/6e93b0ab2174b69f691ac4f278ba2d0a"},"breadcrumb":{"@id":"https:\/\/www.pmpf.rs.gov.br\/inovacao\/2025\/08\/15\/prefeitura-lanca-a-escola-publica-de-inovacao-um-marco-na-educacao-e-no-desenvolvimento-de-talentos\/#breadcrumb"},"inLanguage":"pt-BR","potentialAction":[{"@type":"ReadAction","target":["https:\/\/www.pmpf.rs.gov.br\/inovacao\/2025\/08\/15\/prefeitura-lanca-a-escola-publica-de-inovacao-um-marco-na-educacao-e-no-desenvolvimento-de-talentos\/"]}]},{"@type":"ImageObject","inLanguage":"pt-BR","@id":"https:\/\/www.pmpf.rs.gov.br\/inovacao\/2025\/08\/15\/prefeitura-lanca-a-escola-publica-de-inovacao-um-marco-na-educacao-e-no-desenvolvimento-de-talentos\/#primaryimage","url":"https:\/\/www.pmpf.rs.gov.br\/inovacao\/wp-content\/uploads\/sites\/78\/2025\/08\/WhatsApp-Image-2025-08-14-at-19.39.00.jpeg","contentUrl":"https:\/\/www.pmpf.rs.gov.br\/inovacao\/wp-content\/uploads\/sites\/78\/2025\/08\/WhatsApp-Image-2025-08-14-at-19.39.00.jpeg","width":1600,"height":1070},{"@type":"BreadcrumbList","@id":"https:\/\/www.pmpf.rs.gov.br\/inovacao\/2025\/08\/15\/prefeitura-lanca-a-escola-publica-de-inovacao-um-marco-na-educacao-e-no-desenvolvimento-de-talentos\/#breadcrumb","itemListElement":[{"@type":"ListItem","position":1,"name":"In\u00edcio","item":"https:\/\/www.pmpf.rs.gov.br\/inovacao\/"},{"@type":"ListItem","position":2,"name":"Prefeitura lan\u00e7a a Escola P\u00fablica de Inova\u00e7\u00e3o, um marco na educa\u00e7\u00e3o e no desenvolvimento de talentos"}]},{"@type":"WebSite","@id":"https:\/\/www.pmpf.rs.gov.br\/inovacao\/#website","url":"https:\/\/www.pmpf.rs.gov.br\/inovacao\/","name":"Secretaria de Inova\u00e7\u00e3o","description":"","potentialAction":[{"@type":"SearchAction","target":{"@type":"EntryPoint","urlTemplate":"https:\/\/www.pmpf.rs.gov.br\/inovacao\/?s={search_term_string}"},"query-input":{"@type":"PropertyValueSpecification","valueRequired":true,"valueName":"search_term_string"}}],"inLanguage":"pt-BR"},{"@type":"Person","@id":"https:\/\/www.pmpf.rs.gov.br\/inovacao\/#\/schema\/person\/6e93b0ab2174b69f691ac4f278ba2d0a","name":"lilicrivello","image":{"@type":"ImageObject","inLanguage":"pt-BR","@id":"https:\/\/www.pmpf.rs.gov.br\/inovacao\/#\/schema\/person\/image\/","url":"https:\/\/secure.gravatar.com\/avatar\/0b546b667388f8edb7b67d70a57b5e46?s=96&d=mm&r=g","contentUrl":"https:\/\/secure.gravatar.com\/avatar\/0b546b667388f8edb7b67d70a57b5e46?s=96&d=mm&r=g","caption":"lilicrivello"},"url":"https:\/\/www.pmpf.rs.gov.br\/inovacao\/author\/lilicrivello\/"}]}},"_links":{"self":[{"href":"https:\/\/www.pmpf.rs.gov.br\/inovacao\/wp-json\/wp\/v2\/posts\/314"}],"collection":[{"href":"https:\/\/www.pmpf.rs.gov.br\/inovacao\/wp-json\/wp\/v2\/posts"}],"about":[{"href":"https:\/\/www.pmpf.rs.gov.br\/inovacao\/wp-json\/wp\/v2\/types\/post"}],"author":[{"embeddable":true,"href":"https:\/\/www.pmpf.rs.gov.br\/inovacao\/wp-json\/wp\/v2\/users\/24"}],"replies":[{"embeddable":true,"href":"https:\/\/www.pmpf.rs.gov.br\/inovacao\/wp-json\/wp\/v2\/comments?post=314"}],"version-history":[{"count":1,"href":"https:\/\/www.pmpf.rs.gov.br\/inovacao\/wp-json\/wp\/v2\/posts\/314\/revisions"}],"predecessor-version":[{"id":316,"href":"https:\/\/www.pmpf.rs.gov.br\/inovacao\/wp-json\/wp\/v2\/posts\/314\/revisions\/316"}],"wp:featuredmedia":[{"embeddable":true,"href":"https:\/\/www.pmpf.rs.gov.br\/inovacao\/wp-json\/wp\/v2\/media\/315"}],"wp:attachment":[{"href":"https:\/\/www.pmpf.rs.gov.br\/inovacao\/wp-json\/wp\/v2\/media?parent=314"}],"wp:term":[{"taxonomy":"category","embeddable":true,"href":"https:\/\/www.pmpf.rs.gov.br\/inovacao\/wp-json\/wp\/v2\/categories?post=314"},{"taxonomy":"post_tag","embeddable":true,"href":"https:\/\/www.pmpf.rs.gov.br\/inovacao\/wp-json\/wp\/v2\/tags?post=314"}],"curies":[{"name":"wp","href":"https:\/\/api.w.org\/{rel}","templated":true}]}}