{"id":999,"date":"2023-02-23T09:39:28","date_gmt":"2023-02-23T12:39:28","guid":{"rendered":"https:\/\/www.pmpf.rs.gov.br\/financas\/?p=999"},"modified":"2023-02-23T09:39:30","modified_gmt":"2023-02-23T12:39:30","slug":"audiencia-publica-2","status":"publish","type":"post","link":"https:\/\/www.pmpf.rs.gov.br\/financas\/2023\/02\/23\/audiencia-publica-2\/","title":{"rendered":"Audi\u00eancia p\u00fablica"},"content":{"rendered":"\n<p>A Secretaria Municipal de Finan\u00e7as realizar\u00e1, na pr\u00f3xima ter\u00e7a-feira (28), uma audi\u00eancia p\u00fablica para a apresenta\u00e7\u00e3o dos resultados da execu\u00e7\u00e3o or\u00e7ament\u00e1ria do Munic\u00edpio correspondente ao terceiro quadrimestre de 2022. Aberto para o acompanhamento da comunidade, o encontro acontecer\u00e1 no Plenarinho da C\u00e2mara de Vereadores, \u00e0s 14h.<\/p>\n","protected":false},"excerpt":{"rendered":"<p>A Secretaria Municipal de Finan\u00e7as realizar\u00e1, na pr\u00f3xima ter\u00e7a-feira (28), uma audi\u00eancia p\u00fablica para a apresenta\u00e7\u00e3o dos resultados da execu\u00e7\u00e3o or\u00e7ament\u00e1ria do Munic\u00edpio correspondente ao terceiro quadrimestre de 2022<\/p>\n","protected":false},"author":6,"featured_media":0,"comment_status":"closed","ping_status":"closed","sticky":true,"template":"","format":"standard","meta":{"footnotes":""},"categories":[1],"tags":[],"class_list":["post-999","post","type-post","status-publish","format-standard","hentry","category-sem-categoria"],"yoast_head":"<!-- This site is optimized with the Yoast SEO plugin v23.8 - https:\/\/yoast.com\/wordpress\/plugins\/seo\/ -->\n<title>Audi\u00eancia p\u00fablica - Finan\u00e7as<\/title>\n<meta name=\"robots\" content=\"index, follow, max-snippet:-1, max-image-preview:large, max-video-preview:-1\" \/>\n<link rel=\"canonical\" href=\"https:\/\/www.pmpf.rs.gov.br\/financas\/2023\/02\/23\/audiencia-publica-2\/\" \/>\n<meta property=\"og:locale\" content=\"pt_BR\" \/>\n<meta property=\"og:type\" content=\"article\" \/>\n<meta property=\"og:title\" content=\"Audi\u00eancia p\u00fablica - Finan\u00e7as\" \/>\n<meta property=\"og:description\" content=\"A Secretaria Municipal de Finan\u00e7as realizar\u00e1, na pr\u00f3xima ter\u00e7a-feira (28), uma audi\u00eancia p\u00fablica para a apresenta\u00e7\u00e3o dos resultados da execu\u00e7\u00e3o or\u00e7ament\u00e1ria do Munic\u00edpio correspondente ao terceiro quadrimestre de 2022\" \/>\n<meta property=\"og:url\" content=\"https:\/\/www.pmpf.rs.gov.br\/financas\/2023\/02\/23\/audiencia-publica-2\/\" \/>\n<meta property=\"og:site_name\" content=\"Finan\u00e7as\" \/>\n<meta property=\"article:published_time\" content=\"2023-02-23T12:39:28+00:00\" \/>\n<meta property=\"article:modified_time\" content=\"2023-02-23T12:39:30+00:00\" \/>\n<meta name=\"author\" content=\"andressazorzetto07\" \/>\n<meta name=\"twitter:card\" content=\"summary_large_image\" \/>\n<meta name=\"twitter:label1\" content=\"Escrito por\" \/>\n\t<meta name=\"twitter:data1\" content=\"andressazorzetto07\" \/>\n<script type=\"application\/ld+json\" class=\"yoast-schema-graph\">{\"@context\":\"https:\/\/schema.org\",\"@graph\":[{\"@type\":\"WebPage\",\"@id\":\"https:\/\/www.pmpf.rs.gov.br\/financas\/2023\/02\/23\/audiencia-publica-2\/\",\"url\":\"https:\/\/www.pmpf.rs.gov.br\/financas\/2023\/02\/23\/audiencia-publica-2\/\",\"name\":\"Audi\u00eancia p\u00fablica - Finan\u00e7as\",\"isPartOf\":{\"@id\":\"https:\/\/www.pmpf.rs.gov.br\/financas\/#website\"},\"datePublished\":\"2023-02-23T12:39:28+00:00\",\"dateModified\":\"2023-02-23T12:39:30+00:00\",\"author\":{\"@id\":\"https:\/\/www.pmpf.rs.gov.br\/financas\/#\/schema\/person\/30ee1d1bd74da1469b01fcf086e43351\"},\"inLanguage\":\"pt-BR\",\"potentialAction\":[{\"@type\":\"ReadAction\",\"target\":[\"https:\/\/www.pmpf.rs.gov.br\/financas\/2023\/02\/23\/audiencia-publica-2\/\"]}]},{\"@type\":\"WebSite\",\"@id\":\"https:\/\/www.pmpf.rs.gov.br\/financas\/#website\",\"url\":\"https:\/\/www.pmpf.rs.gov.br\/financas\/\",\"name\":\"Finan\u00e7as\",\"description\":\"S\u00f3 mais um site Prefeitura de Passo Fundo\",\"potentialAction\":[{\"@type\":\"SearchAction\",\"target\":{\"@type\":\"EntryPoint\",\"urlTemplate\":\"https:\/\/www.pmpf.rs.gov.br\/financas\/?s={search_term_string}\"},\"query-input\":{\"@type\":\"PropertyValueSpecification\",\"valueRequired\":true,\"valueName\":\"search_term_string\"}}],\"inLanguage\":\"pt-BR\"},{\"@type\":\"Person\",\"@id\":\"https:\/\/www.pmpf.rs.gov.br\/financas\/#\/schema\/person\/30ee1d1bd74da1469b01fcf086e43351\",\"name\":\"andressazorzetto07\",\"image\":{\"@type\":\"ImageObject\",\"inLanguage\":\"pt-BR\",\"@id\":\"https:\/\/www.pmpf.rs.gov.br\/financas\/#\/schema\/person\/image\/\",\"url\":\"https:\/\/secure.gravatar.com\/avatar\/14c5458ed79dc81da99a13b9ff5f9f19?s=96&d=mm&r=g\",\"contentUrl\":\"https:\/\/secure.gravatar.com\/avatar\/14c5458ed79dc81da99a13b9ff5f9f19?s=96&d=mm&r=g\",\"caption\":\"andressazorzetto07\"},\"url\":\"https:\/\/www.pmpf.rs.gov.br\/financas\/author\/andressazorzetto07\/\"}]}<\/script>\n<!-- \/ Yoast SEO plugin. -->","yoast_head_json":{"title":"Audi\u00eancia p\u00fablica - Finan\u00e7as","robots":{"index":"index","follow":"follow","max-snippet":"max-snippet:-1","max-image-preview":"max-image-preview:large","max-video-preview":"max-video-preview:-1"},"canonical":"https:\/\/www.pmpf.rs.gov.br\/financas\/2023\/02\/23\/audiencia-publica-2\/","og_locale":"pt_BR","og_type":"article","og_title":"Audi\u00eancia p\u00fablica - Finan\u00e7as","og_description":"A Secretaria Municipal de Finan\u00e7as realizar\u00e1, na pr\u00f3xima ter\u00e7a-feira (28), uma audi\u00eancia p\u00fablica para a apresenta\u00e7\u00e3o dos resultados da execu\u00e7\u00e3o or\u00e7ament\u00e1ria do Munic\u00edpio correspondente ao terceiro quadrimestre de 2022","og_url":"https:\/\/www.pmpf.rs.gov.br\/financas\/2023\/02\/23\/audiencia-publica-2\/","og_site_name":"Finan\u00e7as","article_published_time":"2023-02-23T12:39:28+00:00","article_modified_time":"2023-02-23T12:39:30+00:00","author":"andressazorzetto07","twitter_card":"summary_large_image","twitter_misc":{"Escrito por":"andressazorzetto07"},"schema":{"@context":"https:\/\/schema.org","@graph":[{"@type":"WebPage","@id":"https:\/\/www.pmpf.rs.gov.br\/financas\/2023\/02\/23\/audiencia-publica-2\/","url":"https:\/\/www.pmpf.rs.gov.br\/financas\/2023\/02\/23\/audiencia-publica-2\/","name":"Audi\u00eancia p\u00fablica - Finan\u00e7as","isPartOf":{"@id":"https:\/\/www.pmpf.rs.gov.br\/financas\/#website"},"datePublished":"2023-02-23T12:39:28+00:00","dateModified":"2023-02-23T12:39:30+00:00","author":{"@id":"https:\/\/www.pmpf.rs.gov.br\/financas\/#\/schema\/person\/30ee1d1bd74da1469b01fcf086e43351"},"inLanguage":"pt-BR","potentialAction":[{"@type":"ReadAction","target":["https:\/\/www.pmpf.rs.gov.br\/financas\/2023\/02\/23\/audiencia-publica-2\/"]}]},{"@type":"WebSite","@id":"https:\/\/www.pmpf.rs.gov.br\/financas\/#website","url":"https:\/\/www.pmpf.rs.gov.br\/financas\/","name":"Finan\u00e7as","description":"S\u00f3 mais um site Prefeitura de Passo Fundo","potentialAction":[{"@type":"SearchAction","target":{"@type":"EntryPoint","urlTemplate":"https:\/\/www.pmpf.rs.gov.br\/financas\/?s={search_term_string}"},"query-input":{"@type":"PropertyValueSpecification","valueRequired":true,"valueName":"search_term_string"}}],"inLanguage":"pt-BR"},{"@type":"Person","@id":"https:\/\/www.pmpf.rs.gov.br\/financas\/#\/schema\/person\/30ee1d1bd74da1469b01fcf086e43351","name":"andressazorzetto07","image":{"@type":"ImageObject","inLanguage":"pt-BR","@id":"https:\/\/www.pmpf.rs.gov.br\/financas\/#\/schema\/person\/image\/","url":"https:\/\/secure.gravatar.com\/avatar\/14c5458ed79dc81da99a13b9ff5f9f19?s=96&d=mm&r=g","contentUrl":"https:\/\/secure.gravatar.com\/avatar\/14c5458ed79dc81da99a13b9ff5f9f19?s=96&d=mm&r=g","caption":"andressazorzetto07"},"url":"https:\/\/www.pmpf.rs.gov.br\/financas\/author\/andressazorzetto07\/"}]}},"_links":{"self":[{"href":"https:\/\/www.pmpf.rs.gov.br\/financas\/wp-json\/wp\/v2\/posts\/999"}],"collection":[{"href":"https:\/\/www.pmpf.rs.gov.br\/financas\/wp-json\/wp\/v2\/posts"}],"about":[{"href":"https:\/\/www.pmpf.rs.gov.br\/financas\/wp-json\/wp\/v2\/types\/post"}],"author":[{"embeddable":true,"href":"https:\/\/www.pmpf.rs.gov.br\/financas\/wp-json\/wp\/v2\/users\/6"}],"replies":[{"embeddable":true,"href":"https:\/\/www.pmpf.rs.gov.br\/financas\/wp-json\/wp\/v2\/comments?post=999"}],"version-history":[{"count":1,"href":"https:\/\/www.pmpf.rs.gov.br\/financas\/wp-json\/wp\/v2\/posts\/999\/revisions"}],"predecessor-version":[{"id":1000,"href":"https:\/\/www.pmpf.rs.gov.br\/financas\/wp-json\/wp\/v2\/posts\/999\/revisions\/1000"}],"wp:attachment":[{"href":"https:\/\/www.pmpf.rs.gov.br\/financas\/wp-json\/wp\/v2\/media?parent=999"}],"wp:term":[{"taxonomy":"category","embeddable":true,"href":"https:\/\/www.pmpf.rs.gov.br\/financas\/wp-json\/wp\/v2\/categories?post=999"},{"taxonomy":"post_tag","embeddable":true,"href":"https:\/\/www.pmpf.rs.gov.br\/financas\/wp-json\/wp\/v2\/tags?post=999"}],"curies":[{"name":"wp","href":"https:\/\/api.w.org\/{rel}","templated":true}]}}