{"id":288,"date":"2009-09-16T03:00:00","date_gmt":"2009-09-16T06:00:00","guid":{"rendered":"https:\/\/www.pmpf.rs.gov.br\/financas\/2009\/09\/16\/prefeitura-realiza-mutirao-de-fiscalizacao-na-proxima-semana-1460\/"},"modified":"2009-09-16T03:00:00","modified_gmt":"2009-09-16T06:00:00","slug":"prefeitura-realiza-mutirao-de-fiscalizacao-na-proxima-semana-1460","status":"publish","type":"post","link":"https:\/\/www.pmpf.rs.gov.br\/financas\/2009\/09\/16\/prefeitura-realiza-mutirao-de-fiscalizacao-na-proxima-semana-1460\/","title":{"rendered":"Prefeitura realiza mutir\u00e3o de fiscaliza\u00e7\u00e3o na pr\u00f3xima semana"},"content":{"rendered":"<div style=\"text-align: justify; \">\n<p>A partir do pr\u00f3ximo dia 21 de setembro, uma for\u00e7a tarefa, reunindo os fiscais das secretarias de Finan\u00e7as, Transporte, Mobilidade Urbana e Seguran\u00e7a e da Vigil\u00e2ncia Sanit\u00e1ria, com apoio da Patrulha Ambiental, far\u00e3o a\u00e7\u00f5es de orienta\u00e7\u00e3o e alerta no com\u00e9rcio local. O objetivo da a\u00e7\u00e3o \u00e9\u00a0 informar os lojistas sobre as regras de ocupa\u00e7\u00e3o do passeio p\u00fablico, e coloca\u00e7\u00e3o de som e dispositivos de propaganda em frente aos estabelecimentos. A mobiliza\u00e7\u00e3o \u00e9 um esfor\u00e7o coletivo para disciplinar as a\u00e7\u00f5es no com\u00e9rcio local, de forma a liberar o espa\u00e7o nos passeios p\u00fablicos para os pedestres e permitir a qualifica\u00e7\u00e3o do meio ambiente.<br \/>Conforme o secret\u00e1rio de Finan\u00e7as, C\u00e9sar Bilibio, a a\u00e7\u00e3o conjunta das secretarias atende tamb\u00e9m a um pedido do Minist\u00e9rio P\u00fablico, feito especialmente pelo promotores Gilson Medeiros e\u00a0 Paulo Cirne, em audi\u00eancia realizada na \u00faltima semana. \u201cCom o apoio e o respaldo do pr\u00f3prio Minist\u00e9rio P\u00fablico e o embasamento das leis que regulam estas atividades, vamos orientar os comerciantes num primeiro momento. A partir de agora, a\u00e7\u00f5es como esta ser\u00e3o realizadas sistematicamente\u201d, concluiu.<br \/>A fiscaliza\u00e7\u00e3o baseia-se no c\u00f3digo de posturas do munic\u00edpio e em suas altera\u00e7\u00f5es e tamb\u00e9m na legisla\u00e7\u00e3o dos ambulantes, bem como nas regras de vigil\u00e2ncia sanit\u00e1ria. Conforme o C\u00f3digo de Posturas, n\u00e3o \u00e9 permitido estender ou colocar tapetes, capachos, roupas e outros objetos nas aberturas que derem para as vias p\u00fablicas ou paredes externas dos pr\u00e9dios, depositar qualquer objeto na cal\u00e7ada ou rua que dificulte o tr\u00e2nsito, pintar, colar e fixar propagandas, informativos e comunicados\u00a0 em muros, \u00e1rvores, pontes, monumentos, viadutos, postes de ilumina\u00e7\u00e3o ou similares, nas vias p\u00fablicas e outros logradouros, entre outros \u00edtens. A legisla\u00e7\u00e3o tamb\u00e9m fixa prazo\u00a0 de 72 horas para a regulariza\u00e7\u00e3o da ocupa\u00e7\u00e3o do passeio e de outras infra\u00e7\u00f5es. Quem persistir no descumprimento da legisla\u00e7\u00e3o poder\u00e1 ser autuado e ter mercadoria e outros materiais apreendidos.<\/p>\n<p>Setor \u00f3tico<br \/>Nesta semana, o Prefeito Airton Dipp recebeu em seu gabinete os representantes do setor \u00f3tico da cidade. Oftalmologistas e integrantes do departamento de \u00f3ticas do Sincom\u00e9rcio procuraram o poder p\u00fablico para pedir intensifica\u00e7\u00e3o da fiscaliza\u00e7\u00e3o e orienta\u00e7\u00f5es aos comerciantes que vendem \u00f3culos solares.\u00a0 O prefeito determinou ent\u00e3o que o segmento tamb\u00e9m seja fiscalizado\u00a0 nesta mobiliza\u00e7\u00e3o que ser\u00e1 realizada a partir da pr\u00f3xima segunda-feira.<br \/>A legisla\u00e7\u00e3o espec\u00edfica para a comercializa\u00e7\u00e3o de \u00f3culos solares, regula que qualquer estabelecimento poder\u00e1 comercializar \u00f3culos solares, desde que\u00a0 possua autoriza\u00e7\u00e3o da Vigil\u00e2ncia Sanit\u00e1ria para a comercializa\u00e7\u00e3o. Para obter a autoriza\u00e7\u00e3o, basta procurar a Secretaria Municipal de Sa\u00fade.\u00a0 <\/div>\n","protected":false},"excerpt":{"rendered":"<p>A partir do pr\u00f3ximo dia 21 de setembro, uma for\u00e7a tarefa, reunindo os fiscais das secretarias de Finan\u00e7as, Transporte, Mobilidade Urbana e Seguran\u00e7a e da Vigil\u00e2ncia Sanit\u00e1ria, com apoio da Patrulha Ambiental, far\u00e3o a\u00e7\u00f5es de orienta\u00e7\u00e3o e alerta no com\u00e9rcio local. O objetivo da a\u00e7\u00e3o \u00e9  informar os lojistas sobre as regras de ocupa\u00e7\u00e3o do passeio p\u00fablico, e coloca\u00e7\u00e3o de som e dispositivos de propaganda em frente aos estabelecimentos.<\/p>\n","protected":false},"author":1,"featured_media":0,"comment_status":"open","ping_status":"open","sticky":false,"template":"","format":"standard","meta":{"footnotes":""},"categories":[],"tags":[],"class_list":["post-288","post","type-post","status-publish","format-standard","hentry"],"yoast_head":"<!-- This site is optimized with the Yoast SEO plugin v23.8 - https:\/\/yoast.com\/wordpress\/plugins\/seo\/ -->\n<title>Prefeitura realiza mutir\u00e3o de fiscaliza\u00e7\u00e3o na pr\u00f3xima semana - Finan\u00e7as<\/title>\n<meta name=\"robots\" content=\"index, follow, max-snippet:-1, max-image-preview:large, max-video-preview:-1\" \/>\n<link rel=\"canonical\" href=\"https:\/\/www.pmpf.rs.gov.br\/financas\/2009\/09\/16\/prefeitura-realiza-mutirao-de-fiscalizacao-na-proxima-semana-1460\/\" \/>\n<meta property=\"og:locale\" content=\"pt_BR\" \/>\n<meta property=\"og:type\" content=\"article\" \/>\n<meta property=\"og:title\" content=\"Prefeitura realiza mutir\u00e3o de fiscaliza\u00e7\u00e3o na pr\u00f3xima semana - Finan\u00e7as\" \/>\n<meta property=\"og:description\" content=\"A partir do pr\u00f3ximo dia 21 de setembro, uma for\u00e7a tarefa, reunindo os fiscais das secretarias de Finan\u00e7as, Transporte, Mobilidade Urbana e Seguran\u00e7a e da Vigil\u00e2ncia Sanit\u00e1ria, com apoio da Patrulha Ambiental, far\u00e3o a\u00e7\u00f5es de orienta\u00e7\u00e3o e alerta no com\u00e9rcio local. O objetivo da a\u00e7\u00e3o \u00e9 informar os lojistas sobre as regras de ocupa\u00e7\u00e3o do passeio p\u00fablico, e coloca\u00e7\u00e3o de som e dispositivos de propaganda em frente aos estabelecimentos.\" \/>\n<meta property=\"og:url\" content=\"https:\/\/www.pmpf.rs.gov.br\/financas\/2009\/09\/16\/prefeitura-realiza-mutirao-de-fiscalizacao-na-proxima-semana-1460\/\" \/>\n<meta property=\"og:site_name\" content=\"Finan\u00e7as\" \/>\n<meta property=\"article:published_time\" content=\"2009-09-16T06:00:00+00:00\" \/>\n<meta name=\"author\" content=\"mosite\" \/>\n<meta name=\"twitter:card\" content=\"summary_large_image\" \/>\n<meta name=\"twitter:label1\" content=\"Escrito por\" \/>\n\t<meta name=\"twitter:data1\" content=\"mosite\" \/>\n\t<meta name=\"twitter:label2\" content=\"Est. tempo de leitura\" \/>\n\t<meta name=\"twitter:data2\" content=\"2 minutos\" \/>\n<script type=\"application\/ld+json\" class=\"yoast-schema-graph\">{\"@context\":\"https:\/\/schema.org\",\"@graph\":[{\"@type\":\"WebPage\",\"@id\":\"https:\/\/www.pmpf.rs.gov.br\/financas\/2009\/09\/16\/prefeitura-realiza-mutirao-de-fiscalizacao-na-proxima-semana-1460\/\",\"url\":\"https:\/\/www.pmpf.rs.gov.br\/financas\/2009\/09\/16\/prefeitura-realiza-mutirao-de-fiscalizacao-na-proxima-semana-1460\/\",\"name\":\"Prefeitura realiza mutir\u00e3o de fiscaliza\u00e7\u00e3o na pr\u00f3xima semana - Finan\u00e7as\",\"isPartOf\":{\"@id\":\"https:\/\/www.pmpf.rs.gov.br\/financas\/#website\"},\"datePublished\":\"2009-09-16T06:00:00+00:00\",\"dateModified\":\"2009-09-16T06:00:00+00:00\",\"author\":{\"@id\":\"https:\/\/www.pmpf.rs.gov.br\/financas\/#\/schema\/person\/0c355b0fa68a7aa986c8594f7a60a2d7\"},\"inLanguage\":\"pt-BR\",\"potentialAction\":[{\"@type\":\"ReadAction\",\"target\":[\"https:\/\/www.pmpf.rs.gov.br\/financas\/2009\/09\/16\/prefeitura-realiza-mutirao-de-fiscalizacao-na-proxima-semana-1460\/\"]}]},{\"@type\":\"WebSite\",\"@id\":\"https:\/\/www.pmpf.rs.gov.br\/financas\/#website\",\"url\":\"https:\/\/www.pmpf.rs.gov.br\/financas\/\",\"name\":\"Finan\u00e7as\",\"description\":\"S\u00f3 mais um site Prefeitura de Passo Fundo\",\"potentialAction\":[{\"@type\":\"SearchAction\",\"target\":{\"@type\":\"EntryPoint\",\"urlTemplate\":\"https:\/\/www.pmpf.rs.gov.br\/financas\/?s={search_term_string}\"},\"query-input\":{\"@type\":\"PropertyValueSpecification\",\"valueRequired\":true,\"valueName\":\"search_term_string\"}}],\"inLanguage\":\"pt-BR\"},{\"@type\":\"Person\",\"@id\":\"https:\/\/www.pmpf.rs.gov.br\/financas\/#\/schema\/person\/0c355b0fa68a7aa986c8594f7a60a2d7\",\"name\":\"mosite\",\"image\":{\"@type\":\"ImageObject\",\"inLanguage\":\"pt-BR\",\"@id\":\"https:\/\/www.pmpf.rs.gov.br\/financas\/#\/schema\/person\/image\/\",\"url\":\"https:\/\/secure.gravatar.com\/avatar\/63d72595d6cecfe12bd8a94829d5a26c?s=96&d=mm&r=g\",\"contentUrl\":\"https:\/\/secure.gravatar.com\/avatar\/63d72595d6cecfe12bd8a94829d5a26c?s=96&d=mm&r=g\",\"caption\":\"mosite\"},\"sameAs\":[\"http:\/\/example.com\"],\"url\":\"https:\/\/www.pmpf.rs.gov.br\/financas\/author\/mosite\/\"}]}<\/script>\n<!-- \/ Yoast SEO plugin. -->","yoast_head_json":{"title":"Prefeitura realiza mutir\u00e3o de fiscaliza\u00e7\u00e3o na pr\u00f3xima semana - Finan\u00e7as","robots":{"index":"index","follow":"follow","max-snippet":"max-snippet:-1","max-image-preview":"max-image-preview:large","max-video-preview":"max-video-preview:-1"},"canonical":"https:\/\/www.pmpf.rs.gov.br\/financas\/2009\/09\/16\/prefeitura-realiza-mutirao-de-fiscalizacao-na-proxima-semana-1460\/","og_locale":"pt_BR","og_type":"article","og_title":"Prefeitura realiza mutir\u00e3o de fiscaliza\u00e7\u00e3o na pr\u00f3xima semana - Finan\u00e7as","og_description":"A partir do pr\u00f3ximo dia 21 de setembro, uma for\u00e7a tarefa, reunindo os fiscais das secretarias de Finan\u00e7as, Transporte, Mobilidade Urbana e Seguran\u00e7a e da Vigil\u00e2ncia Sanit\u00e1ria, com apoio da Patrulha Ambiental, far\u00e3o a\u00e7\u00f5es de orienta\u00e7\u00e3o e alerta no com\u00e9rcio local. O objetivo da a\u00e7\u00e3o \u00e9 informar os lojistas sobre as regras de ocupa\u00e7\u00e3o do passeio p\u00fablico, e coloca\u00e7\u00e3o de som e dispositivos de propaganda em frente aos estabelecimentos.","og_url":"https:\/\/www.pmpf.rs.gov.br\/financas\/2009\/09\/16\/prefeitura-realiza-mutirao-de-fiscalizacao-na-proxima-semana-1460\/","og_site_name":"Finan\u00e7as","article_published_time":"2009-09-16T06:00:00+00:00","author":"mosite","twitter_card":"summary_large_image","twitter_misc":{"Escrito por":"mosite","Est. tempo de leitura":"2 minutos"},"schema":{"@context":"https:\/\/schema.org","@graph":[{"@type":"WebPage","@id":"https:\/\/www.pmpf.rs.gov.br\/financas\/2009\/09\/16\/prefeitura-realiza-mutirao-de-fiscalizacao-na-proxima-semana-1460\/","url":"https:\/\/www.pmpf.rs.gov.br\/financas\/2009\/09\/16\/prefeitura-realiza-mutirao-de-fiscalizacao-na-proxima-semana-1460\/","name":"Prefeitura realiza mutir\u00e3o de fiscaliza\u00e7\u00e3o na pr\u00f3xima semana - Finan\u00e7as","isPartOf":{"@id":"https:\/\/www.pmpf.rs.gov.br\/financas\/#website"},"datePublished":"2009-09-16T06:00:00+00:00","dateModified":"2009-09-16T06:00:00+00:00","author":{"@id":"https:\/\/www.pmpf.rs.gov.br\/financas\/#\/schema\/person\/0c355b0fa68a7aa986c8594f7a60a2d7"},"inLanguage":"pt-BR","potentialAction":[{"@type":"ReadAction","target":["https:\/\/www.pmpf.rs.gov.br\/financas\/2009\/09\/16\/prefeitura-realiza-mutirao-de-fiscalizacao-na-proxima-semana-1460\/"]}]},{"@type":"WebSite","@id":"https:\/\/www.pmpf.rs.gov.br\/financas\/#website","url":"https:\/\/www.pmpf.rs.gov.br\/financas\/","name":"Finan\u00e7as","description":"S\u00f3 mais um site Prefeitura de Passo Fundo","potentialAction":[{"@type":"SearchAction","target":{"@type":"EntryPoint","urlTemplate":"https:\/\/www.pmpf.rs.gov.br\/financas\/?s={search_term_string}"},"query-input":{"@type":"PropertyValueSpecification","valueRequired":true,"valueName":"search_term_string"}}],"inLanguage":"pt-BR"},{"@type":"Person","@id":"https:\/\/www.pmpf.rs.gov.br\/financas\/#\/schema\/person\/0c355b0fa68a7aa986c8594f7a60a2d7","name":"mosite","image":{"@type":"ImageObject","inLanguage":"pt-BR","@id":"https:\/\/www.pmpf.rs.gov.br\/financas\/#\/schema\/person\/image\/","url":"https:\/\/secure.gravatar.com\/avatar\/63d72595d6cecfe12bd8a94829d5a26c?s=96&d=mm&r=g","contentUrl":"https:\/\/secure.gravatar.com\/avatar\/63d72595d6cecfe12bd8a94829d5a26c?s=96&d=mm&r=g","caption":"mosite"},"sameAs":["http:\/\/example.com"],"url":"https:\/\/www.pmpf.rs.gov.br\/financas\/author\/mosite\/"}]}},"_links":{"self":[{"href":"https:\/\/www.pmpf.rs.gov.br\/financas\/wp-json\/wp\/v2\/posts\/288"}],"collection":[{"href":"https:\/\/www.pmpf.rs.gov.br\/financas\/wp-json\/wp\/v2\/posts"}],"about":[{"href":"https:\/\/www.pmpf.rs.gov.br\/financas\/wp-json\/wp\/v2\/types\/post"}],"author":[{"embeddable":true,"href":"https:\/\/www.pmpf.rs.gov.br\/financas\/wp-json\/wp\/v2\/users\/1"}],"replies":[{"embeddable":true,"href":"https:\/\/www.pmpf.rs.gov.br\/financas\/wp-json\/wp\/v2\/comments?post=288"}],"version-history":[{"count":0,"href":"https:\/\/www.pmpf.rs.gov.br\/financas\/wp-json\/wp\/v2\/posts\/288\/revisions"}],"wp:attachment":[{"href":"https:\/\/www.pmpf.rs.gov.br\/financas\/wp-json\/wp\/v2\/media?parent=288"}],"wp:term":[{"taxonomy":"category","embeddable":true,"href":"https:\/\/www.pmpf.rs.gov.br\/financas\/wp-json\/wp\/v2\/categories?post=288"},{"taxonomy":"post_tag","embeddable":true,"href":"https:\/\/www.pmpf.rs.gov.br\/financas\/wp-json\/wp\/v2\/tags?post=288"}],"curies":[{"name":"wp","href":"https:\/\/api.w.org\/{rel}","templated":true}]}}