{"id":279,"date":"2009-11-13T02:00:00","date_gmt":"2009-11-13T04:00:00","guid":{"rendered":"https:\/\/www.pmpf.rs.gov.br\/financas\/2009\/11\/13\/termina-segunda-o-prazo-para-quitar-dividas-com-a-prefeitura-sem-juros-1822\/"},"modified":"2009-11-13T02:00:00","modified_gmt":"2009-11-13T04:00:00","slug":"termina-segunda-o-prazo-para-quitar-dividas-com-a-prefeitura-sem-juros-1822","status":"publish","type":"post","link":"https:\/\/www.pmpf.rs.gov.br\/financas\/2009\/11\/13\/termina-segunda-o-prazo-para-quitar-dividas-com-a-prefeitura-sem-juros-1822\/","title":{"rendered":"Termina segunda o prazo para quitar d\u00edvidas com a Prefeitura sem juros"},"content":{"rendered":"<div style=\"text-align: justify; \">\n<p>Quitar os d\u00e9bitos tribut\u00e1rios com a Prefeitura Municipal sem a cobran\u00e7a de multas e juros foi o objetivo da maioria dos contribuintes que compareceram \u00e0 Prefeitura nesta semana. O \u00faltimo prazo para efetuar o pagamento com desconto \u00e9 segunda-feira, dia 16 de novembro. <br \/>Segundo o secret\u00e1rio de Finan\u00e7as, C\u00e9sar Raimundo Bilibio, a proposta \u00e9 v\u00e1lida para quem tiver d\u00e9bitos que j\u00e1 tenham ido para cobran\u00e7a judicial ou n\u00e3o, parcelados ou n\u00e3o, de forma que se possa fazer o pagamento em parcela \u00fanica. Dessa maneira, a administra\u00e7\u00e3o municipal est\u00e1 facilitando a quita\u00e7\u00e3o das d\u00edvidas, reduzindo a d\u00edvida ativa do munic\u00edpio, que atingiu mais de R$ 61 milh\u00f5es no \u00faltimo exerc\u00edcio. \u201c Arrecadando esta parcela agora, tamb\u00e9m buscamos facilitar a equaliza\u00e7\u00e3o das contas para o fechamento do ano em termos financeiros, j\u00e1 que tivemos uma redu\u00e7\u00e3o de quase 26 milh\u00f5es no or\u00e7amento de 2009, provocada pela crise financeira\u201d, completou.<br \/>O secret\u00e1rio destacou ainda que at\u00e9 o dia 06 de novembro o Executivo j\u00e1 tinha arrecadado R$ 1 milh\u00e3o, sendo que a expectativa at\u00e9 o dia 16 \u00e9 chegar a R$ 3 milh\u00f5es. Bilibio lembra que os contribuintes precisam ficar atentos ao hor\u00e1rio da rede banc\u00e1ria, para poderem efetuar o pagamento ainda na segunda-feira.<\/div>\n","protected":false},"excerpt":{"rendered":"<p>Quitar os d\u00e9bitos tribut\u00e1rios com a Prefeitura Municipal sem a cobran\u00e7a de multas e juros foi o objetivo da maioria dos contribuintes que compareceram \u00e0 Prefeitura nesta semana. O \u00faltimo prazo para efetuar o pagamento com desconto \u00e9 segunda-feira, dia 16 de novembro.<\/p>\n","protected":false},"author":1,"featured_media":280,"comment_status":"open","ping_status":"open","sticky":false,"template":"","format":"standard","meta":{"footnotes":""},"categories":[],"tags":[],"class_list":["post-279","post","type-post","status-publish","format-standard","has-post-thumbnail","hentry"],"yoast_head":"<!-- This site is optimized with the Yoast SEO plugin v23.8 - https:\/\/yoast.com\/wordpress\/plugins\/seo\/ -->\n<title>Termina segunda o prazo para quitar d\u00edvidas com a Prefeitura sem juros - Finan\u00e7as<\/title>\n<meta name=\"robots\" content=\"index, follow, max-snippet:-1, max-image-preview:large, max-video-preview:-1\" \/>\n<link rel=\"canonical\" href=\"https:\/\/www.pmpf.rs.gov.br\/financas\/2009\/11\/13\/termina-segunda-o-prazo-para-quitar-dividas-com-a-prefeitura-sem-juros-1822\/\" \/>\n<meta property=\"og:locale\" content=\"pt_BR\" \/>\n<meta property=\"og:type\" content=\"article\" \/>\n<meta property=\"og:title\" content=\"Termina segunda o prazo para quitar d\u00edvidas com a Prefeitura sem juros - Finan\u00e7as\" \/>\n<meta property=\"og:description\" content=\"Quitar os d\u00e9bitos tribut\u00e1rios com a Prefeitura Municipal sem a cobran\u00e7a de multas e juros foi o objetivo da maioria dos contribuintes que compareceram \u00e0 Prefeitura nesta semana. O \u00faltimo prazo para efetuar o pagamento com desconto \u00e9 segunda-feira, dia 16 de novembro.\" \/>\n<meta property=\"og:url\" content=\"https:\/\/www.pmpf.rs.gov.br\/financas\/2009\/11\/13\/termina-segunda-o-prazo-para-quitar-dividas-com-a-prefeitura-sem-juros-1822\/\" \/>\n<meta property=\"og:site_name\" content=\"Finan\u00e7as\" \/>\n<meta property=\"article:published_time\" content=\"2009-11-13T04:00:00+00:00\" \/>\n<meta property=\"og:image\" content=\"https:\/\/www.pmpf.rs.gov.br\/financas\/wp-content\/uploads\/sites\/45\/2021\/12\/I2013-05-07_062705_c6690.jpg\" \/>\n\t<meta property=\"og:image:width\" content=\"460\" \/>\n\t<meta property=\"og:image:height\" content=\"331\" \/>\n\t<meta property=\"og:image:type\" content=\"image\/jpeg\" \/>\n<meta name=\"author\" content=\"mosite\" \/>\n<meta name=\"twitter:card\" content=\"summary_large_image\" \/>\n<meta name=\"twitter:label1\" content=\"Escrito por\" \/>\n\t<meta name=\"twitter:data1\" content=\"mosite\" \/>\n\t<meta name=\"twitter:label2\" content=\"Est. tempo de leitura\" \/>\n\t<meta name=\"twitter:data2\" content=\"1 minuto\" \/>\n<script type=\"application\/ld+json\" class=\"yoast-schema-graph\">{\"@context\":\"https:\/\/schema.org\",\"@graph\":[{\"@type\":\"WebPage\",\"@id\":\"https:\/\/www.pmpf.rs.gov.br\/financas\/2009\/11\/13\/termina-segunda-o-prazo-para-quitar-dividas-com-a-prefeitura-sem-juros-1822\/\",\"url\":\"https:\/\/www.pmpf.rs.gov.br\/financas\/2009\/11\/13\/termina-segunda-o-prazo-para-quitar-dividas-com-a-prefeitura-sem-juros-1822\/\",\"name\":\"Termina segunda o prazo para quitar d\u00edvidas com a Prefeitura sem juros - Finan\u00e7as\",\"isPartOf\":{\"@id\":\"https:\/\/www.pmpf.rs.gov.br\/financas\/#website\"},\"primaryImageOfPage\":{\"@id\":\"https:\/\/www.pmpf.rs.gov.br\/financas\/2009\/11\/13\/termina-segunda-o-prazo-para-quitar-dividas-com-a-prefeitura-sem-juros-1822\/#primaryimage\"},\"image\":{\"@id\":\"https:\/\/www.pmpf.rs.gov.br\/financas\/2009\/11\/13\/termina-segunda-o-prazo-para-quitar-dividas-com-a-prefeitura-sem-juros-1822\/#primaryimage\"},\"thumbnailUrl\":\"https:\/\/www.pmpf.rs.gov.br\/financas\/wp-content\/uploads\/sites\/45\/2021\/12\/I2013-05-07_062705_c6690.jpg\",\"datePublished\":\"2009-11-13T04:00:00+00:00\",\"dateModified\":\"2009-11-13T04:00:00+00:00\",\"author\":{\"@id\":\"https:\/\/www.pmpf.rs.gov.br\/financas\/#\/schema\/person\/0c355b0fa68a7aa986c8594f7a60a2d7\"},\"inLanguage\":\"pt-BR\",\"potentialAction\":[{\"@type\":\"ReadAction\",\"target\":[\"https:\/\/www.pmpf.rs.gov.br\/financas\/2009\/11\/13\/termina-segunda-o-prazo-para-quitar-dividas-com-a-prefeitura-sem-juros-1822\/\"]}]},{\"@type\":\"ImageObject\",\"inLanguage\":\"pt-BR\",\"@id\":\"https:\/\/www.pmpf.rs.gov.br\/financas\/2009\/11\/13\/termina-segunda-o-prazo-para-quitar-dividas-com-a-prefeitura-sem-juros-1822\/#primaryimage\",\"url\":\"https:\/\/www.pmpf.rs.gov.br\/financas\/wp-content\/uploads\/sites\/45\/2021\/12\/I2013-05-07_062705_c6690.jpg\",\"contentUrl\":\"https:\/\/www.pmpf.rs.gov.br\/financas\/wp-content\/uploads\/sites\/45\/2021\/12\/I2013-05-07_062705_c6690.jpg\",\"width\":460,\"height\":331},{\"@type\":\"WebSite\",\"@id\":\"https:\/\/www.pmpf.rs.gov.br\/financas\/#website\",\"url\":\"https:\/\/www.pmpf.rs.gov.br\/financas\/\",\"name\":\"Finan\u00e7as\",\"description\":\"S\u00f3 mais um site Prefeitura de Passo Fundo\",\"potentialAction\":[{\"@type\":\"SearchAction\",\"target\":{\"@type\":\"EntryPoint\",\"urlTemplate\":\"https:\/\/www.pmpf.rs.gov.br\/financas\/?s={search_term_string}\"},\"query-input\":{\"@type\":\"PropertyValueSpecification\",\"valueRequired\":true,\"valueName\":\"search_term_string\"}}],\"inLanguage\":\"pt-BR\"},{\"@type\":\"Person\",\"@id\":\"https:\/\/www.pmpf.rs.gov.br\/financas\/#\/schema\/person\/0c355b0fa68a7aa986c8594f7a60a2d7\",\"name\":\"mosite\",\"image\":{\"@type\":\"ImageObject\",\"inLanguage\":\"pt-BR\",\"@id\":\"https:\/\/www.pmpf.rs.gov.br\/financas\/#\/schema\/person\/image\/\",\"url\":\"https:\/\/secure.gravatar.com\/avatar\/63d72595d6cecfe12bd8a94829d5a26c?s=96&d=mm&r=g\",\"contentUrl\":\"https:\/\/secure.gravatar.com\/avatar\/63d72595d6cecfe12bd8a94829d5a26c?s=96&d=mm&r=g\",\"caption\":\"mosite\"},\"sameAs\":[\"http:\/\/example.com\"],\"url\":\"https:\/\/www.pmpf.rs.gov.br\/financas\/author\/mosite\/\"}]}<\/script>\n<!-- \/ Yoast SEO plugin. -->","yoast_head_json":{"title":"Termina segunda o prazo para quitar d\u00edvidas com a Prefeitura sem juros - Finan\u00e7as","robots":{"index":"index","follow":"follow","max-snippet":"max-snippet:-1","max-image-preview":"max-image-preview:large","max-video-preview":"max-video-preview:-1"},"canonical":"https:\/\/www.pmpf.rs.gov.br\/financas\/2009\/11\/13\/termina-segunda-o-prazo-para-quitar-dividas-com-a-prefeitura-sem-juros-1822\/","og_locale":"pt_BR","og_type":"article","og_title":"Termina segunda o prazo para quitar d\u00edvidas com a Prefeitura sem juros - Finan\u00e7as","og_description":"Quitar os d\u00e9bitos tribut\u00e1rios com a Prefeitura Municipal sem a cobran\u00e7a de multas e juros foi o objetivo da maioria dos contribuintes que compareceram \u00e0 Prefeitura nesta semana. O \u00faltimo prazo para efetuar o pagamento com desconto \u00e9 segunda-feira, dia 16 de novembro.","og_url":"https:\/\/www.pmpf.rs.gov.br\/financas\/2009\/11\/13\/termina-segunda-o-prazo-para-quitar-dividas-com-a-prefeitura-sem-juros-1822\/","og_site_name":"Finan\u00e7as","article_published_time":"2009-11-13T04:00:00+00:00","og_image":[{"width":460,"height":331,"url":"https:\/\/www.pmpf.rs.gov.br\/financas\/wp-content\/uploads\/sites\/45\/2021\/12\/I2013-05-07_062705_c6690.jpg","type":"image\/jpeg"}],"author":"mosite","twitter_card":"summary_large_image","twitter_misc":{"Escrito por":"mosite","Est. tempo de leitura":"1 minuto"},"schema":{"@context":"https:\/\/schema.org","@graph":[{"@type":"WebPage","@id":"https:\/\/www.pmpf.rs.gov.br\/financas\/2009\/11\/13\/termina-segunda-o-prazo-para-quitar-dividas-com-a-prefeitura-sem-juros-1822\/","url":"https:\/\/www.pmpf.rs.gov.br\/financas\/2009\/11\/13\/termina-segunda-o-prazo-para-quitar-dividas-com-a-prefeitura-sem-juros-1822\/","name":"Termina segunda o prazo para quitar d\u00edvidas com a Prefeitura sem juros - Finan\u00e7as","isPartOf":{"@id":"https:\/\/www.pmpf.rs.gov.br\/financas\/#website"},"primaryImageOfPage":{"@id":"https:\/\/www.pmpf.rs.gov.br\/financas\/2009\/11\/13\/termina-segunda-o-prazo-para-quitar-dividas-com-a-prefeitura-sem-juros-1822\/#primaryimage"},"image":{"@id":"https:\/\/www.pmpf.rs.gov.br\/financas\/2009\/11\/13\/termina-segunda-o-prazo-para-quitar-dividas-com-a-prefeitura-sem-juros-1822\/#primaryimage"},"thumbnailUrl":"https:\/\/www.pmpf.rs.gov.br\/financas\/wp-content\/uploads\/sites\/45\/2021\/12\/I2013-05-07_062705_c6690.jpg","datePublished":"2009-11-13T04:00:00+00:00","dateModified":"2009-11-13T04:00:00+00:00","author":{"@id":"https:\/\/www.pmpf.rs.gov.br\/financas\/#\/schema\/person\/0c355b0fa68a7aa986c8594f7a60a2d7"},"inLanguage":"pt-BR","potentialAction":[{"@type":"ReadAction","target":["https:\/\/www.pmpf.rs.gov.br\/financas\/2009\/11\/13\/termina-segunda-o-prazo-para-quitar-dividas-com-a-prefeitura-sem-juros-1822\/"]}]},{"@type":"ImageObject","inLanguage":"pt-BR","@id":"https:\/\/www.pmpf.rs.gov.br\/financas\/2009\/11\/13\/termina-segunda-o-prazo-para-quitar-dividas-com-a-prefeitura-sem-juros-1822\/#primaryimage","url":"https:\/\/www.pmpf.rs.gov.br\/financas\/wp-content\/uploads\/sites\/45\/2021\/12\/I2013-05-07_062705_c6690.jpg","contentUrl":"https:\/\/www.pmpf.rs.gov.br\/financas\/wp-content\/uploads\/sites\/45\/2021\/12\/I2013-05-07_062705_c6690.jpg","width":460,"height":331},{"@type":"WebSite","@id":"https:\/\/www.pmpf.rs.gov.br\/financas\/#website","url":"https:\/\/www.pmpf.rs.gov.br\/financas\/","name":"Finan\u00e7as","description":"S\u00f3 mais um site Prefeitura de Passo Fundo","potentialAction":[{"@type":"SearchAction","target":{"@type":"EntryPoint","urlTemplate":"https:\/\/www.pmpf.rs.gov.br\/financas\/?s={search_term_string}"},"query-input":{"@type":"PropertyValueSpecification","valueRequired":true,"valueName":"search_term_string"}}],"inLanguage":"pt-BR"},{"@type":"Person","@id":"https:\/\/www.pmpf.rs.gov.br\/financas\/#\/schema\/person\/0c355b0fa68a7aa986c8594f7a60a2d7","name":"mosite","image":{"@type":"ImageObject","inLanguage":"pt-BR","@id":"https:\/\/www.pmpf.rs.gov.br\/financas\/#\/schema\/person\/image\/","url":"https:\/\/secure.gravatar.com\/avatar\/63d72595d6cecfe12bd8a94829d5a26c?s=96&d=mm&r=g","contentUrl":"https:\/\/secure.gravatar.com\/avatar\/63d72595d6cecfe12bd8a94829d5a26c?s=96&d=mm&r=g","caption":"mosite"},"sameAs":["http:\/\/example.com"],"url":"https:\/\/www.pmpf.rs.gov.br\/financas\/author\/mosite\/"}]}},"_links":{"self":[{"href":"https:\/\/www.pmpf.rs.gov.br\/financas\/wp-json\/wp\/v2\/posts\/279"}],"collection":[{"href":"https:\/\/www.pmpf.rs.gov.br\/financas\/wp-json\/wp\/v2\/posts"}],"about":[{"href":"https:\/\/www.pmpf.rs.gov.br\/financas\/wp-json\/wp\/v2\/types\/post"}],"author":[{"embeddable":true,"href":"https:\/\/www.pmpf.rs.gov.br\/financas\/wp-json\/wp\/v2\/users\/1"}],"replies":[{"embeddable":true,"href":"https:\/\/www.pmpf.rs.gov.br\/financas\/wp-json\/wp\/v2\/comments?post=279"}],"version-history":[{"count":0,"href":"https:\/\/www.pmpf.rs.gov.br\/financas\/wp-json\/wp\/v2\/posts\/279\/revisions"}],"wp:featuredmedia":[{"embeddable":true,"href":"https:\/\/www.pmpf.rs.gov.br\/financas\/wp-json\/wp\/v2\/media\/280"}],"wp:attachment":[{"href":"https:\/\/www.pmpf.rs.gov.br\/financas\/wp-json\/wp\/v2\/media?parent=279"}],"wp:term":[{"taxonomy":"category","embeddable":true,"href":"https:\/\/www.pmpf.rs.gov.br\/financas\/wp-json\/wp\/v2\/categories?post=279"},{"taxonomy":"post_tag","embeddable":true,"href":"https:\/\/www.pmpf.rs.gov.br\/financas\/wp-json\/wp\/v2\/tags?post=279"}],"curies":[{"name":"wp","href":"https:\/\/api.w.org\/{rel}","templated":true}]}}