{"id":274,"date":"2009-12-03T02:00:00","date_gmt":"2009-12-03T04:00:00","guid":{"rendered":"https:\/\/www.pmpf.rs.gov.br\/financas\/2009\/12\/03\/novo-periodo-para-quitar-debitos-abre-segunda-feira-1864\/"},"modified":"2009-12-03T02:00:00","modified_gmt":"2009-12-03T04:00:00","slug":"novo-periodo-para-quitar-debitos-abre-segunda-feira-1864","status":"publish","type":"post","link":"https:\/\/www.pmpf.rs.gov.br\/financas\/2009\/12\/03\/novo-periodo-para-quitar-debitos-abre-segunda-feira-1864\/","title":{"rendered":"Novo per\u00edodo para quitar d\u00e9bitos abre segunda-feira"},"content":{"rendered":"<div style=\"text-align: justify; \">\n<p>A partir da pr\u00f3xima segunda-feira (7) j\u00e1 ser\u00e1 poss\u00edvel efetuar a quita\u00e7\u00e3o de d\u00e9bitos com o munic\u00edpio sem multa e juros. Com a aprova\u00e7\u00e3o do projeto enviado pelo Executivo \u00e0 C\u00e2mara de Vereadores, solicitando a prorroga\u00e7\u00e3o do prazo, agora os contribuintes ter\u00e3o at\u00e9 o dia 24 de dezembro para fazer o pagamento de impostos atrasados. De acordo com o secret\u00e1rio de Finan\u00e7as, C\u00e9sar Bilibio, a recomenda\u00e7\u00e3o \u00e9 que os pagamentos sejam feitos at\u00e9 o dia 23 de dezembro, j\u00e1 que no dia 24 os bancos ir\u00e3o funcionar em hor\u00e1rio reduzido, das 8h \u00e0s 10h, o que pode causar transtornos para quem deixar para a \u00faltima hora. No dia 24 e tamb\u00e9m no dia 31 de dezembro, o atendimento na Prefeitura Municipal ser\u00e1 realizado somente pelo turno da manh\u00e3, das 8h \u00e0s 13h.<br \/>Bilibio destaca ainda que \u00e9 poss\u00edvel fazer o pagamento de parte da d\u00edvida, caso o contribuinte tenha impostos pendentes de mais de um ano. \u201c Se tiver dinheiro para quitar somente um ano, o pagamento pode ser feito, sem problemas, desde que o imposto pago seja o de vencimento mais antigo\u201d, concluiu.<\/div>\n","protected":false},"excerpt":{"rendered":"<p>A partir da pr\u00f3xima segunda-feira (7) j\u00e1 ser\u00e1 poss\u00edvel efetuar a quita\u00e7\u00e3o de d\u00e9bitos com o munic\u00edpio sem multa e juros. Com a aprova\u00e7\u00e3o do projeto enviado pelo Executivo \u00e0 C\u00e2mara de Vereadores, solicitando a prorroga\u00e7\u00e3o do prazo, agora os contribuintes ter\u00e3o at\u00e9 o dia 24 de dezembro para fazer o pagamento de impostos atrasados.<\/p>\n","protected":false},"author":1,"featured_media":0,"comment_status":"open","ping_status":"open","sticky":false,"template":"","format":"standard","meta":{"footnotes":""},"categories":[],"tags":[],"class_list":["post-274","post","type-post","status-publish","format-standard","hentry"],"yoast_head":"<!-- This site is optimized with the Yoast SEO plugin v23.8 - https:\/\/yoast.com\/wordpress\/plugins\/seo\/ -->\n<title>Novo per\u00edodo para quitar d\u00e9bitos abre segunda-feira - Finan\u00e7as<\/title>\n<meta name=\"robots\" content=\"index, follow, max-snippet:-1, max-image-preview:large, max-video-preview:-1\" \/>\n<link rel=\"canonical\" href=\"https:\/\/www.pmpf.rs.gov.br\/financas\/2009\/12\/03\/novo-periodo-para-quitar-debitos-abre-segunda-feira-1864\/\" \/>\n<meta property=\"og:locale\" content=\"pt_BR\" \/>\n<meta property=\"og:type\" content=\"article\" \/>\n<meta property=\"og:title\" content=\"Novo per\u00edodo para quitar d\u00e9bitos abre segunda-feira - Finan\u00e7as\" \/>\n<meta property=\"og:description\" content=\"A partir da pr\u00f3xima segunda-feira (7) j\u00e1 ser\u00e1 poss\u00edvel efetuar a quita\u00e7\u00e3o de d\u00e9bitos com o munic\u00edpio sem multa e juros. Com a aprova\u00e7\u00e3o do projeto enviado pelo Executivo \u00e0 C\u00e2mara de Vereadores, solicitando a prorroga\u00e7\u00e3o do prazo, agora os contribuintes ter\u00e3o at\u00e9 o dia 24 de dezembro para fazer o pagamento de impostos atrasados.\" \/>\n<meta property=\"og:url\" content=\"https:\/\/www.pmpf.rs.gov.br\/financas\/2009\/12\/03\/novo-periodo-para-quitar-debitos-abre-segunda-feira-1864\/\" \/>\n<meta property=\"og:site_name\" content=\"Finan\u00e7as\" \/>\n<meta property=\"article:published_time\" content=\"2009-12-03T04:00:00+00:00\" \/>\n<meta name=\"author\" content=\"mosite\" \/>\n<meta name=\"twitter:card\" content=\"summary_large_image\" \/>\n<meta name=\"twitter:label1\" content=\"Escrito por\" \/>\n\t<meta name=\"twitter:data1\" content=\"mosite\" \/>\n\t<meta name=\"twitter:label2\" content=\"Est. tempo de leitura\" \/>\n\t<meta name=\"twitter:data2\" content=\"1 minuto\" \/>\n<script type=\"application\/ld+json\" class=\"yoast-schema-graph\">{\"@context\":\"https:\/\/schema.org\",\"@graph\":[{\"@type\":\"WebPage\",\"@id\":\"https:\/\/www.pmpf.rs.gov.br\/financas\/2009\/12\/03\/novo-periodo-para-quitar-debitos-abre-segunda-feira-1864\/\",\"url\":\"https:\/\/www.pmpf.rs.gov.br\/financas\/2009\/12\/03\/novo-periodo-para-quitar-debitos-abre-segunda-feira-1864\/\",\"name\":\"Novo per\u00edodo para quitar d\u00e9bitos abre segunda-feira - Finan\u00e7as\",\"isPartOf\":{\"@id\":\"https:\/\/www.pmpf.rs.gov.br\/financas\/#website\"},\"datePublished\":\"2009-12-03T04:00:00+00:00\",\"dateModified\":\"2009-12-03T04:00:00+00:00\",\"author\":{\"@id\":\"https:\/\/www.pmpf.rs.gov.br\/financas\/#\/schema\/person\/0c355b0fa68a7aa986c8594f7a60a2d7\"},\"inLanguage\":\"pt-BR\",\"potentialAction\":[{\"@type\":\"ReadAction\",\"target\":[\"https:\/\/www.pmpf.rs.gov.br\/financas\/2009\/12\/03\/novo-periodo-para-quitar-debitos-abre-segunda-feira-1864\/\"]}]},{\"@type\":\"WebSite\",\"@id\":\"https:\/\/www.pmpf.rs.gov.br\/financas\/#website\",\"url\":\"https:\/\/www.pmpf.rs.gov.br\/financas\/\",\"name\":\"Finan\u00e7as\",\"description\":\"S\u00f3 mais um site Prefeitura de Passo Fundo\",\"potentialAction\":[{\"@type\":\"SearchAction\",\"target\":{\"@type\":\"EntryPoint\",\"urlTemplate\":\"https:\/\/www.pmpf.rs.gov.br\/financas\/?s={search_term_string}\"},\"query-input\":{\"@type\":\"PropertyValueSpecification\",\"valueRequired\":true,\"valueName\":\"search_term_string\"}}],\"inLanguage\":\"pt-BR\"},{\"@type\":\"Person\",\"@id\":\"https:\/\/www.pmpf.rs.gov.br\/financas\/#\/schema\/person\/0c355b0fa68a7aa986c8594f7a60a2d7\",\"name\":\"mosite\",\"image\":{\"@type\":\"ImageObject\",\"inLanguage\":\"pt-BR\",\"@id\":\"https:\/\/www.pmpf.rs.gov.br\/financas\/#\/schema\/person\/image\/\",\"url\":\"https:\/\/secure.gravatar.com\/avatar\/63d72595d6cecfe12bd8a94829d5a26c?s=96&d=mm&r=g\",\"contentUrl\":\"https:\/\/secure.gravatar.com\/avatar\/63d72595d6cecfe12bd8a94829d5a26c?s=96&d=mm&r=g\",\"caption\":\"mosite\"},\"sameAs\":[\"http:\/\/example.com\"],\"url\":\"https:\/\/www.pmpf.rs.gov.br\/financas\/author\/mosite\/\"}]}<\/script>\n<!-- \/ Yoast SEO plugin. -->","yoast_head_json":{"title":"Novo per\u00edodo para quitar d\u00e9bitos abre segunda-feira - Finan\u00e7as","robots":{"index":"index","follow":"follow","max-snippet":"max-snippet:-1","max-image-preview":"max-image-preview:large","max-video-preview":"max-video-preview:-1"},"canonical":"https:\/\/www.pmpf.rs.gov.br\/financas\/2009\/12\/03\/novo-periodo-para-quitar-debitos-abre-segunda-feira-1864\/","og_locale":"pt_BR","og_type":"article","og_title":"Novo per\u00edodo para quitar d\u00e9bitos abre segunda-feira - Finan\u00e7as","og_description":"A partir da pr\u00f3xima segunda-feira (7) j\u00e1 ser\u00e1 poss\u00edvel efetuar a quita\u00e7\u00e3o de d\u00e9bitos com o munic\u00edpio sem multa e juros. Com a aprova\u00e7\u00e3o do projeto enviado pelo Executivo \u00e0 C\u00e2mara de Vereadores, solicitando a prorroga\u00e7\u00e3o do prazo, agora os contribuintes ter\u00e3o at\u00e9 o dia 24 de dezembro para fazer o pagamento de impostos atrasados.","og_url":"https:\/\/www.pmpf.rs.gov.br\/financas\/2009\/12\/03\/novo-periodo-para-quitar-debitos-abre-segunda-feira-1864\/","og_site_name":"Finan\u00e7as","article_published_time":"2009-12-03T04:00:00+00:00","author":"mosite","twitter_card":"summary_large_image","twitter_misc":{"Escrito por":"mosite","Est. tempo de leitura":"1 minuto"},"schema":{"@context":"https:\/\/schema.org","@graph":[{"@type":"WebPage","@id":"https:\/\/www.pmpf.rs.gov.br\/financas\/2009\/12\/03\/novo-periodo-para-quitar-debitos-abre-segunda-feira-1864\/","url":"https:\/\/www.pmpf.rs.gov.br\/financas\/2009\/12\/03\/novo-periodo-para-quitar-debitos-abre-segunda-feira-1864\/","name":"Novo per\u00edodo para quitar d\u00e9bitos abre segunda-feira - Finan\u00e7as","isPartOf":{"@id":"https:\/\/www.pmpf.rs.gov.br\/financas\/#website"},"datePublished":"2009-12-03T04:00:00+00:00","dateModified":"2009-12-03T04:00:00+00:00","author":{"@id":"https:\/\/www.pmpf.rs.gov.br\/financas\/#\/schema\/person\/0c355b0fa68a7aa986c8594f7a60a2d7"},"inLanguage":"pt-BR","potentialAction":[{"@type":"ReadAction","target":["https:\/\/www.pmpf.rs.gov.br\/financas\/2009\/12\/03\/novo-periodo-para-quitar-debitos-abre-segunda-feira-1864\/"]}]},{"@type":"WebSite","@id":"https:\/\/www.pmpf.rs.gov.br\/financas\/#website","url":"https:\/\/www.pmpf.rs.gov.br\/financas\/","name":"Finan\u00e7as","description":"S\u00f3 mais um site Prefeitura de Passo Fundo","potentialAction":[{"@type":"SearchAction","target":{"@type":"EntryPoint","urlTemplate":"https:\/\/www.pmpf.rs.gov.br\/financas\/?s={search_term_string}"},"query-input":{"@type":"PropertyValueSpecification","valueRequired":true,"valueName":"search_term_string"}}],"inLanguage":"pt-BR"},{"@type":"Person","@id":"https:\/\/www.pmpf.rs.gov.br\/financas\/#\/schema\/person\/0c355b0fa68a7aa986c8594f7a60a2d7","name":"mosite","image":{"@type":"ImageObject","inLanguage":"pt-BR","@id":"https:\/\/www.pmpf.rs.gov.br\/financas\/#\/schema\/person\/image\/","url":"https:\/\/secure.gravatar.com\/avatar\/63d72595d6cecfe12bd8a94829d5a26c?s=96&d=mm&r=g","contentUrl":"https:\/\/secure.gravatar.com\/avatar\/63d72595d6cecfe12bd8a94829d5a26c?s=96&d=mm&r=g","caption":"mosite"},"sameAs":["http:\/\/example.com"],"url":"https:\/\/www.pmpf.rs.gov.br\/financas\/author\/mosite\/"}]}},"_links":{"self":[{"href":"https:\/\/www.pmpf.rs.gov.br\/financas\/wp-json\/wp\/v2\/posts\/274"}],"collection":[{"href":"https:\/\/www.pmpf.rs.gov.br\/financas\/wp-json\/wp\/v2\/posts"}],"about":[{"href":"https:\/\/www.pmpf.rs.gov.br\/financas\/wp-json\/wp\/v2\/types\/post"}],"author":[{"embeddable":true,"href":"https:\/\/www.pmpf.rs.gov.br\/financas\/wp-json\/wp\/v2\/users\/1"}],"replies":[{"embeddable":true,"href":"https:\/\/www.pmpf.rs.gov.br\/financas\/wp-json\/wp\/v2\/comments?post=274"}],"version-history":[{"count":0,"href":"https:\/\/www.pmpf.rs.gov.br\/financas\/wp-json\/wp\/v2\/posts\/274\/revisions"}],"wp:attachment":[{"href":"https:\/\/www.pmpf.rs.gov.br\/financas\/wp-json\/wp\/v2\/media?parent=274"}],"wp:term":[{"taxonomy":"category","embeddable":true,"href":"https:\/\/www.pmpf.rs.gov.br\/financas\/wp-json\/wp\/v2\/categories?post=274"},{"taxonomy":"post_tag","embeddable":true,"href":"https:\/\/www.pmpf.rs.gov.br\/financas\/wp-json\/wp\/v2\/tags?post=274"}],"curies":[{"name":"wp","href":"https:\/\/api.w.org\/{rel}","templated":true}]}}