{"id":272,"date":"2009-09-28T03:00:00","date_gmt":"2009-09-28T06:00:00","guid":{"rendered":"https:\/\/www.pmpf.rs.gov.br\/financas\/2009\/09\/28\/prestacao-de-contas-da-prefeitura-apresentada-na-camara-1872\/"},"modified":"2009-09-28T03:00:00","modified_gmt":"2009-09-28T06:00:00","slug":"prestacao-de-contas-da-prefeitura-apresentada-na-camara-1872","status":"publish","type":"post","link":"https:\/\/www.pmpf.rs.gov.br\/financas\/2009\/09\/28\/prestacao-de-contas-da-prefeitura-apresentada-na-camara-1872\/","title":{"rendered":"Presta\u00e7\u00e3o de contas da Prefeitura apresentada na C\u00e2mara"},"content":{"rendered":"<div style=\"text-align: justify;\">\n<p>A Secretaria de Finan\u00e7as do munic\u00edpio, realizou nesse s\u00e1bado no plen\u00e1rio da C\u00e2mara Municipal de Vereadores, uma audi\u00eancia p\u00fabica para apresenta\u00e7\u00e3o do \u201cRelat\u00f3rio da Gest\u00e3o Fiscal do Munic\u00edpio\u201d, relativo ao segundo quadrimestre deste ano. <br \/>A apresenta\u00e7\u00e3o do relat\u00f3rio foi realizada pelo secret\u00e1rio de Finan\u00e7as, C\u00e9sar Bilibio, que confirmou a queda na arrecada\u00e7\u00e3o, especialmente das transfer\u00eancias do Estado e da Uni\u00e3o, reflexo da crise internacional. O secret\u00e1rio explicou que do or\u00e7amento para 2009 aprovado pelo Legislativo, haver\u00e1 uma redu\u00e7\u00e3o significativa, de cerca R$ 25 milh\u00f5es, e que para isso diversas a\u00e7\u00f5es j\u00e1 foram, e ainda ser\u00e3o implementadas no pr\u00f3ximo quadrimestre para equalizar as despesas em rela\u00e7\u00e3o a arrecada\u00e7\u00e3o. \u201cO prefeito Dipp determinou que as redu\u00e7\u00f5es n\u00e3o comprometessem os servi\u00e7os especiais. Nos primeiros oito meses j\u00e1 foram destinados 35% do or\u00e7amento para Educa\u00e7\u00e3o, confirmando nossa prioridade, e 22% na \u00e1rea da Sa\u00fade. Estamos fazendo os ajustes no custeio da m\u00e1quina p\u00fablica e na racionaliza\u00e7\u00e3o dos servi\u00e7os\u201d, disse ele. Por isso foram tomadas medidas como a suspens\u00e3o de horas extras e a implanta\u00e7\u00e3o do turno \u00fanico.<br \/>O secret\u00e1rio disse ainda que os indicadores para os pr\u00f3ximos anos mostram que j\u00e1 para 2010, Passo Fundo come\u00e7a atingir alguns resultados de desenvolvimento que foram planejados, mostrando que a administra\u00e7\u00e3o acertou em priorizar investimentos na \u00e1rea da gera\u00e7\u00e3o de emprego e renda.<\/div>\n<p><\/p>\n","protected":false},"excerpt":{"rendered":"<p>A Secretaria de Finan\u00e7as do munic\u00edpio, realizou nesse s\u00e1bado no plen\u00e1rio da C\u00e2mara Municipal de Vereadores, uma audi\u00eancia p\u00fabica para apresenta\u00e7\u00e3o do \u201cRelat\u00f3rio da Gest\u00e3o Fiscal do Munic\u00edpio\u201d, relativo ao segundo quadrimestre deste ano.<br \/>\nA apresenta\u00e7\u00e3o do relat\u00f3rio foi realizada pelo secret\u00e1rio de Finan\u00e7as, C\u00e9sar Bilibio, que confirmou a queda na arrecada\u00e7\u00e3o, especialmente das transfer\u00eancias do Estado e da Uni\u00e3o, reflexo da crise internacional.<\/p>\n","protected":false},"author":1,"featured_media":273,"comment_status":"open","ping_status":"open","sticky":false,"template":"","format":"standard","meta":{"footnotes":""},"categories":[],"tags":[],"class_list":["post-272","post","type-post","status-publish","format-standard","has-post-thumbnail","hentry"],"yoast_head":"<!-- This site is optimized with the Yoast SEO plugin v23.8 - https:\/\/yoast.com\/wordpress\/plugins\/seo\/ -->\n<title>Presta\u00e7\u00e3o de contas da Prefeitura apresentada na C\u00e2mara - Finan\u00e7as<\/title>\n<meta name=\"robots\" content=\"index, follow, max-snippet:-1, max-image-preview:large, max-video-preview:-1\" \/>\n<link rel=\"canonical\" href=\"https:\/\/www.pmpf.rs.gov.br\/financas\/2009\/09\/28\/prestacao-de-contas-da-prefeitura-apresentada-na-camara-1872\/\" \/>\n<meta property=\"og:locale\" content=\"pt_BR\" \/>\n<meta property=\"og:type\" content=\"article\" \/>\n<meta property=\"og:title\" content=\"Presta\u00e7\u00e3o de contas da Prefeitura apresentada na C\u00e2mara - Finan\u00e7as\" \/>\n<meta property=\"og:description\" content=\"A Secretaria de Finan\u00e7as do munic\u00edpio, realizou nesse s\u00e1bado no plen\u00e1rio da C\u00e2mara Municipal de Vereadores, uma audi\u00eancia p\u00fabica para apresenta\u00e7\u00e3o do \u201cRelat\u00f3rio da Gest\u00e3o Fiscal do Munic\u00edpio\u201d, relativo ao segundo quadrimestre deste ano. A apresenta\u00e7\u00e3o do relat\u00f3rio foi realizada pelo secret\u00e1rio de Finan\u00e7as, C\u00e9sar Bilibio, que confirmou a queda na arrecada\u00e7\u00e3o, especialmente das transfer\u00eancias do Estado e da Uni\u00e3o, reflexo da crise internacional.\" \/>\n<meta property=\"og:url\" content=\"https:\/\/www.pmpf.rs.gov.br\/financas\/2009\/09\/28\/prestacao-de-contas-da-prefeitura-apresentada-na-camara-1872\/\" \/>\n<meta property=\"og:site_name\" content=\"Finan\u00e7as\" \/>\n<meta property=\"article:published_time\" content=\"2009-09-28T06:00:00+00:00\" \/>\n<meta property=\"og:image\" content=\"https:\/\/www.pmpf.rs.gov.br\/financas\/wp-content\/uploads\/sites\/45\/2021\/12\/I2013-05-07_062706_c6608.jpg\" \/>\n\t<meta property=\"og:image:width\" content=\"467\" \/>\n\t<meta property=\"og:image:height\" content=\"337\" \/>\n\t<meta property=\"og:image:type\" content=\"image\/jpeg\" \/>\n<meta name=\"author\" content=\"mosite\" \/>\n<meta name=\"twitter:card\" content=\"summary_large_image\" \/>\n<meta name=\"twitter:label1\" content=\"Escrito por\" \/>\n\t<meta name=\"twitter:data1\" content=\"mosite\" \/>\n\t<meta name=\"twitter:label2\" content=\"Est. tempo de leitura\" \/>\n\t<meta name=\"twitter:data2\" content=\"1 minuto\" \/>\n<script type=\"application\/ld+json\" class=\"yoast-schema-graph\">{\"@context\":\"https:\/\/schema.org\",\"@graph\":[{\"@type\":\"WebPage\",\"@id\":\"https:\/\/www.pmpf.rs.gov.br\/financas\/2009\/09\/28\/prestacao-de-contas-da-prefeitura-apresentada-na-camara-1872\/\",\"url\":\"https:\/\/www.pmpf.rs.gov.br\/financas\/2009\/09\/28\/prestacao-de-contas-da-prefeitura-apresentada-na-camara-1872\/\",\"name\":\"Presta\u00e7\u00e3o de contas da Prefeitura apresentada na C\u00e2mara - Finan\u00e7as\",\"isPartOf\":{\"@id\":\"https:\/\/www.pmpf.rs.gov.br\/financas\/#website\"},\"primaryImageOfPage\":{\"@id\":\"https:\/\/www.pmpf.rs.gov.br\/financas\/2009\/09\/28\/prestacao-de-contas-da-prefeitura-apresentada-na-camara-1872\/#primaryimage\"},\"image\":{\"@id\":\"https:\/\/www.pmpf.rs.gov.br\/financas\/2009\/09\/28\/prestacao-de-contas-da-prefeitura-apresentada-na-camara-1872\/#primaryimage\"},\"thumbnailUrl\":\"https:\/\/www.pmpf.rs.gov.br\/financas\/wp-content\/uploads\/sites\/45\/2021\/12\/I2013-05-07_062706_c6608.jpg\",\"datePublished\":\"2009-09-28T06:00:00+00:00\",\"dateModified\":\"2009-09-28T06:00:00+00:00\",\"author\":{\"@id\":\"https:\/\/www.pmpf.rs.gov.br\/financas\/#\/schema\/person\/0c355b0fa68a7aa986c8594f7a60a2d7\"},\"inLanguage\":\"pt-BR\",\"potentialAction\":[{\"@type\":\"ReadAction\",\"target\":[\"https:\/\/www.pmpf.rs.gov.br\/financas\/2009\/09\/28\/prestacao-de-contas-da-prefeitura-apresentada-na-camara-1872\/\"]}]},{\"@type\":\"ImageObject\",\"inLanguage\":\"pt-BR\",\"@id\":\"https:\/\/www.pmpf.rs.gov.br\/financas\/2009\/09\/28\/prestacao-de-contas-da-prefeitura-apresentada-na-camara-1872\/#primaryimage\",\"url\":\"https:\/\/www.pmpf.rs.gov.br\/financas\/wp-content\/uploads\/sites\/45\/2021\/12\/I2013-05-07_062706_c6608.jpg\",\"contentUrl\":\"https:\/\/www.pmpf.rs.gov.br\/financas\/wp-content\/uploads\/sites\/45\/2021\/12\/I2013-05-07_062706_c6608.jpg\",\"width\":467,\"height\":337},{\"@type\":\"WebSite\",\"@id\":\"https:\/\/www.pmpf.rs.gov.br\/financas\/#website\",\"url\":\"https:\/\/www.pmpf.rs.gov.br\/financas\/\",\"name\":\"Finan\u00e7as\",\"description\":\"S\u00f3 mais um site Prefeitura de Passo Fundo\",\"potentialAction\":[{\"@type\":\"SearchAction\",\"target\":{\"@type\":\"EntryPoint\",\"urlTemplate\":\"https:\/\/www.pmpf.rs.gov.br\/financas\/?s={search_term_string}\"},\"query-input\":{\"@type\":\"PropertyValueSpecification\",\"valueRequired\":true,\"valueName\":\"search_term_string\"}}],\"inLanguage\":\"pt-BR\"},{\"@type\":\"Person\",\"@id\":\"https:\/\/www.pmpf.rs.gov.br\/financas\/#\/schema\/person\/0c355b0fa68a7aa986c8594f7a60a2d7\",\"name\":\"mosite\",\"image\":{\"@type\":\"ImageObject\",\"inLanguage\":\"pt-BR\",\"@id\":\"https:\/\/www.pmpf.rs.gov.br\/financas\/#\/schema\/person\/image\/\",\"url\":\"https:\/\/secure.gravatar.com\/avatar\/63d72595d6cecfe12bd8a94829d5a26c?s=96&d=mm&r=g\",\"contentUrl\":\"https:\/\/secure.gravatar.com\/avatar\/63d72595d6cecfe12bd8a94829d5a26c?s=96&d=mm&r=g\",\"caption\":\"mosite\"},\"sameAs\":[\"http:\/\/example.com\"],\"url\":\"https:\/\/www.pmpf.rs.gov.br\/financas\/author\/mosite\/\"}]}<\/script>\n<!-- \/ Yoast SEO plugin. -->","yoast_head_json":{"title":"Presta\u00e7\u00e3o de contas da Prefeitura apresentada na C\u00e2mara - Finan\u00e7as","robots":{"index":"index","follow":"follow","max-snippet":"max-snippet:-1","max-image-preview":"max-image-preview:large","max-video-preview":"max-video-preview:-1"},"canonical":"https:\/\/www.pmpf.rs.gov.br\/financas\/2009\/09\/28\/prestacao-de-contas-da-prefeitura-apresentada-na-camara-1872\/","og_locale":"pt_BR","og_type":"article","og_title":"Presta\u00e7\u00e3o de contas da Prefeitura apresentada na C\u00e2mara - Finan\u00e7as","og_description":"A Secretaria de Finan\u00e7as do munic\u00edpio, realizou nesse s\u00e1bado no plen\u00e1rio da C\u00e2mara Municipal de Vereadores, uma audi\u00eancia p\u00fabica para apresenta\u00e7\u00e3o do \u201cRelat\u00f3rio da Gest\u00e3o Fiscal do Munic\u00edpio\u201d, relativo ao segundo quadrimestre deste ano. A apresenta\u00e7\u00e3o do relat\u00f3rio foi realizada pelo secret\u00e1rio de Finan\u00e7as, C\u00e9sar Bilibio, que confirmou a queda na arrecada\u00e7\u00e3o, especialmente das transfer\u00eancias do Estado e da Uni\u00e3o, reflexo da crise internacional.","og_url":"https:\/\/www.pmpf.rs.gov.br\/financas\/2009\/09\/28\/prestacao-de-contas-da-prefeitura-apresentada-na-camara-1872\/","og_site_name":"Finan\u00e7as","article_published_time":"2009-09-28T06:00:00+00:00","og_image":[{"width":467,"height":337,"url":"https:\/\/www.pmpf.rs.gov.br\/financas\/wp-content\/uploads\/sites\/45\/2021\/12\/I2013-05-07_062706_c6608.jpg","type":"image\/jpeg"}],"author":"mosite","twitter_card":"summary_large_image","twitter_misc":{"Escrito por":"mosite","Est. tempo de leitura":"1 minuto"},"schema":{"@context":"https:\/\/schema.org","@graph":[{"@type":"WebPage","@id":"https:\/\/www.pmpf.rs.gov.br\/financas\/2009\/09\/28\/prestacao-de-contas-da-prefeitura-apresentada-na-camara-1872\/","url":"https:\/\/www.pmpf.rs.gov.br\/financas\/2009\/09\/28\/prestacao-de-contas-da-prefeitura-apresentada-na-camara-1872\/","name":"Presta\u00e7\u00e3o de contas da Prefeitura apresentada na C\u00e2mara - Finan\u00e7as","isPartOf":{"@id":"https:\/\/www.pmpf.rs.gov.br\/financas\/#website"},"primaryImageOfPage":{"@id":"https:\/\/www.pmpf.rs.gov.br\/financas\/2009\/09\/28\/prestacao-de-contas-da-prefeitura-apresentada-na-camara-1872\/#primaryimage"},"image":{"@id":"https:\/\/www.pmpf.rs.gov.br\/financas\/2009\/09\/28\/prestacao-de-contas-da-prefeitura-apresentada-na-camara-1872\/#primaryimage"},"thumbnailUrl":"https:\/\/www.pmpf.rs.gov.br\/financas\/wp-content\/uploads\/sites\/45\/2021\/12\/I2013-05-07_062706_c6608.jpg","datePublished":"2009-09-28T06:00:00+00:00","dateModified":"2009-09-28T06:00:00+00:00","author":{"@id":"https:\/\/www.pmpf.rs.gov.br\/financas\/#\/schema\/person\/0c355b0fa68a7aa986c8594f7a60a2d7"},"inLanguage":"pt-BR","potentialAction":[{"@type":"ReadAction","target":["https:\/\/www.pmpf.rs.gov.br\/financas\/2009\/09\/28\/prestacao-de-contas-da-prefeitura-apresentada-na-camara-1872\/"]}]},{"@type":"ImageObject","inLanguage":"pt-BR","@id":"https:\/\/www.pmpf.rs.gov.br\/financas\/2009\/09\/28\/prestacao-de-contas-da-prefeitura-apresentada-na-camara-1872\/#primaryimage","url":"https:\/\/www.pmpf.rs.gov.br\/financas\/wp-content\/uploads\/sites\/45\/2021\/12\/I2013-05-07_062706_c6608.jpg","contentUrl":"https:\/\/www.pmpf.rs.gov.br\/financas\/wp-content\/uploads\/sites\/45\/2021\/12\/I2013-05-07_062706_c6608.jpg","width":467,"height":337},{"@type":"WebSite","@id":"https:\/\/www.pmpf.rs.gov.br\/financas\/#website","url":"https:\/\/www.pmpf.rs.gov.br\/financas\/","name":"Finan\u00e7as","description":"S\u00f3 mais um site Prefeitura de Passo Fundo","potentialAction":[{"@type":"SearchAction","target":{"@type":"EntryPoint","urlTemplate":"https:\/\/www.pmpf.rs.gov.br\/financas\/?s={search_term_string}"},"query-input":{"@type":"PropertyValueSpecification","valueRequired":true,"valueName":"search_term_string"}}],"inLanguage":"pt-BR"},{"@type":"Person","@id":"https:\/\/www.pmpf.rs.gov.br\/financas\/#\/schema\/person\/0c355b0fa68a7aa986c8594f7a60a2d7","name":"mosite","image":{"@type":"ImageObject","inLanguage":"pt-BR","@id":"https:\/\/www.pmpf.rs.gov.br\/financas\/#\/schema\/person\/image\/","url":"https:\/\/secure.gravatar.com\/avatar\/63d72595d6cecfe12bd8a94829d5a26c?s=96&d=mm&r=g","contentUrl":"https:\/\/secure.gravatar.com\/avatar\/63d72595d6cecfe12bd8a94829d5a26c?s=96&d=mm&r=g","caption":"mosite"},"sameAs":["http:\/\/example.com"],"url":"https:\/\/www.pmpf.rs.gov.br\/financas\/author\/mosite\/"}]}},"_links":{"self":[{"href":"https:\/\/www.pmpf.rs.gov.br\/financas\/wp-json\/wp\/v2\/posts\/272"}],"collection":[{"href":"https:\/\/www.pmpf.rs.gov.br\/financas\/wp-json\/wp\/v2\/posts"}],"about":[{"href":"https:\/\/www.pmpf.rs.gov.br\/financas\/wp-json\/wp\/v2\/types\/post"}],"author":[{"embeddable":true,"href":"https:\/\/www.pmpf.rs.gov.br\/financas\/wp-json\/wp\/v2\/users\/1"}],"replies":[{"embeddable":true,"href":"https:\/\/www.pmpf.rs.gov.br\/financas\/wp-json\/wp\/v2\/comments?post=272"}],"version-history":[{"count":0,"href":"https:\/\/www.pmpf.rs.gov.br\/financas\/wp-json\/wp\/v2\/posts\/272\/revisions"}],"wp:featuredmedia":[{"embeddable":true,"href":"https:\/\/www.pmpf.rs.gov.br\/financas\/wp-json\/wp\/v2\/media\/273"}],"wp:attachment":[{"href":"https:\/\/www.pmpf.rs.gov.br\/financas\/wp-json\/wp\/v2\/media?parent=272"}],"wp:term":[{"taxonomy":"category","embeddable":true,"href":"https:\/\/www.pmpf.rs.gov.br\/financas\/wp-json\/wp\/v2\/categories?post=272"},{"taxonomy":"post_tag","embeddable":true,"href":"https:\/\/www.pmpf.rs.gov.br\/financas\/wp-json\/wp\/v2\/tags?post=272"}],"curies":[{"name":"wp","href":"https:\/\/api.w.org\/{rel}","templated":true}]}}