{"id":256,"date":"2005-03-11T03:00:00","date_gmt":"2005-03-11T06:00:00","guid":{"rendered":"https:\/\/www.pmpf.rs.gov.br\/financas\/2005\/03\/11\/primeira-parcela-do-iptu-2342\/"},"modified":"2005-03-11T03:00:00","modified_gmt":"2005-03-11T06:00:00","slug":"primeira-parcela-do-iptu-2342","status":"publish","type":"post","link":"https:\/\/www.pmpf.rs.gov.br\/financas\/2005\/03\/11\/primeira-parcela-do-iptu-2342\/","title":{"rendered":"Primeira parcela do IPTU"},"content":{"rendered":"<p style=\"text-align: justify;\"><span style=\"\">Os contribuintes que optaram pelo pagamento parcelado do Imposto Predial Territorial Urbano (IPTU) devem quitar a primeira parcela dia 15 de mar\u00e7o, conforme estabelecido no Calend\u00e1rio Fiscal. <\/span><\/p>\n<p style=\"text-align: justify;\"><span style=\"\"> A parcela \u00fanica para pagamento do IPTU venceu no dia 15 de fevereiro, onde 38% dos contribuintes escolheram esta modalidade de quita\u00e7\u00e3o da d\u00edvida. Tamb\u00e9m, vale lembrar que o pagamento da taxa de lixo cobrada no ano passado, referente ao ano de 2002, cujo \u00faltimo prazo foi 30 de novembro de 2004, ainda, pode ser paga na Prefeitura Municipal.<\/span><\/p>\n","protected":false},"excerpt":{"rendered":"<p>Primeira parcela do IPTU<\/p>\n","protected":false},"author":1,"featured_media":0,"comment_status":"open","ping_status":"open","sticky":false,"template":"","format":"standard","meta":{"footnotes":""},"categories":[],"tags":[],"class_list":["post-256","post","type-post","status-publish","format-standard","hentry"],"yoast_head":"<!-- This site is optimized with the Yoast SEO plugin v23.8 - https:\/\/yoast.com\/wordpress\/plugins\/seo\/ -->\n<title>Primeira parcela do IPTU - Finan\u00e7as<\/title>\n<meta name=\"robots\" content=\"index, follow, max-snippet:-1, max-image-preview:large, max-video-preview:-1\" \/>\n<link rel=\"canonical\" href=\"https:\/\/www.pmpf.rs.gov.br\/financas\/2005\/03\/11\/primeira-parcela-do-iptu-2342\/\" \/>\n<meta property=\"og:locale\" content=\"pt_BR\" \/>\n<meta property=\"og:type\" content=\"article\" \/>\n<meta property=\"og:title\" content=\"Primeira parcela do IPTU - Finan\u00e7as\" \/>\n<meta property=\"og:description\" content=\"Primeira parcela do IPTU\" \/>\n<meta property=\"og:url\" content=\"https:\/\/www.pmpf.rs.gov.br\/financas\/2005\/03\/11\/primeira-parcela-do-iptu-2342\/\" \/>\n<meta property=\"og:site_name\" content=\"Finan\u00e7as\" \/>\n<meta property=\"article:published_time\" content=\"2005-03-11T06:00:00+00:00\" \/>\n<meta name=\"author\" content=\"mosite\" \/>\n<meta name=\"twitter:card\" content=\"summary_large_image\" \/>\n<meta name=\"twitter:label1\" content=\"Escrito por\" \/>\n\t<meta name=\"twitter:data1\" content=\"mosite\" \/>\n<script type=\"application\/ld+json\" class=\"yoast-schema-graph\">{\"@context\":\"https:\/\/schema.org\",\"@graph\":[{\"@type\":\"WebPage\",\"@id\":\"https:\/\/www.pmpf.rs.gov.br\/financas\/2005\/03\/11\/primeira-parcela-do-iptu-2342\/\",\"url\":\"https:\/\/www.pmpf.rs.gov.br\/financas\/2005\/03\/11\/primeira-parcela-do-iptu-2342\/\",\"name\":\"Primeira parcela do IPTU - Finan\u00e7as\",\"isPartOf\":{\"@id\":\"https:\/\/www.pmpf.rs.gov.br\/financas\/#website\"},\"datePublished\":\"2005-03-11T06:00:00+00:00\",\"dateModified\":\"2005-03-11T06:00:00+00:00\",\"author\":{\"@id\":\"https:\/\/www.pmpf.rs.gov.br\/financas\/#\/schema\/person\/0c355b0fa68a7aa986c8594f7a60a2d7\"},\"inLanguage\":\"pt-BR\",\"potentialAction\":[{\"@type\":\"ReadAction\",\"target\":[\"https:\/\/www.pmpf.rs.gov.br\/financas\/2005\/03\/11\/primeira-parcela-do-iptu-2342\/\"]}]},{\"@type\":\"WebSite\",\"@id\":\"https:\/\/www.pmpf.rs.gov.br\/financas\/#website\",\"url\":\"https:\/\/www.pmpf.rs.gov.br\/financas\/\",\"name\":\"Finan\u00e7as\",\"description\":\"S\u00f3 mais um site Prefeitura de Passo Fundo\",\"potentialAction\":[{\"@type\":\"SearchAction\",\"target\":{\"@type\":\"EntryPoint\",\"urlTemplate\":\"https:\/\/www.pmpf.rs.gov.br\/financas\/?s={search_term_string}\"},\"query-input\":{\"@type\":\"PropertyValueSpecification\",\"valueRequired\":true,\"valueName\":\"search_term_string\"}}],\"inLanguage\":\"pt-BR\"},{\"@type\":\"Person\",\"@id\":\"https:\/\/www.pmpf.rs.gov.br\/financas\/#\/schema\/person\/0c355b0fa68a7aa986c8594f7a60a2d7\",\"name\":\"mosite\",\"image\":{\"@type\":\"ImageObject\",\"inLanguage\":\"pt-BR\",\"@id\":\"https:\/\/www.pmpf.rs.gov.br\/financas\/#\/schema\/person\/image\/\",\"url\":\"https:\/\/secure.gravatar.com\/avatar\/63d72595d6cecfe12bd8a94829d5a26c?s=96&d=mm&r=g\",\"contentUrl\":\"https:\/\/secure.gravatar.com\/avatar\/63d72595d6cecfe12bd8a94829d5a26c?s=96&d=mm&r=g\",\"caption\":\"mosite\"},\"sameAs\":[\"http:\/\/example.com\"],\"url\":\"https:\/\/www.pmpf.rs.gov.br\/financas\/author\/mosite\/\"}]}<\/script>\n<!-- \/ Yoast SEO plugin. -->","yoast_head_json":{"title":"Primeira parcela do IPTU - Finan\u00e7as","robots":{"index":"index","follow":"follow","max-snippet":"max-snippet:-1","max-image-preview":"max-image-preview:large","max-video-preview":"max-video-preview:-1"},"canonical":"https:\/\/www.pmpf.rs.gov.br\/financas\/2005\/03\/11\/primeira-parcela-do-iptu-2342\/","og_locale":"pt_BR","og_type":"article","og_title":"Primeira parcela do IPTU - Finan\u00e7as","og_description":"Primeira parcela do IPTU","og_url":"https:\/\/www.pmpf.rs.gov.br\/financas\/2005\/03\/11\/primeira-parcela-do-iptu-2342\/","og_site_name":"Finan\u00e7as","article_published_time":"2005-03-11T06:00:00+00:00","author":"mosite","twitter_card":"summary_large_image","twitter_misc":{"Escrito por":"mosite"},"schema":{"@context":"https:\/\/schema.org","@graph":[{"@type":"WebPage","@id":"https:\/\/www.pmpf.rs.gov.br\/financas\/2005\/03\/11\/primeira-parcela-do-iptu-2342\/","url":"https:\/\/www.pmpf.rs.gov.br\/financas\/2005\/03\/11\/primeira-parcela-do-iptu-2342\/","name":"Primeira parcela do IPTU - Finan\u00e7as","isPartOf":{"@id":"https:\/\/www.pmpf.rs.gov.br\/financas\/#website"},"datePublished":"2005-03-11T06:00:00+00:00","dateModified":"2005-03-11T06:00:00+00:00","author":{"@id":"https:\/\/www.pmpf.rs.gov.br\/financas\/#\/schema\/person\/0c355b0fa68a7aa986c8594f7a60a2d7"},"inLanguage":"pt-BR","potentialAction":[{"@type":"ReadAction","target":["https:\/\/www.pmpf.rs.gov.br\/financas\/2005\/03\/11\/primeira-parcela-do-iptu-2342\/"]}]},{"@type":"WebSite","@id":"https:\/\/www.pmpf.rs.gov.br\/financas\/#website","url":"https:\/\/www.pmpf.rs.gov.br\/financas\/","name":"Finan\u00e7as","description":"S\u00f3 mais um site Prefeitura de Passo Fundo","potentialAction":[{"@type":"SearchAction","target":{"@type":"EntryPoint","urlTemplate":"https:\/\/www.pmpf.rs.gov.br\/financas\/?s={search_term_string}"},"query-input":{"@type":"PropertyValueSpecification","valueRequired":true,"valueName":"search_term_string"}}],"inLanguage":"pt-BR"},{"@type":"Person","@id":"https:\/\/www.pmpf.rs.gov.br\/financas\/#\/schema\/person\/0c355b0fa68a7aa986c8594f7a60a2d7","name":"mosite","image":{"@type":"ImageObject","inLanguage":"pt-BR","@id":"https:\/\/www.pmpf.rs.gov.br\/financas\/#\/schema\/person\/image\/","url":"https:\/\/secure.gravatar.com\/avatar\/63d72595d6cecfe12bd8a94829d5a26c?s=96&d=mm&r=g","contentUrl":"https:\/\/secure.gravatar.com\/avatar\/63d72595d6cecfe12bd8a94829d5a26c?s=96&d=mm&r=g","caption":"mosite"},"sameAs":["http:\/\/example.com"],"url":"https:\/\/www.pmpf.rs.gov.br\/financas\/author\/mosite\/"}]}},"_links":{"self":[{"href":"https:\/\/www.pmpf.rs.gov.br\/financas\/wp-json\/wp\/v2\/posts\/256"}],"collection":[{"href":"https:\/\/www.pmpf.rs.gov.br\/financas\/wp-json\/wp\/v2\/posts"}],"about":[{"href":"https:\/\/www.pmpf.rs.gov.br\/financas\/wp-json\/wp\/v2\/types\/post"}],"author":[{"embeddable":true,"href":"https:\/\/www.pmpf.rs.gov.br\/financas\/wp-json\/wp\/v2\/users\/1"}],"replies":[{"embeddable":true,"href":"https:\/\/www.pmpf.rs.gov.br\/financas\/wp-json\/wp\/v2\/comments?post=256"}],"version-history":[{"count":0,"href":"https:\/\/www.pmpf.rs.gov.br\/financas\/wp-json\/wp\/v2\/posts\/256\/revisions"}],"wp:attachment":[{"href":"https:\/\/www.pmpf.rs.gov.br\/financas\/wp-json\/wp\/v2\/media?parent=256"}],"wp:term":[{"taxonomy":"category","embeddable":true,"href":"https:\/\/www.pmpf.rs.gov.br\/financas\/wp-json\/wp\/v2\/categories?post=256"},{"taxonomy":"post_tag","embeddable":true,"href":"https:\/\/www.pmpf.rs.gov.br\/financas\/wp-json\/wp\/v2\/tags?post=256"}],"curies":[{"name":"wp","href":"https:\/\/api.w.org\/{rel}","templated":true}]}}