{"id":1310,"date":"2025-09-24T11:16:56","date_gmt":"2025-09-24T14:16:56","guid":{"rendered":"https:\/\/www.pmpf.rs.gov.br\/financas\/?p=1310"},"modified":"2025-09-25T07:40:07","modified_gmt":"2025-09-25T10:40:07","slug":"prefeitura-apresenta-resultados-da-execucao-orcamentaria-do-2o-quadrimestre-de-2025","status":"publish","type":"post","link":"https:\/\/www.pmpf.rs.gov.br\/financas\/2025\/09\/24\/prefeitura-apresenta-resultados-da-execucao-orcamentaria-do-2o-quadrimestre-de-2025\/","title":{"rendered":"Prefeitura apresenta resultados da execu\u00e7\u00e3o or\u00e7ament\u00e1ria do 2\u00ba quadrimestre de 2025"},"content":{"rendered":"\n<p class=\"wp-block-paragraph\"><\/p>\n\n\n\n<p class=\"wp-block-paragraph\">A Prefeitura de Passo Fundo, por meio da Secretaria de Finan\u00e7as, realizou na ter\u00e7a-feira (23) uma audi\u00eancia p\u00fablica para apresentar os resultados da execu\u00e7\u00e3o or\u00e7ament\u00e1ria referentes ao 2\u00ba quadrimestre de 2025. O encontro aconteceu no Plenarinho da C\u00e2mara de Vereadores e foi aberto ao p\u00fablico, com dura\u00e7\u00e3o de aproximadamente uma hora.<\/p>\n\n\n\n<p class=\"wp-block-paragraph\">Para o secret\u00e1rio de Finan\u00e7as, Dorlei Maffi, os resultados refor\u00e7am o compromisso da administra\u00e7\u00e3o em manter equil\u00edbrio nas contas p\u00fablicas. \u201cA Prefeitura vem cumprindo com responsabilidade a gest\u00e3o dos recursos, garantindo o equil\u00edbrio fiscal e a transpar\u00eancia na aplica\u00e7\u00e3o do or\u00e7amento\u201d, destacou.<\/p>\n\n\n\n<p class=\"wp-block-paragraph\">Durante a apresenta\u00e7\u00e3o, foram divulgados os principais n\u00fameros que refletem a sa\u00fade financeira do munic\u00edpio. No per\u00edodo, a arrecada\u00e7\u00e3o somou R$ 403,6 milh\u00f5es, enquanto as despesas liquidadas foram de R$ 399,3 milh\u00f5es, resultando em um super\u00e1vit de R$ 4,3 milh\u00f5es.<\/p>\n\n\n\n<p class=\"wp-block-paragraph\">Outro dado importante foi a despesa com pessoal, que ficou em 49% da Receita Corrente L\u00edquida, \u00edndice abaixo do limite prudencial definido pela Lei de Responsabilidade Fiscal. O levantamento tamb\u00e9m apontou crescimento nas principais receitas municipais, com destaque para o ISS, que registrou aumento de 17,36%, o ICMS, com eleva\u00e7\u00e3o de 20,66%, o FPM, que cresceu 8,78%, e o IPTU, que apresentou varia\u00e7\u00e3o positiva de 6,26%.<\/p>\n\n\n\n<p class=\"wp-block-paragraph\">A apresenta\u00e7\u00e3o integra as a\u00e7\u00f5es de transpar\u00eancia da Prefeitura e cumpre a exig\u00eancia legal de presta\u00e7\u00e3o de contas peri\u00f3dica da execu\u00e7\u00e3o or\u00e7ament\u00e1ria.<\/p>\n","protected":false},"excerpt":{"rendered":"<p>A Prefeitura de Passo Fundo, por meio da Secretaria de Finan\u00e7as, realizou na ter\u00e7a-feira (23) uma audi\u00eancia p\u00fablica para apresentar os resultados da execu\u00e7\u00e3o or\u00e7ament\u00e1ria referentes ao 2\u00ba quadrimestre de 2025. O [&hellip;]<\/p>\n","protected":false},"author":24,"featured_media":1312,"comment_status":"closed","ping_status":"closed","sticky":false,"template":"","format":"standard","meta":{"footnotes":""},"categories":[1],"tags":[],"class_list":["post-1310","post","type-post","status-publish","format-standard","has-post-thumbnail","hentry","category-sem-categoria"],"yoast_head":"<!-- This site is optimized with the Yoast SEO plugin v28.1 - https:\/\/yoast.com\/product\/yoast-seo-wordpress\/ -->\n<title>Prefeitura apresenta resultados da execu\u00e7\u00e3o or\u00e7ament\u00e1ria do 2\u00ba quadrimestre de 2025 - Finan\u00e7as<\/title>\n<meta name=\"robots\" content=\"index, follow, max-snippet:-1, max-image-preview:large, max-video-preview:-1\" \/>\n<link rel=\"canonical\" href=\"https:\/\/www.pmpf.rs.gov.br\/financas\/2025\/09\/24\/prefeitura-apresenta-resultados-da-execucao-orcamentaria-do-2o-quadrimestre-de-2025\/\" \/>\n<meta property=\"og:locale\" content=\"pt_BR\" \/>\n<meta property=\"og:type\" content=\"article\" \/>\n<meta property=\"og:title\" content=\"Prefeitura apresenta resultados da execu\u00e7\u00e3o or\u00e7ament\u00e1ria do 2\u00ba quadrimestre de 2025 - Finan\u00e7as\" \/>\n<meta property=\"og:description\" content=\"A Prefeitura de Passo Fundo, por meio da Secretaria de Finan\u00e7as, realizou na ter\u00e7a-feira (23) uma audi\u00eancia p\u00fablica para apresentar os resultados da execu\u00e7\u00e3o or\u00e7ament\u00e1ria referentes ao 2\u00ba quadrimestre de 2025. O [&hellip;]\" \/>\n<meta property=\"og:url\" content=\"https:\/\/www.pmpf.rs.gov.br\/financas\/2025\/09\/24\/prefeitura-apresenta-resultados-da-execucao-orcamentaria-do-2o-quadrimestre-de-2025\/\" \/>\n<meta property=\"og:site_name\" content=\"Finan\u00e7as\" \/>\n<meta property=\"article:published_time\" content=\"2025-09-24T14:16:56+00:00\" \/>\n<meta property=\"article:modified_time\" content=\"2025-09-25T10:40:07+00:00\" \/>\n<meta name=\"author\" content=\"lilicrivello\" \/>\n<meta name=\"twitter:card\" content=\"summary_large_image\" \/>\n<meta name=\"twitter:label1\" content=\"Escrito por\" \/>\n\t<meta name=\"twitter:data1\" content=\"lilicrivello\" \/>\n\t<meta name=\"twitter:label2\" content=\"Est. tempo de leitura\" \/>\n\t<meta name=\"twitter:data2\" content=\"1 minuto\" \/>\n<script type=\"application\/ld+json\" class=\"yoast-schema-graph\">{\"@context\":\"https:\\\/\\\/schema.org\",\"@graph\":[{\"@type\":\"Article\",\"@id\":\"https:\\\/\\\/www.pmpf.rs.gov.br\\\/financas\\\/2025\\\/09\\\/24\\\/prefeitura-apresenta-resultados-da-execucao-orcamentaria-do-2o-quadrimestre-de-2025\\\/#article\",\"isPartOf\":{\"@id\":\"https:\\\/\\\/www.pmpf.rs.gov.br\\\/financas\\\/2025\\\/09\\\/24\\\/prefeitura-apresenta-resultados-da-execucao-orcamentaria-do-2o-quadrimestre-de-2025\\\/\"},\"author\":{\"name\":\"lilicrivello\",\"@id\":\"https:\\\/\\\/www.pmpf.rs.gov.br\\\/financas\\\/#\\\/schema\\\/person\\\/6e93b0ab2174b69f691ac4f278ba2d0a\"},\"headline\":\"Prefeitura apresenta resultados da execu\u00e7\u00e3o or\u00e7ament\u00e1ria do 2\u00ba quadrimestre de 2025\",\"datePublished\":\"2025-09-24T14:16:56+00:00\",\"dateModified\":\"2025-09-25T10:40:07+00:00\",\"mainEntityOfPage\":{\"@id\":\"https:\\\/\\\/www.pmpf.rs.gov.br\\\/financas\\\/2025\\\/09\\\/24\\\/prefeitura-apresenta-resultados-da-execucao-orcamentaria-do-2o-quadrimestre-de-2025\\\/\"},\"wordCount\":266,\"image\":{\"@id\":\"https:\\\/\\\/www.pmpf.rs.gov.br\\\/financas\\\/2025\\\/09\\\/24\\\/prefeitura-apresenta-resultados-da-execucao-orcamentaria-do-2o-quadrimestre-de-2025\\\/#primaryimage\"},\"thumbnailUrl\":\"https:\\\/\\\/www.pmpf.rs.gov.br\\\/financas\\\/wp-content\\\/uploads\\\/sites\\\/45\\\/2025\\\/09\\\/WhatsApp-Image-2025-09-23-at-14.47.05-1.jpeg\",\"inLanguage\":\"pt-BR\"},{\"@type\":\"WebPage\",\"@id\":\"https:\\\/\\\/www.pmpf.rs.gov.br\\\/financas\\\/2025\\\/09\\\/24\\\/prefeitura-apresenta-resultados-da-execucao-orcamentaria-do-2o-quadrimestre-de-2025\\\/\",\"url\":\"https:\\\/\\\/www.pmpf.rs.gov.br\\\/financas\\\/2025\\\/09\\\/24\\\/prefeitura-apresenta-resultados-da-execucao-orcamentaria-do-2o-quadrimestre-de-2025\\\/\",\"name\":\"Prefeitura apresenta resultados da execu\u00e7\u00e3o or\u00e7ament\u00e1ria do 2\u00ba quadrimestre de 2025 - Finan\u00e7as\",\"isPartOf\":{\"@id\":\"https:\\\/\\\/www.pmpf.rs.gov.br\\\/financas\\\/#website\"},\"primaryImageOfPage\":{\"@id\":\"https:\\\/\\\/www.pmpf.rs.gov.br\\\/financas\\\/2025\\\/09\\\/24\\\/prefeitura-apresenta-resultados-da-execucao-orcamentaria-do-2o-quadrimestre-de-2025\\\/#primaryimage\"},\"image\":{\"@id\":\"https:\\\/\\\/www.pmpf.rs.gov.br\\\/financas\\\/2025\\\/09\\\/24\\\/prefeitura-apresenta-resultados-da-execucao-orcamentaria-do-2o-quadrimestre-de-2025\\\/#primaryimage\"},\"thumbnailUrl\":\"https:\\\/\\\/www.pmpf.rs.gov.br\\\/financas\\\/wp-content\\\/uploads\\\/sites\\\/45\\\/2025\\\/09\\\/WhatsApp-Image-2025-09-23-at-14.47.05-1.jpeg\",\"datePublished\":\"2025-09-24T14:16:56+00:00\",\"dateModified\":\"2025-09-25T10:40:07+00:00\",\"author\":{\"@id\":\"https:\\\/\\\/www.pmpf.rs.gov.br\\\/financas\\\/#\\\/schema\\\/person\\\/6e93b0ab2174b69f691ac4f278ba2d0a\"},\"inLanguage\":\"pt-BR\",\"potentialAction\":[{\"@type\":\"ReadAction\",\"target\":[\"https:\\\/\\\/www.pmpf.rs.gov.br\\\/financas\\\/2025\\\/09\\\/24\\\/prefeitura-apresenta-resultados-da-execucao-orcamentaria-do-2o-quadrimestre-de-2025\\\/\"]}]},{\"@type\":\"ImageObject\",\"inLanguage\":\"pt-BR\",\"@id\":\"https:\\\/\\\/www.pmpf.rs.gov.br\\\/financas\\\/2025\\\/09\\\/24\\\/prefeitura-apresenta-resultados-da-execucao-orcamentaria-do-2o-quadrimestre-de-2025\\\/#primaryimage\",\"url\":\"https:\\\/\\\/www.pmpf.rs.gov.br\\\/financas\\\/wp-content\\\/uploads\\\/sites\\\/45\\\/2025\\\/09\\\/WhatsApp-Image-2025-09-23-at-14.47.05-1.jpeg\",\"contentUrl\":\"https:\\\/\\\/www.pmpf.rs.gov.br\\\/financas\\\/wp-content\\\/uploads\\\/sites\\\/45\\\/2025\\\/09\\\/WhatsApp-Image-2025-09-23-at-14.47.05-1.jpeg\",\"width\":1280,\"height\":963},{\"@type\":\"WebSite\",\"@id\":\"https:\\\/\\\/www.pmpf.rs.gov.br\\\/financas\\\/#website\",\"url\":\"https:\\\/\\\/www.pmpf.rs.gov.br\\\/financas\\\/\",\"name\":\"Finan\u00e7as\",\"description\":\"S\u00f3 mais um site Prefeitura de Passo Fundo\",\"potentialAction\":[{\"@type\":\"SearchAction\",\"target\":{\"@type\":\"EntryPoint\",\"urlTemplate\":\"https:\\\/\\\/www.pmpf.rs.gov.br\\\/financas\\\/?s={search_term_string}\"},\"query-input\":{\"@type\":\"PropertyValueSpecification\",\"valueRequired\":true,\"valueName\":\"search_term_string\"}}],\"inLanguage\":\"pt-BR\"},{\"@type\":\"Person\",\"@id\":\"https:\\\/\\\/www.pmpf.rs.gov.br\\\/financas\\\/#\\\/schema\\\/person\\\/6e93b0ab2174b69f691ac4f278ba2d0a\",\"name\":\"lilicrivello\",\"image\":{\"@type\":\"ImageObject\",\"inLanguage\":\"pt-BR\",\"@id\":\"https:\\\/\\\/secure.gravatar.com\\\/avatar\\\/2d7d1b74ed39cacb62203880e0370d16df2765b1ae7d6da8beb6c43e087a0b1d?s=96&d=mm&r=g\",\"url\":\"https:\\\/\\\/secure.gravatar.com\\\/avatar\\\/2d7d1b74ed39cacb62203880e0370d16df2765b1ae7d6da8beb6c43e087a0b1d?s=96&d=mm&r=g\",\"contentUrl\":\"https:\\\/\\\/secure.gravatar.com\\\/avatar\\\/2d7d1b74ed39cacb62203880e0370d16df2765b1ae7d6da8beb6c43e087a0b1d?s=96&d=mm&r=g\",\"caption\":\"lilicrivello\"},\"url\":\"https:\\\/\\\/www.pmpf.rs.gov.br\\\/financas\\\/author\\\/lilicrivello\\\/\"}]}<\/script>\n<!-- \/ Yoast SEO plugin. -->","yoast_head_json":{"title":"Prefeitura apresenta resultados da execu\u00e7\u00e3o or\u00e7ament\u00e1ria do 2\u00ba quadrimestre de 2025 - Finan\u00e7as","robots":{"index":"index","follow":"follow","max-snippet":"max-snippet:-1","max-image-preview":"max-image-preview:large","max-video-preview":"max-video-preview:-1"},"canonical":"https:\/\/www.pmpf.rs.gov.br\/financas\/2025\/09\/24\/prefeitura-apresenta-resultados-da-execucao-orcamentaria-do-2o-quadrimestre-de-2025\/","og_locale":"pt_BR","og_type":"article","og_title":"Prefeitura apresenta resultados da execu\u00e7\u00e3o or\u00e7ament\u00e1ria do 2\u00ba quadrimestre de 2025 - Finan\u00e7as","og_description":"A Prefeitura de Passo Fundo, por meio da Secretaria de Finan\u00e7as, realizou na ter\u00e7a-feira (23) uma audi\u00eancia p\u00fablica para apresentar os resultados da execu\u00e7\u00e3o or\u00e7ament\u00e1ria referentes ao 2\u00ba quadrimestre de 2025. O [&hellip;]","og_url":"https:\/\/www.pmpf.rs.gov.br\/financas\/2025\/09\/24\/prefeitura-apresenta-resultados-da-execucao-orcamentaria-do-2o-quadrimestre-de-2025\/","og_site_name":"Finan\u00e7as","article_published_time":"2025-09-24T14:16:56+00:00","article_modified_time":"2025-09-25T10:40:07+00:00","author":"lilicrivello","twitter_card":"summary_large_image","twitter_misc":{"Escrito por":"lilicrivello","Est. tempo de leitura":"1 minuto"},"schema":{"@context":"https:\/\/schema.org","@graph":[{"@type":"Article","@id":"https:\/\/www.pmpf.rs.gov.br\/financas\/2025\/09\/24\/prefeitura-apresenta-resultados-da-execucao-orcamentaria-do-2o-quadrimestre-de-2025\/#article","isPartOf":{"@id":"https:\/\/www.pmpf.rs.gov.br\/financas\/2025\/09\/24\/prefeitura-apresenta-resultados-da-execucao-orcamentaria-do-2o-quadrimestre-de-2025\/"},"author":{"name":"lilicrivello","@id":"https:\/\/www.pmpf.rs.gov.br\/financas\/#\/schema\/person\/6e93b0ab2174b69f691ac4f278ba2d0a"},"headline":"Prefeitura apresenta resultados da execu\u00e7\u00e3o or\u00e7ament\u00e1ria do 2\u00ba quadrimestre de 2025","datePublished":"2025-09-24T14:16:56+00:00","dateModified":"2025-09-25T10:40:07+00:00","mainEntityOfPage":{"@id":"https:\/\/www.pmpf.rs.gov.br\/financas\/2025\/09\/24\/prefeitura-apresenta-resultados-da-execucao-orcamentaria-do-2o-quadrimestre-de-2025\/"},"wordCount":266,"image":{"@id":"https:\/\/www.pmpf.rs.gov.br\/financas\/2025\/09\/24\/prefeitura-apresenta-resultados-da-execucao-orcamentaria-do-2o-quadrimestre-de-2025\/#primaryimage"},"thumbnailUrl":"https:\/\/www.pmpf.rs.gov.br\/financas\/wp-content\/uploads\/sites\/45\/2025\/09\/WhatsApp-Image-2025-09-23-at-14.47.05-1.jpeg","inLanguage":"pt-BR"},{"@type":"WebPage","@id":"https:\/\/www.pmpf.rs.gov.br\/financas\/2025\/09\/24\/prefeitura-apresenta-resultados-da-execucao-orcamentaria-do-2o-quadrimestre-de-2025\/","url":"https:\/\/www.pmpf.rs.gov.br\/financas\/2025\/09\/24\/prefeitura-apresenta-resultados-da-execucao-orcamentaria-do-2o-quadrimestre-de-2025\/","name":"Prefeitura apresenta resultados da execu\u00e7\u00e3o or\u00e7ament\u00e1ria do 2\u00ba quadrimestre de 2025 - Finan\u00e7as","isPartOf":{"@id":"https:\/\/www.pmpf.rs.gov.br\/financas\/#website"},"primaryImageOfPage":{"@id":"https:\/\/www.pmpf.rs.gov.br\/financas\/2025\/09\/24\/prefeitura-apresenta-resultados-da-execucao-orcamentaria-do-2o-quadrimestre-de-2025\/#primaryimage"},"image":{"@id":"https:\/\/www.pmpf.rs.gov.br\/financas\/2025\/09\/24\/prefeitura-apresenta-resultados-da-execucao-orcamentaria-do-2o-quadrimestre-de-2025\/#primaryimage"},"thumbnailUrl":"https:\/\/www.pmpf.rs.gov.br\/financas\/wp-content\/uploads\/sites\/45\/2025\/09\/WhatsApp-Image-2025-09-23-at-14.47.05-1.jpeg","datePublished":"2025-09-24T14:16:56+00:00","dateModified":"2025-09-25T10:40:07+00:00","author":{"@id":"https:\/\/www.pmpf.rs.gov.br\/financas\/#\/schema\/person\/6e93b0ab2174b69f691ac4f278ba2d0a"},"inLanguage":"pt-BR","potentialAction":[{"@type":"ReadAction","target":["https:\/\/www.pmpf.rs.gov.br\/financas\/2025\/09\/24\/prefeitura-apresenta-resultados-da-execucao-orcamentaria-do-2o-quadrimestre-de-2025\/"]}]},{"@type":"ImageObject","inLanguage":"pt-BR","@id":"https:\/\/www.pmpf.rs.gov.br\/financas\/2025\/09\/24\/prefeitura-apresenta-resultados-da-execucao-orcamentaria-do-2o-quadrimestre-de-2025\/#primaryimage","url":"https:\/\/www.pmpf.rs.gov.br\/financas\/wp-content\/uploads\/sites\/45\/2025\/09\/WhatsApp-Image-2025-09-23-at-14.47.05-1.jpeg","contentUrl":"https:\/\/www.pmpf.rs.gov.br\/financas\/wp-content\/uploads\/sites\/45\/2025\/09\/WhatsApp-Image-2025-09-23-at-14.47.05-1.jpeg","width":1280,"height":963},{"@type":"WebSite","@id":"https:\/\/www.pmpf.rs.gov.br\/financas\/#website","url":"https:\/\/www.pmpf.rs.gov.br\/financas\/","name":"Finan\u00e7as","description":"S\u00f3 mais um site Prefeitura de Passo Fundo","potentialAction":[{"@type":"SearchAction","target":{"@type":"EntryPoint","urlTemplate":"https:\/\/www.pmpf.rs.gov.br\/financas\/?s={search_term_string}"},"query-input":{"@type":"PropertyValueSpecification","valueRequired":true,"valueName":"search_term_string"}}],"inLanguage":"pt-BR"},{"@type":"Person","@id":"https:\/\/www.pmpf.rs.gov.br\/financas\/#\/schema\/person\/6e93b0ab2174b69f691ac4f278ba2d0a","name":"lilicrivello","image":{"@type":"ImageObject","inLanguage":"pt-BR","@id":"https:\/\/secure.gravatar.com\/avatar\/2d7d1b74ed39cacb62203880e0370d16df2765b1ae7d6da8beb6c43e087a0b1d?s=96&d=mm&r=g","url":"https:\/\/secure.gravatar.com\/avatar\/2d7d1b74ed39cacb62203880e0370d16df2765b1ae7d6da8beb6c43e087a0b1d?s=96&d=mm&r=g","contentUrl":"https:\/\/secure.gravatar.com\/avatar\/2d7d1b74ed39cacb62203880e0370d16df2765b1ae7d6da8beb6c43e087a0b1d?s=96&d=mm&r=g","caption":"lilicrivello"},"url":"https:\/\/www.pmpf.rs.gov.br\/financas\/author\/lilicrivello\/"}]}},"_links":{"self":[{"href":"https:\/\/www.pmpf.rs.gov.br\/financas\/wp-json\/wp\/v2\/posts\/1310","targetHints":{"allow":["GET"]}}],"collection":[{"href":"https:\/\/www.pmpf.rs.gov.br\/financas\/wp-json\/wp\/v2\/posts"}],"about":[{"href":"https:\/\/www.pmpf.rs.gov.br\/financas\/wp-json\/wp\/v2\/types\/post"}],"author":[{"embeddable":true,"href":"https:\/\/www.pmpf.rs.gov.br\/financas\/wp-json\/wp\/v2\/users\/24"}],"replies":[{"embeddable":true,"href":"https:\/\/www.pmpf.rs.gov.br\/financas\/wp-json\/wp\/v2\/comments?post=1310"}],"version-history":[{"count":1,"href":"https:\/\/www.pmpf.rs.gov.br\/financas\/wp-json\/wp\/v2\/posts\/1310\/revisions"}],"predecessor-version":[{"id":1311,"href":"https:\/\/www.pmpf.rs.gov.br\/financas\/wp-json\/wp\/v2\/posts\/1310\/revisions\/1311"}],"wp:featuredmedia":[{"embeddable":true,"href":"https:\/\/www.pmpf.rs.gov.br\/financas\/wp-json\/wp\/v2\/media\/1312"}],"wp:attachment":[{"href":"https:\/\/www.pmpf.rs.gov.br\/financas\/wp-json\/wp\/v2\/media?parent=1310"}],"wp:term":[{"taxonomy":"category","embeddable":true,"href":"https:\/\/www.pmpf.rs.gov.br\/financas\/wp-json\/wp\/v2\/categories?post=1310"},{"taxonomy":"post_tag","embeddable":true,"href":"https:\/\/www.pmpf.rs.gov.br\/financas\/wp-json\/wp\/v2\/tags?post=1310"}],"curies":[{"name":"wp","href":"https:\/\/api.w.org\/{rel}","templated":true}]}}