{"id":1285,"date":"2025-05-21T09:52:01","date_gmt":"2025-05-21T12:52:01","guid":{"rendered":"https:\/\/www.pmpf.rs.gov.br\/financas\/?p=1285"},"modified":"2025-05-21T09:52:04","modified_gmt":"2025-05-21T12:52:04","slug":"prefeitura-realiza-audiencia-publica-sobre-a-execucao-orcamentaria","status":"publish","type":"post","link":"https:\/\/www.pmpf.rs.gov.br\/financas\/2025\/05\/21\/prefeitura-realiza-audiencia-publica-sobre-a-execucao-orcamentaria\/","title":{"rendered":"Prefeitura realiza audi\u00eancia p\u00fablica sobre a execu\u00e7\u00e3o or\u00e7ament\u00e1ria"},"content":{"rendered":"\n<p><\/p>\n\n\n\n<p>A Secretaria de Finan\u00e7as da Prefeitura de Passo Fundo realizar\u00e1 uma audi\u00eancia p\u00fablica para apresentar os resultados da execu\u00e7\u00e3o or\u00e7ament\u00e1ria do 1\u00ba quadrimestre de 2025. O encontro acontece no dia 30 de maio, \u00e0s 14h, no Plenarinho da C\u00e2mara de Vereadores.<\/p>\n\n\n\n<p>A audi\u00eancia \u00e9 aberta ao p\u00fablico e tem dura\u00e7\u00e3o estimada de uma hora. Mais informa\u00e7\u00f5es podem ser obtidas junto \u00e0 Secretaria de Finan\u00e7as.<\/p>\n","protected":false},"excerpt":{"rendered":"<p>A Secretaria de Finan\u00e7as da Prefeitura de Passo Fundo realizar\u00e1 uma audi\u00eancia p\u00fablica para apresentar os resultados da execu\u00e7\u00e3o or\u00e7ament\u00e1ria do 1\u00ba quadrimestre de 2025. O encontro acontece no dia 30 de [&hellip;]<\/p>\n","protected":false},"author":24,"featured_media":0,"comment_status":"closed","ping_status":"closed","sticky":false,"template":"","format":"standard","meta":{"footnotes":""},"categories":[1],"tags":[],"class_list":["post-1285","post","type-post","status-publish","format-standard","hentry","category-sem-categoria"],"yoast_head":"<!-- This site is optimized with the Yoast SEO plugin v23.8 - https:\/\/yoast.com\/wordpress\/plugins\/seo\/ -->\n<title>Prefeitura realiza audi\u00eancia p\u00fablica sobre a execu\u00e7\u00e3o or\u00e7ament\u00e1ria - Finan\u00e7as<\/title>\n<meta name=\"robots\" content=\"index, follow, max-snippet:-1, max-image-preview:large, max-video-preview:-1\" \/>\n<link rel=\"canonical\" href=\"https:\/\/www.pmpf.rs.gov.br\/financas\/2025\/05\/21\/prefeitura-realiza-audiencia-publica-sobre-a-execucao-orcamentaria\/\" \/>\n<meta property=\"og:locale\" content=\"pt_BR\" \/>\n<meta property=\"og:type\" content=\"article\" \/>\n<meta property=\"og:title\" content=\"Prefeitura realiza audi\u00eancia p\u00fablica sobre a execu\u00e7\u00e3o or\u00e7ament\u00e1ria - Finan\u00e7as\" \/>\n<meta property=\"og:description\" content=\"A Secretaria de Finan\u00e7as da Prefeitura de Passo Fundo realizar\u00e1 uma audi\u00eancia p\u00fablica para apresentar os resultados da execu\u00e7\u00e3o or\u00e7ament\u00e1ria do 1\u00ba quadrimestre de 2025. O encontro acontece no dia 30 de [&hellip;]\" \/>\n<meta property=\"og:url\" content=\"https:\/\/www.pmpf.rs.gov.br\/financas\/2025\/05\/21\/prefeitura-realiza-audiencia-publica-sobre-a-execucao-orcamentaria\/\" \/>\n<meta property=\"og:site_name\" content=\"Finan\u00e7as\" \/>\n<meta property=\"article:published_time\" content=\"2025-05-21T12:52:01+00:00\" \/>\n<meta property=\"article:modified_time\" content=\"2025-05-21T12:52:04+00:00\" \/>\n<meta name=\"author\" content=\"lilicrivello\" \/>\n<meta name=\"twitter:card\" content=\"summary_large_image\" \/>\n<meta name=\"twitter:label1\" content=\"Escrito por\" \/>\n\t<meta name=\"twitter:data1\" content=\"lilicrivello\" \/>\n<script type=\"application\/ld+json\" class=\"yoast-schema-graph\">{\"@context\":\"https:\/\/schema.org\",\"@graph\":[{\"@type\":\"WebPage\",\"@id\":\"https:\/\/www.pmpf.rs.gov.br\/financas\/2025\/05\/21\/prefeitura-realiza-audiencia-publica-sobre-a-execucao-orcamentaria\/\",\"url\":\"https:\/\/www.pmpf.rs.gov.br\/financas\/2025\/05\/21\/prefeitura-realiza-audiencia-publica-sobre-a-execucao-orcamentaria\/\",\"name\":\"Prefeitura realiza audi\u00eancia p\u00fablica sobre a execu\u00e7\u00e3o or\u00e7ament\u00e1ria - Finan\u00e7as\",\"isPartOf\":{\"@id\":\"https:\/\/www.pmpf.rs.gov.br\/financas\/#website\"},\"datePublished\":\"2025-05-21T12:52:01+00:00\",\"dateModified\":\"2025-05-21T12:52:04+00:00\",\"author\":{\"@id\":\"https:\/\/www.pmpf.rs.gov.br\/financas\/#\/schema\/person\/6e93b0ab2174b69f691ac4f278ba2d0a\"},\"inLanguage\":\"pt-BR\",\"potentialAction\":[{\"@type\":\"ReadAction\",\"target\":[\"https:\/\/www.pmpf.rs.gov.br\/financas\/2025\/05\/21\/prefeitura-realiza-audiencia-publica-sobre-a-execucao-orcamentaria\/\"]}]},{\"@type\":\"WebSite\",\"@id\":\"https:\/\/www.pmpf.rs.gov.br\/financas\/#website\",\"url\":\"https:\/\/www.pmpf.rs.gov.br\/financas\/\",\"name\":\"Finan\u00e7as\",\"description\":\"S\u00f3 mais um site Prefeitura de Passo Fundo\",\"potentialAction\":[{\"@type\":\"SearchAction\",\"target\":{\"@type\":\"EntryPoint\",\"urlTemplate\":\"https:\/\/www.pmpf.rs.gov.br\/financas\/?s={search_term_string}\"},\"query-input\":{\"@type\":\"PropertyValueSpecification\",\"valueRequired\":true,\"valueName\":\"search_term_string\"}}],\"inLanguage\":\"pt-BR\"},{\"@type\":\"Person\",\"@id\":\"https:\/\/www.pmpf.rs.gov.br\/financas\/#\/schema\/person\/6e93b0ab2174b69f691ac4f278ba2d0a\",\"name\":\"lilicrivello\",\"image\":{\"@type\":\"ImageObject\",\"inLanguage\":\"pt-BR\",\"@id\":\"https:\/\/www.pmpf.rs.gov.br\/financas\/#\/schema\/person\/image\/\",\"url\":\"https:\/\/secure.gravatar.com\/avatar\/0b546b667388f8edb7b67d70a57b5e46?s=96&d=mm&r=g\",\"contentUrl\":\"https:\/\/secure.gravatar.com\/avatar\/0b546b667388f8edb7b67d70a57b5e46?s=96&d=mm&r=g\",\"caption\":\"lilicrivello\"},\"url\":\"https:\/\/www.pmpf.rs.gov.br\/financas\/author\/lilicrivello\/\"}]}<\/script>\n<!-- \/ Yoast SEO plugin. -->","yoast_head_json":{"title":"Prefeitura realiza audi\u00eancia p\u00fablica sobre a execu\u00e7\u00e3o or\u00e7ament\u00e1ria - Finan\u00e7as","robots":{"index":"index","follow":"follow","max-snippet":"max-snippet:-1","max-image-preview":"max-image-preview:large","max-video-preview":"max-video-preview:-1"},"canonical":"https:\/\/www.pmpf.rs.gov.br\/financas\/2025\/05\/21\/prefeitura-realiza-audiencia-publica-sobre-a-execucao-orcamentaria\/","og_locale":"pt_BR","og_type":"article","og_title":"Prefeitura realiza audi\u00eancia p\u00fablica sobre a execu\u00e7\u00e3o or\u00e7ament\u00e1ria - Finan\u00e7as","og_description":"A Secretaria de Finan\u00e7as da Prefeitura de Passo Fundo realizar\u00e1 uma audi\u00eancia p\u00fablica para apresentar os resultados da execu\u00e7\u00e3o or\u00e7ament\u00e1ria do 1\u00ba quadrimestre de 2025. O encontro acontece no dia 30 de [&hellip;]","og_url":"https:\/\/www.pmpf.rs.gov.br\/financas\/2025\/05\/21\/prefeitura-realiza-audiencia-publica-sobre-a-execucao-orcamentaria\/","og_site_name":"Finan\u00e7as","article_published_time":"2025-05-21T12:52:01+00:00","article_modified_time":"2025-05-21T12:52:04+00:00","author":"lilicrivello","twitter_card":"summary_large_image","twitter_misc":{"Escrito por":"lilicrivello"},"schema":{"@context":"https:\/\/schema.org","@graph":[{"@type":"WebPage","@id":"https:\/\/www.pmpf.rs.gov.br\/financas\/2025\/05\/21\/prefeitura-realiza-audiencia-publica-sobre-a-execucao-orcamentaria\/","url":"https:\/\/www.pmpf.rs.gov.br\/financas\/2025\/05\/21\/prefeitura-realiza-audiencia-publica-sobre-a-execucao-orcamentaria\/","name":"Prefeitura realiza audi\u00eancia p\u00fablica sobre a execu\u00e7\u00e3o or\u00e7ament\u00e1ria - Finan\u00e7as","isPartOf":{"@id":"https:\/\/www.pmpf.rs.gov.br\/financas\/#website"},"datePublished":"2025-05-21T12:52:01+00:00","dateModified":"2025-05-21T12:52:04+00:00","author":{"@id":"https:\/\/www.pmpf.rs.gov.br\/financas\/#\/schema\/person\/6e93b0ab2174b69f691ac4f278ba2d0a"},"inLanguage":"pt-BR","potentialAction":[{"@type":"ReadAction","target":["https:\/\/www.pmpf.rs.gov.br\/financas\/2025\/05\/21\/prefeitura-realiza-audiencia-publica-sobre-a-execucao-orcamentaria\/"]}]},{"@type":"WebSite","@id":"https:\/\/www.pmpf.rs.gov.br\/financas\/#website","url":"https:\/\/www.pmpf.rs.gov.br\/financas\/","name":"Finan\u00e7as","description":"S\u00f3 mais um site Prefeitura de Passo Fundo","potentialAction":[{"@type":"SearchAction","target":{"@type":"EntryPoint","urlTemplate":"https:\/\/www.pmpf.rs.gov.br\/financas\/?s={search_term_string}"},"query-input":{"@type":"PropertyValueSpecification","valueRequired":true,"valueName":"search_term_string"}}],"inLanguage":"pt-BR"},{"@type":"Person","@id":"https:\/\/www.pmpf.rs.gov.br\/financas\/#\/schema\/person\/6e93b0ab2174b69f691ac4f278ba2d0a","name":"lilicrivello","image":{"@type":"ImageObject","inLanguage":"pt-BR","@id":"https:\/\/www.pmpf.rs.gov.br\/financas\/#\/schema\/person\/image\/","url":"https:\/\/secure.gravatar.com\/avatar\/0b546b667388f8edb7b67d70a57b5e46?s=96&d=mm&r=g","contentUrl":"https:\/\/secure.gravatar.com\/avatar\/0b546b667388f8edb7b67d70a57b5e46?s=96&d=mm&r=g","caption":"lilicrivello"},"url":"https:\/\/www.pmpf.rs.gov.br\/financas\/author\/lilicrivello\/"}]}},"_links":{"self":[{"href":"https:\/\/www.pmpf.rs.gov.br\/financas\/wp-json\/wp\/v2\/posts\/1285"}],"collection":[{"href":"https:\/\/www.pmpf.rs.gov.br\/financas\/wp-json\/wp\/v2\/posts"}],"about":[{"href":"https:\/\/www.pmpf.rs.gov.br\/financas\/wp-json\/wp\/v2\/types\/post"}],"author":[{"embeddable":true,"href":"https:\/\/www.pmpf.rs.gov.br\/financas\/wp-json\/wp\/v2\/users\/24"}],"replies":[{"embeddable":true,"href":"https:\/\/www.pmpf.rs.gov.br\/financas\/wp-json\/wp\/v2\/comments?post=1285"}],"version-history":[{"count":1,"href":"https:\/\/www.pmpf.rs.gov.br\/financas\/wp-json\/wp\/v2\/posts\/1285\/revisions"}],"predecessor-version":[{"id":1286,"href":"https:\/\/www.pmpf.rs.gov.br\/financas\/wp-json\/wp\/v2\/posts\/1285\/revisions\/1286"}],"wp:attachment":[{"href":"https:\/\/www.pmpf.rs.gov.br\/financas\/wp-json\/wp\/v2\/media?parent=1285"}],"wp:term":[{"taxonomy":"category","embeddable":true,"href":"https:\/\/www.pmpf.rs.gov.br\/financas\/wp-json\/wp\/v2\/categories?post=1285"},{"taxonomy":"post_tag","embeddable":true,"href":"https:\/\/www.pmpf.rs.gov.br\/financas\/wp-json\/wp\/v2\/tags?post=1285"}],"curies":[{"name":"wp","href":"https:\/\/api.w.org\/{rel}","templated":true}]}}