{"id":1119,"date":"2023-09-22T08:48:01","date_gmt":"2023-09-22T11:48:01","guid":{"rendered":"https:\/\/www.pmpf.rs.gov.br\/financas\/?p=1119"},"modified":"2023-09-22T09:01:36","modified_gmt":"2023-09-22T12:01:36","slug":"contribuintes-tem-ate-29-de-julho-para-participarem-do-refis-2023","status":"publish","type":"post","link":"https:\/\/www.pmpf.rs.gov.br\/financas\/2023\/09\/22\/contribuintes-tem-ate-29-de-julho-para-participarem-do-refis-2023\/","title":{"rendered":"Contribuintes t\u00eam at\u00e9 29 de setembro para participar do Refis 2023"},"content":{"rendered":"\n<p><br>A medida adotada pela Prefeitura que possibilita aos contribuintes quitarem seus d\u00e9bitos inscritos no Munic\u00edpio com descontos que podem chegar a 100% sobre os juros e multas vai at\u00e9 29 de setembro. O Programa de Recupera\u00e7\u00e3o Fiscal (Refis) de 2023 \u00e9 v\u00e1lido para os d\u00e9bitos tribut\u00e1rios ou n\u00e3o tribut\u00e1rios, inscritos ou n\u00e3o em d\u00edvida ativa e em cobran\u00e7a judicial ou n\u00e3o at\u00e9 31 de dezembro de 2022.<\/p>\n\n\n\n<p>O secret\u00e1rio de Finan\u00e7as, Dorlei Maffi, explica que os d\u00e9bitos com o Munic\u00edpio poder\u00e3o ser quitados com a dispensa de multas e juros quando pagos \u00e0 vista e em parcela \u00fanica ou, ainda, ter a redu\u00e7\u00e3o desses valores de forma parcelada. \u201cPara os contribuintes que efetuarem o pagamento de seus d\u00e9bitos \u00e0 vista e em parcela \u00fanica, o desconto ser\u00e1 de 100%. Aos contribuintes que parcelarem e pagarem seus d\u00e9bitos em at\u00e9 duas parcelas mensais e consecutivas, o desconto ser\u00e1 de 80%. J\u00e1 para os contribuintes que parcelarem seus d\u00e9bitos em at\u00e9 quatro parcelas mensais e consecutivas, o desconto ser\u00e1 de 50%\u201d, resumiu.<\/p>\n\n\n\n<p>Ainda conforme o secret\u00e1rio de Finan\u00e7as, o intuito da proposi\u00e7\u00e3o do Refis 2023 \u00e9 estimular os contribuintes a quitarem seus d\u00e9bitos junto \u00e0 Fazenda Municipal e, com isso, assegurar o ingresso de recursos no Tesouro Municipal. \u201cIsso \u00e9 importante para garantir investimentos e a sustentabilidade econ\u00f4mica da Municipalidade\u201d, defendeu Maffi.<\/p>\n\n\n\n<p>O secret\u00e1rio de Finan\u00e7as complementou que a\u00e7\u00f5es semelhantes s\u00e3o implementadas por outros munic\u00edpios e tamb\u00e9m pelos governos estaduais e a Uni\u00e3o. \u201cProgramas de regulariza\u00e7\u00e3o ou renegocia\u00e7\u00e3o fiscal s\u00e3o replicados por diferentes entes da Federa\u00e7\u00e3o e costumam ser importantes mecanismos de potencializa\u00e7\u00e3o da arrecada\u00e7\u00e3o no exerc\u00edcio financeiro, o que acaba sendo de fundamental import\u00e2ncia para ambos os lados, ou seja, tanto para o Poder P\u00fablico quanto para os contribuintes\u201d.<\/p>\n\n\n\n<p>Maffi reiterou tamb\u00e9m que a aprova\u00e7\u00e3o do projeto de lei \u00e9 importante para possibilitar que os contribuintes tenham condi\u00e7\u00f5es de quitar seus d\u00e9bitos com o Munic\u00edpio, transcorrido tr\u00eas anos de pandemia. De acordo com o secret\u00e1rio, os impactos financeiros e or\u00e7ament\u00e1rios provocados pela crise sanit\u00e1ria da Covid-19 fizeram com que muitas pessoas tivessem dificuldade de efetuar os pagamentos dos tributos. \u201cAl\u00e9m dos efeitos da crise sanit\u00e1ria e econ\u00f4mica dos \u00faltimos anos, soma-se \u00e0 necessidade a redu\u00e7\u00e3o do Estoque da D\u00edvida Ativa Municipal\u201d, observou ele.<\/p>\n","protected":false},"excerpt":{"rendered":"<p>Medida adotada pela Prefeitura possibilita o pagamento de d\u00e9bitos inscritos no Munic\u00edpio com descontos que podem chegar a 100% sobre juros e multas<\/p>\n","protected":false},"author":6,"featured_media":0,"comment_status":"closed","ping_status":"closed","sticky":true,"template":"","format":"standard","meta":{"footnotes":""},"categories":[1],"tags":[],"class_list":["post-1119","post","type-post","status-publish","format-standard","hentry","category-sem-categoria"],"yoast_head":"<!-- This site is optimized with the Yoast SEO plugin v23.8 - https:\/\/yoast.com\/wordpress\/plugins\/seo\/ -->\n<title>Contribuintes t\u00eam at\u00e9 29 de setembro para participar do Refis 2023 - Finan\u00e7as<\/title>\n<meta name=\"robots\" content=\"index, follow, max-snippet:-1, max-image-preview:large, max-video-preview:-1\" \/>\n<link rel=\"canonical\" href=\"https:\/\/www.pmpf.rs.gov.br\/financas\/2023\/09\/22\/contribuintes-tem-ate-29-de-julho-para-participarem-do-refis-2023\/\" \/>\n<meta property=\"og:locale\" content=\"pt_BR\" \/>\n<meta property=\"og:type\" content=\"article\" \/>\n<meta property=\"og:title\" content=\"Contribuintes t\u00eam at\u00e9 29 de setembro para participar do Refis 2023 - Finan\u00e7as\" \/>\n<meta property=\"og:description\" content=\"Medida adotada pela Prefeitura possibilita o pagamento de d\u00e9bitos inscritos no Munic\u00edpio com descontos que podem chegar a 100% sobre juros e multas\" \/>\n<meta property=\"og:url\" content=\"https:\/\/www.pmpf.rs.gov.br\/financas\/2023\/09\/22\/contribuintes-tem-ate-29-de-julho-para-participarem-do-refis-2023\/\" \/>\n<meta property=\"og:site_name\" content=\"Finan\u00e7as\" \/>\n<meta property=\"article:published_time\" content=\"2023-09-22T11:48:01+00:00\" \/>\n<meta property=\"article:modified_time\" content=\"2023-09-22T12:01:36+00:00\" \/>\n<meta name=\"author\" content=\"andressazorzetto07\" \/>\n<meta name=\"twitter:card\" content=\"summary_large_image\" \/>\n<meta name=\"twitter:label1\" content=\"Escrito por\" \/>\n\t<meta name=\"twitter:data1\" content=\"andressazorzetto07\" \/>\n\t<meta name=\"twitter:label2\" content=\"Est. tempo de leitura\" \/>\n\t<meta name=\"twitter:data2\" content=\"2 minutos\" \/>\n<script type=\"application\/ld+json\" class=\"yoast-schema-graph\">{\"@context\":\"https:\/\/schema.org\",\"@graph\":[{\"@type\":\"WebPage\",\"@id\":\"https:\/\/www.pmpf.rs.gov.br\/financas\/2023\/09\/22\/contribuintes-tem-ate-29-de-julho-para-participarem-do-refis-2023\/\",\"url\":\"https:\/\/www.pmpf.rs.gov.br\/financas\/2023\/09\/22\/contribuintes-tem-ate-29-de-julho-para-participarem-do-refis-2023\/\",\"name\":\"Contribuintes t\u00eam at\u00e9 29 de setembro para participar do Refis 2023 - Finan\u00e7as\",\"isPartOf\":{\"@id\":\"https:\/\/www.pmpf.rs.gov.br\/financas\/#website\"},\"datePublished\":\"2023-09-22T11:48:01+00:00\",\"dateModified\":\"2023-09-22T12:01:36+00:00\",\"author\":{\"@id\":\"https:\/\/www.pmpf.rs.gov.br\/financas\/#\/schema\/person\/30ee1d1bd74da1469b01fcf086e43351\"},\"inLanguage\":\"pt-BR\",\"potentialAction\":[{\"@type\":\"ReadAction\",\"target\":[\"https:\/\/www.pmpf.rs.gov.br\/financas\/2023\/09\/22\/contribuintes-tem-ate-29-de-julho-para-participarem-do-refis-2023\/\"]}]},{\"@type\":\"WebSite\",\"@id\":\"https:\/\/www.pmpf.rs.gov.br\/financas\/#website\",\"url\":\"https:\/\/www.pmpf.rs.gov.br\/financas\/\",\"name\":\"Finan\u00e7as\",\"description\":\"S\u00f3 mais um site Prefeitura de Passo Fundo\",\"potentialAction\":[{\"@type\":\"SearchAction\",\"target\":{\"@type\":\"EntryPoint\",\"urlTemplate\":\"https:\/\/www.pmpf.rs.gov.br\/financas\/?s={search_term_string}\"},\"query-input\":{\"@type\":\"PropertyValueSpecification\",\"valueRequired\":true,\"valueName\":\"search_term_string\"}}],\"inLanguage\":\"pt-BR\"},{\"@type\":\"Person\",\"@id\":\"https:\/\/www.pmpf.rs.gov.br\/financas\/#\/schema\/person\/30ee1d1bd74da1469b01fcf086e43351\",\"name\":\"andressazorzetto07\",\"image\":{\"@type\":\"ImageObject\",\"inLanguage\":\"pt-BR\",\"@id\":\"https:\/\/www.pmpf.rs.gov.br\/financas\/#\/schema\/person\/image\/\",\"url\":\"https:\/\/secure.gravatar.com\/avatar\/14c5458ed79dc81da99a13b9ff5f9f19?s=96&d=mm&r=g\",\"contentUrl\":\"https:\/\/secure.gravatar.com\/avatar\/14c5458ed79dc81da99a13b9ff5f9f19?s=96&d=mm&r=g\",\"caption\":\"andressazorzetto07\"},\"url\":\"https:\/\/www.pmpf.rs.gov.br\/financas\/author\/andressazorzetto07\/\"}]}<\/script>\n<!-- \/ Yoast SEO plugin. -->","yoast_head_json":{"title":"Contribuintes t\u00eam at\u00e9 29 de setembro para participar do Refis 2023 - Finan\u00e7as","robots":{"index":"index","follow":"follow","max-snippet":"max-snippet:-1","max-image-preview":"max-image-preview:large","max-video-preview":"max-video-preview:-1"},"canonical":"https:\/\/www.pmpf.rs.gov.br\/financas\/2023\/09\/22\/contribuintes-tem-ate-29-de-julho-para-participarem-do-refis-2023\/","og_locale":"pt_BR","og_type":"article","og_title":"Contribuintes t\u00eam at\u00e9 29 de setembro para participar do Refis 2023 - Finan\u00e7as","og_description":"Medida adotada pela Prefeitura possibilita o pagamento de d\u00e9bitos inscritos no Munic\u00edpio com descontos que podem chegar a 100% sobre juros e multas","og_url":"https:\/\/www.pmpf.rs.gov.br\/financas\/2023\/09\/22\/contribuintes-tem-ate-29-de-julho-para-participarem-do-refis-2023\/","og_site_name":"Finan\u00e7as","article_published_time":"2023-09-22T11:48:01+00:00","article_modified_time":"2023-09-22T12:01:36+00:00","author":"andressazorzetto07","twitter_card":"summary_large_image","twitter_misc":{"Escrito por":"andressazorzetto07","Est. tempo de leitura":"2 minutos"},"schema":{"@context":"https:\/\/schema.org","@graph":[{"@type":"WebPage","@id":"https:\/\/www.pmpf.rs.gov.br\/financas\/2023\/09\/22\/contribuintes-tem-ate-29-de-julho-para-participarem-do-refis-2023\/","url":"https:\/\/www.pmpf.rs.gov.br\/financas\/2023\/09\/22\/contribuintes-tem-ate-29-de-julho-para-participarem-do-refis-2023\/","name":"Contribuintes t\u00eam at\u00e9 29 de setembro para participar do Refis 2023 - Finan\u00e7as","isPartOf":{"@id":"https:\/\/www.pmpf.rs.gov.br\/financas\/#website"},"datePublished":"2023-09-22T11:48:01+00:00","dateModified":"2023-09-22T12:01:36+00:00","author":{"@id":"https:\/\/www.pmpf.rs.gov.br\/financas\/#\/schema\/person\/30ee1d1bd74da1469b01fcf086e43351"},"inLanguage":"pt-BR","potentialAction":[{"@type":"ReadAction","target":["https:\/\/www.pmpf.rs.gov.br\/financas\/2023\/09\/22\/contribuintes-tem-ate-29-de-julho-para-participarem-do-refis-2023\/"]}]},{"@type":"WebSite","@id":"https:\/\/www.pmpf.rs.gov.br\/financas\/#website","url":"https:\/\/www.pmpf.rs.gov.br\/financas\/","name":"Finan\u00e7as","description":"S\u00f3 mais um site Prefeitura de Passo Fundo","potentialAction":[{"@type":"SearchAction","target":{"@type":"EntryPoint","urlTemplate":"https:\/\/www.pmpf.rs.gov.br\/financas\/?s={search_term_string}"},"query-input":{"@type":"PropertyValueSpecification","valueRequired":true,"valueName":"search_term_string"}}],"inLanguage":"pt-BR"},{"@type":"Person","@id":"https:\/\/www.pmpf.rs.gov.br\/financas\/#\/schema\/person\/30ee1d1bd74da1469b01fcf086e43351","name":"andressazorzetto07","image":{"@type":"ImageObject","inLanguage":"pt-BR","@id":"https:\/\/www.pmpf.rs.gov.br\/financas\/#\/schema\/person\/image\/","url":"https:\/\/secure.gravatar.com\/avatar\/14c5458ed79dc81da99a13b9ff5f9f19?s=96&d=mm&r=g","contentUrl":"https:\/\/secure.gravatar.com\/avatar\/14c5458ed79dc81da99a13b9ff5f9f19?s=96&d=mm&r=g","caption":"andressazorzetto07"},"url":"https:\/\/www.pmpf.rs.gov.br\/financas\/author\/andressazorzetto07\/"}]}},"_links":{"self":[{"href":"https:\/\/www.pmpf.rs.gov.br\/financas\/wp-json\/wp\/v2\/posts\/1119"}],"collection":[{"href":"https:\/\/www.pmpf.rs.gov.br\/financas\/wp-json\/wp\/v2\/posts"}],"about":[{"href":"https:\/\/www.pmpf.rs.gov.br\/financas\/wp-json\/wp\/v2\/types\/post"}],"author":[{"embeddable":true,"href":"https:\/\/www.pmpf.rs.gov.br\/financas\/wp-json\/wp\/v2\/users\/6"}],"replies":[{"embeddable":true,"href":"https:\/\/www.pmpf.rs.gov.br\/financas\/wp-json\/wp\/v2\/comments?post=1119"}],"version-history":[{"count":3,"href":"https:\/\/www.pmpf.rs.gov.br\/financas\/wp-json\/wp\/v2\/posts\/1119\/revisions"}],"predecessor-version":[{"id":1122,"href":"https:\/\/www.pmpf.rs.gov.br\/financas\/wp-json\/wp\/v2\/posts\/1119\/revisions\/1122"}],"wp:attachment":[{"href":"https:\/\/www.pmpf.rs.gov.br\/financas\/wp-json\/wp\/v2\/media?parent=1119"}],"wp:term":[{"taxonomy":"category","embeddable":true,"href":"https:\/\/www.pmpf.rs.gov.br\/financas\/wp-json\/wp\/v2\/categories?post=1119"},{"taxonomy":"post_tag","embeddable":true,"href":"https:\/\/www.pmpf.rs.gov.br\/financas\/wp-json\/wp\/v2\/tags?post=1119"}],"curies":[{"name":"wp","href":"https:\/\/api.w.org\/{rel}","templated":true}]}}