{"id":874,"date":"2022-04-06T10:17:01","date_gmt":"2022-04-06T13:17:01","guid":{"rendered":"https:\/\/www.pmpf.rs.gov.br\/secretaria-extraordinaria-de-esportes\/?p=874"},"modified":"2022-04-06T10:17:01","modified_gmt":"2022-04-06T13:17:01","slug":"prefeitura-levara-educadores-fisicos-a-academias-ao-ar-livre","status":"publish","type":"post","link":"https:\/\/www.pmpf.rs.gov.br\/esportes\/2022\/04\/06\/prefeitura-levara-educadores-fisicos-a-academias-ao-ar-livre\/","title":{"rendered":"Prefeitura levar\u00e1 educadores f\u00edsicos a academias ao ar livre"},"content":{"rendered":"\n<p><br>As academias ao ar livre s\u00e3o espa\u00e7os nos bairros e na regi\u00e3o central destinados \u00e0 pr\u00e1tica de atividades f\u00edsicas. A partir de uma iniciativa da Prefeitura, cinco delas passar\u00e3o a contar com professores de Educa\u00e7\u00e3o F\u00edsica em hor\u00e1rios espec\u00edficos para instruir os usu\u00e1rios. O chamamento p\u00fablico para as empresas ou associa\u00e7\u00f5es interessadas ser\u00e1 aberto nos pr\u00f3ximos dias pelo Munic\u00edpio.<\/p>\n\n\n\n<p>De acordo com o prefeito, Pedro Almeida, a ideia \u00e9, al\u00e9m de promover informa\u00e7\u00f5es, estimular a utiliza\u00e7\u00e3o desses equipamentos p\u00fablicos. \u201cEsse \u00e9 um projeto-piloto dentro das a\u00e7\u00f5es que a Prefeitura pretende implementar para que a popula\u00e7\u00e3o utilize ainda mais as academias ao ar livre. Foram escolhidas cinco a partir de um estudo da Secretaria de Esportes para avaliarmos o retorno das comunidades\u201d, disse.<\/p>\n\n\n\n<p>O secret\u00e1rio de Esportes, Gilberto Bellaver, explica que ser\u00e3o estabelecidos hor\u00e1rios em que os educadores estar\u00e3o presentes nesses locais. \u201cSer\u00e3o acompanhamentos de uma hora em que a popula\u00e7\u00e3o ter\u00e1 informa\u00e7\u00f5es e instru\u00e7\u00f5es para a pr\u00e1tica dos exerc\u00edcios f\u00edsicos e sobre como otimizar o uso dos equipamentos\u201d, declarou.<\/p>\n\n\n\n<p>Al\u00e9m disso, a Prefeitura criar\u00e1 uma grande aula mensal no campo Fredolino Chimango. O espa\u00e7o, que, em breve, ser\u00e1 um complexo esportivo, recebe muitas pessoas todos os dias para exerc\u00edcios funcionais. \u201cEssa aula poder\u00e1 ser diversificada com treinos, gin\u00e1stica e modalidades esportivas diversas para todas as faixas et\u00e1rias. Queremos chamar as pessoas para a realiza\u00e7\u00e3o de atividades f\u00edsicas, que contribuem com a sa\u00fade e o bem-estar\u201d, pontuou Bellaver.<\/p>\n\n\n\n<p><strong>Academias que receber\u00e3o as atividades<br><\/strong>Bairro Planaltina \u2013 Rua Professora Lucile Fragoso de Albuquerque<br>Bairro Petr\u00f3polis \u2013 Avenida Rui Barbosa<br>Bairro Cohab Secchi \u2013 Avenida Zero Hora<br>Complexo Esportivo Delmar Sittoni \u2013 Bairro Nonoai<br>Bairro Santa Maria II \u2013 Rua Ermelindo Valentin Argenton<\/p>\n\n\n\n<p><strong>Contrata\u00e7\u00e3o de profissionais<br><\/strong>O chamamento p\u00fablico para empresas e associa\u00e7\u00f5es interessadas em atuar nesta iniciativa ser\u00e1 aberto pela Prefeitura nos pr\u00f3ximos dias e estar\u00e1 dispon\u00edvel no site www.passofundo.rs.gov.br.<\/p>\n","protected":false},"excerpt":{"rendered":"<p>Projeto-piloto envolver\u00e1, inicialmente, cinco espa\u00e7os, que contar\u00e3o com profissionais para instru\u00e7\u00f5es em hor\u00e1rios espec\u00edficos. Al\u00e9m disso, Campo Fredolino Chimango ser\u00e1 local de aula mensal de exerc\u00edcios f\u00edsicos<\/p>\n","protected":false},"author":6,"featured_media":0,"comment_status":"closed","ping_status":"closed","sticky":true,"template":"","format":"standard","meta":{"footnotes":""},"categories":[5],"tags":[],"class_list":["post-874","post","type-post","status-publish","format-standard","hentry","category-academias-ao-ar-livre"],"yoast_head":"<!-- This site is optimized with the Yoast SEO plugin v23.8 - https:\/\/yoast.com\/wordpress\/plugins\/seo\/ -->\n<title>Prefeitura levar\u00e1 educadores f\u00edsicos a academias ao ar livre - Secretaria de Esportes<\/title>\n<meta name=\"robots\" content=\"index, follow, max-snippet:-1, max-image-preview:large, max-video-preview:-1\" \/>\n<link rel=\"canonical\" href=\"https:\/\/www.pmpf.rs.gov.br\/esportes\/2022\/04\/06\/prefeitura-levara-educadores-fisicos-a-academias-ao-ar-livre\/\" \/>\n<meta property=\"og:locale\" content=\"pt_BR\" \/>\n<meta property=\"og:type\" content=\"article\" \/>\n<meta property=\"og:title\" content=\"Prefeitura levar\u00e1 educadores f\u00edsicos a academias ao ar livre - Secretaria de Esportes\" \/>\n<meta property=\"og:description\" content=\"Projeto-piloto envolver\u00e1, inicialmente, cinco espa\u00e7os, que contar\u00e3o com profissionais para instru\u00e7\u00f5es em hor\u00e1rios espec\u00edficos. Al\u00e9m disso, Campo Fredolino Chimango ser\u00e1 local de aula mensal de exerc\u00edcios f\u00edsicos\" \/>\n<meta property=\"og:url\" content=\"https:\/\/www.pmpf.rs.gov.br\/esportes\/2022\/04\/06\/prefeitura-levara-educadores-fisicos-a-academias-ao-ar-livre\/\" \/>\n<meta property=\"og:site_name\" content=\"Secretaria de Esportes\" \/>\n<meta property=\"article:published_time\" content=\"2022-04-06T13:17:01+00:00\" \/>\n<meta name=\"author\" content=\"andressazorzetto07\" \/>\n<meta name=\"twitter:card\" content=\"summary_large_image\" \/>\n<meta name=\"twitter:label1\" content=\"Escrito por\" \/>\n\t<meta name=\"twitter:data1\" content=\"andressazorzetto07\" \/>\n\t<meta name=\"twitter:label2\" content=\"Est. tempo de leitura\" \/>\n\t<meta name=\"twitter:data2\" content=\"2 minutos\" \/>\n<script type=\"application\/ld+json\" class=\"yoast-schema-graph\">{\"@context\":\"https:\/\/schema.org\",\"@graph\":[{\"@type\":\"WebPage\",\"@id\":\"https:\/\/www.pmpf.rs.gov.br\/esportes\/2022\/04\/06\/prefeitura-levara-educadores-fisicos-a-academias-ao-ar-livre\/\",\"url\":\"https:\/\/www.pmpf.rs.gov.br\/esportes\/2022\/04\/06\/prefeitura-levara-educadores-fisicos-a-academias-ao-ar-livre\/\",\"name\":\"Prefeitura levar\u00e1 educadores f\u00edsicos a academias ao ar livre - Secretaria de Esportes\",\"isPartOf\":{\"@id\":\"https:\/\/www.pmpf.rs.gov.br\/esportes\/#website\"},\"datePublished\":\"2022-04-06T13:17:01+00:00\",\"dateModified\":\"2022-04-06T13:17:01+00:00\",\"author\":{\"@id\":\"https:\/\/www.pmpf.rs.gov.br\/esportes\/#\/schema\/person\/30ee1d1bd74da1469b01fcf086e43351\"},\"inLanguage\":\"pt-BR\",\"potentialAction\":[{\"@type\":\"ReadAction\",\"target\":[\"https:\/\/www.pmpf.rs.gov.br\/esportes\/2022\/04\/06\/prefeitura-levara-educadores-fisicos-a-academias-ao-ar-livre\/\"]}]},{\"@type\":\"WebSite\",\"@id\":\"https:\/\/www.pmpf.rs.gov.br\/esportes\/#website\",\"url\":\"https:\/\/www.pmpf.rs.gov.br\/esportes\/\",\"name\":\"Secretaria de Esportes\",\"description\":\"Site Secretaria de Esporte da Prefeitura de Passo Fundo\",\"potentialAction\":[{\"@type\":\"SearchAction\",\"target\":{\"@type\":\"EntryPoint\",\"urlTemplate\":\"https:\/\/www.pmpf.rs.gov.br\/esportes\/?s={search_term_string}\"},\"query-input\":{\"@type\":\"PropertyValueSpecification\",\"valueRequired\":true,\"valueName\":\"search_term_string\"}}],\"inLanguage\":\"pt-BR\"},{\"@type\":\"Person\",\"@id\":\"https:\/\/www.pmpf.rs.gov.br\/esportes\/#\/schema\/person\/30ee1d1bd74da1469b01fcf086e43351\",\"name\":\"andressazorzetto07\",\"image\":{\"@type\":\"ImageObject\",\"inLanguage\":\"pt-BR\",\"@id\":\"https:\/\/www.pmpf.rs.gov.br\/esportes\/#\/schema\/person\/image\/\",\"url\":\"https:\/\/secure.gravatar.com\/avatar\/14c5458ed79dc81da99a13b9ff5f9f19?s=96&d=mm&r=g\",\"contentUrl\":\"https:\/\/secure.gravatar.com\/avatar\/14c5458ed79dc81da99a13b9ff5f9f19?s=96&d=mm&r=g\",\"caption\":\"andressazorzetto07\"},\"url\":\"https:\/\/www.pmpf.rs.gov.br\/esportes\/author\/andressazorzetto07\/\"}]}<\/script>\n<!-- \/ Yoast SEO plugin. -->","yoast_head_json":{"title":"Prefeitura levar\u00e1 educadores f\u00edsicos a academias ao ar livre - Secretaria de Esportes","robots":{"index":"index","follow":"follow","max-snippet":"max-snippet:-1","max-image-preview":"max-image-preview:large","max-video-preview":"max-video-preview:-1"},"canonical":"https:\/\/www.pmpf.rs.gov.br\/esportes\/2022\/04\/06\/prefeitura-levara-educadores-fisicos-a-academias-ao-ar-livre\/","og_locale":"pt_BR","og_type":"article","og_title":"Prefeitura levar\u00e1 educadores f\u00edsicos a academias ao ar livre - Secretaria de Esportes","og_description":"Projeto-piloto envolver\u00e1, inicialmente, cinco espa\u00e7os, que contar\u00e3o com profissionais para instru\u00e7\u00f5es em hor\u00e1rios espec\u00edficos. Al\u00e9m disso, Campo Fredolino Chimango ser\u00e1 local de aula mensal de exerc\u00edcios f\u00edsicos","og_url":"https:\/\/www.pmpf.rs.gov.br\/esportes\/2022\/04\/06\/prefeitura-levara-educadores-fisicos-a-academias-ao-ar-livre\/","og_site_name":"Secretaria de Esportes","article_published_time":"2022-04-06T13:17:01+00:00","author":"andressazorzetto07","twitter_card":"summary_large_image","twitter_misc":{"Escrito por":"andressazorzetto07","Est. tempo de leitura":"2 minutos"},"schema":{"@context":"https:\/\/schema.org","@graph":[{"@type":"WebPage","@id":"https:\/\/www.pmpf.rs.gov.br\/esportes\/2022\/04\/06\/prefeitura-levara-educadores-fisicos-a-academias-ao-ar-livre\/","url":"https:\/\/www.pmpf.rs.gov.br\/esportes\/2022\/04\/06\/prefeitura-levara-educadores-fisicos-a-academias-ao-ar-livre\/","name":"Prefeitura levar\u00e1 educadores f\u00edsicos a academias ao ar livre - Secretaria de Esportes","isPartOf":{"@id":"https:\/\/www.pmpf.rs.gov.br\/esportes\/#website"},"datePublished":"2022-04-06T13:17:01+00:00","dateModified":"2022-04-06T13:17:01+00:00","author":{"@id":"https:\/\/www.pmpf.rs.gov.br\/esportes\/#\/schema\/person\/30ee1d1bd74da1469b01fcf086e43351"},"inLanguage":"pt-BR","potentialAction":[{"@type":"ReadAction","target":["https:\/\/www.pmpf.rs.gov.br\/esportes\/2022\/04\/06\/prefeitura-levara-educadores-fisicos-a-academias-ao-ar-livre\/"]}]},{"@type":"WebSite","@id":"https:\/\/www.pmpf.rs.gov.br\/esportes\/#website","url":"https:\/\/www.pmpf.rs.gov.br\/esportes\/","name":"Secretaria de Esportes","description":"Site Secretaria de Esporte da Prefeitura de Passo Fundo","potentialAction":[{"@type":"SearchAction","target":{"@type":"EntryPoint","urlTemplate":"https:\/\/www.pmpf.rs.gov.br\/esportes\/?s={search_term_string}"},"query-input":{"@type":"PropertyValueSpecification","valueRequired":true,"valueName":"search_term_string"}}],"inLanguage":"pt-BR"},{"@type":"Person","@id":"https:\/\/www.pmpf.rs.gov.br\/esportes\/#\/schema\/person\/30ee1d1bd74da1469b01fcf086e43351","name":"andressazorzetto07","image":{"@type":"ImageObject","inLanguage":"pt-BR","@id":"https:\/\/www.pmpf.rs.gov.br\/esportes\/#\/schema\/person\/image\/","url":"https:\/\/secure.gravatar.com\/avatar\/14c5458ed79dc81da99a13b9ff5f9f19?s=96&d=mm&r=g","contentUrl":"https:\/\/secure.gravatar.com\/avatar\/14c5458ed79dc81da99a13b9ff5f9f19?s=96&d=mm&r=g","caption":"andressazorzetto07"},"url":"https:\/\/www.pmpf.rs.gov.br\/esportes\/author\/andressazorzetto07\/"}]}},"_links":{"self":[{"href":"https:\/\/www.pmpf.rs.gov.br\/esportes\/wp-json\/wp\/v2\/posts\/874"}],"collection":[{"href":"https:\/\/www.pmpf.rs.gov.br\/esportes\/wp-json\/wp\/v2\/posts"}],"about":[{"href":"https:\/\/www.pmpf.rs.gov.br\/esportes\/wp-json\/wp\/v2\/types\/post"}],"author":[{"embeddable":true,"href":"https:\/\/www.pmpf.rs.gov.br\/esportes\/wp-json\/wp\/v2\/users\/6"}],"replies":[{"embeddable":true,"href":"https:\/\/www.pmpf.rs.gov.br\/esportes\/wp-json\/wp\/v2\/comments?post=874"}],"version-history":[{"count":1,"href":"https:\/\/www.pmpf.rs.gov.br\/esportes\/wp-json\/wp\/v2\/posts\/874\/revisions"}],"predecessor-version":[{"id":875,"href":"https:\/\/www.pmpf.rs.gov.br\/esportes\/wp-json\/wp\/v2\/posts\/874\/revisions\/875"}],"wp:attachment":[{"href":"https:\/\/www.pmpf.rs.gov.br\/esportes\/wp-json\/wp\/v2\/media?parent=874"}],"wp:term":[{"taxonomy":"category","embeddable":true,"href":"https:\/\/www.pmpf.rs.gov.br\/esportes\/wp-json\/wp\/v2\/categories?post=874"},{"taxonomy":"post_tag","embeddable":true,"href":"https:\/\/www.pmpf.rs.gov.br\/esportes\/wp-json\/wp\/v2\/tags?post=874"}],"curies":[{"name":"wp","href":"https:\/\/api.w.org\/{rel}","templated":true}]}}