{"id":851,"date":"2022-03-29T15:59:11","date_gmt":"2022-03-29T18:59:11","guid":{"rendered":"https:\/\/www.pmpf.rs.gov.br\/secretaria-extraordinaria-de-esportes\/?p=851"},"modified":"2022-03-29T15:59:12","modified_gmt":"2022-03-29T18:59:12","slug":"prefeitura-lanca-primeiro-edital-do-fundo-municipal-do-esporte-de-passo-fundo","status":"publish","type":"post","link":"https:\/\/www.pmpf.rs.gov.br\/esportes\/2022\/03\/29\/prefeitura-lanca-primeiro-edital-do-fundo-municipal-do-esporte-de-passo-fundo\/","title":{"rendered":"Prefeitura lan\u00e7a primeiro edital do Fundo Municipal do Esporte de Passo Fundo\u00a0"},"content":{"rendered":"\n<p><br>O prefeito de Passo Fundo, Pedro Almeida, autorizou nesta ter\u00e7a-feira o primeiro edital do Fundo Municipal do Esporte (Funesporte). A iniciativa, que ter\u00e1 investimento de R$ 500 mil em recursos pr\u00f3prios do Munic\u00edpio, deve incentivar dezenas de atletas e equipes, num total de 46 projetos.<\/p>\n\n\n\n<p>\u201cO Fundo Municipal \u00e9 um momento hist\u00f3rico para o esporte de Passo Fundo, traz um novo olhar para a \u00e1rea, incentivando projetos esportivos em diferentes modalidades. Com o lan\u00e7amento desse primeiro edital, o Munic\u00edpio demonstra o compromisso em valorizar nossos atletas e equipes\u201d, afirmou o prefeito Pedro. Ele ressaltou que, a partir do edital, o Fundo torna-se uma iniciativa permanente da cidade, que ser\u00e1 realizada todos os anos.&nbsp;<\/p>\n\n\n\n<p>O secret\u00e1rio municipal de Esportes, Gilberto Bellaver, destacou que a cria\u00e7\u00e3o do Funesporte era algo esperado h\u00e1 muitos anos por quem se dedica ao esporte na cidade. \u201cO Fundo representa uma virada de p\u00e1gina muito importante para o esporte de Passo Fundo, uma maior autonomia para projetos esportivos que j\u00e1 existem e tamb\u00e9m um incentivo para outros que podem ser criados\u201d, observou.&nbsp;<\/p>\n\n\n\n<p>Para o presidente do Conselho Municipal de Desporto, Guerton Benck, o primeiro edital \u00e9 uma conquista hist\u00f3rica, que resulta do esfor\u00e7o coletivo. \u201cEntendemos que unidos podemos muito mais. As concorr\u00eancias sempre v\u00e3o existir, mas estamos profissionalizando algo que antes era s\u00f3 emo\u00e7\u00e3o. Parab\u00e9ns para a Prefeitura! Fico muito feliz e compreendo que precisamos investir sempre no esporte, n\u00e3o apenas de rendimento, mas nas nossas crian\u00e7as, no esporte e lazer, na educa\u00e7\u00e3o, implantando projetos nas escolas que v\u00e3o refletir nos adultos do futuro\u201d, afirmou Guerton.&nbsp;<\/p>\n\n\n\n<p>Os vereadores Evandro Meireles, Michel Oliveira e Rafael Colussi tamb\u00e9m participaram do ato e enalteceram a disposi\u00e7\u00e3o do munic\u00edpio de reconhecer e incentivar os desportistas da cidade.&nbsp;<br><br>O EDITAL<br><br>O primeiro edital do Fundo contempla 46 projetos esportivos nas seguintes categorias: Modalidades Coletivas (Pessoa Jur\u00eddica), Atletas (Pessoa F\u00edsica), Promo\u00e7\u00e3o de Eventos Esportivos, Projetos Sociais Esportivos e Equipes de Rendimento de Esportes Individuais.&nbsp;<br>O edital ser\u00e1 publicado nesta semana e os interessados poder\u00e3o acessar o documento pelo portal da Prefeitura (www.pmpf.rs.gov.br). Esclarecimentos sobre o termo de refer\u00eancia do edital podem ser feitos junto \u00e0 Secretaria de Esportes, das 8h \u00e0s 11h30min e das 13h30min \u00e0s 17h, ou pelo fone (54) 3311.2485.&nbsp;<br><br>DEPOIMENTOS DE PESSOAS LIGADAS AO ESPORTE<br><br>\u201c\u00c9 um edital hist\u00f3rico para todos n\u00f3s. Como muitos sabem, n\u00e3o \u00e9 nada f\u00e1cil conseguir patrocinadores e apoiadores. Com certeza, Passo Fundo vai fazer uma grande diferen\u00e7a para muitos atletas da cidade. Gostaria de agradecer por esse grande e lindo projeto.\u201d<br>&#8211; Valentina Gil, 12 anos, piloto de kart<\/p>\n\n\n\n<p>\u201cO investimento no esporte como pol\u00edtica p\u00fablica concede \u00e0 cidade uma visibilidade expressiva em n\u00edvel estadual e federal, proporcionando a pr\u00e1tica, a pesquisa e o desenvolvimento esportivo na parte educacional, participativa e de rendimento e forma\u00e7\u00e3o. Traz tamb\u00e9m apoio na constru\u00e7\u00e3o e recupera\u00e7\u00e3o do patrim\u00f4nio esportivo do munic\u00edpio.\u201d<br>&#8211; Niceli Guth, jogadora de v\u00f4lei<\/p>\n\n\n\n<p>\u201cA cria\u00e7\u00e3o do Fundo Municipal do Esporte \u00e9 um importante, significativo e hist\u00f3rico momento. Essa \u00e9, com certeza, uma estrat\u00e9gia muito relevante para todos que promovem o esporte.\u201d<br>&#8211; Aline Pasquetti, gerente do SESC de Passo Fundo<\/p>\n","protected":false},"excerpt":{"rendered":"<p>Momento hist\u00f3rico para atletas e equipes, iniciativa ter\u00e1 investimento de R$ 500 mil<\/p>\n","protected":false},"author":6,"featured_media":852,"comment_status":"closed","ping_status":"closed","sticky":true,"template":"","format":"standard","meta":{"footnotes":""},"categories":[4],"tags":[],"class_list":["post-851","post","type-post","status-publish","format-standard","has-post-thumbnail","hentry","category-fundo-municipal-do-esporte"],"yoast_head":"<!-- This site is optimized with the Yoast SEO plugin v23.8 - https:\/\/yoast.com\/wordpress\/plugins\/seo\/ -->\n<title>Prefeitura lan\u00e7a primeiro edital do Fundo Municipal do Esporte de Passo Fundo\u00a0 - Secretaria de Esportes<\/title>\n<meta name=\"robots\" content=\"index, follow, max-snippet:-1, max-image-preview:large, max-video-preview:-1\" \/>\n<link rel=\"canonical\" href=\"https:\/\/www.pmpf.rs.gov.br\/esportes\/2022\/03\/29\/prefeitura-lanca-primeiro-edital-do-fundo-municipal-do-esporte-de-passo-fundo\/\" \/>\n<meta property=\"og:locale\" content=\"pt_BR\" \/>\n<meta property=\"og:type\" content=\"article\" \/>\n<meta property=\"og:title\" content=\"Prefeitura lan\u00e7a primeiro edital do Fundo Municipal do Esporte de Passo Fundo\u00a0 - Secretaria de Esportes\" \/>\n<meta property=\"og:description\" content=\"Momento hist\u00f3rico para atletas e equipes, iniciativa ter\u00e1 investimento de R$ 500 mil\" \/>\n<meta property=\"og:url\" content=\"https:\/\/www.pmpf.rs.gov.br\/esportes\/2022\/03\/29\/prefeitura-lanca-primeiro-edital-do-fundo-municipal-do-esporte-de-passo-fundo\/\" \/>\n<meta property=\"og:site_name\" content=\"Secretaria de Esportes\" \/>\n<meta property=\"article:published_time\" content=\"2022-03-29T18:59:11+00:00\" \/>\n<meta property=\"article:modified_time\" content=\"2022-03-29T18:59:12+00:00\" \/>\n<meta property=\"og:image\" content=\"https:\/\/www.pmpf.rs.gov.br\/esportes\/wp-content\/uploads\/sites\/44\/2022\/03\/fundo-do-esporte.jpg\" \/>\n\t<meta property=\"og:image:width\" content=\"1252\" \/>\n\t<meta property=\"og:image:height\" content=\"540\" \/>\n\t<meta property=\"og:image:type\" content=\"image\/jpeg\" \/>\n<meta name=\"author\" content=\"andressazorzetto07\" \/>\n<meta name=\"twitter:card\" content=\"summary_large_image\" \/>\n<meta name=\"twitter:label1\" content=\"Escrito por\" \/>\n\t<meta name=\"twitter:data1\" content=\"andressazorzetto07\" \/>\n\t<meta name=\"twitter:label2\" content=\"Est. tempo de leitura\" \/>\n\t<meta name=\"twitter:data2\" content=\"3 minutos\" \/>\n<script type=\"application\/ld+json\" class=\"yoast-schema-graph\">{\"@context\":\"https:\/\/schema.org\",\"@graph\":[{\"@type\":\"WebPage\",\"@id\":\"https:\/\/www.pmpf.rs.gov.br\/esportes\/2022\/03\/29\/prefeitura-lanca-primeiro-edital-do-fundo-municipal-do-esporte-de-passo-fundo\/\",\"url\":\"https:\/\/www.pmpf.rs.gov.br\/esportes\/2022\/03\/29\/prefeitura-lanca-primeiro-edital-do-fundo-municipal-do-esporte-de-passo-fundo\/\",\"name\":\"Prefeitura lan\u00e7a primeiro edital do Fundo Municipal do Esporte de Passo Fundo\u00a0 - Secretaria de Esportes\",\"isPartOf\":{\"@id\":\"https:\/\/www.pmpf.rs.gov.br\/esportes\/#website\"},\"primaryImageOfPage\":{\"@id\":\"https:\/\/www.pmpf.rs.gov.br\/esportes\/2022\/03\/29\/prefeitura-lanca-primeiro-edital-do-fundo-municipal-do-esporte-de-passo-fundo\/#primaryimage\"},\"image\":{\"@id\":\"https:\/\/www.pmpf.rs.gov.br\/esportes\/2022\/03\/29\/prefeitura-lanca-primeiro-edital-do-fundo-municipal-do-esporte-de-passo-fundo\/#primaryimage\"},\"thumbnailUrl\":\"https:\/\/www.pmpf.rs.gov.br\/esportes\/wp-content\/uploads\/sites\/44\/2022\/03\/fundo-do-esporte.jpg\",\"datePublished\":\"2022-03-29T18:59:11+00:00\",\"dateModified\":\"2022-03-29T18:59:12+00:00\",\"author\":{\"@id\":\"https:\/\/www.pmpf.rs.gov.br\/esportes\/#\/schema\/person\/30ee1d1bd74da1469b01fcf086e43351\"},\"inLanguage\":\"pt-BR\",\"potentialAction\":[{\"@type\":\"ReadAction\",\"target\":[\"https:\/\/www.pmpf.rs.gov.br\/esportes\/2022\/03\/29\/prefeitura-lanca-primeiro-edital-do-fundo-municipal-do-esporte-de-passo-fundo\/\"]}]},{\"@type\":\"ImageObject\",\"inLanguage\":\"pt-BR\",\"@id\":\"https:\/\/www.pmpf.rs.gov.br\/esportes\/2022\/03\/29\/prefeitura-lanca-primeiro-edital-do-fundo-municipal-do-esporte-de-passo-fundo\/#primaryimage\",\"url\":\"https:\/\/www.pmpf.rs.gov.br\/esportes\/wp-content\/uploads\/sites\/44\/2022\/03\/fundo-do-esporte.jpg\",\"contentUrl\":\"https:\/\/www.pmpf.rs.gov.br\/esportes\/wp-content\/uploads\/sites\/44\/2022\/03\/fundo-do-esporte.jpg\",\"width\":1252,\"height\":540},{\"@type\":\"WebSite\",\"@id\":\"https:\/\/www.pmpf.rs.gov.br\/esportes\/#website\",\"url\":\"https:\/\/www.pmpf.rs.gov.br\/esportes\/\",\"name\":\"Secretaria de Esportes\",\"description\":\"Site Secretaria de Esporte da Prefeitura de Passo Fundo\",\"potentialAction\":[{\"@type\":\"SearchAction\",\"target\":{\"@type\":\"EntryPoint\",\"urlTemplate\":\"https:\/\/www.pmpf.rs.gov.br\/esportes\/?s={search_term_string}\"},\"query-input\":{\"@type\":\"PropertyValueSpecification\",\"valueRequired\":true,\"valueName\":\"search_term_string\"}}],\"inLanguage\":\"pt-BR\"},{\"@type\":\"Person\",\"@id\":\"https:\/\/www.pmpf.rs.gov.br\/esportes\/#\/schema\/person\/30ee1d1bd74da1469b01fcf086e43351\",\"name\":\"andressazorzetto07\",\"image\":{\"@type\":\"ImageObject\",\"inLanguage\":\"pt-BR\",\"@id\":\"https:\/\/www.pmpf.rs.gov.br\/esportes\/#\/schema\/person\/image\/\",\"url\":\"https:\/\/secure.gravatar.com\/avatar\/14c5458ed79dc81da99a13b9ff5f9f19?s=96&d=mm&r=g\",\"contentUrl\":\"https:\/\/secure.gravatar.com\/avatar\/14c5458ed79dc81da99a13b9ff5f9f19?s=96&d=mm&r=g\",\"caption\":\"andressazorzetto07\"},\"url\":\"https:\/\/www.pmpf.rs.gov.br\/esportes\/author\/andressazorzetto07\/\"}]}<\/script>\n<!-- \/ Yoast SEO plugin. -->","yoast_head_json":{"title":"Prefeitura lan\u00e7a primeiro edital do Fundo Municipal do Esporte de Passo Fundo\u00a0 - Secretaria de Esportes","robots":{"index":"index","follow":"follow","max-snippet":"max-snippet:-1","max-image-preview":"max-image-preview:large","max-video-preview":"max-video-preview:-1"},"canonical":"https:\/\/www.pmpf.rs.gov.br\/esportes\/2022\/03\/29\/prefeitura-lanca-primeiro-edital-do-fundo-municipal-do-esporte-de-passo-fundo\/","og_locale":"pt_BR","og_type":"article","og_title":"Prefeitura lan\u00e7a primeiro edital do Fundo Municipal do Esporte de Passo Fundo\u00a0 - Secretaria de Esportes","og_description":"Momento hist\u00f3rico para atletas e equipes, iniciativa ter\u00e1 investimento de R$ 500 mil","og_url":"https:\/\/www.pmpf.rs.gov.br\/esportes\/2022\/03\/29\/prefeitura-lanca-primeiro-edital-do-fundo-municipal-do-esporte-de-passo-fundo\/","og_site_name":"Secretaria de Esportes","article_published_time":"2022-03-29T18:59:11+00:00","article_modified_time":"2022-03-29T18:59:12+00:00","og_image":[{"width":1252,"height":540,"url":"https:\/\/www.pmpf.rs.gov.br\/esportes\/wp-content\/uploads\/sites\/44\/2022\/03\/fundo-do-esporte.jpg","type":"image\/jpeg"}],"author":"andressazorzetto07","twitter_card":"summary_large_image","twitter_misc":{"Escrito por":"andressazorzetto07","Est. tempo de leitura":"3 minutos"},"schema":{"@context":"https:\/\/schema.org","@graph":[{"@type":"WebPage","@id":"https:\/\/www.pmpf.rs.gov.br\/esportes\/2022\/03\/29\/prefeitura-lanca-primeiro-edital-do-fundo-municipal-do-esporte-de-passo-fundo\/","url":"https:\/\/www.pmpf.rs.gov.br\/esportes\/2022\/03\/29\/prefeitura-lanca-primeiro-edital-do-fundo-municipal-do-esporte-de-passo-fundo\/","name":"Prefeitura lan\u00e7a primeiro edital do Fundo Municipal do Esporte de Passo Fundo\u00a0 - Secretaria de Esportes","isPartOf":{"@id":"https:\/\/www.pmpf.rs.gov.br\/esportes\/#website"},"primaryImageOfPage":{"@id":"https:\/\/www.pmpf.rs.gov.br\/esportes\/2022\/03\/29\/prefeitura-lanca-primeiro-edital-do-fundo-municipal-do-esporte-de-passo-fundo\/#primaryimage"},"image":{"@id":"https:\/\/www.pmpf.rs.gov.br\/esportes\/2022\/03\/29\/prefeitura-lanca-primeiro-edital-do-fundo-municipal-do-esporte-de-passo-fundo\/#primaryimage"},"thumbnailUrl":"https:\/\/www.pmpf.rs.gov.br\/esportes\/wp-content\/uploads\/sites\/44\/2022\/03\/fundo-do-esporte.jpg","datePublished":"2022-03-29T18:59:11+00:00","dateModified":"2022-03-29T18:59:12+00:00","author":{"@id":"https:\/\/www.pmpf.rs.gov.br\/esportes\/#\/schema\/person\/30ee1d1bd74da1469b01fcf086e43351"},"inLanguage":"pt-BR","potentialAction":[{"@type":"ReadAction","target":["https:\/\/www.pmpf.rs.gov.br\/esportes\/2022\/03\/29\/prefeitura-lanca-primeiro-edital-do-fundo-municipal-do-esporte-de-passo-fundo\/"]}]},{"@type":"ImageObject","inLanguage":"pt-BR","@id":"https:\/\/www.pmpf.rs.gov.br\/esportes\/2022\/03\/29\/prefeitura-lanca-primeiro-edital-do-fundo-municipal-do-esporte-de-passo-fundo\/#primaryimage","url":"https:\/\/www.pmpf.rs.gov.br\/esportes\/wp-content\/uploads\/sites\/44\/2022\/03\/fundo-do-esporte.jpg","contentUrl":"https:\/\/www.pmpf.rs.gov.br\/esportes\/wp-content\/uploads\/sites\/44\/2022\/03\/fundo-do-esporte.jpg","width":1252,"height":540},{"@type":"WebSite","@id":"https:\/\/www.pmpf.rs.gov.br\/esportes\/#website","url":"https:\/\/www.pmpf.rs.gov.br\/esportes\/","name":"Secretaria de Esportes","description":"Site Secretaria de Esporte da Prefeitura de Passo Fundo","potentialAction":[{"@type":"SearchAction","target":{"@type":"EntryPoint","urlTemplate":"https:\/\/www.pmpf.rs.gov.br\/esportes\/?s={search_term_string}"},"query-input":{"@type":"PropertyValueSpecification","valueRequired":true,"valueName":"search_term_string"}}],"inLanguage":"pt-BR"},{"@type":"Person","@id":"https:\/\/www.pmpf.rs.gov.br\/esportes\/#\/schema\/person\/30ee1d1bd74da1469b01fcf086e43351","name":"andressazorzetto07","image":{"@type":"ImageObject","inLanguage":"pt-BR","@id":"https:\/\/www.pmpf.rs.gov.br\/esportes\/#\/schema\/person\/image\/","url":"https:\/\/secure.gravatar.com\/avatar\/14c5458ed79dc81da99a13b9ff5f9f19?s=96&d=mm&r=g","contentUrl":"https:\/\/secure.gravatar.com\/avatar\/14c5458ed79dc81da99a13b9ff5f9f19?s=96&d=mm&r=g","caption":"andressazorzetto07"},"url":"https:\/\/www.pmpf.rs.gov.br\/esportes\/author\/andressazorzetto07\/"}]}},"_links":{"self":[{"href":"https:\/\/www.pmpf.rs.gov.br\/esportes\/wp-json\/wp\/v2\/posts\/851"}],"collection":[{"href":"https:\/\/www.pmpf.rs.gov.br\/esportes\/wp-json\/wp\/v2\/posts"}],"about":[{"href":"https:\/\/www.pmpf.rs.gov.br\/esportes\/wp-json\/wp\/v2\/types\/post"}],"author":[{"embeddable":true,"href":"https:\/\/www.pmpf.rs.gov.br\/esportes\/wp-json\/wp\/v2\/users\/6"}],"replies":[{"embeddable":true,"href":"https:\/\/www.pmpf.rs.gov.br\/esportes\/wp-json\/wp\/v2\/comments?post=851"}],"version-history":[{"count":1,"href":"https:\/\/www.pmpf.rs.gov.br\/esportes\/wp-json\/wp\/v2\/posts\/851\/revisions"}],"predecessor-version":[{"id":853,"href":"https:\/\/www.pmpf.rs.gov.br\/esportes\/wp-json\/wp\/v2\/posts\/851\/revisions\/853"}],"wp:featuredmedia":[{"embeddable":true,"href":"https:\/\/www.pmpf.rs.gov.br\/esportes\/wp-json\/wp\/v2\/media\/852"}],"wp:attachment":[{"href":"https:\/\/www.pmpf.rs.gov.br\/esportes\/wp-json\/wp\/v2\/media?parent=851"}],"wp:term":[{"taxonomy":"category","embeddable":true,"href":"https:\/\/www.pmpf.rs.gov.br\/esportes\/wp-json\/wp\/v2\/categories?post=851"},{"taxonomy":"post_tag","embeddable":true,"href":"https:\/\/www.pmpf.rs.gov.br\/esportes\/wp-json\/wp\/v2\/tags?post=851"}],"curies":[{"name":"wp","href":"https:\/\/api.w.org\/{rel}","templated":true}]}}