{"id":2178,"date":"2026-01-09T09:36:56","date_gmt":"2026-01-09T12:36:56","guid":{"rendered":"https:\/\/www.pmpf.rs.gov.br\/esportes\/?p=2178"},"modified":"2026-01-09T09:36:59","modified_gmt":"2026-01-09T12:36:59","slug":"passo-fundo-em-movimento-amplia-acesso-a-atividade-fisica-em-espacos-publicos","status":"publish","type":"post","link":"https:\/\/www.pmpf.rs.gov.br\/esportes\/2026\/01\/09\/passo-fundo-em-movimento-amplia-acesso-a-atividade-fisica-em-espacos-publicos\/","title":{"rendered":"Passo Fundo em Movimento amplia acesso \u00e0 atividade f\u00edsica em espa\u00e7os p\u00fablicos"},"content":{"rendered":"\n<p><\/p>\n\n\n\n<p>A Prefeitura de Passo Fundo, por meio da Secretaria de Esportes, desenvolve o programa Passo Fundo em Movimento, que oferece aulas orientadas de atividade f\u00edsica em academias ao ar livre espalhadas pela cidade, com foco na promo\u00e7\u00e3o da sa\u00fade, do lazer e da qualidade de vida. Atualmente, o programa atende dez academias, com acompanhamento de profissionais de Educa\u00e7\u00e3o F\u00edsica, garantindo orienta\u00e7\u00e3o adequada e seguran\u00e7a aos participantes.<\/p>\n\n\n\n<p>As atividades acontecem duas vezes por semana em cada local, com dois hor\u00e1rios por dia, totalizando quatro aulas semanais, com dura\u00e7\u00e3o de uma hora cada. A proposta \u00e9 incentivar a pr\u00e1tica regular de exerc\u00edcios f\u00edsicos de forma gratuita e acess\u00edvel, fortalecendo o uso dos espa\u00e7os p\u00fablicos e estimulando h\u00e1bitos mais saud\u00e1veis na comunidade.<\/p>\n\n\n\n<p>De acordo com o secret\u00e1rio de Esportes, Gilberto Bellaver, o programa tem um papel essencial na aproxima\u00e7\u00e3o das pol\u00edticas p\u00fablicas com a popula\u00e7\u00e3o. \u201cHoje, no Passo Fundo em Movimento, temos dez academias ao ar livre com profissionais de Educa\u00e7\u00e3o F\u00edsica, duas vezes por semana, em dois hor\u00e1rios por dia. O objetivo \u00e9 claro, oferecer muita sa\u00fade, muito lazer e muito exerc\u00edcio para a comunidade, valorizando os espa\u00e7os p\u00fablicos e incentivando a conviv\u00eancia\u201d, destaca.<\/p>\n\n\n\n<p>As aulas s\u00e3o adaptadas para diferentes perfis de participantes, respeitando limites e necessidades individuais, o que amplia o alcance do programa entre jovens, adultos e idosos. Al\u00e9m do benef\u00edcio f\u00edsico, o Passo Fundo em Movimento tamb\u00e9m contribui para o bem-estar emocional e o fortalecimento dos v\u00ednculos comunit\u00e1rios. \u201cRefor\u00e7amos nosso compromisso com pol\u00edticas p\u00fablicas voltadas \u00e0 sa\u00fade preventiva, ao lazer e \u00e0 ocupa\u00e7\u00e3o qualificada dos espa\u00e7os urbanos, promovendo uma cidade mais ativa e saud\u00e1vel para todos\u201d, aponta.<\/p>\n\n\n\n<p><strong>Academias ao Ar Livre<\/strong><\/p>\n\n\n\n<p>O Passo Fundo em Movimento est\u00e1 presente nos seguintes locais, com hor\u00e1rios definidos em conjunto entre professores e alunos:<\/p>\n\n\n\n<p><strong>Bairro Edmundo Trein (Cohab 1)\u00a0<\/strong><\/p>\n\n\n\n<p>Segunda-feira \u00e0s 9h30min e \u00e0s 16h&nbsp;<\/p>\n\n\n\n<p>Quarta-feira \u00e0s 9h30min e \u00e0s 16h&nbsp;<\/p>\n\n\n\n<p><strong>Bairro Petr\u00f3polis\u00a0<\/strong><\/p>\n\n\n\n<p>Ter\u00e7a-feira \u00e0s 8h30min e 16h&nbsp;<\/p>\n\n\n\n<p>Quinta-feira \u00e0s 8h30min e 16h&nbsp;<\/p>\n\n\n\n<p><strong>Bairro H\u00edpica\u00a0<\/strong><\/p>\n\n\n\n<p>Ter\u00e7a-feira \u00e0s 9h30min e 16h&nbsp;<\/p>\n\n\n\n<p>Quinta-feira \u00e0s 9h30min e 16h<\/p>\n\n\n\n<p><strong>Bairro Santa Maria II<\/strong><\/p>\n\n\n\n<p>Ter\u00e7a-feira \u00e0s 8h e 17h<\/p>\n\n\n\n<p>Sexta-feira \u00e0s 8h e 17h<\/p>\n\n\n\n<p><strong>Bairro Planaltina\u00a0<\/strong><\/p>\n\n\n\n<p>Ter\u00e7a-feira \u00e0s 8h30min e 15h<\/p>\n\n\n\n<p>Quinta-feira \u00e0s 8h30min e 15h<\/p>\n\n\n\n<p><strong>Bairro Cohab Secchi<\/strong><\/p>\n\n\n\n<p>Ter\u00e7a-feira \u00e0s 9h45min e 16h15min<\/p>\n\n\n\n<p>Quinta-feira \u00e0s 9h45min e 16h15min<\/p>\n\n\n\n<p><strong>Bairro Nonoai \u2013 Complexo Esportivo<\/strong><\/p>\n\n\n\n<p>Ter\u00e7a-feira \u00e0s 8h e 16h30min<\/p>\n\n\n\n<p>Quinta-feira \u00e0s 8h e 16h30min<\/p>\n\n\n\n<p><strong>Parque Linear Avenida Brasil<\/strong><\/p>\n\n\n\n<p>Ter\u00e7a-feira \u00e0s 9h e 15h30min<\/p>\n\n\n\n<p>Quinta-feira \u00e0s 9h e 15h30min<\/p>\n\n\n\n<p><strong>Bairro S\u00e3o Jos\u00e9\u00a0<\/strong><\/p>\n\n\n\n<p>Segunda-feira \u00e0s 17h30min<\/p>\n\n\n\n<p>Ter\u00e7a, quinta e sexta-feira \u00e0s 9h30min<\/p>\n\n\n\n<p><strong>Bairro S\u00e3o Crist\u00f3v\u00e3o<\/strong><\/p>\n\n\n\n<p>Segunda-feira \u00e0s 10h30min e 16h30min<\/p>\n\n\n\n<p>Ter\u00e7a e quinta-feira \u00e0s 16h<\/p>\n\n\n\n<p><\/p>\n","protected":false},"excerpt":{"rendered":"<p>A Prefeitura de Passo Fundo, por meio da Secretaria de Esportes, desenvolve o programa Passo Fundo em Movimento, que oferece aulas orientadas de atividade f\u00edsica em academias ao ar livre espalhadas pela [&hellip;]<\/p>\n","protected":false},"author":24,"featured_media":2179,"comment_status":"closed","ping_status":"closed","sticky":false,"template":"","format":"standard","meta":{"footnotes":""},"categories":[1],"tags":[],"class_list":["post-2178","post","type-post","status-publish","format-standard","has-post-thumbnail","hentry","category-sem-categoria"],"yoast_head":"<!-- This site is optimized with the Yoast SEO plugin v23.8 - https:\/\/yoast.com\/wordpress\/plugins\/seo\/ -->\n<title>Passo Fundo em Movimento amplia acesso \u00e0 atividade f\u00edsica em espa\u00e7os p\u00fablicos - Secretaria de Esportes<\/title>\n<meta name=\"robots\" content=\"index, follow, max-snippet:-1, max-image-preview:large, max-video-preview:-1\" \/>\n<link rel=\"canonical\" href=\"https:\/\/www.pmpf.rs.gov.br\/esportes\/2026\/01\/09\/passo-fundo-em-movimento-amplia-acesso-a-atividade-fisica-em-espacos-publicos\/\" \/>\n<meta property=\"og:locale\" content=\"pt_BR\" \/>\n<meta property=\"og:type\" content=\"article\" \/>\n<meta property=\"og:title\" content=\"Passo Fundo em Movimento amplia acesso \u00e0 atividade f\u00edsica em espa\u00e7os p\u00fablicos - Secretaria de Esportes\" \/>\n<meta property=\"og:description\" content=\"A Prefeitura de Passo Fundo, por meio da Secretaria de Esportes, desenvolve o programa Passo Fundo em Movimento, que oferece aulas orientadas de atividade f\u00edsica em academias ao ar livre espalhadas pela [&hellip;]\" \/>\n<meta property=\"og:url\" content=\"https:\/\/www.pmpf.rs.gov.br\/esportes\/2026\/01\/09\/passo-fundo-em-movimento-amplia-acesso-a-atividade-fisica-em-espacos-publicos\/\" \/>\n<meta property=\"og:site_name\" content=\"Secretaria de Esportes\" \/>\n<meta property=\"article:published_time\" content=\"2026-01-09T12:36:56+00:00\" \/>\n<meta property=\"article:modified_time\" content=\"2026-01-09T12:36:59+00:00\" \/>\n<meta name=\"author\" content=\"lilicrivello\" \/>\n<meta name=\"twitter:card\" content=\"summary_large_image\" \/>\n<meta name=\"twitter:label1\" content=\"Escrito por\" \/>\n\t<meta name=\"twitter:data1\" content=\"lilicrivello\" \/>\n\t<meta name=\"twitter:label2\" content=\"Est. tempo de leitura\" \/>\n\t<meta name=\"twitter:data2\" content=\"3 minutos\" \/>\n<script type=\"application\/ld+json\" class=\"yoast-schema-graph\">{\"@context\":\"https:\/\/schema.org\",\"@graph\":[{\"@type\":\"WebPage\",\"@id\":\"https:\/\/www.pmpf.rs.gov.br\/esportes\/2026\/01\/09\/passo-fundo-em-movimento-amplia-acesso-a-atividade-fisica-em-espacos-publicos\/\",\"url\":\"https:\/\/www.pmpf.rs.gov.br\/esportes\/2026\/01\/09\/passo-fundo-em-movimento-amplia-acesso-a-atividade-fisica-em-espacos-publicos\/\",\"name\":\"Passo Fundo em Movimento amplia acesso \u00e0 atividade f\u00edsica em espa\u00e7os p\u00fablicos - Secretaria de Esportes\",\"isPartOf\":{\"@id\":\"https:\/\/www.pmpf.rs.gov.br\/esportes\/#website\"},\"primaryImageOfPage\":{\"@id\":\"https:\/\/www.pmpf.rs.gov.br\/esportes\/2026\/01\/09\/passo-fundo-em-movimento-amplia-acesso-a-atividade-fisica-em-espacos-publicos\/#primaryimage\"},\"image\":{\"@id\":\"https:\/\/www.pmpf.rs.gov.br\/esportes\/2026\/01\/09\/passo-fundo-em-movimento-amplia-acesso-a-atividade-fisica-em-espacos-publicos\/#primaryimage\"},\"thumbnailUrl\":\"https:\/\/www.pmpf.rs.gov.br\/esportes\/wp-content\/uploads\/sites\/44\/2026\/01\/WhatsApp-Image-2026-01-09-at-08.38.41.jpeg\",\"datePublished\":\"2026-01-09T12:36:56+00:00\",\"dateModified\":\"2026-01-09T12:36:59+00:00\",\"author\":{\"@id\":\"https:\/\/www.pmpf.rs.gov.br\/esportes\/#\/schema\/person\/6e93b0ab2174b69f691ac4f278ba2d0a\"},\"inLanguage\":\"pt-BR\",\"potentialAction\":[{\"@type\":\"ReadAction\",\"target\":[\"https:\/\/www.pmpf.rs.gov.br\/esportes\/2026\/01\/09\/passo-fundo-em-movimento-amplia-acesso-a-atividade-fisica-em-espacos-publicos\/\"]}]},{\"@type\":\"ImageObject\",\"inLanguage\":\"pt-BR\",\"@id\":\"https:\/\/www.pmpf.rs.gov.br\/esportes\/2026\/01\/09\/passo-fundo-em-movimento-amplia-acesso-a-atividade-fisica-em-espacos-publicos\/#primaryimage\",\"url\":\"https:\/\/www.pmpf.rs.gov.br\/esportes\/wp-content\/uploads\/sites\/44\/2026\/01\/WhatsApp-Image-2026-01-09-at-08.38.41.jpeg\",\"contentUrl\":\"https:\/\/www.pmpf.rs.gov.br\/esportes\/wp-content\/uploads\/sites\/44\/2026\/01\/WhatsApp-Image-2026-01-09-at-08.38.41.jpeg\",\"width\":1600,\"height\":1066},{\"@type\":\"WebSite\",\"@id\":\"https:\/\/www.pmpf.rs.gov.br\/esportes\/#website\",\"url\":\"https:\/\/www.pmpf.rs.gov.br\/esportes\/\",\"name\":\"Secretaria de Esportes\",\"description\":\"Site Secretaria de Esporte da Prefeitura de Passo Fundo\",\"potentialAction\":[{\"@type\":\"SearchAction\",\"target\":{\"@type\":\"EntryPoint\",\"urlTemplate\":\"https:\/\/www.pmpf.rs.gov.br\/esportes\/?s={search_term_string}\"},\"query-input\":{\"@type\":\"PropertyValueSpecification\",\"valueRequired\":true,\"valueName\":\"search_term_string\"}}],\"inLanguage\":\"pt-BR\"},{\"@type\":\"Person\",\"@id\":\"https:\/\/www.pmpf.rs.gov.br\/esportes\/#\/schema\/person\/6e93b0ab2174b69f691ac4f278ba2d0a\",\"name\":\"lilicrivello\",\"image\":{\"@type\":\"ImageObject\",\"inLanguage\":\"pt-BR\",\"@id\":\"https:\/\/www.pmpf.rs.gov.br\/esportes\/#\/schema\/person\/image\/\",\"url\":\"https:\/\/secure.gravatar.com\/avatar\/0b546b667388f8edb7b67d70a57b5e46?s=96&d=mm&r=g\",\"contentUrl\":\"https:\/\/secure.gravatar.com\/avatar\/0b546b667388f8edb7b67d70a57b5e46?s=96&d=mm&r=g\",\"caption\":\"lilicrivello\"},\"url\":\"https:\/\/www.pmpf.rs.gov.br\/esportes\/author\/lilicrivello\/\"}]}<\/script>\n<!-- \/ Yoast SEO plugin. -->","yoast_head_json":{"title":"Passo Fundo em Movimento amplia acesso \u00e0 atividade f\u00edsica em espa\u00e7os p\u00fablicos - Secretaria de Esportes","robots":{"index":"index","follow":"follow","max-snippet":"max-snippet:-1","max-image-preview":"max-image-preview:large","max-video-preview":"max-video-preview:-1"},"canonical":"https:\/\/www.pmpf.rs.gov.br\/esportes\/2026\/01\/09\/passo-fundo-em-movimento-amplia-acesso-a-atividade-fisica-em-espacos-publicos\/","og_locale":"pt_BR","og_type":"article","og_title":"Passo Fundo em Movimento amplia acesso \u00e0 atividade f\u00edsica em espa\u00e7os p\u00fablicos - Secretaria de Esportes","og_description":"A Prefeitura de Passo Fundo, por meio da Secretaria de Esportes, desenvolve o programa Passo Fundo em Movimento, que oferece aulas orientadas de atividade f\u00edsica em academias ao ar livre espalhadas pela [&hellip;]","og_url":"https:\/\/www.pmpf.rs.gov.br\/esportes\/2026\/01\/09\/passo-fundo-em-movimento-amplia-acesso-a-atividade-fisica-em-espacos-publicos\/","og_site_name":"Secretaria de Esportes","article_published_time":"2026-01-09T12:36:56+00:00","article_modified_time":"2026-01-09T12:36:59+00:00","author":"lilicrivello","twitter_card":"summary_large_image","twitter_misc":{"Escrito por":"lilicrivello","Est. tempo de leitura":"3 minutos"},"schema":{"@context":"https:\/\/schema.org","@graph":[{"@type":"WebPage","@id":"https:\/\/www.pmpf.rs.gov.br\/esportes\/2026\/01\/09\/passo-fundo-em-movimento-amplia-acesso-a-atividade-fisica-em-espacos-publicos\/","url":"https:\/\/www.pmpf.rs.gov.br\/esportes\/2026\/01\/09\/passo-fundo-em-movimento-amplia-acesso-a-atividade-fisica-em-espacos-publicos\/","name":"Passo Fundo em Movimento amplia acesso \u00e0 atividade f\u00edsica em espa\u00e7os p\u00fablicos - Secretaria de Esportes","isPartOf":{"@id":"https:\/\/www.pmpf.rs.gov.br\/esportes\/#website"},"primaryImageOfPage":{"@id":"https:\/\/www.pmpf.rs.gov.br\/esportes\/2026\/01\/09\/passo-fundo-em-movimento-amplia-acesso-a-atividade-fisica-em-espacos-publicos\/#primaryimage"},"image":{"@id":"https:\/\/www.pmpf.rs.gov.br\/esportes\/2026\/01\/09\/passo-fundo-em-movimento-amplia-acesso-a-atividade-fisica-em-espacos-publicos\/#primaryimage"},"thumbnailUrl":"https:\/\/www.pmpf.rs.gov.br\/esportes\/wp-content\/uploads\/sites\/44\/2026\/01\/WhatsApp-Image-2026-01-09-at-08.38.41.jpeg","datePublished":"2026-01-09T12:36:56+00:00","dateModified":"2026-01-09T12:36:59+00:00","author":{"@id":"https:\/\/www.pmpf.rs.gov.br\/esportes\/#\/schema\/person\/6e93b0ab2174b69f691ac4f278ba2d0a"},"inLanguage":"pt-BR","potentialAction":[{"@type":"ReadAction","target":["https:\/\/www.pmpf.rs.gov.br\/esportes\/2026\/01\/09\/passo-fundo-em-movimento-amplia-acesso-a-atividade-fisica-em-espacos-publicos\/"]}]},{"@type":"ImageObject","inLanguage":"pt-BR","@id":"https:\/\/www.pmpf.rs.gov.br\/esportes\/2026\/01\/09\/passo-fundo-em-movimento-amplia-acesso-a-atividade-fisica-em-espacos-publicos\/#primaryimage","url":"https:\/\/www.pmpf.rs.gov.br\/esportes\/wp-content\/uploads\/sites\/44\/2026\/01\/WhatsApp-Image-2026-01-09-at-08.38.41.jpeg","contentUrl":"https:\/\/www.pmpf.rs.gov.br\/esportes\/wp-content\/uploads\/sites\/44\/2026\/01\/WhatsApp-Image-2026-01-09-at-08.38.41.jpeg","width":1600,"height":1066},{"@type":"WebSite","@id":"https:\/\/www.pmpf.rs.gov.br\/esportes\/#website","url":"https:\/\/www.pmpf.rs.gov.br\/esportes\/","name":"Secretaria de Esportes","description":"Site Secretaria de Esporte da Prefeitura de Passo Fundo","potentialAction":[{"@type":"SearchAction","target":{"@type":"EntryPoint","urlTemplate":"https:\/\/www.pmpf.rs.gov.br\/esportes\/?s={search_term_string}"},"query-input":{"@type":"PropertyValueSpecification","valueRequired":true,"valueName":"search_term_string"}}],"inLanguage":"pt-BR"},{"@type":"Person","@id":"https:\/\/www.pmpf.rs.gov.br\/esportes\/#\/schema\/person\/6e93b0ab2174b69f691ac4f278ba2d0a","name":"lilicrivello","image":{"@type":"ImageObject","inLanguage":"pt-BR","@id":"https:\/\/www.pmpf.rs.gov.br\/esportes\/#\/schema\/person\/image\/","url":"https:\/\/secure.gravatar.com\/avatar\/0b546b667388f8edb7b67d70a57b5e46?s=96&d=mm&r=g","contentUrl":"https:\/\/secure.gravatar.com\/avatar\/0b546b667388f8edb7b67d70a57b5e46?s=96&d=mm&r=g","caption":"lilicrivello"},"url":"https:\/\/www.pmpf.rs.gov.br\/esportes\/author\/lilicrivello\/"}]}},"_links":{"self":[{"href":"https:\/\/www.pmpf.rs.gov.br\/esportes\/wp-json\/wp\/v2\/posts\/2178"}],"collection":[{"href":"https:\/\/www.pmpf.rs.gov.br\/esportes\/wp-json\/wp\/v2\/posts"}],"about":[{"href":"https:\/\/www.pmpf.rs.gov.br\/esportes\/wp-json\/wp\/v2\/types\/post"}],"author":[{"embeddable":true,"href":"https:\/\/www.pmpf.rs.gov.br\/esportes\/wp-json\/wp\/v2\/users\/24"}],"replies":[{"embeddable":true,"href":"https:\/\/www.pmpf.rs.gov.br\/esportes\/wp-json\/wp\/v2\/comments?post=2178"}],"version-history":[{"count":1,"href":"https:\/\/www.pmpf.rs.gov.br\/esportes\/wp-json\/wp\/v2\/posts\/2178\/revisions"}],"predecessor-version":[{"id":2180,"href":"https:\/\/www.pmpf.rs.gov.br\/esportes\/wp-json\/wp\/v2\/posts\/2178\/revisions\/2180"}],"wp:featuredmedia":[{"embeddable":true,"href":"https:\/\/www.pmpf.rs.gov.br\/esportes\/wp-json\/wp\/v2\/media\/2179"}],"wp:attachment":[{"href":"https:\/\/www.pmpf.rs.gov.br\/esportes\/wp-json\/wp\/v2\/media?parent=2178"}],"wp:term":[{"taxonomy":"category","embeddable":true,"href":"https:\/\/www.pmpf.rs.gov.br\/esportes\/wp-json\/wp\/v2\/categories?post=2178"},{"taxonomy":"post_tag","embeddable":true,"href":"https:\/\/www.pmpf.rs.gov.br\/esportes\/wp-json\/wp\/v2\/tags?post=2178"}],"curies":[{"name":"wp","href":"https:\/\/api.w.org\/{rel}","templated":true}]}}