{"id":1969,"date":"2025-08-20T10:50:24","date_gmt":"2025-08-20T13:50:24","guid":{"rendered":"https:\/\/www.pmpf.rs.gov.br\/esportes\/?p=1969"},"modified":"2025-08-20T16:39:25","modified_gmt":"2025-08-20T19:39:25","slug":"meia-maratona-e-rustica-movimenta-a-cidade-neste-domingo","status":"publish","type":"post","link":"https:\/\/www.pmpf.rs.gov.br\/esportes\/2025\/08\/20\/meia-maratona-e-rustica-movimenta-a-cidade-neste-domingo\/","title":{"rendered":"Meia Maratona e R\u00fastica movimenta a cidade neste domingo"},"content":{"rendered":"\n<p><\/p>\n\n\n\n<p><\/p>\n\n\n\n<p>A tradicional Meia Maratona e R\u00fastica Cidade de Passo Fundo ser\u00e1 realizada neste domingo (24), em comemora\u00e7\u00e3o ao anivers\u00e1rio de 168 anos do munic\u00edpio. O evento, promovido pela Secretaria de Esportes, deve reunir mais de 1500 corredores de diferentes idades e categorias.<\/p>\n\n\n\n<p>O secret\u00e1rio de Esportes, Gilberto Bellaver, destacou a import\u00e2ncia do evento para a cidade. \u201cA Meia Maratona e a R\u00fastica s\u00e3o mais do que uma competi\u00e7\u00e3o, s\u00e3o uma celebra\u00e7\u00e3o da nossa cidade e da qualidade de vida que buscamos promover atrav\u00e9s do esporte. Passo Fundo est\u00e1 de parab\u00e9ns pelos seus 168 anos e por abra\u00e7ar este evento que \u00e9 de todos n\u00f3s\u201d, afirmou.<\/p>\n\n\n\n<p>Para garantir a seguran\u00e7a dos participantes, a Avenida Brasil ter\u00e1 bloqueio total no sentido Boqueir\u00e3o\/Petr\u00f3polis, entre as ruas Aldino Graef (Boqueir\u00e3o) e Rodrigues Alves (Petr\u00f3polis). O fechamento inicia \u00e0s 4h da manh\u00e3 de domingo e a libera\u00e7\u00e3o est\u00e1 prevista a partir das 10h30.<\/p>\n\n\n\n<p>A largada das provas est\u00e1 marcada para \u00e0s 7h, em frente ao Teatro Mucio de Castro. Durante o per\u00edodo, as linhas de \u00f4nibus ter\u00e3o rotas alternativas e o tr\u00e2nsito entre os bairros tamb\u00e9m sofrer\u00e1 mudan\u00e7as:<\/p>\n\n\n\n<p>Liga\u00e7\u00e3o Vera Cruz \u2192 S\u00e3o Crist\u00f3v\u00e3o: ruas Bento Gon\u00e7alves e Mascarenhas.<br>Liga\u00e7\u00e3o S\u00e3o Crist\u00f3v\u00e3o \u2192 Vera Cruz: ruas Tiradentes, Cel. Chicuta e 10 de Abril.<br>J\u00e1 a Avenida Brasil no sentido contr\u00e1rio (Petr\u00f3polis\/Boqueir\u00e3o) n\u00e3o ser\u00e1 bloqueada.<br><\/p>\n\n\n\n<p>A Prefeitura refor\u00e7a que os motoristas programem seus trajetos com anteced\u00eancia e sigam as orienta\u00e7\u00f5es de tr\u00e2nsito para evitar transtornos.<\/p>\n","protected":false},"excerpt":{"rendered":"<p>Evento ter\u00e1 mais de 1500 participantes e contar\u00e1 com o fechamento total da Avenida Brasil no sentido Boqueir\u00e3o\/Petr\u00f3polis<\/p>\n","protected":false},"author":24,"featured_media":0,"comment_status":"closed","ping_status":"closed","sticky":false,"template":"","format":"standard","meta":{"footnotes":""},"categories":[1],"tags":[],"class_list":["post-1969","post","type-post","status-publish","format-standard","hentry","category-sem-categoria"],"yoast_head":"<!-- This site is optimized with the Yoast SEO plugin v23.8 - https:\/\/yoast.com\/wordpress\/plugins\/seo\/ -->\n<title>Meia Maratona e R\u00fastica movimenta a cidade neste domingo - Secretaria de Esportes<\/title>\n<meta name=\"robots\" content=\"index, follow, max-snippet:-1, max-image-preview:large, max-video-preview:-1\" \/>\n<link rel=\"canonical\" href=\"https:\/\/www.pmpf.rs.gov.br\/esportes\/2025\/08\/20\/meia-maratona-e-rustica-movimenta-a-cidade-neste-domingo\/\" \/>\n<meta property=\"og:locale\" content=\"pt_BR\" \/>\n<meta property=\"og:type\" content=\"article\" \/>\n<meta property=\"og:title\" content=\"Meia Maratona e R\u00fastica movimenta a cidade neste domingo - Secretaria de Esportes\" \/>\n<meta property=\"og:description\" content=\"Evento ter\u00e1 mais de 1500 participantes e contar\u00e1 com o fechamento total da Avenida Brasil no sentido Boqueir\u00e3o\/Petr\u00f3polis\" \/>\n<meta property=\"og:url\" content=\"https:\/\/www.pmpf.rs.gov.br\/esportes\/2025\/08\/20\/meia-maratona-e-rustica-movimenta-a-cidade-neste-domingo\/\" \/>\n<meta property=\"og:site_name\" content=\"Secretaria de Esportes\" \/>\n<meta property=\"article:published_time\" content=\"2025-08-20T13:50:24+00:00\" \/>\n<meta property=\"article:modified_time\" content=\"2025-08-20T19:39:25+00:00\" \/>\n<meta name=\"author\" content=\"lilicrivello\" \/>\n<meta name=\"twitter:card\" content=\"summary_large_image\" \/>\n<meta name=\"twitter:label1\" content=\"Escrito por\" \/>\n\t<meta name=\"twitter:data1\" content=\"lilicrivello\" \/>\n\t<meta name=\"twitter:label2\" content=\"Est. tempo de leitura\" \/>\n\t<meta name=\"twitter:data2\" content=\"1 minuto\" \/>\n<script type=\"application\/ld+json\" class=\"yoast-schema-graph\">{\"@context\":\"https:\/\/schema.org\",\"@graph\":[{\"@type\":\"WebPage\",\"@id\":\"https:\/\/www.pmpf.rs.gov.br\/esportes\/2025\/08\/20\/meia-maratona-e-rustica-movimenta-a-cidade-neste-domingo\/\",\"url\":\"https:\/\/www.pmpf.rs.gov.br\/esportes\/2025\/08\/20\/meia-maratona-e-rustica-movimenta-a-cidade-neste-domingo\/\",\"name\":\"Meia Maratona e R\u00fastica movimenta a cidade neste domingo - Secretaria de Esportes\",\"isPartOf\":{\"@id\":\"https:\/\/www.pmpf.rs.gov.br\/esportes\/#website\"},\"datePublished\":\"2025-08-20T13:50:24+00:00\",\"dateModified\":\"2025-08-20T19:39:25+00:00\",\"author\":{\"@id\":\"https:\/\/www.pmpf.rs.gov.br\/esportes\/#\/schema\/person\/6e93b0ab2174b69f691ac4f278ba2d0a\"},\"inLanguage\":\"pt-BR\",\"potentialAction\":[{\"@type\":\"ReadAction\",\"target\":[\"https:\/\/www.pmpf.rs.gov.br\/esportes\/2025\/08\/20\/meia-maratona-e-rustica-movimenta-a-cidade-neste-domingo\/\"]}]},{\"@type\":\"WebSite\",\"@id\":\"https:\/\/www.pmpf.rs.gov.br\/esportes\/#website\",\"url\":\"https:\/\/www.pmpf.rs.gov.br\/esportes\/\",\"name\":\"Secretaria de Esportes\",\"description\":\"Site Secretaria de Esporte da Prefeitura de Passo Fundo\",\"potentialAction\":[{\"@type\":\"SearchAction\",\"target\":{\"@type\":\"EntryPoint\",\"urlTemplate\":\"https:\/\/www.pmpf.rs.gov.br\/esportes\/?s={search_term_string}\"},\"query-input\":{\"@type\":\"PropertyValueSpecification\",\"valueRequired\":true,\"valueName\":\"search_term_string\"}}],\"inLanguage\":\"pt-BR\"},{\"@type\":\"Person\",\"@id\":\"https:\/\/www.pmpf.rs.gov.br\/esportes\/#\/schema\/person\/6e93b0ab2174b69f691ac4f278ba2d0a\",\"name\":\"lilicrivello\",\"image\":{\"@type\":\"ImageObject\",\"inLanguage\":\"pt-BR\",\"@id\":\"https:\/\/www.pmpf.rs.gov.br\/esportes\/#\/schema\/person\/image\/\",\"url\":\"https:\/\/secure.gravatar.com\/avatar\/0b546b667388f8edb7b67d70a57b5e46?s=96&d=mm&r=g\",\"contentUrl\":\"https:\/\/secure.gravatar.com\/avatar\/0b546b667388f8edb7b67d70a57b5e46?s=96&d=mm&r=g\",\"caption\":\"lilicrivello\"},\"url\":\"https:\/\/www.pmpf.rs.gov.br\/esportes\/author\/lilicrivello\/\"}]}<\/script>\n<!-- \/ Yoast SEO plugin. -->","yoast_head_json":{"title":"Meia Maratona e R\u00fastica movimenta a cidade neste domingo - Secretaria de Esportes","robots":{"index":"index","follow":"follow","max-snippet":"max-snippet:-1","max-image-preview":"max-image-preview:large","max-video-preview":"max-video-preview:-1"},"canonical":"https:\/\/www.pmpf.rs.gov.br\/esportes\/2025\/08\/20\/meia-maratona-e-rustica-movimenta-a-cidade-neste-domingo\/","og_locale":"pt_BR","og_type":"article","og_title":"Meia Maratona e R\u00fastica movimenta a cidade neste domingo - Secretaria de Esportes","og_description":"Evento ter\u00e1 mais de 1500 participantes e contar\u00e1 com o fechamento total da Avenida Brasil no sentido Boqueir\u00e3o\/Petr\u00f3polis","og_url":"https:\/\/www.pmpf.rs.gov.br\/esportes\/2025\/08\/20\/meia-maratona-e-rustica-movimenta-a-cidade-neste-domingo\/","og_site_name":"Secretaria de Esportes","article_published_time":"2025-08-20T13:50:24+00:00","article_modified_time":"2025-08-20T19:39:25+00:00","author":"lilicrivello","twitter_card":"summary_large_image","twitter_misc":{"Escrito por":"lilicrivello","Est. tempo de leitura":"1 minuto"},"schema":{"@context":"https:\/\/schema.org","@graph":[{"@type":"WebPage","@id":"https:\/\/www.pmpf.rs.gov.br\/esportes\/2025\/08\/20\/meia-maratona-e-rustica-movimenta-a-cidade-neste-domingo\/","url":"https:\/\/www.pmpf.rs.gov.br\/esportes\/2025\/08\/20\/meia-maratona-e-rustica-movimenta-a-cidade-neste-domingo\/","name":"Meia Maratona e R\u00fastica movimenta a cidade neste domingo - Secretaria de Esportes","isPartOf":{"@id":"https:\/\/www.pmpf.rs.gov.br\/esportes\/#website"},"datePublished":"2025-08-20T13:50:24+00:00","dateModified":"2025-08-20T19:39:25+00:00","author":{"@id":"https:\/\/www.pmpf.rs.gov.br\/esportes\/#\/schema\/person\/6e93b0ab2174b69f691ac4f278ba2d0a"},"inLanguage":"pt-BR","potentialAction":[{"@type":"ReadAction","target":["https:\/\/www.pmpf.rs.gov.br\/esportes\/2025\/08\/20\/meia-maratona-e-rustica-movimenta-a-cidade-neste-domingo\/"]}]},{"@type":"WebSite","@id":"https:\/\/www.pmpf.rs.gov.br\/esportes\/#website","url":"https:\/\/www.pmpf.rs.gov.br\/esportes\/","name":"Secretaria de Esportes","description":"Site Secretaria de Esporte da Prefeitura de Passo Fundo","potentialAction":[{"@type":"SearchAction","target":{"@type":"EntryPoint","urlTemplate":"https:\/\/www.pmpf.rs.gov.br\/esportes\/?s={search_term_string}"},"query-input":{"@type":"PropertyValueSpecification","valueRequired":true,"valueName":"search_term_string"}}],"inLanguage":"pt-BR"},{"@type":"Person","@id":"https:\/\/www.pmpf.rs.gov.br\/esportes\/#\/schema\/person\/6e93b0ab2174b69f691ac4f278ba2d0a","name":"lilicrivello","image":{"@type":"ImageObject","inLanguage":"pt-BR","@id":"https:\/\/www.pmpf.rs.gov.br\/esportes\/#\/schema\/person\/image\/","url":"https:\/\/secure.gravatar.com\/avatar\/0b546b667388f8edb7b67d70a57b5e46?s=96&d=mm&r=g","contentUrl":"https:\/\/secure.gravatar.com\/avatar\/0b546b667388f8edb7b67d70a57b5e46?s=96&d=mm&r=g","caption":"lilicrivello"},"url":"https:\/\/www.pmpf.rs.gov.br\/esportes\/author\/lilicrivello\/"}]}},"_links":{"self":[{"href":"https:\/\/www.pmpf.rs.gov.br\/esportes\/wp-json\/wp\/v2\/posts\/1969"}],"collection":[{"href":"https:\/\/www.pmpf.rs.gov.br\/esportes\/wp-json\/wp\/v2\/posts"}],"about":[{"href":"https:\/\/www.pmpf.rs.gov.br\/esportes\/wp-json\/wp\/v2\/types\/post"}],"author":[{"embeddable":true,"href":"https:\/\/www.pmpf.rs.gov.br\/esportes\/wp-json\/wp\/v2\/users\/24"}],"replies":[{"embeddable":true,"href":"https:\/\/www.pmpf.rs.gov.br\/esportes\/wp-json\/wp\/v2\/comments?post=1969"}],"version-history":[{"count":2,"href":"https:\/\/www.pmpf.rs.gov.br\/esportes\/wp-json\/wp\/v2\/posts\/1969\/revisions"}],"predecessor-version":[{"id":1971,"href":"https:\/\/www.pmpf.rs.gov.br\/esportes\/wp-json\/wp\/v2\/posts\/1969\/revisions\/1971"}],"wp:attachment":[{"href":"https:\/\/www.pmpf.rs.gov.br\/esportes\/wp-json\/wp\/v2\/media?parent=1969"}],"wp:term":[{"taxonomy":"category","embeddable":true,"href":"https:\/\/www.pmpf.rs.gov.br\/esportes\/wp-json\/wp\/v2\/categories?post=1969"},{"taxonomy":"post_tag","embeddable":true,"href":"https:\/\/www.pmpf.rs.gov.br\/esportes\/wp-json\/wp\/v2\/tags?post=1969"}],"curies":[{"name":"wp","href":"https:\/\/api.w.org\/{rel}","templated":true}]}}