{"id":1469,"date":"2023-06-19T15:22:58","date_gmt":"2023-06-19T18:22:58","guid":{"rendered":"https:\/\/www.pmpf.rs.gov.br\/esportes\/?p=1469"},"modified":"2023-06-19T15:23:01","modified_gmt":"2023-06-19T18:23:01","slug":"prefeitura-instala-novas-estacoes-de-bicicletas-compartilhadas","status":"publish","type":"post","link":"https:\/\/www.pmpf.rs.gov.br\/esportes\/2023\/06\/19\/prefeitura-instala-novas-estacoes-de-bicicletas-compartilhadas\/","title":{"rendered":"Prefeitura instala novas esta\u00e7\u00f5es de\u00a0bicicletas\u00a0compartilhadas"},"content":{"rendered":"\n<p><br>A Prefeitura de Passo Fundo est\u00e1 retomando o sistema de bicicletas compartilhadas dentro do programa \u201cVai de Bici\u201d. Nesta nova fase, a comunidade ter\u00e1 novidades quanto ao uso e equipamentos, como as esta\u00e7\u00f5es em locais estrat\u00e9gicos da Avenida Brasil, Parque da Gare e Vera Cruz.<br><br>Conforme o prefeito Pedro Almeida, o servi\u00e7o foi remodelado e modernizado. \u201cTivemos o per\u00edodo da pandemia e retiramos o servi\u00e7o das bicicletas compartilhadas, podendo tamb\u00e9m reavaliar e melhorar o servi\u00e7o. Muitas pessoas utilizam as bicicletas para lazer e deslocamento. Por isso, vamos ter um novo sistema de cadastro e novas bicicletas\u201d, afirma.<\/p>\n\n\n\n<p>O secret\u00e1rio de Esportes, Gilberto Bellaver, enfatiza que, para a utiliza\u00e7\u00e3o, ser\u00e1 necess\u00e1rio ter um cadastro. \u201cOs cadastros que foram feitos depois de setembro de 2021 v\u00e3o estar ativos para o uso imediato. Para o usu\u00e1rio saber se o seu cadastro est\u00e1 ativo, ele pode logar no site ou aplicativo ou pedir para verificar no suporte do WhatsApp. Quem n\u00e3o tiver cadastro poder\u00e1 faz\u00ea-lo de forma presencial, pelo site ou aplicativo\u201d, destaca.<br><br>Uma das novidades do programa \u00e9 o aplicativo \u201cpfvaidebici\u201d, a partir do qual os usu\u00e1rios poder\u00e3o fazer o cadastro e realizar opera\u00e7\u00f5es como verificar o status das esta\u00e7\u00f5es e se h\u00e1 bicicleta dispon\u00edvel, acompanhar as suas viagens e solicitar suporte. O recurso pode ser baixado na Play Store e na Apple Store.<\/p>\n\n\n\n<p><br><strong>Como se cadastrar<\/strong><br><em><strong>Presencialmente<\/strong><\/em><\/p>\n\n\n\n<p>Rua Independ\u00eancia, 1165 &#8211; Centro (pr\u00f3ximo aos bombeiros), das 13h30 \u00e0 17h30<\/p>\n\n\n\n<p>Documentos: RG, CPF ou Carteira de Motorista + comprovante de resid\u00eancia em Passo Fundo<br><\/p>\n\n\n\n<p><em><strong>Site ou app<\/strong><\/em><br>&#8211; No site&nbsp;<a href=\"http:\/\/pfvaidebici.mobhis.com.br\/\" target=\"_blank\" rel=\"noreferrer noopener\">pfvaidebici.mobhis.com.br<\/a>&nbsp;ou aplicativo \u201cpfvaidebici\u201d, preenchendo os dados cadastrais e enviando os documentos anexados.<\/p>\n\n\n\n<p>&#8211; \u00c9 necess\u00e1rio ter acima de 18 anos. O tempo de an\u00e1lise e libera\u00e7\u00e3o do cadastro \u00e9 de 24 horas.<\/p>\n\n\n\n<p>&#8211; Caso for feito o cadastro online com o cart\u00e3o de cr\u00e9dito, \u00e9 debitado um valor simb\u00f3lico de R$1,00 e a libera\u00e7\u00e3o do cadastro \u00e9 feita automaticamente.<br><br><\/p>\n\n\n\n<p><strong>Funcionamento e tempo de uso<\/strong><\/p>\n\n\n\n<p>&#8211; Na retirada e devolu\u00e7\u00e3o, o usu\u00e1rio precisar\u00e1 digitar seu CPF e a senha cadastrada.<br>&#8211; Tempo de uso: duas horas com intervalo de 15 minutos (o usu\u00e1rio ser\u00e1 bloqueado caso ultrapasse o tempo de uso e ser\u00e1 cobrada uma multa para libera\u00e7\u00e3o).<br>&#8211; hor\u00e1rio de funcionamento: 06h \u00e0s 22h para retirada e 24 horas para devolu\u00e7\u00e3o.<\/p>\n\n\n\n<p><strong>Foto: Michel Sanderi<\/strong><\/p>\n","protected":false},"excerpt":{"rendered":"<p>Remodelado, o programa Passo Fundo Vai de Bici dever\u00e1 ser reiniciado em julho<\/p>\n","protected":false},"author":6,"featured_media":1470,"comment_status":"closed","ping_status":"closed","sticky":true,"template":"","format":"standard","meta":{"footnotes":""},"categories":[1],"tags":[],"class_list":["post-1469","post","type-post","status-publish","format-standard","has-post-thumbnail","hentry","category-sem-categoria"],"yoast_head":"<!-- This site is optimized with the Yoast SEO plugin v23.8 - https:\/\/yoast.com\/wordpress\/plugins\/seo\/ -->\n<title>Prefeitura instala novas esta\u00e7\u00f5es de\u00a0bicicletas\u00a0compartilhadas - Secretaria de Esportes<\/title>\n<meta name=\"robots\" content=\"index, follow, max-snippet:-1, max-image-preview:large, max-video-preview:-1\" \/>\n<link rel=\"canonical\" href=\"https:\/\/www.pmpf.rs.gov.br\/esportes\/2023\/06\/19\/prefeitura-instala-novas-estacoes-de-bicicletas-compartilhadas\/\" \/>\n<meta property=\"og:locale\" content=\"pt_BR\" \/>\n<meta property=\"og:type\" content=\"article\" \/>\n<meta property=\"og:title\" content=\"Prefeitura instala novas esta\u00e7\u00f5es de\u00a0bicicletas\u00a0compartilhadas - Secretaria de Esportes\" \/>\n<meta property=\"og:description\" content=\"Remodelado, o programa Passo Fundo Vai de Bici dever\u00e1 ser reiniciado em julho\" \/>\n<meta property=\"og:url\" content=\"https:\/\/www.pmpf.rs.gov.br\/esportes\/2023\/06\/19\/prefeitura-instala-novas-estacoes-de-bicicletas-compartilhadas\/\" \/>\n<meta property=\"og:site_name\" content=\"Secretaria de Esportes\" \/>\n<meta property=\"article:published_time\" content=\"2023-06-19T18:22:58+00:00\" \/>\n<meta property=\"article:modified_time\" content=\"2023-06-19T18:23:01+00:00\" \/>\n<meta name=\"author\" content=\"andressazorzetto07\" \/>\n<meta name=\"twitter:card\" content=\"summary_large_image\" \/>\n<meta name=\"twitter:label1\" content=\"Escrito por\" \/>\n\t<meta name=\"twitter:data1\" content=\"andressazorzetto07\" \/>\n\t<meta name=\"twitter:label2\" content=\"Est. tempo de leitura\" \/>\n\t<meta name=\"twitter:data2\" content=\"2 minutos\" \/>\n<script type=\"application\/ld+json\" class=\"yoast-schema-graph\">{\"@context\":\"https:\/\/schema.org\",\"@graph\":[{\"@type\":\"WebPage\",\"@id\":\"https:\/\/www.pmpf.rs.gov.br\/esportes\/2023\/06\/19\/prefeitura-instala-novas-estacoes-de-bicicletas-compartilhadas\/\",\"url\":\"https:\/\/www.pmpf.rs.gov.br\/esportes\/2023\/06\/19\/prefeitura-instala-novas-estacoes-de-bicicletas-compartilhadas\/\",\"name\":\"Prefeitura instala novas esta\u00e7\u00f5es de\u00a0bicicletas\u00a0compartilhadas - Secretaria de Esportes\",\"isPartOf\":{\"@id\":\"https:\/\/www.pmpf.rs.gov.br\/esportes\/#website\"},\"primaryImageOfPage\":{\"@id\":\"https:\/\/www.pmpf.rs.gov.br\/esportes\/2023\/06\/19\/prefeitura-instala-novas-estacoes-de-bicicletas-compartilhadas\/#primaryimage\"},\"image\":{\"@id\":\"https:\/\/www.pmpf.rs.gov.br\/esportes\/2023\/06\/19\/prefeitura-instala-novas-estacoes-de-bicicletas-compartilhadas\/#primaryimage\"},\"thumbnailUrl\":\"https:\/\/www.pmpf.rs.gov.br\/esportes\/wp-content\/uploads\/sites\/44\/2023\/06\/MSF01772-scaled.jpg\",\"datePublished\":\"2023-06-19T18:22:58+00:00\",\"dateModified\":\"2023-06-19T18:23:01+00:00\",\"author\":{\"@id\":\"https:\/\/www.pmpf.rs.gov.br\/esportes\/#\/schema\/person\/30ee1d1bd74da1469b01fcf086e43351\"},\"inLanguage\":\"pt-BR\",\"potentialAction\":[{\"@type\":\"ReadAction\",\"target\":[\"https:\/\/www.pmpf.rs.gov.br\/esportes\/2023\/06\/19\/prefeitura-instala-novas-estacoes-de-bicicletas-compartilhadas\/\"]}]},{\"@type\":\"ImageObject\",\"inLanguage\":\"pt-BR\",\"@id\":\"https:\/\/www.pmpf.rs.gov.br\/esportes\/2023\/06\/19\/prefeitura-instala-novas-estacoes-de-bicicletas-compartilhadas\/#primaryimage\",\"url\":\"https:\/\/www.pmpf.rs.gov.br\/esportes\/wp-content\/uploads\/sites\/44\/2023\/06\/MSF01772-scaled.jpg\",\"contentUrl\":\"https:\/\/www.pmpf.rs.gov.br\/esportes\/wp-content\/uploads\/sites\/44\/2023\/06\/MSF01772-scaled.jpg\",\"width\":2560,\"height\":1707},{\"@type\":\"WebSite\",\"@id\":\"https:\/\/www.pmpf.rs.gov.br\/esportes\/#website\",\"url\":\"https:\/\/www.pmpf.rs.gov.br\/esportes\/\",\"name\":\"Secretaria de Esportes\",\"description\":\"Site Secretaria de Esporte da Prefeitura de Passo Fundo\",\"potentialAction\":[{\"@type\":\"SearchAction\",\"target\":{\"@type\":\"EntryPoint\",\"urlTemplate\":\"https:\/\/www.pmpf.rs.gov.br\/esportes\/?s={search_term_string}\"},\"query-input\":{\"@type\":\"PropertyValueSpecification\",\"valueRequired\":true,\"valueName\":\"search_term_string\"}}],\"inLanguage\":\"pt-BR\"},{\"@type\":\"Person\",\"@id\":\"https:\/\/www.pmpf.rs.gov.br\/esportes\/#\/schema\/person\/30ee1d1bd74da1469b01fcf086e43351\",\"name\":\"andressazorzetto07\",\"image\":{\"@type\":\"ImageObject\",\"inLanguage\":\"pt-BR\",\"@id\":\"https:\/\/www.pmpf.rs.gov.br\/esportes\/#\/schema\/person\/image\/\",\"url\":\"https:\/\/secure.gravatar.com\/avatar\/14c5458ed79dc81da99a13b9ff5f9f19?s=96&d=mm&r=g\",\"contentUrl\":\"https:\/\/secure.gravatar.com\/avatar\/14c5458ed79dc81da99a13b9ff5f9f19?s=96&d=mm&r=g\",\"caption\":\"andressazorzetto07\"},\"url\":\"https:\/\/www.pmpf.rs.gov.br\/esportes\/author\/andressazorzetto07\/\"}]}<\/script>\n<!-- \/ Yoast SEO plugin. -->","yoast_head_json":{"title":"Prefeitura instala novas esta\u00e7\u00f5es de\u00a0bicicletas\u00a0compartilhadas - Secretaria de Esportes","robots":{"index":"index","follow":"follow","max-snippet":"max-snippet:-1","max-image-preview":"max-image-preview:large","max-video-preview":"max-video-preview:-1"},"canonical":"https:\/\/www.pmpf.rs.gov.br\/esportes\/2023\/06\/19\/prefeitura-instala-novas-estacoes-de-bicicletas-compartilhadas\/","og_locale":"pt_BR","og_type":"article","og_title":"Prefeitura instala novas esta\u00e7\u00f5es de\u00a0bicicletas\u00a0compartilhadas - Secretaria de Esportes","og_description":"Remodelado, o programa Passo Fundo Vai de Bici dever\u00e1 ser reiniciado em julho","og_url":"https:\/\/www.pmpf.rs.gov.br\/esportes\/2023\/06\/19\/prefeitura-instala-novas-estacoes-de-bicicletas-compartilhadas\/","og_site_name":"Secretaria de Esportes","article_published_time":"2023-06-19T18:22:58+00:00","article_modified_time":"2023-06-19T18:23:01+00:00","author":"andressazorzetto07","twitter_card":"summary_large_image","twitter_misc":{"Escrito por":"andressazorzetto07","Est. tempo de leitura":"2 minutos"},"schema":{"@context":"https:\/\/schema.org","@graph":[{"@type":"WebPage","@id":"https:\/\/www.pmpf.rs.gov.br\/esportes\/2023\/06\/19\/prefeitura-instala-novas-estacoes-de-bicicletas-compartilhadas\/","url":"https:\/\/www.pmpf.rs.gov.br\/esportes\/2023\/06\/19\/prefeitura-instala-novas-estacoes-de-bicicletas-compartilhadas\/","name":"Prefeitura instala novas esta\u00e7\u00f5es de\u00a0bicicletas\u00a0compartilhadas - Secretaria de Esportes","isPartOf":{"@id":"https:\/\/www.pmpf.rs.gov.br\/esportes\/#website"},"primaryImageOfPage":{"@id":"https:\/\/www.pmpf.rs.gov.br\/esportes\/2023\/06\/19\/prefeitura-instala-novas-estacoes-de-bicicletas-compartilhadas\/#primaryimage"},"image":{"@id":"https:\/\/www.pmpf.rs.gov.br\/esportes\/2023\/06\/19\/prefeitura-instala-novas-estacoes-de-bicicletas-compartilhadas\/#primaryimage"},"thumbnailUrl":"https:\/\/www.pmpf.rs.gov.br\/esportes\/wp-content\/uploads\/sites\/44\/2023\/06\/MSF01772-scaled.jpg","datePublished":"2023-06-19T18:22:58+00:00","dateModified":"2023-06-19T18:23:01+00:00","author":{"@id":"https:\/\/www.pmpf.rs.gov.br\/esportes\/#\/schema\/person\/30ee1d1bd74da1469b01fcf086e43351"},"inLanguage":"pt-BR","potentialAction":[{"@type":"ReadAction","target":["https:\/\/www.pmpf.rs.gov.br\/esportes\/2023\/06\/19\/prefeitura-instala-novas-estacoes-de-bicicletas-compartilhadas\/"]}]},{"@type":"ImageObject","inLanguage":"pt-BR","@id":"https:\/\/www.pmpf.rs.gov.br\/esportes\/2023\/06\/19\/prefeitura-instala-novas-estacoes-de-bicicletas-compartilhadas\/#primaryimage","url":"https:\/\/www.pmpf.rs.gov.br\/esportes\/wp-content\/uploads\/sites\/44\/2023\/06\/MSF01772-scaled.jpg","contentUrl":"https:\/\/www.pmpf.rs.gov.br\/esportes\/wp-content\/uploads\/sites\/44\/2023\/06\/MSF01772-scaled.jpg","width":2560,"height":1707},{"@type":"WebSite","@id":"https:\/\/www.pmpf.rs.gov.br\/esportes\/#website","url":"https:\/\/www.pmpf.rs.gov.br\/esportes\/","name":"Secretaria de Esportes","description":"Site Secretaria de Esporte da Prefeitura de Passo Fundo","potentialAction":[{"@type":"SearchAction","target":{"@type":"EntryPoint","urlTemplate":"https:\/\/www.pmpf.rs.gov.br\/esportes\/?s={search_term_string}"},"query-input":{"@type":"PropertyValueSpecification","valueRequired":true,"valueName":"search_term_string"}}],"inLanguage":"pt-BR"},{"@type":"Person","@id":"https:\/\/www.pmpf.rs.gov.br\/esportes\/#\/schema\/person\/30ee1d1bd74da1469b01fcf086e43351","name":"andressazorzetto07","image":{"@type":"ImageObject","inLanguage":"pt-BR","@id":"https:\/\/www.pmpf.rs.gov.br\/esportes\/#\/schema\/person\/image\/","url":"https:\/\/secure.gravatar.com\/avatar\/14c5458ed79dc81da99a13b9ff5f9f19?s=96&d=mm&r=g","contentUrl":"https:\/\/secure.gravatar.com\/avatar\/14c5458ed79dc81da99a13b9ff5f9f19?s=96&d=mm&r=g","caption":"andressazorzetto07"},"url":"https:\/\/www.pmpf.rs.gov.br\/esportes\/author\/andressazorzetto07\/"}]}},"_links":{"self":[{"href":"https:\/\/www.pmpf.rs.gov.br\/esportes\/wp-json\/wp\/v2\/posts\/1469"}],"collection":[{"href":"https:\/\/www.pmpf.rs.gov.br\/esportes\/wp-json\/wp\/v2\/posts"}],"about":[{"href":"https:\/\/www.pmpf.rs.gov.br\/esportes\/wp-json\/wp\/v2\/types\/post"}],"author":[{"embeddable":true,"href":"https:\/\/www.pmpf.rs.gov.br\/esportes\/wp-json\/wp\/v2\/users\/6"}],"replies":[{"embeddable":true,"href":"https:\/\/www.pmpf.rs.gov.br\/esportes\/wp-json\/wp\/v2\/comments?post=1469"}],"version-history":[{"count":1,"href":"https:\/\/www.pmpf.rs.gov.br\/esportes\/wp-json\/wp\/v2\/posts\/1469\/revisions"}],"predecessor-version":[{"id":1471,"href":"https:\/\/www.pmpf.rs.gov.br\/esportes\/wp-json\/wp\/v2\/posts\/1469\/revisions\/1471"}],"wp:featuredmedia":[{"embeddable":true,"href":"https:\/\/www.pmpf.rs.gov.br\/esportes\/wp-json\/wp\/v2\/media\/1470"}],"wp:attachment":[{"href":"https:\/\/www.pmpf.rs.gov.br\/esportes\/wp-json\/wp\/v2\/media?parent=1469"}],"wp:term":[{"taxonomy":"category","embeddable":true,"href":"https:\/\/www.pmpf.rs.gov.br\/esportes\/wp-json\/wp\/v2\/categories?post=1469"},{"taxonomy":"post_tag","embeddable":true,"href":"https:\/\/www.pmpf.rs.gov.br\/esportes\/wp-json\/wp\/v2\/tags?post=1469"}],"curies":[{"name":"wp","href":"https:\/\/api.w.org\/{rel}","templated":true}]}}