{"id":1440,"date":"2023-06-02T10:58:20","date_gmt":"2023-06-02T13:58:20","guid":{"rendered":"https:\/\/www.pmpf.rs.gov.br\/esportes\/?p=1440"},"modified":"2023-06-02T10:58:21","modified_gmt":"2023-06-02T13:58:21","slug":"passo-fundo-em-movimento-prefeitura-amplia-o-numero-de-academias-ao-ar-livre-com-educadores-fisicos","status":"publish","type":"post","link":"https:\/\/www.pmpf.rs.gov.br\/esportes\/2023\/06\/02\/passo-fundo-em-movimento-prefeitura-amplia-o-numero-de-academias-ao-ar-livre-com-educadores-fisicos\/","title":{"rendered":"Passo Fundo em Movimento: Prefeitura amplia o n\u00famero de academias ao ar livre com educadores f\u00edsicos"},"content":{"rendered":"\n<p>Com o programa Passo Fundo em Movimento, a Prefeitura leva instrutores f\u00edsicos para as academias ao ar livre. A iniciativa, que come\u00e7ou com um projeto-piloto no ano passado, foi ampliada e passou a ser executada em mais espa\u00e7os devido \u00e0 ades\u00e3o da comunidade. Hoje, oito locais, em diferentes regi\u00f5es, recebem as atividades semanalmente.<\/p>\n\n\n\n<p>O secret\u00e1rio de Esportes, Gilberto Bellaver, afirma que os moradores abra\u00e7aram a ideia com entusiamo. \u201cEstamos muito felizes com a aceita\u00e7\u00e3o da comunidade, pois ir at\u00e9 a academia ao ar livre em um determinado hor\u00e1rio n\u00e3o era um h\u00e1bito das pessoas e est\u00e1 se tornando. A nossa expectativa \u00e9 ampliar ainda mais os atendimentos\u201d, avalia, enfatizando que h\u00e1 20 academias ao ar livre, na cidade e no interior, e que a proposta da Prefeitura \u00e9 ir expandindo o programa para mais espa\u00e7os.Ainda conforme o secret\u00e1rio, a utiliza\u00e7\u00e3o adequada proporciona benef\u00edcios importantes para a popula\u00e7\u00e3o. \u201cO programa cria uma nova proposta e legitimidade \u00e0s academias ao ar livre. Temos um equipamento que, \u00e0s vezes, \u00e9 utilizado de forma errada em virtude da falta de orienta\u00e7\u00e3o. Essa ideia vem ao encontro de trazer melhorias para a vida das pessoas com a pr\u00e1tica de atividades f\u00edsicas orientadas e gratuitas\u201d, pontua.O prefeito, Pedro Almeida, destaca a import\u00e2ncia do Passo Fundo em Movimento e a ocupa\u00e7\u00e3o dos equipamentos p\u00fablicos. \u201cTemos um olhar muito especial para o esporte, que \u00e9 dos atletas, mas tamb\u00e9m da popula\u00e7\u00e3o. O esporte representa o cuidado com a sa\u00fade e a qualidade de vida, que s\u00e3o coisas que trazemos com o programa. E queremos ver cada vez mais as pessoas aproveitando os espa\u00e7os que a cidade oferece\u201d, salienta.<\/p>\n\n\n\n<p><\/p>\n\n\n\n<p><strong>Bairro Planaltina<\/strong><\/p>\n\n\n\n<p>Rua Prof\u00aa Lucile Fragoso de Albuquerque<\/p>\n\n\n\n<p>Ter\u00e7a-feira \u2013 8h30 e 15h<\/p>\n\n\n\n<p>Quinta-feira \u2013 8h30 e 15h<\/p>\n\n\n\n<p><strong>Bairro Petr\u00f3polis<\/strong><\/p>\n\n\n\n<p>Avenida Rui Barbosa<\/p>\n\n\n\n<p>Ter\u00e7a-feira \u2013 9h e 16h<\/p>\n\n\n\n<p>Quinta-feira \u2013 9h e 16h<\/p>\n\n\n\n<p><strong>Bairro Cohab Secchi<\/strong><\/p>\n\n\n\n<p>Avenida Zer\ufeffo Hora<\/p>\n\n\n\n<p>Ter\u00e7a-feira \u2013 9h45 e 16h15<\/p>\n\n\n\n<p>Quinta-feira \u2013 9h45 e 16h15<\/p>\n\n\n\n<p><strong>Bairro Nonoai<\/strong><\/p>\n\n\n\n<p>Complexo Esportivo Delmar Sittoni<\/p>\n\n\n\n<p>Ter\u00e7a-feira e s\u00e1bado \u2013 10h<\/p>\n\n\n\n<p>Ter\u00e7a-feira e quinta-feira \u2013 16h<\/p>\n\n\n\n<p><strong>Cidade Nova<\/strong><\/p>\n\n\n\n<p>Av. Dr. \u00c1lvaro Severo de Miranda<\/p>\n\n\n\n<p>Ter\u00e7a-feira e s\u00e1bado &#8211; 9h<\/p>\n\n\n\n<p>Ter\u00e7a-feira e quinta-feira &#8211; 15h<\/p>\n\n\n\n<p><strong>Bairro Edmundo Trein\/Cohab I<\/strong><\/p>\n\n\n\n<p>Avenida do Bar\u00e3o<\/p>\n\n\n\n<p>Segunda-feira &#8211; 10h e 16h<\/p>\n\n\n\n<p>Quarta-feira 10h e 16h<\/p>\n\n\n\n<p><strong>H\u00edpica<\/strong><\/p>\n\n\n\n<p>Rua Alegrete<\/p>\n\n\n\n<p>Ter\u00e7a-feira &#8211; 9h30 e 13h<\/p>\n\n\n\n<p>Quinta-feira &#8211; 9h30 e 13h<\/p>\n\n\n\n<p><strong>Bairro Santa Maria II<\/strong><\/p>\n\n\n\n<p>Rua Ermelindo \ufeffValentin Argenton<\/p>\n\n\n\n<p>Ter\u00e7a-feira \u2013 8h e 17h<\/p>\n\n\n\n<p>Sexta-feira \u2013 8h e 17h<\/p>\n","protected":false},"excerpt":{"rendered":"<p>Projeto chega a oito academias, em diferentes regi\u00f5es. Cada uma oferece aulas supervisionadas semanalmente<\/p>\n","protected":false},"author":6,"featured_media":1441,"comment_status":"closed","ping_status":"closed","sticky":true,"template":"","format":"standard","meta":{"footnotes":""},"categories":[1],"tags":[],"class_list":["post-1440","post","type-post","status-publish","format-standard","has-post-thumbnail","hentry","category-sem-categoria"],"yoast_head":"<!-- This site is optimized with the Yoast SEO plugin v23.8 - https:\/\/yoast.com\/wordpress\/plugins\/seo\/ -->\n<title>Passo Fundo em Movimento: Prefeitura amplia o n\u00famero de academias ao ar livre com educadores f\u00edsicos - Secretaria de Esportes<\/title>\n<meta name=\"robots\" content=\"index, follow, max-snippet:-1, max-image-preview:large, max-video-preview:-1\" \/>\n<link rel=\"canonical\" href=\"https:\/\/www.pmpf.rs.gov.br\/esportes\/2023\/06\/02\/passo-fundo-em-movimento-prefeitura-amplia-o-numero-de-academias-ao-ar-livre-com-educadores-fisicos\/\" \/>\n<meta property=\"og:locale\" content=\"pt_BR\" \/>\n<meta property=\"og:type\" content=\"article\" \/>\n<meta property=\"og:title\" content=\"Passo Fundo em Movimento: Prefeitura amplia o n\u00famero de academias ao ar livre com educadores f\u00edsicos - Secretaria de Esportes\" \/>\n<meta property=\"og:description\" content=\"Projeto chega a oito academias, em diferentes regi\u00f5es. Cada uma oferece aulas supervisionadas semanalmente\" \/>\n<meta property=\"og:url\" content=\"https:\/\/www.pmpf.rs.gov.br\/esportes\/2023\/06\/02\/passo-fundo-em-movimento-prefeitura-amplia-o-numero-de-academias-ao-ar-livre-com-educadores-fisicos\/\" \/>\n<meta property=\"og:site_name\" content=\"Secretaria de Esportes\" \/>\n<meta property=\"article:published_time\" content=\"2023-06-02T13:58:20+00:00\" \/>\n<meta property=\"article:modified_time\" content=\"2023-06-02T13:58:21+00:00\" \/>\n<meta name=\"author\" content=\"andressazorzetto07\" \/>\n<meta name=\"twitter:card\" content=\"summary_large_image\" \/>\n<meta name=\"twitter:label1\" content=\"Escrito por\" \/>\n\t<meta name=\"twitter:data1\" content=\"andressazorzetto07\" \/>\n\t<meta name=\"twitter:label2\" content=\"Est. tempo de leitura\" \/>\n\t<meta name=\"twitter:data2\" content=\"2 minutos\" \/>\n<script type=\"application\/ld+json\" class=\"yoast-schema-graph\">{\"@context\":\"https:\/\/schema.org\",\"@graph\":[{\"@type\":\"WebPage\",\"@id\":\"https:\/\/www.pmpf.rs.gov.br\/esportes\/2023\/06\/02\/passo-fundo-em-movimento-prefeitura-amplia-o-numero-de-academias-ao-ar-livre-com-educadores-fisicos\/\",\"url\":\"https:\/\/www.pmpf.rs.gov.br\/esportes\/2023\/06\/02\/passo-fundo-em-movimento-prefeitura-amplia-o-numero-de-academias-ao-ar-livre-com-educadores-fisicos\/\",\"name\":\"Passo Fundo em Movimento: Prefeitura amplia o n\u00famero de academias ao ar livre com educadores f\u00edsicos - Secretaria de Esportes\",\"isPartOf\":{\"@id\":\"https:\/\/www.pmpf.rs.gov.br\/esportes\/#website\"},\"primaryImageOfPage\":{\"@id\":\"https:\/\/www.pmpf.rs.gov.br\/esportes\/2023\/06\/02\/passo-fundo-em-movimento-prefeitura-amplia-o-numero-de-academias-ao-ar-livre-com-educadores-fisicos\/#primaryimage\"},\"image\":{\"@id\":\"https:\/\/www.pmpf.rs.gov.br\/esportes\/2023\/06\/02\/passo-fundo-em-movimento-prefeitura-amplia-o-numero-de-academias-ao-ar-livre-com-educadores-fisicos\/#primaryimage\"},\"thumbnailUrl\":\"https:\/\/www.pmpf.rs.gov.br\/esportes\/wp-content\/uploads\/sites\/44\/2023\/06\/academias-ao-ar-livre.jpeg\",\"datePublished\":\"2023-06-02T13:58:20+00:00\",\"dateModified\":\"2023-06-02T13:58:21+00:00\",\"author\":{\"@id\":\"https:\/\/www.pmpf.rs.gov.br\/esportes\/#\/schema\/person\/30ee1d1bd74da1469b01fcf086e43351\"},\"inLanguage\":\"pt-BR\",\"potentialAction\":[{\"@type\":\"ReadAction\",\"target\":[\"https:\/\/www.pmpf.rs.gov.br\/esportes\/2023\/06\/02\/passo-fundo-em-movimento-prefeitura-amplia-o-numero-de-academias-ao-ar-livre-com-educadores-fisicos\/\"]}]},{\"@type\":\"ImageObject\",\"inLanguage\":\"pt-BR\",\"@id\":\"https:\/\/www.pmpf.rs.gov.br\/esportes\/2023\/06\/02\/passo-fundo-em-movimento-prefeitura-amplia-o-numero-de-academias-ao-ar-livre-com-educadores-fisicos\/#primaryimage\",\"url\":\"https:\/\/www.pmpf.rs.gov.br\/esportes\/wp-content\/uploads\/sites\/44\/2023\/06\/academias-ao-ar-livre.jpeg\",\"contentUrl\":\"https:\/\/www.pmpf.rs.gov.br\/esportes\/wp-content\/uploads\/sites\/44\/2023\/06\/academias-ao-ar-livre.jpeg\",\"width\":1280,\"height\":960},{\"@type\":\"WebSite\",\"@id\":\"https:\/\/www.pmpf.rs.gov.br\/esportes\/#website\",\"url\":\"https:\/\/www.pmpf.rs.gov.br\/esportes\/\",\"name\":\"Secretaria de Esportes\",\"description\":\"Site Secretaria de Esporte da Prefeitura de Passo Fundo\",\"potentialAction\":[{\"@type\":\"SearchAction\",\"target\":{\"@type\":\"EntryPoint\",\"urlTemplate\":\"https:\/\/www.pmpf.rs.gov.br\/esportes\/?s={search_term_string}\"},\"query-input\":{\"@type\":\"PropertyValueSpecification\",\"valueRequired\":true,\"valueName\":\"search_term_string\"}}],\"inLanguage\":\"pt-BR\"},{\"@type\":\"Person\",\"@id\":\"https:\/\/www.pmpf.rs.gov.br\/esportes\/#\/schema\/person\/30ee1d1bd74da1469b01fcf086e43351\",\"name\":\"andressazorzetto07\",\"image\":{\"@type\":\"ImageObject\",\"inLanguage\":\"pt-BR\",\"@id\":\"https:\/\/www.pmpf.rs.gov.br\/esportes\/#\/schema\/person\/image\/\",\"url\":\"https:\/\/secure.gravatar.com\/avatar\/14c5458ed79dc81da99a13b9ff5f9f19?s=96&d=mm&r=g\",\"contentUrl\":\"https:\/\/secure.gravatar.com\/avatar\/14c5458ed79dc81da99a13b9ff5f9f19?s=96&d=mm&r=g\",\"caption\":\"andressazorzetto07\"},\"url\":\"https:\/\/www.pmpf.rs.gov.br\/esportes\/author\/andressazorzetto07\/\"}]}<\/script>\n<!-- \/ Yoast SEO plugin. -->","yoast_head_json":{"title":"Passo Fundo em Movimento: Prefeitura amplia o n\u00famero de academias ao ar livre com educadores f\u00edsicos - Secretaria de Esportes","robots":{"index":"index","follow":"follow","max-snippet":"max-snippet:-1","max-image-preview":"max-image-preview:large","max-video-preview":"max-video-preview:-1"},"canonical":"https:\/\/www.pmpf.rs.gov.br\/esportes\/2023\/06\/02\/passo-fundo-em-movimento-prefeitura-amplia-o-numero-de-academias-ao-ar-livre-com-educadores-fisicos\/","og_locale":"pt_BR","og_type":"article","og_title":"Passo Fundo em Movimento: Prefeitura amplia o n\u00famero de academias ao ar livre com educadores f\u00edsicos - Secretaria de Esportes","og_description":"Projeto chega a oito academias, em diferentes regi\u00f5es. Cada uma oferece aulas supervisionadas semanalmente","og_url":"https:\/\/www.pmpf.rs.gov.br\/esportes\/2023\/06\/02\/passo-fundo-em-movimento-prefeitura-amplia-o-numero-de-academias-ao-ar-livre-com-educadores-fisicos\/","og_site_name":"Secretaria de Esportes","article_published_time":"2023-06-02T13:58:20+00:00","article_modified_time":"2023-06-02T13:58:21+00:00","author":"andressazorzetto07","twitter_card":"summary_large_image","twitter_misc":{"Escrito por":"andressazorzetto07","Est. tempo de leitura":"2 minutos"},"schema":{"@context":"https:\/\/schema.org","@graph":[{"@type":"WebPage","@id":"https:\/\/www.pmpf.rs.gov.br\/esportes\/2023\/06\/02\/passo-fundo-em-movimento-prefeitura-amplia-o-numero-de-academias-ao-ar-livre-com-educadores-fisicos\/","url":"https:\/\/www.pmpf.rs.gov.br\/esportes\/2023\/06\/02\/passo-fundo-em-movimento-prefeitura-amplia-o-numero-de-academias-ao-ar-livre-com-educadores-fisicos\/","name":"Passo Fundo em Movimento: Prefeitura amplia o n\u00famero de academias ao ar livre com educadores f\u00edsicos - Secretaria de Esportes","isPartOf":{"@id":"https:\/\/www.pmpf.rs.gov.br\/esportes\/#website"},"primaryImageOfPage":{"@id":"https:\/\/www.pmpf.rs.gov.br\/esportes\/2023\/06\/02\/passo-fundo-em-movimento-prefeitura-amplia-o-numero-de-academias-ao-ar-livre-com-educadores-fisicos\/#primaryimage"},"image":{"@id":"https:\/\/www.pmpf.rs.gov.br\/esportes\/2023\/06\/02\/passo-fundo-em-movimento-prefeitura-amplia-o-numero-de-academias-ao-ar-livre-com-educadores-fisicos\/#primaryimage"},"thumbnailUrl":"https:\/\/www.pmpf.rs.gov.br\/esportes\/wp-content\/uploads\/sites\/44\/2023\/06\/academias-ao-ar-livre.jpeg","datePublished":"2023-06-02T13:58:20+00:00","dateModified":"2023-06-02T13:58:21+00:00","author":{"@id":"https:\/\/www.pmpf.rs.gov.br\/esportes\/#\/schema\/person\/30ee1d1bd74da1469b01fcf086e43351"},"inLanguage":"pt-BR","potentialAction":[{"@type":"ReadAction","target":["https:\/\/www.pmpf.rs.gov.br\/esportes\/2023\/06\/02\/passo-fundo-em-movimento-prefeitura-amplia-o-numero-de-academias-ao-ar-livre-com-educadores-fisicos\/"]}]},{"@type":"ImageObject","inLanguage":"pt-BR","@id":"https:\/\/www.pmpf.rs.gov.br\/esportes\/2023\/06\/02\/passo-fundo-em-movimento-prefeitura-amplia-o-numero-de-academias-ao-ar-livre-com-educadores-fisicos\/#primaryimage","url":"https:\/\/www.pmpf.rs.gov.br\/esportes\/wp-content\/uploads\/sites\/44\/2023\/06\/academias-ao-ar-livre.jpeg","contentUrl":"https:\/\/www.pmpf.rs.gov.br\/esportes\/wp-content\/uploads\/sites\/44\/2023\/06\/academias-ao-ar-livre.jpeg","width":1280,"height":960},{"@type":"WebSite","@id":"https:\/\/www.pmpf.rs.gov.br\/esportes\/#website","url":"https:\/\/www.pmpf.rs.gov.br\/esportes\/","name":"Secretaria de Esportes","description":"Site Secretaria de Esporte da Prefeitura de Passo Fundo","potentialAction":[{"@type":"SearchAction","target":{"@type":"EntryPoint","urlTemplate":"https:\/\/www.pmpf.rs.gov.br\/esportes\/?s={search_term_string}"},"query-input":{"@type":"PropertyValueSpecification","valueRequired":true,"valueName":"search_term_string"}}],"inLanguage":"pt-BR"},{"@type":"Person","@id":"https:\/\/www.pmpf.rs.gov.br\/esportes\/#\/schema\/person\/30ee1d1bd74da1469b01fcf086e43351","name":"andressazorzetto07","image":{"@type":"ImageObject","inLanguage":"pt-BR","@id":"https:\/\/www.pmpf.rs.gov.br\/esportes\/#\/schema\/person\/image\/","url":"https:\/\/secure.gravatar.com\/avatar\/14c5458ed79dc81da99a13b9ff5f9f19?s=96&d=mm&r=g","contentUrl":"https:\/\/secure.gravatar.com\/avatar\/14c5458ed79dc81da99a13b9ff5f9f19?s=96&d=mm&r=g","caption":"andressazorzetto07"},"url":"https:\/\/www.pmpf.rs.gov.br\/esportes\/author\/andressazorzetto07\/"}]}},"_links":{"self":[{"href":"https:\/\/www.pmpf.rs.gov.br\/esportes\/wp-json\/wp\/v2\/posts\/1440"}],"collection":[{"href":"https:\/\/www.pmpf.rs.gov.br\/esportes\/wp-json\/wp\/v2\/posts"}],"about":[{"href":"https:\/\/www.pmpf.rs.gov.br\/esportes\/wp-json\/wp\/v2\/types\/post"}],"author":[{"embeddable":true,"href":"https:\/\/www.pmpf.rs.gov.br\/esportes\/wp-json\/wp\/v2\/users\/6"}],"replies":[{"embeddable":true,"href":"https:\/\/www.pmpf.rs.gov.br\/esportes\/wp-json\/wp\/v2\/comments?post=1440"}],"version-history":[{"count":1,"href":"https:\/\/www.pmpf.rs.gov.br\/esportes\/wp-json\/wp\/v2\/posts\/1440\/revisions"}],"predecessor-version":[{"id":1442,"href":"https:\/\/www.pmpf.rs.gov.br\/esportes\/wp-json\/wp\/v2\/posts\/1440\/revisions\/1442"}],"wp:featuredmedia":[{"embeddable":true,"href":"https:\/\/www.pmpf.rs.gov.br\/esportes\/wp-json\/wp\/v2\/media\/1441"}],"wp:attachment":[{"href":"https:\/\/www.pmpf.rs.gov.br\/esportes\/wp-json\/wp\/v2\/media?parent=1440"}],"wp:term":[{"taxonomy":"category","embeddable":true,"href":"https:\/\/www.pmpf.rs.gov.br\/esportes\/wp-json\/wp\/v2\/categories?post=1440"},{"taxonomy":"post_tag","embeddable":true,"href":"https:\/\/www.pmpf.rs.gov.br\/esportes\/wp-json\/wp\/v2\/tags?post=1440"}],"curies":[{"name":"wp","href":"https:\/\/api.w.org\/{rel}","templated":true}]}}