{"id":1347,"date":"2023-05-23T15:49:47","date_gmt":"2023-05-23T18:49:47","guid":{"rendered":"https:\/\/www.pmpf.rs.gov.br\/esportes\/?p=1347"},"modified":"2023-05-23T15:49:48","modified_gmt":"2023-05-23T18:49:48","slug":"prefeito-pedro-almeida-abre-a-4a-edicao-dos-jogos-de-integracao-da-rede-municipal-de-ensino","status":"publish","type":"post","link":"https:\/\/www.pmpf.rs.gov.br\/esportes\/2023\/05\/23\/prefeito-pedro-almeida-abre-a-4a-edicao-dos-jogos-de-integracao-da-rede-municipal-de-ensino\/","title":{"rendered":"Prefeito Pedro Almeida abre a 4\u00aa edi\u00e7\u00e3o dos Jogos de Integra\u00e7\u00e3o da Rede Municipal de Ensino"},"content":{"rendered":"\n<p><\/p>\n\n\n\n<p><\/p>\n\n\n\n<p>A Prefeitura de Passo Fundo realizar\u00e1, entre os meses de maio e julho, a 4\u00aa edi\u00e7\u00e3o dos Jogos de Integra\u00e7\u00e3o da Rede Municipal de Ensino. O lan\u00e7amento do campeonato foi feito pelo prefeito Pedro Almeida na manh\u00e3 desta ter\u00e7a-feira (23), no Centro de Esporte e Lazer Fredolino Chimango, que vai concentrar in\u00fameros jogos da competi\u00e7\u00e3o.<\/p>\n\n\n\n<p>O prefeito destacou que a competi\u00e7\u00e3o ter\u00e1 como principais objetivos incentivar o esporte, unir as escolas e promover a ocupa\u00e7\u00e3o de um dos mais importantes equipamentos p\u00fablicos de Passo Fundo para a \u00e1rea, que \u00e9 o Fredolino Chimango. \u201cO esporte de Passo Fundo vive um \u00f3timo momento com v\u00e1rias a\u00e7\u00f5es que estimulam as pessoas e valorizam os atletas. Inauguramos esse complexo esportivo na semana passada e, agora, durante a Semana Municipal do Esporte, temos a alegria de anunciar a retomada desses jogos\u201d, disse.<\/p>\n\n\n\n<p>A competi\u00e7\u00e3o envolver\u00e1 seis modalidades: Atletismo, Basquetebol 3&#215;3, Futsal, Handebol, Voleibol e Xadrez. Poder\u00e3o participar os alunos e as alunas da rede municipal que nasceram entre os anos 2008 e 2012, divididos nas categorias infantil e mirim. Cada escola \u00e9 respons\u00e1vel por compor e inscrever as suas equipes.<\/p>\n\n\n\n<p>Para o secret\u00e1rio de Educa\u00e7\u00e3o, Adriano Canabarro Teixeira, \u00e9 muito importante que as institui\u00e7\u00f5es participem de eventos como esse. \u201cAprende mais quem tem mais sa\u00fade f\u00edsica, cuida melhor do seu corpo, sabe conviver melhor com os outros e com disciplina. \u00c9 isso que o esporte oferece\u201d, defendeu.<\/p>\n\n\n\n<p>O lan\u00e7amento da competi\u00e7\u00e3o foi feito com a presen\u00e7a de 13 escolas municipais, da cidade e do interior. O secret\u00e1rio de Esporte, Gilberto Bellaver, deu as boas-vindas aos estudantes e reafirmou o papel do esporte nas transforma\u00e7\u00f5es sociais. \u201cPodemos mudar a vida das pessoas atrav\u00e9s de v\u00e1rias \u00e1reas e com a\u00e7\u00f5es articuladas, como estamos fazendo aqui. Bernardinho diz que vontade de se preparar tem que ser muito maior que a vontade de vencer. Vencer vai fazer parte da prepara\u00e7\u00e3o. Preparem-se para os jogos da melhor forma que puderem, com as condi\u00e7\u00f5es que tiverem. Mas, acima disso, vejam que essa \u00e9 uma oportunidade de integra\u00e7\u00e3o\u201d, disse.<\/p>\n\n\n\n<p><strong>Foto: Michel Sanderi<\/strong><\/p>\n","protected":false},"excerpt":{"rendered":"<p>A competi\u00e7\u00e3o envolver\u00e1 os alunos da rede em seis modalidades: Atletismo, Basquetebol 3&#215;3, Futsal, Handebol, Voleibol e Xadrez. Os jogos ser\u00e3o realizados nas escolas e no Centro de Esporte e Lazer Fredolino Chimango<\/p>\n","protected":false},"author":6,"featured_media":1348,"comment_status":"closed","ping_status":"closed","sticky":true,"template":"","format":"standard","meta":{"footnotes":""},"categories":[1],"tags":[],"class_list":["post-1347","post","type-post","status-publish","format-standard","has-post-thumbnail","hentry","category-sem-categoria"],"yoast_head":"<!-- This site is optimized with the Yoast SEO plugin v23.8 - https:\/\/yoast.com\/wordpress\/plugins\/seo\/ -->\n<title>Prefeito Pedro Almeida abre a 4\u00aa edi\u00e7\u00e3o dos Jogos de Integra\u00e7\u00e3o da Rede Municipal de Ensino - Secretaria de Esportes<\/title>\n<meta name=\"robots\" content=\"index, follow, max-snippet:-1, max-image-preview:large, max-video-preview:-1\" \/>\n<link rel=\"canonical\" href=\"https:\/\/www.pmpf.rs.gov.br\/esportes\/2023\/05\/23\/prefeito-pedro-almeida-abre-a-4a-edicao-dos-jogos-de-integracao-da-rede-municipal-de-ensino\/\" \/>\n<meta property=\"og:locale\" content=\"pt_BR\" \/>\n<meta property=\"og:type\" content=\"article\" \/>\n<meta property=\"og:title\" content=\"Prefeito Pedro Almeida abre a 4\u00aa edi\u00e7\u00e3o dos Jogos de Integra\u00e7\u00e3o da Rede Municipal de Ensino - Secretaria de Esportes\" \/>\n<meta property=\"og:description\" content=\"A competi\u00e7\u00e3o envolver\u00e1 os alunos da rede em seis modalidades: Atletismo, Basquetebol 3x3, Futsal, Handebol, Voleibol e Xadrez. Os jogos ser\u00e3o realizados nas escolas e no Centro de Esporte e Lazer Fredolino Chimango\" \/>\n<meta property=\"og:url\" content=\"https:\/\/www.pmpf.rs.gov.br\/esportes\/2023\/05\/23\/prefeito-pedro-almeida-abre-a-4a-edicao-dos-jogos-de-integracao-da-rede-municipal-de-ensino\/\" \/>\n<meta property=\"og:site_name\" content=\"Secretaria de Esportes\" \/>\n<meta property=\"article:published_time\" content=\"2023-05-23T18:49:47+00:00\" \/>\n<meta property=\"article:modified_time\" content=\"2023-05-23T18:49:48+00:00\" \/>\n<meta name=\"author\" content=\"andressazorzetto07\" \/>\n<meta name=\"twitter:card\" content=\"summary_large_image\" \/>\n<meta name=\"twitter:label1\" content=\"Escrito por\" \/>\n\t<meta name=\"twitter:data1\" content=\"andressazorzetto07\" \/>\n\t<meta name=\"twitter:label2\" content=\"Est. tempo de leitura\" \/>\n\t<meta name=\"twitter:data2\" content=\"2 minutos\" \/>\n<script type=\"application\/ld+json\" class=\"yoast-schema-graph\">{\"@context\":\"https:\/\/schema.org\",\"@graph\":[{\"@type\":\"WebPage\",\"@id\":\"https:\/\/www.pmpf.rs.gov.br\/esportes\/2023\/05\/23\/prefeito-pedro-almeida-abre-a-4a-edicao-dos-jogos-de-integracao-da-rede-municipal-de-ensino\/\",\"url\":\"https:\/\/www.pmpf.rs.gov.br\/esportes\/2023\/05\/23\/prefeito-pedro-almeida-abre-a-4a-edicao-dos-jogos-de-integracao-da-rede-municipal-de-ensino\/\",\"name\":\"Prefeito Pedro Almeida abre a 4\u00aa edi\u00e7\u00e3o dos Jogos de Integra\u00e7\u00e3o da Rede Municipal de Ensino - Secretaria de Esportes\",\"isPartOf\":{\"@id\":\"https:\/\/www.pmpf.rs.gov.br\/esportes\/#website\"},\"primaryImageOfPage\":{\"@id\":\"https:\/\/www.pmpf.rs.gov.br\/esportes\/2023\/05\/23\/prefeito-pedro-almeida-abre-a-4a-edicao-dos-jogos-de-integracao-da-rede-municipal-de-ensino\/#primaryimage\"},\"image\":{\"@id\":\"https:\/\/www.pmpf.rs.gov.br\/esportes\/2023\/05\/23\/prefeito-pedro-almeida-abre-a-4a-edicao-dos-jogos-de-integracao-da-rede-municipal-de-ensino\/#primaryimage\"},\"thumbnailUrl\":\"https:\/\/www.pmpf.rs.gov.br\/esportes\/wp-content\/uploads\/sites\/44\/2023\/05\/jogos-escolares.jpeg\",\"datePublished\":\"2023-05-23T18:49:47+00:00\",\"dateModified\":\"2023-05-23T18:49:48+00:00\",\"author\":{\"@id\":\"https:\/\/www.pmpf.rs.gov.br\/esportes\/#\/schema\/person\/30ee1d1bd74da1469b01fcf086e43351\"},\"inLanguage\":\"pt-BR\",\"potentialAction\":[{\"@type\":\"ReadAction\",\"target\":[\"https:\/\/www.pmpf.rs.gov.br\/esportes\/2023\/05\/23\/prefeito-pedro-almeida-abre-a-4a-edicao-dos-jogos-de-integracao-da-rede-municipal-de-ensino\/\"]}]},{\"@type\":\"ImageObject\",\"inLanguage\":\"pt-BR\",\"@id\":\"https:\/\/www.pmpf.rs.gov.br\/esportes\/2023\/05\/23\/prefeito-pedro-almeida-abre-a-4a-edicao-dos-jogos-de-integracao-da-rede-municipal-de-ensino\/#primaryimage\",\"url\":\"https:\/\/www.pmpf.rs.gov.br\/esportes\/wp-content\/uploads\/sites\/44\/2023\/05\/jogos-escolares.jpeg\",\"contentUrl\":\"https:\/\/www.pmpf.rs.gov.br\/esportes\/wp-content\/uploads\/sites\/44\/2023\/05\/jogos-escolares.jpeg\",\"width\":1600,\"height\":1066},{\"@type\":\"WebSite\",\"@id\":\"https:\/\/www.pmpf.rs.gov.br\/esportes\/#website\",\"url\":\"https:\/\/www.pmpf.rs.gov.br\/esportes\/\",\"name\":\"Secretaria de Esportes\",\"description\":\"Site Secretaria de Esporte da Prefeitura de Passo Fundo\",\"potentialAction\":[{\"@type\":\"SearchAction\",\"target\":{\"@type\":\"EntryPoint\",\"urlTemplate\":\"https:\/\/www.pmpf.rs.gov.br\/esportes\/?s={search_term_string}\"},\"query-input\":{\"@type\":\"PropertyValueSpecification\",\"valueRequired\":true,\"valueName\":\"search_term_string\"}}],\"inLanguage\":\"pt-BR\"},{\"@type\":\"Person\",\"@id\":\"https:\/\/www.pmpf.rs.gov.br\/esportes\/#\/schema\/person\/30ee1d1bd74da1469b01fcf086e43351\",\"name\":\"andressazorzetto07\",\"image\":{\"@type\":\"ImageObject\",\"inLanguage\":\"pt-BR\",\"@id\":\"https:\/\/www.pmpf.rs.gov.br\/esportes\/#\/schema\/person\/image\/\",\"url\":\"https:\/\/secure.gravatar.com\/avatar\/14c5458ed79dc81da99a13b9ff5f9f19?s=96&d=mm&r=g\",\"contentUrl\":\"https:\/\/secure.gravatar.com\/avatar\/14c5458ed79dc81da99a13b9ff5f9f19?s=96&d=mm&r=g\",\"caption\":\"andressazorzetto07\"},\"url\":\"https:\/\/www.pmpf.rs.gov.br\/esportes\/author\/andressazorzetto07\/\"}]}<\/script>\n<!-- \/ Yoast SEO plugin. -->","yoast_head_json":{"title":"Prefeito Pedro Almeida abre a 4\u00aa edi\u00e7\u00e3o dos Jogos de Integra\u00e7\u00e3o da Rede Municipal de Ensino - Secretaria de Esportes","robots":{"index":"index","follow":"follow","max-snippet":"max-snippet:-1","max-image-preview":"max-image-preview:large","max-video-preview":"max-video-preview:-1"},"canonical":"https:\/\/www.pmpf.rs.gov.br\/esportes\/2023\/05\/23\/prefeito-pedro-almeida-abre-a-4a-edicao-dos-jogos-de-integracao-da-rede-municipal-de-ensino\/","og_locale":"pt_BR","og_type":"article","og_title":"Prefeito Pedro Almeida abre a 4\u00aa edi\u00e7\u00e3o dos Jogos de Integra\u00e7\u00e3o da Rede Municipal de Ensino - Secretaria de Esportes","og_description":"A competi\u00e7\u00e3o envolver\u00e1 os alunos da rede em seis modalidades: Atletismo, Basquetebol 3x3, Futsal, Handebol, Voleibol e Xadrez. Os jogos ser\u00e3o realizados nas escolas e no Centro de Esporte e Lazer Fredolino Chimango","og_url":"https:\/\/www.pmpf.rs.gov.br\/esportes\/2023\/05\/23\/prefeito-pedro-almeida-abre-a-4a-edicao-dos-jogos-de-integracao-da-rede-municipal-de-ensino\/","og_site_name":"Secretaria de Esportes","article_published_time":"2023-05-23T18:49:47+00:00","article_modified_time":"2023-05-23T18:49:48+00:00","author":"andressazorzetto07","twitter_card":"summary_large_image","twitter_misc":{"Escrito por":"andressazorzetto07","Est. tempo de leitura":"2 minutos"},"schema":{"@context":"https:\/\/schema.org","@graph":[{"@type":"WebPage","@id":"https:\/\/www.pmpf.rs.gov.br\/esportes\/2023\/05\/23\/prefeito-pedro-almeida-abre-a-4a-edicao-dos-jogos-de-integracao-da-rede-municipal-de-ensino\/","url":"https:\/\/www.pmpf.rs.gov.br\/esportes\/2023\/05\/23\/prefeito-pedro-almeida-abre-a-4a-edicao-dos-jogos-de-integracao-da-rede-municipal-de-ensino\/","name":"Prefeito Pedro Almeida abre a 4\u00aa edi\u00e7\u00e3o dos Jogos de Integra\u00e7\u00e3o da Rede Municipal de Ensino - Secretaria de Esportes","isPartOf":{"@id":"https:\/\/www.pmpf.rs.gov.br\/esportes\/#website"},"primaryImageOfPage":{"@id":"https:\/\/www.pmpf.rs.gov.br\/esportes\/2023\/05\/23\/prefeito-pedro-almeida-abre-a-4a-edicao-dos-jogos-de-integracao-da-rede-municipal-de-ensino\/#primaryimage"},"image":{"@id":"https:\/\/www.pmpf.rs.gov.br\/esportes\/2023\/05\/23\/prefeito-pedro-almeida-abre-a-4a-edicao-dos-jogos-de-integracao-da-rede-municipal-de-ensino\/#primaryimage"},"thumbnailUrl":"https:\/\/www.pmpf.rs.gov.br\/esportes\/wp-content\/uploads\/sites\/44\/2023\/05\/jogos-escolares.jpeg","datePublished":"2023-05-23T18:49:47+00:00","dateModified":"2023-05-23T18:49:48+00:00","author":{"@id":"https:\/\/www.pmpf.rs.gov.br\/esportes\/#\/schema\/person\/30ee1d1bd74da1469b01fcf086e43351"},"inLanguage":"pt-BR","potentialAction":[{"@type":"ReadAction","target":["https:\/\/www.pmpf.rs.gov.br\/esportes\/2023\/05\/23\/prefeito-pedro-almeida-abre-a-4a-edicao-dos-jogos-de-integracao-da-rede-municipal-de-ensino\/"]}]},{"@type":"ImageObject","inLanguage":"pt-BR","@id":"https:\/\/www.pmpf.rs.gov.br\/esportes\/2023\/05\/23\/prefeito-pedro-almeida-abre-a-4a-edicao-dos-jogos-de-integracao-da-rede-municipal-de-ensino\/#primaryimage","url":"https:\/\/www.pmpf.rs.gov.br\/esportes\/wp-content\/uploads\/sites\/44\/2023\/05\/jogos-escolares.jpeg","contentUrl":"https:\/\/www.pmpf.rs.gov.br\/esportes\/wp-content\/uploads\/sites\/44\/2023\/05\/jogos-escolares.jpeg","width":1600,"height":1066},{"@type":"WebSite","@id":"https:\/\/www.pmpf.rs.gov.br\/esportes\/#website","url":"https:\/\/www.pmpf.rs.gov.br\/esportes\/","name":"Secretaria de Esportes","description":"Site Secretaria de Esporte da Prefeitura de Passo Fundo","potentialAction":[{"@type":"SearchAction","target":{"@type":"EntryPoint","urlTemplate":"https:\/\/www.pmpf.rs.gov.br\/esportes\/?s={search_term_string}"},"query-input":{"@type":"PropertyValueSpecification","valueRequired":true,"valueName":"search_term_string"}}],"inLanguage":"pt-BR"},{"@type":"Person","@id":"https:\/\/www.pmpf.rs.gov.br\/esportes\/#\/schema\/person\/30ee1d1bd74da1469b01fcf086e43351","name":"andressazorzetto07","image":{"@type":"ImageObject","inLanguage":"pt-BR","@id":"https:\/\/www.pmpf.rs.gov.br\/esportes\/#\/schema\/person\/image\/","url":"https:\/\/secure.gravatar.com\/avatar\/14c5458ed79dc81da99a13b9ff5f9f19?s=96&d=mm&r=g","contentUrl":"https:\/\/secure.gravatar.com\/avatar\/14c5458ed79dc81da99a13b9ff5f9f19?s=96&d=mm&r=g","caption":"andressazorzetto07"},"url":"https:\/\/www.pmpf.rs.gov.br\/esportes\/author\/andressazorzetto07\/"}]}},"_links":{"self":[{"href":"https:\/\/www.pmpf.rs.gov.br\/esportes\/wp-json\/wp\/v2\/posts\/1347"}],"collection":[{"href":"https:\/\/www.pmpf.rs.gov.br\/esportes\/wp-json\/wp\/v2\/posts"}],"about":[{"href":"https:\/\/www.pmpf.rs.gov.br\/esportes\/wp-json\/wp\/v2\/types\/post"}],"author":[{"embeddable":true,"href":"https:\/\/www.pmpf.rs.gov.br\/esportes\/wp-json\/wp\/v2\/users\/6"}],"replies":[{"embeddable":true,"href":"https:\/\/www.pmpf.rs.gov.br\/esportes\/wp-json\/wp\/v2\/comments?post=1347"}],"version-history":[{"count":1,"href":"https:\/\/www.pmpf.rs.gov.br\/esportes\/wp-json\/wp\/v2\/posts\/1347\/revisions"}],"predecessor-version":[{"id":1349,"href":"https:\/\/www.pmpf.rs.gov.br\/esportes\/wp-json\/wp\/v2\/posts\/1347\/revisions\/1349"}],"wp:featuredmedia":[{"embeddable":true,"href":"https:\/\/www.pmpf.rs.gov.br\/esportes\/wp-json\/wp\/v2\/media\/1348"}],"wp:attachment":[{"href":"https:\/\/www.pmpf.rs.gov.br\/esportes\/wp-json\/wp\/v2\/media?parent=1347"}],"wp:term":[{"taxonomy":"category","embeddable":true,"href":"https:\/\/www.pmpf.rs.gov.br\/esportes\/wp-json\/wp\/v2\/categories?post=1347"},{"taxonomy":"post_tag","embeddable":true,"href":"https:\/\/www.pmpf.rs.gov.br\/esportes\/wp-json\/wp\/v2\/tags?post=1347"}],"curies":[{"name":"wp","href":"https:\/\/api.w.org\/{rel}","templated":true}]}}