{"id":1335,"date":"2023-05-19T15:25:05","date_gmt":"2023-05-19T18:25:05","guid":{"rendered":"https:\/\/www.pmpf.rs.gov.br\/esportes\/?p=1335"},"modified":"2023-05-19T15:25:06","modified_gmt":"2023-05-19T18:25:06","slug":"semana-municipal-do-esporte-iniciara-neste-sabado","status":"publish","type":"post","link":"https:\/\/www.pmpf.rs.gov.br\/esportes\/2023\/05\/19\/semana-municipal-do-esporte-iniciara-neste-sabado\/","title":{"rendered":"Semana Municipal do Esporte iniciar\u00e1 neste s\u00e1bado"},"content":{"rendered":"\n<p><br>A Semana Municipal do Esporte ter\u00e1 in\u00edcio neste s\u00e1bado (20). At\u00e9 o dia 28 de maio, a Prefeitura realizar\u00e1 uma s\u00e9rie de jogos e atividades abertas \u00e0 comunidade, que movimentar\u00e3o a cidade e incentivar\u00e3o o esporte.<\/p>\n\n\n\n<p>De acordo com o prefeito Pedro Almeida, as a\u00e7\u00f5es se unem ao objetivo de que a comunidade participe mais da cidade. \u201cEstamos trazendo muitas novidades a fim de que as pessoas estejam mais inseridas dentro do que acontece em Passo Fundo, tamb\u00e9m as aproximando da Prefeitura. Teremos atividades em muitos espa\u00e7os, inclusive, no Centro de Esporte e Lazer Fredolino Chimango, que entregamos nessa quinta-feira\u201d, afirma.<\/p>\n\n\n\n<p>Durante a Semana do Esporte, ser\u00e3o promovidos campeonatos, jogos amistosos, encontro da Rua do Lazer, aulas do Passo Fundo em Movimento e corrida de rua, como destaca o secret\u00e1rio da pasta, Gilberto Bellaver. \u201cPreparamos um cronograma que re\u00fane atividades que j\u00e1 eram realizadas pela Prefeitura a muitas ideias novas para envolver os passo-fundenses. O Esporte tamb\u00e9m representa mais sa\u00fade e qualidade de vida. Quando propomos iniciativas nesta \u00e1rea, estamos pensando nos benef\u00edcios que elas v\u00e3o trazer para a cidade\u201d, menciona.<\/p>\n\n\n\n<p><\/p>\n\n\n\n<p><strong><em>20\/05 (s\u00e1bado)<\/em><\/strong><br>Rua do Lazer<br>Pra\u00e7a Capit\u00e3o Jovino (Santa Terezinha)<br>13h30 \u00e0s 17h<\/p>\n\n\n\n<p><em><strong>21\/05 (domingo)<\/strong><\/em><br>Copa Passo Fundo De Voleibol Feminino &#8211; Trof\u00e9u Renato Justi<br>IE<br>9h<\/p>\n\n\n\n<p><strong><em>23\/05 (ter\u00e7a-feira)<\/em><\/strong><br>Abertura Jogos de Integra\u00e7\u00e3o da Rede Municipal de Ensino<br>Centro de Esporte e Lazer Fredolino Chimango<br>10h<\/p>\n\n\n\n<p>Jogo 1 Copa Internacional de Voleibol Masculino &#8211; Col\u00f4mbia X Argentina<br>Arena Clube Comercial<br>19h30<\/p>\n\n\n\n<p><em><strong>24\/05 (quarta-feira)<\/strong><\/em><br>Jogo 2 Copa Internacional de Voleibol Masculino Brasil x Argentina<br>Arena Clube Comercial<br>19h30<\/p>\n\n\n\n<p><em><strong>25\/05 (quinta-feira)<br><\/strong><\/em>Aula inaugural EMFUT<br>Centro de Esporte e Lazer Fredolino Chimango<br>14h<\/p>\n\n\n\n<p>Jogo Amistoso Passo Fundo Futsal Sub 20 x Boca JR. Adulto<br>IE<br>19h30<\/p>\n\n\n\n<p><em><strong>26\/05 (sexta-feira)<\/strong><\/em><br>Jogos Integra\u00e7\u00e3o &#8211; Basquete 3&#215;3<br>Centro de Esporte e Lazer Fredolino Chimango<br>8h30<\/p>\n\n\n\n<p>Noite Esportiva<br>Centro de Esporte e Lazer Fredolino Chimango<\/p>\n\n\n\n<p>Futebol 7<br>Prefeito\/Secret\u00e1rios x Imprensa<br>19h<\/p>\n\n\n\n<p>SC Ga\u00facho x ECPF sub 15<br>19h40<\/p>\n\n\n\n<p>C\u00e2mara de Vereadores x Convidados<br>20h20<\/p>\n\n\n\n<p>Basquete 3&#215;3<\/p>\n\n\n\n<p>V\u00f4lei de Praia<\/p>\n\n\n\n<p>Encontro Oficina de Corrida com a APA<\/p>\n\n\n\n<p><em><strong>27\/05 (s\u00e1bado)<\/strong><\/em><\/p>\n\n\n\n<p>Entrega dos chips para o Circuito Municipal de Corridas de Rua<br>Secretaria Municipal de Esporte<br>A partir das 10h<\/p>\n\n\n\n<p>Corrida Kids<br>Centro de Esporte e Lazer Fredolino Chimango<br>15h<\/p>\n\n\n\n<p>Aul\u00e3o especial do Passo Fundo em Movimento<br>Centro de Esporte e Lazer Fredolino Chimango<br>16h<\/p>\n\n\n\n<p><strong><em>28\/05 (domingo)<\/em><\/strong><br>Circuito Municipal de Corridas de Rua &#8211; III Volta da Rosel\u00e2ndia<br>Parque Tur\u00edstico da Rosel\u00e2ndia<br>8h<\/p>\n\n\n\n<p>Basquete 3&#215;3<br>Masc. sub 18\/ masculino e feminino livre<br>Pra\u00e7a Tochetto<br>9h<\/p>\n\n\n\n<p>Cl\u00e1ssico GAPAS<br>Est\u00e1dio Vermelh\u00e3o da Serra<br>15h<\/p>\n","protected":false},"excerpt":{"rendered":"<p>Cronograma da Prefeitura prev\u00ea, entre os dias 20 e 28 de maio, jogos e atividades abertas \u00e0 comunidade<\/p>\n","protected":false},"author":6,"featured_media":0,"comment_status":"closed","ping_status":"closed","sticky":true,"template":"","format":"standard","meta":{"footnotes":""},"categories":[1],"tags":[],"class_list":["post-1335","post","type-post","status-publish","format-standard","hentry","category-sem-categoria"],"yoast_head":"<!-- This site is optimized with the Yoast SEO plugin v23.8 - https:\/\/yoast.com\/wordpress\/plugins\/seo\/ -->\n<title>Semana Municipal do Esporte iniciar\u00e1 neste s\u00e1bado - Secretaria de Esportes<\/title>\n<meta name=\"robots\" content=\"index, follow, max-snippet:-1, max-image-preview:large, max-video-preview:-1\" \/>\n<link rel=\"canonical\" href=\"https:\/\/www.pmpf.rs.gov.br\/esportes\/2023\/05\/19\/semana-municipal-do-esporte-iniciara-neste-sabado\/\" \/>\n<meta property=\"og:locale\" content=\"pt_BR\" \/>\n<meta property=\"og:type\" content=\"article\" \/>\n<meta property=\"og:title\" content=\"Semana Municipal do Esporte iniciar\u00e1 neste s\u00e1bado - Secretaria de Esportes\" \/>\n<meta property=\"og:description\" content=\"Cronograma da Prefeitura prev\u00ea, entre os dias 20 e 28 de maio, jogos e atividades abertas \u00e0 comunidade\" \/>\n<meta property=\"og:url\" content=\"https:\/\/www.pmpf.rs.gov.br\/esportes\/2023\/05\/19\/semana-municipal-do-esporte-iniciara-neste-sabado\/\" \/>\n<meta property=\"og:site_name\" content=\"Secretaria de Esportes\" \/>\n<meta property=\"article:published_time\" content=\"2023-05-19T18:25:05+00:00\" \/>\n<meta property=\"article:modified_time\" content=\"2023-05-19T18:25:06+00:00\" \/>\n<meta name=\"author\" content=\"andressazorzetto07\" \/>\n<meta name=\"twitter:card\" content=\"summary_large_image\" \/>\n<meta name=\"twitter:label1\" content=\"Escrito por\" \/>\n\t<meta name=\"twitter:data1\" content=\"andressazorzetto07\" \/>\n\t<meta name=\"twitter:label2\" content=\"Est. tempo de leitura\" \/>\n\t<meta name=\"twitter:data2\" content=\"2 minutos\" \/>\n<script type=\"application\/ld+json\" class=\"yoast-schema-graph\">{\"@context\":\"https:\/\/schema.org\",\"@graph\":[{\"@type\":\"WebPage\",\"@id\":\"https:\/\/www.pmpf.rs.gov.br\/esportes\/2023\/05\/19\/semana-municipal-do-esporte-iniciara-neste-sabado\/\",\"url\":\"https:\/\/www.pmpf.rs.gov.br\/esportes\/2023\/05\/19\/semana-municipal-do-esporte-iniciara-neste-sabado\/\",\"name\":\"Semana Municipal do Esporte iniciar\u00e1 neste s\u00e1bado - Secretaria de Esportes\",\"isPartOf\":{\"@id\":\"https:\/\/www.pmpf.rs.gov.br\/esportes\/#website\"},\"datePublished\":\"2023-05-19T18:25:05+00:00\",\"dateModified\":\"2023-05-19T18:25:06+00:00\",\"author\":{\"@id\":\"https:\/\/www.pmpf.rs.gov.br\/esportes\/#\/schema\/person\/30ee1d1bd74da1469b01fcf086e43351\"},\"inLanguage\":\"pt-BR\",\"potentialAction\":[{\"@type\":\"ReadAction\",\"target\":[\"https:\/\/www.pmpf.rs.gov.br\/esportes\/2023\/05\/19\/semana-municipal-do-esporte-iniciara-neste-sabado\/\"]}]},{\"@type\":\"WebSite\",\"@id\":\"https:\/\/www.pmpf.rs.gov.br\/esportes\/#website\",\"url\":\"https:\/\/www.pmpf.rs.gov.br\/esportes\/\",\"name\":\"Secretaria de Esportes\",\"description\":\"Site Secretaria de Esporte da Prefeitura de Passo Fundo\",\"potentialAction\":[{\"@type\":\"SearchAction\",\"target\":{\"@type\":\"EntryPoint\",\"urlTemplate\":\"https:\/\/www.pmpf.rs.gov.br\/esportes\/?s={search_term_string}\"},\"query-input\":{\"@type\":\"PropertyValueSpecification\",\"valueRequired\":true,\"valueName\":\"search_term_string\"}}],\"inLanguage\":\"pt-BR\"},{\"@type\":\"Person\",\"@id\":\"https:\/\/www.pmpf.rs.gov.br\/esportes\/#\/schema\/person\/30ee1d1bd74da1469b01fcf086e43351\",\"name\":\"andressazorzetto07\",\"image\":{\"@type\":\"ImageObject\",\"inLanguage\":\"pt-BR\",\"@id\":\"https:\/\/www.pmpf.rs.gov.br\/esportes\/#\/schema\/person\/image\/\",\"url\":\"https:\/\/secure.gravatar.com\/avatar\/14c5458ed79dc81da99a13b9ff5f9f19?s=96&d=mm&r=g\",\"contentUrl\":\"https:\/\/secure.gravatar.com\/avatar\/14c5458ed79dc81da99a13b9ff5f9f19?s=96&d=mm&r=g\",\"caption\":\"andressazorzetto07\"},\"url\":\"https:\/\/www.pmpf.rs.gov.br\/esportes\/author\/andressazorzetto07\/\"}]}<\/script>\n<!-- \/ Yoast SEO plugin. -->","yoast_head_json":{"title":"Semana Municipal do Esporte iniciar\u00e1 neste s\u00e1bado - Secretaria de Esportes","robots":{"index":"index","follow":"follow","max-snippet":"max-snippet:-1","max-image-preview":"max-image-preview:large","max-video-preview":"max-video-preview:-1"},"canonical":"https:\/\/www.pmpf.rs.gov.br\/esportes\/2023\/05\/19\/semana-municipal-do-esporte-iniciara-neste-sabado\/","og_locale":"pt_BR","og_type":"article","og_title":"Semana Municipal do Esporte iniciar\u00e1 neste s\u00e1bado - Secretaria de Esportes","og_description":"Cronograma da Prefeitura prev\u00ea, entre os dias 20 e 28 de maio, jogos e atividades abertas \u00e0 comunidade","og_url":"https:\/\/www.pmpf.rs.gov.br\/esportes\/2023\/05\/19\/semana-municipal-do-esporte-iniciara-neste-sabado\/","og_site_name":"Secretaria de Esportes","article_published_time":"2023-05-19T18:25:05+00:00","article_modified_time":"2023-05-19T18:25:06+00:00","author":"andressazorzetto07","twitter_card":"summary_large_image","twitter_misc":{"Escrito por":"andressazorzetto07","Est. tempo de leitura":"2 minutos"},"schema":{"@context":"https:\/\/schema.org","@graph":[{"@type":"WebPage","@id":"https:\/\/www.pmpf.rs.gov.br\/esportes\/2023\/05\/19\/semana-municipal-do-esporte-iniciara-neste-sabado\/","url":"https:\/\/www.pmpf.rs.gov.br\/esportes\/2023\/05\/19\/semana-municipal-do-esporte-iniciara-neste-sabado\/","name":"Semana Municipal do Esporte iniciar\u00e1 neste s\u00e1bado - Secretaria de Esportes","isPartOf":{"@id":"https:\/\/www.pmpf.rs.gov.br\/esportes\/#website"},"datePublished":"2023-05-19T18:25:05+00:00","dateModified":"2023-05-19T18:25:06+00:00","author":{"@id":"https:\/\/www.pmpf.rs.gov.br\/esportes\/#\/schema\/person\/30ee1d1bd74da1469b01fcf086e43351"},"inLanguage":"pt-BR","potentialAction":[{"@type":"ReadAction","target":["https:\/\/www.pmpf.rs.gov.br\/esportes\/2023\/05\/19\/semana-municipal-do-esporte-iniciara-neste-sabado\/"]}]},{"@type":"WebSite","@id":"https:\/\/www.pmpf.rs.gov.br\/esportes\/#website","url":"https:\/\/www.pmpf.rs.gov.br\/esportes\/","name":"Secretaria de Esportes","description":"Site Secretaria de Esporte da Prefeitura de Passo Fundo","potentialAction":[{"@type":"SearchAction","target":{"@type":"EntryPoint","urlTemplate":"https:\/\/www.pmpf.rs.gov.br\/esportes\/?s={search_term_string}"},"query-input":{"@type":"PropertyValueSpecification","valueRequired":true,"valueName":"search_term_string"}}],"inLanguage":"pt-BR"},{"@type":"Person","@id":"https:\/\/www.pmpf.rs.gov.br\/esportes\/#\/schema\/person\/30ee1d1bd74da1469b01fcf086e43351","name":"andressazorzetto07","image":{"@type":"ImageObject","inLanguage":"pt-BR","@id":"https:\/\/www.pmpf.rs.gov.br\/esportes\/#\/schema\/person\/image\/","url":"https:\/\/secure.gravatar.com\/avatar\/14c5458ed79dc81da99a13b9ff5f9f19?s=96&d=mm&r=g","contentUrl":"https:\/\/secure.gravatar.com\/avatar\/14c5458ed79dc81da99a13b9ff5f9f19?s=96&d=mm&r=g","caption":"andressazorzetto07"},"url":"https:\/\/www.pmpf.rs.gov.br\/esportes\/author\/andressazorzetto07\/"}]}},"_links":{"self":[{"href":"https:\/\/www.pmpf.rs.gov.br\/esportes\/wp-json\/wp\/v2\/posts\/1335"}],"collection":[{"href":"https:\/\/www.pmpf.rs.gov.br\/esportes\/wp-json\/wp\/v2\/posts"}],"about":[{"href":"https:\/\/www.pmpf.rs.gov.br\/esportes\/wp-json\/wp\/v2\/types\/post"}],"author":[{"embeddable":true,"href":"https:\/\/www.pmpf.rs.gov.br\/esportes\/wp-json\/wp\/v2\/users\/6"}],"replies":[{"embeddable":true,"href":"https:\/\/www.pmpf.rs.gov.br\/esportes\/wp-json\/wp\/v2\/comments?post=1335"}],"version-history":[{"count":1,"href":"https:\/\/www.pmpf.rs.gov.br\/esportes\/wp-json\/wp\/v2\/posts\/1335\/revisions"}],"predecessor-version":[{"id":1336,"href":"https:\/\/www.pmpf.rs.gov.br\/esportes\/wp-json\/wp\/v2\/posts\/1335\/revisions\/1336"}],"wp:attachment":[{"href":"https:\/\/www.pmpf.rs.gov.br\/esportes\/wp-json\/wp\/v2\/media?parent=1335"}],"wp:term":[{"taxonomy":"category","embeddable":true,"href":"https:\/\/www.pmpf.rs.gov.br\/esportes\/wp-json\/wp\/v2\/categories?post=1335"},{"taxonomy":"post_tag","embeddable":true,"href":"https:\/\/www.pmpf.rs.gov.br\/esportes\/wp-json\/wp\/v2\/tags?post=1335"}],"curies":[{"name":"wp","href":"https:\/\/api.w.org\/{rel}","templated":true}]}}