{"id":1290,"date":"2023-04-11T16:07:56","date_gmt":"2023-04-11T19:07:56","guid":{"rendered":"https:\/\/www.pmpf.rs.gov.br\/esportes\/?p=1290"},"modified":"2023-04-11T16:07:57","modified_gmt":"2023-04-11T19:07:57","slug":"prefeito-pedro-se-reune-com-ministra-do-esporte-e-discute-politicas-publicas-para-o-setor","status":"publish","type":"post","link":"https:\/\/www.pmpf.rs.gov.br\/esportes\/2023\/04\/11\/prefeito-pedro-se-reune-com-ministra-do-esporte-e-discute-politicas-publicas-para-o-setor\/","title":{"rendered":"Prefeito Pedro se re\u00fane com ministra do Esporte e discute pol\u00edticas p\u00fablicas para o setor"},"content":{"rendered":"\n<p><br>Em audi\u00eancia nesta ter\u00e7a-feira, em Bras\u00edlia, o prefeito Pedro Almeida esteve reunido com a ministra do Esporte, Ana Moser. Ao lado do deputado federal Luciano Azevedo, o prefeito destacou as pol\u00edticas p\u00fablicas de incentivo ao esporte que est\u00e3o sendo executadas em Passo Fundo, como o Fundo Municipal do Esporte. Ele falou tamb\u00e9m sobre a cria\u00e7\u00e3o da Secretaria Municipal do Esporte, que foi aprovada nesta segunda-feira pela C\u00e2mara Municipal.<\/p>\n\n\n\n<p>\u201cS\u00e3o investimentos que valorizam o esporte e buscam n\u00e3o apenas fomentar o alto rendimento, mas tamb\u00e9m incentivar atletas amadores e a pr\u00e1tica esportiva em todas as idades. Recursos que j\u00e1 beneficiaram dezenas de atletas em Passo Fundo\u201d, observou o prefeito Pedro.<\/p>\n\n\n\n<p>O primeiro edital do Funesporte, aberto pelo Munic\u00edpio em julho de 2022, foi de R$ 500 mil e beneficiou 46 projetos. Na edi\u00e7\u00e3o deste ano, a Prefeitura conceder\u00e1 R$ 750 mil com o objetivo de contemplar 70 iniciativas.<\/p>\n\n\n\n<p>Na reuni\u00e3o, a ministra garantiu a libera\u00e7\u00e3o de R$ 400 mil em emendas que j\u00e1 haviam sido apresentadas e beneficiam Passo Fundo. Ana Moser enfatizou o desafio de garantir o acesso \u00e0s pr\u00e1ticas esportivas para toda a popula\u00e7\u00e3o e valorizou iniciativas como as de Prefeitura. Ela parabenizou o Munic\u00edpio pela cria\u00e7\u00e3o do Funesporte e tamb\u00e9m por garantir a estrutura de uma Secretaria exclusiva para tratar do esporte e das pol\u00edticas p\u00fablicas para o setor.<\/p>\n\n\n\n<p>Ao final da reuni\u00e3o, o prefeito Pedro e o deputado Luciano entregaram \u00e0 ministra camisetas de clubes de Passo Fundo: Esporte Clube Passo Fundo, Sport Clube Ga\u00facho, Passo Fundo Futsal e A.E.R. Voleibol Passo Fundo.<\/p>\n","protected":false},"excerpt":{"rendered":"<p>Ao lado do deputado federal Luciano Azevedo, o prefeito destacou as pol\u00edticas p\u00fablicas de incentivo ao esporte que est\u00e3o sendo executadas em Passo Fundo, como o Fundo Municipal do Esporte<\/p>\n","protected":false},"author":6,"featured_media":1292,"comment_status":"closed","ping_status":"closed","sticky":true,"template":"","format":"standard","meta":{"footnotes":""},"categories":[1],"tags":[],"class_list":["post-1290","post","type-post","status-publish","format-standard","has-post-thumbnail","hentry","category-sem-categoria"],"yoast_head":"<!-- This site is optimized with the Yoast SEO plugin v23.8 - https:\/\/yoast.com\/wordpress\/plugins\/seo\/ -->\n<title>Prefeito Pedro se re\u00fane com ministra do Esporte e discute pol\u00edticas p\u00fablicas para o setor - Secretaria de Esportes<\/title>\n<meta name=\"robots\" content=\"index, follow, max-snippet:-1, max-image-preview:large, max-video-preview:-1\" \/>\n<link rel=\"canonical\" href=\"https:\/\/www.pmpf.rs.gov.br\/esportes\/2023\/04\/11\/prefeito-pedro-se-reune-com-ministra-do-esporte-e-discute-politicas-publicas-para-o-setor\/\" \/>\n<meta property=\"og:locale\" content=\"pt_BR\" \/>\n<meta property=\"og:type\" content=\"article\" \/>\n<meta property=\"og:title\" content=\"Prefeito Pedro se re\u00fane com ministra do Esporte e discute pol\u00edticas p\u00fablicas para o setor - Secretaria de Esportes\" \/>\n<meta property=\"og:description\" content=\"Ao lado do deputado federal Luciano Azevedo, o prefeito destacou as pol\u00edticas p\u00fablicas de incentivo ao esporte que est\u00e3o sendo executadas em Passo Fundo, como o Fundo Municipal do Esporte\" \/>\n<meta property=\"og:url\" content=\"https:\/\/www.pmpf.rs.gov.br\/esportes\/2023\/04\/11\/prefeito-pedro-se-reune-com-ministra-do-esporte-e-discute-politicas-publicas-para-o-setor\/\" \/>\n<meta property=\"og:site_name\" content=\"Secretaria de Esportes\" \/>\n<meta property=\"article:published_time\" content=\"2023-04-11T19:07:56+00:00\" \/>\n<meta property=\"article:modified_time\" content=\"2023-04-11T19:07:57+00:00\" \/>\n<meta name=\"author\" content=\"andressazorzetto07\" \/>\n<meta name=\"twitter:card\" content=\"summary_large_image\" \/>\n<meta name=\"twitter:label1\" content=\"Escrito por\" \/>\n\t<meta name=\"twitter:data1\" content=\"andressazorzetto07\" \/>\n\t<meta name=\"twitter:label2\" content=\"Est. tempo de leitura\" \/>\n\t<meta name=\"twitter:data2\" content=\"1 minuto\" \/>\n<script type=\"application\/ld+json\" class=\"yoast-schema-graph\">{\"@context\":\"https:\/\/schema.org\",\"@graph\":[{\"@type\":\"WebPage\",\"@id\":\"https:\/\/www.pmpf.rs.gov.br\/esportes\/2023\/04\/11\/prefeito-pedro-se-reune-com-ministra-do-esporte-e-discute-politicas-publicas-para-o-setor\/\",\"url\":\"https:\/\/www.pmpf.rs.gov.br\/esportes\/2023\/04\/11\/prefeito-pedro-se-reune-com-ministra-do-esporte-e-discute-politicas-publicas-para-o-setor\/\",\"name\":\"Prefeito Pedro se re\u00fane com ministra do Esporte e discute pol\u00edticas p\u00fablicas para o setor - Secretaria de Esportes\",\"isPartOf\":{\"@id\":\"https:\/\/www.pmpf.rs.gov.br\/esportes\/#website\"},\"primaryImageOfPage\":{\"@id\":\"https:\/\/www.pmpf.rs.gov.br\/esportes\/2023\/04\/11\/prefeito-pedro-se-reune-com-ministra-do-esporte-e-discute-politicas-publicas-para-o-setor\/#primaryimage\"},\"image\":{\"@id\":\"https:\/\/www.pmpf.rs.gov.br\/esportes\/2023\/04\/11\/prefeito-pedro-se-reune-com-ministra-do-esporte-e-discute-politicas-publicas-para-o-setor\/#primaryimage\"},\"thumbnailUrl\":\"https:\/\/www.pmpf.rs.gov.br\/esportes\/wp-content\/uploads\/sites\/44\/2023\/04\/esporte1.jpeg\",\"datePublished\":\"2023-04-11T19:07:56+00:00\",\"dateModified\":\"2023-04-11T19:07:57+00:00\",\"author\":{\"@id\":\"https:\/\/www.pmpf.rs.gov.br\/esportes\/#\/schema\/person\/30ee1d1bd74da1469b01fcf086e43351\"},\"inLanguage\":\"pt-BR\",\"potentialAction\":[{\"@type\":\"ReadAction\",\"target\":[\"https:\/\/www.pmpf.rs.gov.br\/esportes\/2023\/04\/11\/prefeito-pedro-se-reune-com-ministra-do-esporte-e-discute-politicas-publicas-para-o-setor\/\"]}]},{\"@type\":\"ImageObject\",\"inLanguage\":\"pt-BR\",\"@id\":\"https:\/\/www.pmpf.rs.gov.br\/esportes\/2023\/04\/11\/prefeito-pedro-se-reune-com-ministra-do-esporte-e-discute-politicas-publicas-para-o-setor\/#primaryimage\",\"url\":\"https:\/\/www.pmpf.rs.gov.br\/esportes\/wp-content\/uploads\/sites\/44\/2023\/04\/esporte1.jpeg\",\"contentUrl\":\"https:\/\/www.pmpf.rs.gov.br\/esportes\/wp-content\/uploads\/sites\/44\/2023\/04\/esporte1.jpeg\",\"width\":1420,\"height\":1125},{\"@type\":\"WebSite\",\"@id\":\"https:\/\/www.pmpf.rs.gov.br\/esportes\/#website\",\"url\":\"https:\/\/www.pmpf.rs.gov.br\/esportes\/\",\"name\":\"Secretaria de Esportes\",\"description\":\"Site Secretaria de Esporte da Prefeitura de Passo Fundo\",\"potentialAction\":[{\"@type\":\"SearchAction\",\"target\":{\"@type\":\"EntryPoint\",\"urlTemplate\":\"https:\/\/www.pmpf.rs.gov.br\/esportes\/?s={search_term_string}\"},\"query-input\":{\"@type\":\"PropertyValueSpecification\",\"valueRequired\":true,\"valueName\":\"search_term_string\"}}],\"inLanguage\":\"pt-BR\"},{\"@type\":\"Person\",\"@id\":\"https:\/\/www.pmpf.rs.gov.br\/esportes\/#\/schema\/person\/30ee1d1bd74da1469b01fcf086e43351\",\"name\":\"andressazorzetto07\",\"image\":{\"@type\":\"ImageObject\",\"inLanguage\":\"pt-BR\",\"@id\":\"https:\/\/www.pmpf.rs.gov.br\/esportes\/#\/schema\/person\/image\/\",\"url\":\"https:\/\/secure.gravatar.com\/avatar\/14c5458ed79dc81da99a13b9ff5f9f19?s=96&d=mm&r=g\",\"contentUrl\":\"https:\/\/secure.gravatar.com\/avatar\/14c5458ed79dc81da99a13b9ff5f9f19?s=96&d=mm&r=g\",\"caption\":\"andressazorzetto07\"},\"url\":\"https:\/\/www.pmpf.rs.gov.br\/esportes\/author\/andressazorzetto07\/\"}]}<\/script>\n<!-- \/ Yoast SEO plugin. -->","yoast_head_json":{"title":"Prefeito Pedro se re\u00fane com ministra do Esporte e discute pol\u00edticas p\u00fablicas para o setor - Secretaria de Esportes","robots":{"index":"index","follow":"follow","max-snippet":"max-snippet:-1","max-image-preview":"max-image-preview:large","max-video-preview":"max-video-preview:-1"},"canonical":"https:\/\/www.pmpf.rs.gov.br\/esportes\/2023\/04\/11\/prefeito-pedro-se-reune-com-ministra-do-esporte-e-discute-politicas-publicas-para-o-setor\/","og_locale":"pt_BR","og_type":"article","og_title":"Prefeito Pedro se re\u00fane com ministra do Esporte e discute pol\u00edticas p\u00fablicas para o setor - Secretaria de Esportes","og_description":"Ao lado do deputado federal Luciano Azevedo, o prefeito destacou as pol\u00edticas p\u00fablicas de incentivo ao esporte que est\u00e3o sendo executadas em Passo Fundo, como o Fundo Municipal do Esporte","og_url":"https:\/\/www.pmpf.rs.gov.br\/esportes\/2023\/04\/11\/prefeito-pedro-se-reune-com-ministra-do-esporte-e-discute-politicas-publicas-para-o-setor\/","og_site_name":"Secretaria de Esportes","article_published_time":"2023-04-11T19:07:56+00:00","article_modified_time":"2023-04-11T19:07:57+00:00","author":"andressazorzetto07","twitter_card":"summary_large_image","twitter_misc":{"Escrito por":"andressazorzetto07","Est. tempo de leitura":"1 minuto"},"schema":{"@context":"https:\/\/schema.org","@graph":[{"@type":"WebPage","@id":"https:\/\/www.pmpf.rs.gov.br\/esportes\/2023\/04\/11\/prefeito-pedro-se-reune-com-ministra-do-esporte-e-discute-politicas-publicas-para-o-setor\/","url":"https:\/\/www.pmpf.rs.gov.br\/esportes\/2023\/04\/11\/prefeito-pedro-se-reune-com-ministra-do-esporte-e-discute-politicas-publicas-para-o-setor\/","name":"Prefeito Pedro se re\u00fane com ministra do Esporte e discute pol\u00edticas p\u00fablicas para o setor - Secretaria de Esportes","isPartOf":{"@id":"https:\/\/www.pmpf.rs.gov.br\/esportes\/#website"},"primaryImageOfPage":{"@id":"https:\/\/www.pmpf.rs.gov.br\/esportes\/2023\/04\/11\/prefeito-pedro-se-reune-com-ministra-do-esporte-e-discute-politicas-publicas-para-o-setor\/#primaryimage"},"image":{"@id":"https:\/\/www.pmpf.rs.gov.br\/esportes\/2023\/04\/11\/prefeito-pedro-se-reune-com-ministra-do-esporte-e-discute-politicas-publicas-para-o-setor\/#primaryimage"},"thumbnailUrl":"https:\/\/www.pmpf.rs.gov.br\/esportes\/wp-content\/uploads\/sites\/44\/2023\/04\/esporte1.jpeg","datePublished":"2023-04-11T19:07:56+00:00","dateModified":"2023-04-11T19:07:57+00:00","author":{"@id":"https:\/\/www.pmpf.rs.gov.br\/esportes\/#\/schema\/person\/30ee1d1bd74da1469b01fcf086e43351"},"inLanguage":"pt-BR","potentialAction":[{"@type":"ReadAction","target":["https:\/\/www.pmpf.rs.gov.br\/esportes\/2023\/04\/11\/prefeito-pedro-se-reune-com-ministra-do-esporte-e-discute-politicas-publicas-para-o-setor\/"]}]},{"@type":"ImageObject","inLanguage":"pt-BR","@id":"https:\/\/www.pmpf.rs.gov.br\/esportes\/2023\/04\/11\/prefeito-pedro-se-reune-com-ministra-do-esporte-e-discute-politicas-publicas-para-o-setor\/#primaryimage","url":"https:\/\/www.pmpf.rs.gov.br\/esportes\/wp-content\/uploads\/sites\/44\/2023\/04\/esporte1.jpeg","contentUrl":"https:\/\/www.pmpf.rs.gov.br\/esportes\/wp-content\/uploads\/sites\/44\/2023\/04\/esporte1.jpeg","width":1420,"height":1125},{"@type":"WebSite","@id":"https:\/\/www.pmpf.rs.gov.br\/esportes\/#website","url":"https:\/\/www.pmpf.rs.gov.br\/esportes\/","name":"Secretaria de Esportes","description":"Site Secretaria de Esporte da Prefeitura de Passo Fundo","potentialAction":[{"@type":"SearchAction","target":{"@type":"EntryPoint","urlTemplate":"https:\/\/www.pmpf.rs.gov.br\/esportes\/?s={search_term_string}"},"query-input":{"@type":"PropertyValueSpecification","valueRequired":true,"valueName":"search_term_string"}}],"inLanguage":"pt-BR"},{"@type":"Person","@id":"https:\/\/www.pmpf.rs.gov.br\/esportes\/#\/schema\/person\/30ee1d1bd74da1469b01fcf086e43351","name":"andressazorzetto07","image":{"@type":"ImageObject","inLanguage":"pt-BR","@id":"https:\/\/www.pmpf.rs.gov.br\/esportes\/#\/schema\/person\/image\/","url":"https:\/\/secure.gravatar.com\/avatar\/14c5458ed79dc81da99a13b9ff5f9f19?s=96&d=mm&r=g","contentUrl":"https:\/\/secure.gravatar.com\/avatar\/14c5458ed79dc81da99a13b9ff5f9f19?s=96&d=mm&r=g","caption":"andressazorzetto07"},"url":"https:\/\/www.pmpf.rs.gov.br\/esportes\/author\/andressazorzetto07\/"}]}},"_links":{"self":[{"href":"https:\/\/www.pmpf.rs.gov.br\/esportes\/wp-json\/wp\/v2\/posts\/1290"}],"collection":[{"href":"https:\/\/www.pmpf.rs.gov.br\/esportes\/wp-json\/wp\/v2\/posts"}],"about":[{"href":"https:\/\/www.pmpf.rs.gov.br\/esportes\/wp-json\/wp\/v2\/types\/post"}],"author":[{"embeddable":true,"href":"https:\/\/www.pmpf.rs.gov.br\/esportes\/wp-json\/wp\/v2\/users\/6"}],"replies":[{"embeddable":true,"href":"https:\/\/www.pmpf.rs.gov.br\/esportes\/wp-json\/wp\/v2\/comments?post=1290"}],"version-history":[{"count":1,"href":"https:\/\/www.pmpf.rs.gov.br\/esportes\/wp-json\/wp\/v2\/posts\/1290\/revisions"}],"predecessor-version":[{"id":1293,"href":"https:\/\/www.pmpf.rs.gov.br\/esportes\/wp-json\/wp\/v2\/posts\/1290\/revisions\/1293"}],"wp:featuredmedia":[{"embeddable":true,"href":"https:\/\/www.pmpf.rs.gov.br\/esportes\/wp-json\/wp\/v2\/media\/1292"}],"wp:attachment":[{"href":"https:\/\/www.pmpf.rs.gov.br\/esportes\/wp-json\/wp\/v2\/media?parent=1290"}],"wp:term":[{"taxonomy":"category","embeddable":true,"href":"https:\/\/www.pmpf.rs.gov.br\/esportes\/wp-json\/wp\/v2\/categories?post=1290"},{"taxonomy":"post_tag","embeddable":true,"href":"https:\/\/www.pmpf.rs.gov.br\/esportes\/wp-json\/wp\/v2\/tags?post=1290"}],"curies":[{"name":"wp","href":"https:\/\/api.w.org\/{rel}","templated":true}]}}