{"id":1066,"date":"2022-08-23T15:18:05","date_gmt":"2022-08-23T18:18:05","guid":{"rendered":"https:\/\/www.pmpf.rs.gov.br\/secretaria-extraordinaria-de-esportes\/?p=1066"},"modified":"2022-08-26T11:17:48","modified_gmt":"2022-08-26T14:17:48","slug":"prefeitura-leva-educadores-fisicos-a-academias-ao-ar-livre","status":"publish","type":"post","link":"https:\/\/www.pmpf.rs.gov.br\/esportes\/2022\/08\/23\/prefeitura-leva-educadores-fisicos-a-academias-ao-ar-livre\/","title":{"rendered":"Prefeitura leva educadores f\u00edsicos a academias ao ar livre"},"content":{"rendered":"\n<p><br>Moradores do Bairro Planaltina iniciaram a ter\u00e7a-feira com muita disposi\u00e7\u00e3o e cuidando da sa\u00fade. Na academia ao ar livre situada na Rua Professora Lucile Fragoso de Albuquerque, eles receberam um educador f\u00edsico e tiveram uma hora de acompanhamento para a realiza\u00e7\u00e3o das atividades f\u00edsicas. Essa \u00e9 uma iniciativa da Prefeitura, que implementou h\u00e1 cerca de um m\u00eas o programa Passo Fundo em Movimento.<\/p>\n\n\n\n<p>Ivete Savi, de 63 anos, est\u00e1 de olho no cronograma que indica o hor\u00e1rio em que o instrutor estar\u00e1 no local e n\u00e3o perde o hor\u00e1rio para os exerc\u00edcios. \u201cA gente j\u00e1 vinha antes e hoje tem o professor. S\u00e3o exerc\u00edcios elaborados, com orienta\u00e7\u00f5es, e eu fico mais disposta e sem dores. Prefiro vir aqui para usar uma hora do meu dia em atividades e ter os exames bons do que ir ao m\u00e9dico com problemas de sa\u00fade\u201d, disse.<\/p>\n\n\n\n<p>As academias ao ar livre s\u00e3o espa\u00e7os nos bairros e na regi\u00e3o central destinados \u00e0 pr\u00e1tica de atividades f\u00edsicas. Hoje, h\u00e1 mais de 20 na cidade. O projeto-piloto abrange cinco espa\u00e7os, em diferentes regi\u00f5es, com aulas semanais em dois dias da semana. O n\u00famero de locais ser\u00e1 expandido conforme a utiliza\u00e7\u00e3o das comunidades.<\/p>\n\n\n\n<p>O secret\u00e1rio de Esportes, Gilberto Bellaver, afirma que os moradores receberam com entusiamo a iniciativa. \u201cEm pouco mais de 20 dias, tivemos 65 atendimentos diretos. Estamos muito animados com essa aceita\u00e7\u00e3o, pois ir at\u00e9 a academia ao ar livre em um determinado hor\u00e1rio n\u00e3o era um h\u00e1bito das pessoas e est\u00e1 se tornando. J\u00e1 temos turmas com 10 alunos e a nossa expectativa \u00e9 ampliarmos ainda mais os atendimentos com o in\u00edcio da primavera\u201d, avalia.<\/p>\n\n\n\n<p>Ainda conforme o secret\u00e1rio, a utiliza\u00e7\u00e3o adequada proporciona benef\u00edcios importantes para a popula\u00e7\u00e3o. \u201cO programa cria uma nova proposta e legitimidade \u00e0s academias ao ar livre. Temos um equipamento que, \u00e0s vezes, \u00e9 utilizado de forma errada em virtude da falta de orienta\u00e7\u00e3o. Essa ideia vem ao encontro de trazer melhorias para a vida das pessoas com a pr\u00e1tica de atividades f\u00edsicas orientadas e gratuitas\u201d, pontuou.<\/p>\n\n\n\n<p>O prefeito, Pedro Almeida, enfatiza a import\u00e2ncia do Passo Fundo em Movimento e a ocupa\u00e7\u00e3o dos equipamentos p\u00fablicos. \u201cTemos um olhar muito especial para o esporte, que \u00e9 dos atletas, mas tamb\u00e9m da popula\u00e7\u00e3o. O esporte representa o cuidado com a sa\u00fade e a qualidade de vida, que s\u00e3o coisas que pretendemos trazer com o programa. E queremos ver cada vez mais as pessoas aproveitando os espa\u00e7os que a cidade oferece\u201d, disse.<\/p>\n\n\n\n<p>Academias que j\u00e1 recebem as atividades:<br>Bairro Planaltina \u2013 Rua Professora Lucile Fragoso de Albuquerque<br>Ter\u00e7a-feira \u2013 8h30 \u00e0s 9h30 | 15h \u00e0s 16h<br>Quinta-feira \u2013 8h30 \u00e0s 9h30 | 15h \u00e0s 16h<\/p>\n\n\n\n<p>Bairro Petr\u00f3polis \u2013 Avenida Rui Barbosa<br>Quarta-feira \u2013 8h \u00e0s 9h | 17h \u00e0s 18h<br>S\u00e1bado \u2013 8h \u00e0s 9h | 17h \u00e0s 18h<\/p>\n\n\n\n<p>Bairro Cohab Secchi \u2013 Avenida Zero Hora<br>Ter\u00e7a-feira \u2013 10h \u00e0s 11h | 16h30 \u00e0s 17h30<br>Quinta-feira \u2013 10h \u00e0s 11h | 16h30 \u00e0s 17h30<br>Complexo Esportivo Delmar Sittoni \u2013 Bairro Nonoai<br>Ter\u00e7a-feira \u2013 9h \u00e0s 10h | 16h \u00e0s 17h<br>S\u00e1bado \u2013 9h \u00e0s 10h | 16h \u00e0s 17h<\/p>\n\n\n\n<p>Bairro Santa Maria II \u2013 Rua Ermelindo Valentin Argenton<br>Ter\u00e7a-feira \u2013 8h \u00e0s 9h | 17h \u00e0s 18h<br>Sexta-feira \u2013 8h \u00e0s 9h | 17h \u00e0s 18h<\/p>\n\n\n\n<p><strong>E tem mais<br><\/strong>Al\u00e9m disso, dentro do Passo Fundo em Movimento, a Prefeitura criar\u00e1 uma grande aula mensal. Inicialmente, essa atividade ser\u00e1 realizada na Pra\u00e7a da M\u00e3e, em frente ao Col\u00e9gio Estadual Joaquim Fagundes dos Reis. O hor\u00e1rio ser\u00e1 previamente informado. \u201cEssa aula poder\u00e1 ser diversificada com treinos, gin\u00e1stica e modalidades esportivas diversas para todas as faixas et\u00e1rias. Queremos chamar as pessoas para a realiza\u00e7\u00e3o de atividades f\u00edsicas, que contribuem com a sa\u00fade e o bem-estar\u201d, enfatizou Bellaver.<\/p>\n\n\n\n<p>Mais tarde, a aula mensal dever\u00e1 acontecer no Complexo de Esporte e Lazer Fredolino Chimango. O espa\u00e7o, que j\u00e1 recebia muitas pessoas para a pr\u00e1tica de exerc\u00edcios, est\u00e1 em obras e, em breve, ser\u00e1 entregue com muitas possibilidades para a popula\u00e7\u00e3o: academia ao ar livre, pista de corrida e caminhada, campo de futebol 7 com grama sint\u00e9tica, quadra para esporte de areia, quadra poliesportiva, espa\u00e7o funcional e espa\u00e7o para conviv\u00eancia.<\/p>\n","protected":false},"excerpt":{"rendered":"<p>Projeto-piloto do programa Passo Fundo em Movimento abrange cinco academias, em diferentes regi\u00f5es. Cada uma oferece aulas supervisionadas duas vezes na semana<\/p>\n","protected":false},"author":6,"featured_media":1067,"comment_status":"closed","ping_status":"closed","sticky":true,"template":"","format":"standard","meta":{"footnotes":""},"categories":[5],"tags":[],"class_list":["post-1066","post","type-post","status-publish","format-standard","has-post-thumbnail","hentry","category-academias-ao-ar-livre"],"yoast_head":"<!-- This site is optimized with the Yoast SEO plugin v23.8 - https:\/\/yoast.com\/wordpress\/plugins\/seo\/ -->\n<title>Prefeitura leva educadores f\u00edsicos a academias ao ar livre - Secretaria de Esportes<\/title>\n<meta name=\"robots\" content=\"index, follow, max-snippet:-1, max-image-preview:large, max-video-preview:-1\" \/>\n<link rel=\"canonical\" href=\"https:\/\/www.pmpf.rs.gov.br\/esportes\/2022\/08\/23\/prefeitura-leva-educadores-fisicos-a-academias-ao-ar-livre\/\" \/>\n<meta property=\"og:locale\" content=\"pt_BR\" \/>\n<meta property=\"og:type\" content=\"article\" \/>\n<meta property=\"og:title\" content=\"Prefeitura leva educadores f\u00edsicos a academias ao ar livre - Secretaria de Esportes\" \/>\n<meta property=\"og:description\" content=\"Projeto-piloto do programa Passo Fundo em Movimento abrange cinco academias, em diferentes regi\u00f5es. Cada uma oferece aulas supervisionadas duas vezes na semana\" \/>\n<meta property=\"og:url\" content=\"https:\/\/www.pmpf.rs.gov.br\/esportes\/2022\/08\/23\/prefeitura-leva-educadores-fisicos-a-academias-ao-ar-livre\/\" \/>\n<meta property=\"og:site_name\" content=\"Secretaria de Esportes\" \/>\n<meta property=\"article:published_time\" content=\"2022-08-23T18:18:05+00:00\" \/>\n<meta property=\"article:modified_time\" content=\"2022-08-26T14:17:48+00:00\" \/>\n<meta property=\"og:image\" content=\"https:\/\/www.pmpf.rs.gov.br\/esportes\/wp-content\/uploads\/sites\/44\/2022\/08\/passo-fundo-em-movimento.jpg\" \/>\n\t<meta property=\"og:image:width\" content=\"1280\" \/>\n\t<meta property=\"og:image:height\" content=\"960\" \/>\n\t<meta property=\"og:image:type\" content=\"image\/jpeg\" \/>\n<meta name=\"author\" content=\"andressazorzetto07\" \/>\n<meta name=\"twitter:card\" content=\"summary_large_image\" \/>\n<meta name=\"twitter:label1\" content=\"Escrito por\" \/>\n\t<meta name=\"twitter:data1\" content=\"andressazorzetto07\" \/>\n\t<meta name=\"twitter:label2\" content=\"Est. tempo de leitura\" \/>\n\t<meta name=\"twitter:data2\" content=\"4 minutos\" \/>\n<script type=\"application\/ld+json\" class=\"yoast-schema-graph\">{\"@context\":\"https:\/\/schema.org\",\"@graph\":[{\"@type\":\"WebPage\",\"@id\":\"https:\/\/www.pmpf.rs.gov.br\/esportes\/2022\/08\/23\/prefeitura-leva-educadores-fisicos-a-academias-ao-ar-livre\/\",\"url\":\"https:\/\/www.pmpf.rs.gov.br\/esportes\/2022\/08\/23\/prefeitura-leva-educadores-fisicos-a-academias-ao-ar-livre\/\",\"name\":\"Prefeitura leva educadores f\u00edsicos a academias ao ar livre - Secretaria de Esportes\",\"isPartOf\":{\"@id\":\"https:\/\/www.pmpf.rs.gov.br\/esportes\/#website\"},\"primaryImageOfPage\":{\"@id\":\"https:\/\/www.pmpf.rs.gov.br\/esportes\/2022\/08\/23\/prefeitura-leva-educadores-fisicos-a-academias-ao-ar-livre\/#primaryimage\"},\"image\":{\"@id\":\"https:\/\/www.pmpf.rs.gov.br\/esportes\/2022\/08\/23\/prefeitura-leva-educadores-fisicos-a-academias-ao-ar-livre\/#primaryimage\"},\"thumbnailUrl\":\"https:\/\/www.pmpf.rs.gov.br\/esportes\/wp-content\/uploads\/sites\/44\/2022\/08\/passo-fundo-em-movimento.jpg\",\"datePublished\":\"2022-08-23T18:18:05+00:00\",\"dateModified\":\"2022-08-26T14:17:48+00:00\",\"author\":{\"@id\":\"https:\/\/www.pmpf.rs.gov.br\/esportes\/#\/schema\/person\/30ee1d1bd74da1469b01fcf086e43351\"},\"inLanguage\":\"pt-BR\",\"potentialAction\":[{\"@type\":\"ReadAction\",\"target\":[\"https:\/\/www.pmpf.rs.gov.br\/esportes\/2022\/08\/23\/prefeitura-leva-educadores-fisicos-a-academias-ao-ar-livre\/\"]}]},{\"@type\":\"ImageObject\",\"inLanguage\":\"pt-BR\",\"@id\":\"https:\/\/www.pmpf.rs.gov.br\/esportes\/2022\/08\/23\/prefeitura-leva-educadores-fisicos-a-academias-ao-ar-livre\/#primaryimage\",\"url\":\"https:\/\/www.pmpf.rs.gov.br\/esportes\/wp-content\/uploads\/sites\/44\/2022\/08\/passo-fundo-em-movimento.jpg\",\"contentUrl\":\"https:\/\/www.pmpf.rs.gov.br\/esportes\/wp-content\/uploads\/sites\/44\/2022\/08\/passo-fundo-em-movimento.jpg\",\"width\":1280,\"height\":960},{\"@type\":\"WebSite\",\"@id\":\"https:\/\/www.pmpf.rs.gov.br\/esportes\/#website\",\"url\":\"https:\/\/www.pmpf.rs.gov.br\/esportes\/\",\"name\":\"Secretaria de Esportes\",\"description\":\"Site Secretaria de Esporte da Prefeitura de Passo Fundo\",\"potentialAction\":[{\"@type\":\"SearchAction\",\"target\":{\"@type\":\"EntryPoint\",\"urlTemplate\":\"https:\/\/www.pmpf.rs.gov.br\/esportes\/?s={search_term_string}\"},\"query-input\":{\"@type\":\"PropertyValueSpecification\",\"valueRequired\":true,\"valueName\":\"search_term_string\"}}],\"inLanguage\":\"pt-BR\"},{\"@type\":\"Person\",\"@id\":\"https:\/\/www.pmpf.rs.gov.br\/esportes\/#\/schema\/person\/30ee1d1bd74da1469b01fcf086e43351\",\"name\":\"andressazorzetto07\",\"image\":{\"@type\":\"ImageObject\",\"inLanguage\":\"pt-BR\",\"@id\":\"https:\/\/www.pmpf.rs.gov.br\/esportes\/#\/schema\/person\/image\/\",\"url\":\"https:\/\/secure.gravatar.com\/avatar\/14c5458ed79dc81da99a13b9ff5f9f19?s=96&d=mm&r=g\",\"contentUrl\":\"https:\/\/secure.gravatar.com\/avatar\/14c5458ed79dc81da99a13b9ff5f9f19?s=96&d=mm&r=g\",\"caption\":\"andressazorzetto07\"},\"url\":\"https:\/\/www.pmpf.rs.gov.br\/esportes\/author\/andressazorzetto07\/\"}]}<\/script>\n<!-- \/ Yoast SEO plugin. -->","yoast_head_json":{"title":"Prefeitura leva educadores f\u00edsicos a academias ao ar livre - Secretaria de Esportes","robots":{"index":"index","follow":"follow","max-snippet":"max-snippet:-1","max-image-preview":"max-image-preview:large","max-video-preview":"max-video-preview:-1"},"canonical":"https:\/\/www.pmpf.rs.gov.br\/esportes\/2022\/08\/23\/prefeitura-leva-educadores-fisicos-a-academias-ao-ar-livre\/","og_locale":"pt_BR","og_type":"article","og_title":"Prefeitura leva educadores f\u00edsicos a academias ao ar livre - Secretaria de Esportes","og_description":"Projeto-piloto do programa Passo Fundo em Movimento abrange cinco academias, em diferentes regi\u00f5es. Cada uma oferece aulas supervisionadas duas vezes na semana","og_url":"https:\/\/www.pmpf.rs.gov.br\/esportes\/2022\/08\/23\/prefeitura-leva-educadores-fisicos-a-academias-ao-ar-livre\/","og_site_name":"Secretaria de Esportes","article_published_time":"2022-08-23T18:18:05+00:00","article_modified_time":"2022-08-26T14:17:48+00:00","og_image":[{"width":1280,"height":960,"url":"https:\/\/www.pmpf.rs.gov.br\/esportes\/wp-content\/uploads\/sites\/44\/2022\/08\/passo-fundo-em-movimento.jpg","type":"image\/jpeg"}],"author":"andressazorzetto07","twitter_card":"summary_large_image","twitter_misc":{"Escrito por":"andressazorzetto07","Est. tempo de leitura":"4 minutos"},"schema":{"@context":"https:\/\/schema.org","@graph":[{"@type":"WebPage","@id":"https:\/\/www.pmpf.rs.gov.br\/esportes\/2022\/08\/23\/prefeitura-leva-educadores-fisicos-a-academias-ao-ar-livre\/","url":"https:\/\/www.pmpf.rs.gov.br\/esportes\/2022\/08\/23\/prefeitura-leva-educadores-fisicos-a-academias-ao-ar-livre\/","name":"Prefeitura leva educadores f\u00edsicos a academias ao ar livre - Secretaria de Esportes","isPartOf":{"@id":"https:\/\/www.pmpf.rs.gov.br\/esportes\/#website"},"primaryImageOfPage":{"@id":"https:\/\/www.pmpf.rs.gov.br\/esportes\/2022\/08\/23\/prefeitura-leva-educadores-fisicos-a-academias-ao-ar-livre\/#primaryimage"},"image":{"@id":"https:\/\/www.pmpf.rs.gov.br\/esportes\/2022\/08\/23\/prefeitura-leva-educadores-fisicos-a-academias-ao-ar-livre\/#primaryimage"},"thumbnailUrl":"https:\/\/www.pmpf.rs.gov.br\/esportes\/wp-content\/uploads\/sites\/44\/2022\/08\/passo-fundo-em-movimento.jpg","datePublished":"2022-08-23T18:18:05+00:00","dateModified":"2022-08-26T14:17:48+00:00","author":{"@id":"https:\/\/www.pmpf.rs.gov.br\/esportes\/#\/schema\/person\/30ee1d1bd74da1469b01fcf086e43351"},"inLanguage":"pt-BR","potentialAction":[{"@type":"ReadAction","target":["https:\/\/www.pmpf.rs.gov.br\/esportes\/2022\/08\/23\/prefeitura-leva-educadores-fisicos-a-academias-ao-ar-livre\/"]}]},{"@type":"ImageObject","inLanguage":"pt-BR","@id":"https:\/\/www.pmpf.rs.gov.br\/esportes\/2022\/08\/23\/prefeitura-leva-educadores-fisicos-a-academias-ao-ar-livre\/#primaryimage","url":"https:\/\/www.pmpf.rs.gov.br\/esportes\/wp-content\/uploads\/sites\/44\/2022\/08\/passo-fundo-em-movimento.jpg","contentUrl":"https:\/\/www.pmpf.rs.gov.br\/esportes\/wp-content\/uploads\/sites\/44\/2022\/08\/passo-fundo-em-movimento.jpg","width":1280,"height":960},{"@type":"WebSite","@id":"https:\/\/www.pmpf.rs.gov.br\/esportes\/#website","url":"https:\/\/www.pmpf.rs.gov.br\/esportes\/","name":"Secretaria de Esportes","description":"Site Secretaria de Esporte da Prefeitura de Passo Fundo","potentialAction":[{"@type":"SearchAction","target":{"@type":"EntryPoint","urlTemplate":"https:\/\/www.pmpf.rs.gov.br\/esportes\/?s={search_term_string}"},"query-input":{"@type":"PropertyValueSpecification","valueRequired":true,"valueName":"search_term_string"}}],"inLanguage":"pt-BR"},{"@type":"Person","@id":"https:\/\/www.pmpf.rs.gov.br\/esportes\/#\/schema\/person\/30ee1d1bd74da1469b01fcf086e43351","name":"andressazorzetto07","image":{"@type":"ImageObject","inLanguage":"pt-BR","@id":"https:\/\/www.pmpf.rs.gov.br\/esportes\/#\/schema\/person\/image\/","url":"https:\/\/secure.gravatar.com\/avatar\/14c5458ed79dc81da99a13b9ff5f9f19?s=96&d=mm&r=g","contentUrl":"https:\/\/secure.gravatar.com\/avatar\/14c5458ed79dc81da99a13b9ff5f9f19?s=96&d=mm&r=g","caption":"andressazorzetto07"},"url":"https:\/\/www.pmpf.rs.gov.br\/esportes\/author\/andressazorzetto07\/"}]}},"_links":{"self":[{"href":"https:\/\/www.pmpf.rs.gov.br\/esportes\/wp-json\/wp\/v2\/posts\/1066"}],"collection":[{"href":"https:\/\/www.pmpf.rs.gov.br\/esportes\/wp-json\/wp\/v2\/posts"}],"about":[{"href":"https:\/\/www.pmpf.rs.gov.br\/esportes\/wp-json\/wp\/v2\/types\/post"}],"author":[{"embeddable":true,"href":"https:\/\/www.pmpf.rs.gov.br\/esportes\/wp-json\/wp\/v2\/users\/6"}],"replies":[{"embeddable":true,"href":"https:\/\/www.pmpf.rs.gov.br\/esportes\/wp-json\/wp\/v2\/comments?post=1066"}],"version-history":[{"count":2,"href":"https:\/\/www.pmpf.rs.gov.br\/esportes\/wp-json\/wp\/v2\/posts\/1066\/revisions"}],"predecessor-version":[{"id":1083,"href":"https:\/\/www.pmpf.rs.gov.br\/esportes\/wp-json\/wp\/v2\/posts\/1066\/revisions\/1083"}],"wp:featuredmedia":[{"embeddable":true,"href":"https:\/\/www.pmpf.rs.gov.br\/esportes\/wp-json\/wp\/v2\/media\/1067"}],"wp:attachment":[{"href":"https:\/\/www.pmpf.rs.gov.br\/esportes\/wp-json\/wp\/v2\/media?parent=1066"}],"wp:term":[{"taxonomy":"category","embeddable":true,"href":"https:\/\/www.pmpf.rs.gov.br\/esportes\/wp-json\/wp\/v2\/categories?post=1066"},{"taxonomy":"post_tag","embeddable":true,"href":"https:\/\/www.pmpf.rs.gov.br\/esportes\/wp-json\/wp\/v2\/tags?post=1066"}],"curies":[{"name":"wp","href":"https:\/\/api.w.org\/{rel}","templated":true}]}}