{"id":1048,"date":"2022-07-27T17:22:48","date_gmt":"2022-07-27T20:22:48","guid":{"rendered":"https:\/\/www.pmpf.rs.gov.br\/secretaria-extraordinaria-de-esportes\/?p=1048"},"modified":"2022-07-29T14:10:10","modified_gmt":"2022-07-29T17:10:10","slug":"prefeitura-levara-educadores-fisicos-a-academias-ao-ar-livre-a-partir-desta-semana","status":"publish","type":"post","link":"https:\/\/www.pmpf.rs.gov.br\/esportes\/2022\/07\/27\/prefeitura-levara-educadores-fisicos-a-academias-ao-ar-livre-a-partir-desta-semana\/","title":{"rendered":"Prefeitura levar\u00e1 educadores f\u00edsicos a academias ao ar livre a partir desta semana"},"content":{"rendered":"\n<p><\/p>\n\n\n\n<p>As academias ao ar livre s\u00e3o espa\u00e7os nos bairros e na regi\u00e3o central destinados \u00e0 pr\u00e1tica de atividades f\u00edsicas. A partir de uma iniciativa da Prefeitura, chamada de Passo Fundo em Movimento, os usu\u00e1rios passar\u00e3o a contar com professores de Educa\u00e7\u00e3o F\u00edsica em hor\u00e1rios espec\u00edficos, que far\u00e3o orienta\u00e7\u00f5es gratuitas sobre a utiliza\u00e7\u00e3o dos equipamentos. O projeto-piloto foi apresentado na manh\u00e3 desta quarta-feira (17), no Complexo Esportivo Delmar Sittoni, e abranger\u00e1 cinco academias a partir desta semana.<\/p>\n\n\n\n<p>De acordo com o prefeito, Pedro Almeida, a ideia \u00e9, al\u00e9m de promover informa\u00e7\u00f5es, estimular a utiliza\u00e7\u00e3o desses espa\u00e7os. \u201cTemos um olhar muito especial para o esporte, que \u00e9 dos atletas, mas tamb\u00e9m da popula\u00e7\u00e3o. O esporte representa o cuidado com a sa\u00fade e a qualidade de vida, que s\u00e3o coisas que pretendemos trazer com o Passo Fundo em Movimento\u201d, disse.<\/p>\n\n\n\n<p>Para dar in\u00edcio ao projeto, a partir de um estudo da Secretaria de Esportes, foram escolhidas cinco academias. A a\u00e7\u00e3o ser\u00e1 expandida de acordo com o retorno das comunidades. O secret\u00e1rio da pasta, Gilberto Bellaver, explica que os educadores estar\u00e3o presentes nesses locais em hor\u00e1rios espec\u00edficos. \u201cSer\u00e3o acompanhamentos de uma hora em que a popula\u00e7\u00e3o ter\u00e1 informa\u00e7\u00f5es e instru\u00e7\u00f5es para a pr\u00e1tica dos exerc\u00edcios f\u00edsicos e sobre como otimizar o uso dos equipamentos\u201d, declarou.<\/p>\n\n\n\n<p>Ainda conforme o secret\u00e1rio, a utiliza\u00e7\u00e3o adequada proporciona benef\u00edcios para as comunidades. \u201cO projeto cria uma nova proposta e legitimidade \u00e0s academias ao ar livre. Temos um equipamento que, \u00e0s vezes, \u00e9 utilizado de forma errada em virtude da falta de orienta\u00e7\u00e3o. Essa ideia vem ao encontro de trazer melhorias para a vida das pessoas com a pr\u00e1tica de atividades f\u00edsicas orientadas e gratuitas\u201d, pontuou.<\/p>\n\n\n\n<p>Gisele Leite, de 35 anos, acompanhou a apresenta\u00e7\u00e3o dos instrutores no Delmar Sittoni e participou de uma aula experimental de alongamento junto com os filhos Lucas, Enzo e Yasmin e o genro Vitor. \u201cMeu genro e minha filha trouxeram essa ideia e acabamos vindo aqui com as crian\u00e7as para caminhar e fazer exerc\u00edcios frequentemente. Achei essa novidade dos educadores muito interessante, pois somos leigos e ter orienta\u00e7\u00f5es ser\u00e1 importante. Vamos vir com certeza\u201d, contou.<\/p>\n\n\n\n<p><strong>Academias que j\u00e1 receber\u00e3o as atividades<br><\/strong>Bairro Planaltina \u2013 Rua Professora Lucile Fragoso de Albuquerque<br>Ter\u00e7a-feira \u2013 8h30 \u00e0s 9h30 | 15h \u00e0s 16h<br>Quinta-feira \u2013 8h30 \u00e0s 9h30 | 15h \u00e0s 16h<\/p>\n\n\n\n<p>Bairro Petr\u00f3polis \u2013 Avenida Rui Barbosa<br>Quarta-feira e s\u00e1bado \u2013 8h \u00e0s 9h<br>Quarta-feira e s\u00e1bado \u2013 17h \u00e0s 18h<\/p>\n\n\n\n<p>Bairro Cohab Secchi \u2013 Avenida Zero Hora<br>Ter\u00e7a-feira \u2013 10h \u00e0s 11h | 16h30 \u00e0s 17h30<br>Quinta-feira \u2013 10h \u00e0s 11h | 16h30 \u00e0s 17h30<\/p>\n\n\n\n<p>Complexo Esportivo Delmar Sittoni \u2013 Bairro Nonoai<br>Ter\u00e7a-feira e s\u00e1bado \u2013 9h \u00e0s 10h<br>Ter\u00e7a-feira e quinta-feira \u2013 16h \u00e0s 17h<\/p>\n\n\n\n<p>Bairro Santa Maria II \u2013 Rua Ermelindo Valentin Argenton<br>Ter\u00e7a-feira \u2013 8h \u00e0s 17h<br>Sexta-feira \u2013 8h \u00e0s 17h<\/p>\n\n\n\n<p><strong>E tem mais<\/strong><br>Al\u00e9m disso, dentro do Passo Fundo em Movimento, a Prefeitura criar\u00e1 uma grande aula mensal. Neste momento, essa atividade ser\u00e1 realizada na Pra\u00e7a da M\u00e3e, em frente ao Col\u00e9gio Estadual Joaquim Fagundes dos Reis. \u201cEssa aula poder\u00e1 ser diversificada com treinos, gin\u00e1stica e modalidades esportivas diversas para todas as faixas et\u00e1rias. Queremos chamar as pessoas para a realiza\u00e7\u00e3o de atividades f\u00edsicas, que contribuem com a sa\u00fade e o bem-estar\u201d, enfatizou Bellaver.<\/p>\n\n\n\n<p>Mais tarde, a aula mensal dever\u00e1 acontecer no Complexo de Esporte e Lazer Fredolino Chimango. O espa\u00e7o, que j\u00e1 recebia muitas pessoas para a pr\u00e1tica de exerc\u00edcios, est\u00e1 em obras e, em breve, ser\u00e1 entregue com muitas possibilidades para a popula\u00e7\u00e3o: academia ao ar livre, pista de corrida e caminhada, campo de futebol 7 com grama sint\u00e9tica, quadra para esporte de areia, quadra poliesportiva, espa\u00e7o funcional e espa\u00e7o para conviv\u00eancia.<\/p>\n\n\n\n<p><strong>Fotos: Michel Sanderi<\/strong><\/p>\n","protected":false},"excerpt":{"rendered":"<p>As academias ao ar livre s\u00e3o espa\u00e7os nos bairros e na regi\u00e3o central destinados \u00e0 pr\u00e1tica de atividades f\u00edsicas. A partir de uma iniciativa da Prefeitura, chamada de Passo Fundo em Movimento, [&hellip;]<\/p>\n","protected":false},"author":6,"featured_media":1049,"comment_status":"closed","ping_status":"closed","sticky":true,"template":"","format":"standard","meta":{"footnotes":""},"categories":[5],"tags":[],"class_list":["post-1048","post","type-post","status-publish","format-standard","has-post-thumbnail","hentry","category-academias-ao-ar-livre"],"yoast_head":"<!-- This site is optimized with the Yoast SEO plugin v23.8 - https:\/\/yoast.com\/wordpress\/plugins\/seo\/ -->\n<title>Prefeitura levar\u00e1 educadores f\u00edsicos a academias ao ar livre a partir desta semana - Secretaria de Esportes<\/title>\n<meta name=\"robots\" content=\"index, follow, max-snippet:-1, max-image-preview:large, max-video-preview:-1\" \/>\n<link rel=\"canonical\" href=\"https:\/\/www.pmpf.rs.gov.br\/esportes\/2022\/07\/27\/prefeitura-levara-educadores-fisicos-a-academias-ao-ar-livre-a-partir-desta-semana\/\" \/>\n<meta property=\"og:locale\" content=\"pt_BR\" \/>\n<meta property=\"og:type\" content=\"article\" \/>\n<meta property=\"og:title\" content=\"Prefeitura levar\u00e1 educadores f\u00edsicos a academias ao ar livre a partir desta semana - Secretaria de Esportes\" \/>\n<meta property=\"og:description\" content=\"As academias ao ar livre s\u00e3o espa\u00e7os nos bairros e na regi\u00e3o central destinados \u00e0 pr\u00e1tica de atividades f\u00edsicas. A partir de uma iniciativa da Prefeitura, chamada de Passo Fundo em Movimento, [&hellip;]\" \/>\n<meta property=\"og:url\" content=\"https:\/\/www.pmpf.rs.gov.br\/esportes\/2022\/07\/27\/prefeitura-levara-educadores-fisicos-a-academias-ao-ar-livre-a-partir-desta-semana\/\" \/>\n<meta property=\"og:site_name\" content=\"Secretaria de Esportes\" \/>\n<meta property=\"article:published_time\" content=\"2022-07-27T20:22:48+00:00\" \/>\n<meta property=\"article:modified_time\" content=\"2022-07-29T17:10:10+00:00\" \/>\n<meta property=\"og:image\" content=\"https:\/\/www.pmpf.rs.gov.br\/esportes\/wp-content\/uploads\/sites\/44\/2022\/07\/academias-ao-ar-livre.jpg\" \/>\n\t<meta property=\"og:image:width\" content=\"1280\" \/>\n\t<meta property=\"og:image:height\" content=\"718\" \/>\n\t<meta property=\"og:image:type\" content=\"image\/jpeg\" \/>\n<meta name=\"author\" content=\"andressazorzetto07\" \/>\n<meta name=\"twitter:card\" content=\"summary_large_image\" \/>\n<meta name=\"twitter:label1\" content=\"Escrito por\" \/>\n\t<meta name=\"twitter:data1\" content=\"andressazorzetto07\" \/>\n\t<meta name=\"twitter:label2\" content=\"Est. tempo de leitura\" \/>\n\t<meta name=\"twitter:data2\" content=\"3 minutos\" \/>\n<script type=\"application\/ld+json\" class=\"yoast-schema-graph\">{\"@context\":\"https:\/\/schema.org\",\"@graph\":[{\"@type\":\"WebPage\",\"@id\":\"https:\/\/www.pmpf.rs.gov.br\/esportes\/2022\/07\/27\/prefeitura-levara-educadores-fisicos-a-academias-ao-ar-livre-a-partir-desta-semana\/\",\"url\":\"https:\/\/www.pmpf.rs.gov.br\/esportes\/2022\/07\/27\/prefeitura-levara-educadores-fisicos-a-academias-ao-ar-livre-a-partir-desta-semana\/\",\"name\":\"Prefeitura levar\u00e1 educadores f\u00edsicos a academias ao ar livre a partir desta semana - Secretaria de Esportes\",\"isPartOf\":{\"@id\":\"https:\/\/www.pmpf.rs.gov.br\/esportes\/#website\"},\"primaryImageOfPage\":{\"@id\":\"https:\/\/www.pmpf.rs.gov.br\/esportes\/2022\/07\/27\/prefeitura-levara-educadores-fisicos-a-academias-ao-ar-livre-a-partir-desta-semana\/#primaryimage\"},\"image\":{\"@id\":\"https:\/\/www.pmpf.rs.gov.br\/esportes\/2022\/07\/27\/prefeitura-levara-educadores-fisicos-a-academias-ao-ar-livre-a-partir-desta-semana\/#primaryimage\"},\"thumbnailUrl\":\"https:\/\/www.pmpf.rs.gov.br\/esportes\/wp-content\/uploads\/sites\/44\/2022\/07\/academias-ao-ar-livre.jpg\",\"datePublished\":\"2022-07-27T20:22:48+00:00\",\"dateModified\":\"2022-07-29T17:10:10+00:00\",\"author\":{\"@id\":\"https:\/\/www.pmpf.rs.gov.br\/esportes\/#\/schema\/person\/30ee1d1bd74da1469b01fcf086e43351\"},\"inLanguage\":\"pt-BR\",\"potentialAction\":[{\"@type\":\"ReadAction\",\"target\":[\"https:\/\/www.pmpf.rs.gov.br\/esportes\/2022\/07\/27\/prefeitura-levara-educadores-fisicos-a-academias-ao-ar-livre-a-partir-desta-semana\/\"]}]},{\"@type\":\"ImageObject\",\"inLanguage\":\"pt-BR\",\"@id\":\"https:\/\/www.pmpf.rs.gov.br\/esportes\/2022\/07\/27\/prefeitura-levara-educadores-fisicos-a-academias-ao-ar-livre-a-partir-desta-semana\/#primaryimage\",\"url\":\"https:\/\/www.pmpf.rs.gov.br\/esportes\/wp-content\/uploads\/sites\/44\/2022\/07\/academias-ao-ar-livre.jpg\",\"contentUrl\":\"https:\/\/www.pmpf.rs.gov.br\/esportes\/wp-content\/uploads\/sites\/44\/2022\/07\/academias-ao-ar-livre.jpg\",\"width\":1280,\"height\":718},{\"@type\":\"WebSite\",\"@id\":\"https:\/\/www.pmpf.rs.gov.br\/esportes\/#website\",\"url\":\"https:\/\/www.pmpf.rs.gov.br\/esportes\/\",\"name\":\"Secretaria de Esportes\",\"description\":\"Site Secretaria de Esporte da Prefeitura de Passo Fundo\",\"potentialAction\":[{\"@type\":\"SearchAction\",\"target\":{\"@type\":\"EntryPoint\",\"urlTemplate\":\"https:\/\/www.pmpf.rs.gov.br\/esportes\/?s={search_term_string}\"},\"query-input\":{\"@type\":\"PropertyValueSpecification\",\"valueRequired\":true,\"valueName\":\"search_term_string\"}}],\"inLanguage\":\"pt-BR\"},{\"@type\":\"Person\",\"@id\":\"https:\/\/www.pmpf.rs.gov.br\/esportes\/#\/schema\/person\/30ee1d1bd74da1469b01fcf086e43351\",\"name\":\"andressazorzetto07\",\"image\":{\"@type\":\"ImageObject\",\"inLanguage\":\"pt-BR\",\"@id\":\"https:\/\/www.pmpf.rs.gov.br\/esportes\/#\/schema\/person\/image\/\",\"url\":\"https:\/\/secure.gravatar.com\/avatar\/14c5458ed79dc81da99a13b9ff5f9f19?s=96&d=mm&r=g\",\"contentUrl\":\"https:\/\/secure.gravatar.com\/avatar\/14c5458ed79dc81da99a13b9ff5f9f19?s=96&d=mm&r=g\",\"caption\":\"andressazorzetto07\"},\"url\":\"https:\/\/www.pmpf.rs.gov.br\/esportes\/author\/andressazorzetto07\/\"}]}<\/script>\n<!-- \/ Yoast SEO plugin. -->","yoast_head_json":{"title":"Prefeitura levar\u00e1 educadores f\u00edsicos a academias ao ar livre a partir desta semana - Secretaria de Esportes","robots":{"index":"index","follow":"follow","max-snippet":"max-snippet:-1","max-image-preview":"max-image-preview:large","max-video-preview":"max-video-preview:-1"},"canonical":"https:\/\/www.pmpf.rs.gov.br\/esportes\/2022\/07\/27\/prefeitura-levara-educadores-fisicos-a-academias-ao-ar-livre-a-partir-desta-semana\/","og_locale":"pt_BR","og_type":"article","og_title":"Prefeitura levar\u00e1 educadores f\u00edsicos a academias ao ar livre a partir desta semana - Secretaria de Esportes","og_description":"As academias ao ar livre s\u00e3o espa\u00e7os nos bairros e na regi\u00e3o central destinados \u00e0 pr\u00e1tica de atividades f\u00edsicas. A partir de uma iniciativa da Prefeitura, chamada de Passo Fundo em Movimento, [&hellip;]","og_url":"https:\/\/www.pmpf.rs.gov.br\/esportes\/2022\/07\/27\/prefeitura-levara-educadores-fisicos-a-academias-ao-ar-livre-a-partir-desta-semana\/","og_site_name":"Secretaria de Esportes","article_published_time":"2022-07-27T20:22:48+00:00","article_modified_time":"2022-07-29T17:10:10+00:00","og_image":[{"width":1280,"height":718,"url":"https:\/\/www.pmpf.rs.gov.br\/esportes\/wp-content\/uploads\/sites\/44\/2022\/07\/academias-ao-ar-livre.jpg","type":"image\/jpeg"}],"author":"andressazorzetto07","twitter_card":"summary_large_image","twitter_misc":{"Escrito por":"andressazorzetto07","Est. tempo de leitura":"3 minutos"},"schema":{"@context":"https:\/\/schema.org","@graph":[{"@type":"WebPage","@id":"https:\/\/www.pmpf.rs.gov.br\/esportes\/2022\/07\/27\/prefeitura-levara-educadores-fisicos-a-academias-ao-ar-livre-a-partir-desta-semana\/","url":"https:\/\/www.pmpf.rs.gov.br\/esportes\/2022\/07\/27\/prefeitura-levara-educadores-fisicos-a-academias-ao-ar-livre-a-partir-desta-semana\/","name":"Prefeitura levar\u00e1 educadores f\u00edsicos a academias ao ar livre a partir desta semana - Secretaria de Esportes","isPartOf":{"@id":"https:\/\/www.pmpf.rs.gov.br\/esportes\/#website"},"primaryImageOfPage":{"@id":"https:\/\/www.pmpf.rs.gov.br\/esportes\/2022\/07\/27\/prefeitura-levara-educadores-fisicos-a-academias-ao-ar-livre-a-partir-desta-semana\/#primaryimage"},"image":{"@id":"https:\/\/www.pmpf.rs.gov.br\/esportes\/2022\/07\/27\/prefeitura-levara-educadores-fisicos-a-academias-ao-ar-livre-a-partir-desta-semana\/#primaryimage"},"thumbnailUrl":"https:\/\/www.pmpf.rs.gov.br\/esportes\/wp-content\/uploads\/sites\/44\/2022\/07\/academias-ao-ar-livre.jpg","datePublished":"2022-07-27T20:22:48+00:00","dateModified":"2022-07-29T17:10:10+00:00","author":{"@id":"https:\/\/www.pmpf.rs.gov.br\/esportes\/#\/schema\/person\/30ee1d1bd74da1469b01fcf086e43351"},"inLanguage":"pt-BR","potentialAction":[{"@type":"ReadAction","target":["https:\/\/www.pmpf.rs.gov.br\/esportes\/2022\/07\/27\/prefeitura-levara-educadores-fisicos-a-academias-ao-ar-livre-a-partir-desta-semana\/"]}]},{"@type":"ImageObject","inLanguage":"pt-BR","@id":"https:\/\/www.pmpf.rs.gov.br\/esportes\/2022\/07\/27\/prefeitura-levara-educadores-fisicos-a-academias-ao-ar-livre-a-partir-desta-semana\/#primaryimage","url":"https:\/\/www.pmpf.rs.gov.br\/esportes\/wp-content\/uploads\/sites\/44\/2022\/07\/academias-ao-ar-livre.jpg","contentUrl":"https:\/\/www.pmpf.rs.gov.br\/esportes\/wp-content\/uploads\/sites\/44\/2022\/07\/academias-ao-ar-livre.jpg","width":1280,"height":718},{"@type":"WebSite","@id":"https:\/\/www.pmpf.rs.gov.br\/esportes\/#website","url":"https:\/\/www.pmpf.rs.gov.br\/esportes\/","name":"Secretaria de Esportes","description":"Site Secretaria de Esporte da Prefeitura de Passo Fundo","potentialAction":[{"@type":"SearchAction","target":{"@type":"EntryPoint","urlTemplate":"https:\/\/www.pmpf.rs.gov.br\/esportes\/?s={search_term_string}"},"query-input":{"@type":"PropertyValueSpecification","valueRequired":true,"valueName":"search_term_string"}}],"inLanguage":"pt-BR"},{"@type":"Person","@id":"https:\/\/www.pmpf.rs.gov.br\/esportes\/#\/schema\/person\/30ee1d1bd74da1469b01fcf086e43351","name":"andressazorzetto07","image":{"@type":"ImageObject","inLanguage":"pt-BR","@id":"https:\/\/www.pmpf.rs.gov.br\/esportes\/#\/schema\/person\/image\/","url":"https:\/\/secure.gravatar.com\/avatar\/14c5458ed79dc81da99a13b9ff5f9f19?s=96&d=mm&r=g","contentUrl":"https:\/\/secure.gravatar.com\/avatar\/14c5458ed79dc81da99a13b9ff5f9f19?s=96&d=mm&r=g","caption":"andressazorzetto07"},"url":"https:\/\/www.pmpf.rs.gov.br\/esportes\/author\/andressazorzetto07\/"}]}},"_links":{"self":[{"href":"https:\/\/www.pmpf.rs.gov.br\/esportes\/wp-json\/wp\/v2\/posts\/1048"}],"collection":[{"href":"https:\/\/www.pmpf.rs.gov.br\/esportes\/wp-json\/wp\/v2\/posts"}],"about":[{"href":"https:\/\/www.pmpf.rs.gov.br\/esportes\/wp-json\/wp\/v2\/types\/post"}],"author":[{"embeddable":true,"href":"https:\/\/www.pmpf.rs.gov.br\/esportes\/wp-json\/wp\/v2\/users\/6"}],"replies":[{"embeddable":true,"href":"https:\/\/www.pmpf.rs.gov.br\/esportes\/wp-json\/wp\/v2\/comments?post=1048"}],"version-history":[{"count":2,"href":"https:\/\/www.pmpf.rs.gov.br\/esportes\/wp-json\/wp\/v2\/posts\/1048\/revisions"}],"predecessor-version":[{"id":1051,"href":"https:\/\/www.pmpf.rs.gov.br\/esportes\/wp-json\/wp\/v2\/posts\/1048\/revisions\/1051"}],"wp:featuredmedia":[{"embeddable":true,"href":"https:\/\/www.pmpf.rs.gov.br\/esportes\/wp-json\/wp\/v2\/media\/1049"}],"wp:attachment":[{"href":"https:\/\/www.pmpf.rs.gov.br\/esportes\/wp-json\/wp\/v2\/media?parent=1048"}],"wp:term":[{"taxonomy":"category","embeddable":true,"href":"https:\/\/www.pmpf.rs.gov.br\/esportes\/wp-json\/wp\/v2\/categories?post=1048"},{"taxonomy":"post_tag","embeddable":true,"href":"https:\/\/www.pmpf.rs.gov.br\/esportes\/wp-json\/wp\/v2\/tags?post=1048"}],"curies":[{"name":"wp","href":"https:\/\/api.w.org\/{rel}","templated":true}]}}