{"id":9963,"date":"2025-04-14T15:51:07","date_gmt":"2025-04-14T18:51:07","guid":{"rendered":"https:\/\/www.pmpf.rs.gov.br\/educacao\/?p=9963"},"modified":"2025-04-14T15:51:10","modified_gmt":"2025-04-14T18:51:10","slug":"alunos-da-rede-municipal-embarcarao-com-destino-a-belgica-nesta-sexta-feira","status":"publish","type":"post","link":"https:\/\/www.pmpf.rs.gov.br\/educacao\/2025\/04\/14\/alunos-da-rede-municipal-embarcarao-com-destino-a-belgica-nesta-sexta-feira\/","title":{"rendered":"Alunos da rede municipal embarcar\u00e3o com destino \u00e0 B\u00e9lgica nesta sexta-feira"},"content":{"rendered":"\n<p><\/p>\n\n\n\n<p>Os cinco alunos da rede municipal que foram selecionados para a terceira Miss\u00e3o Cidade Educadora da Prefeitura iniciar\u00e3o o interc\u00e2mbio educacional nesta sexta-feira (19). Em Bruxelas, eles ser\u00e3o embaixadores da Educa\u00e7\u00e3o de Passo Fundo e apresentar\u00e3o projetos desenvolvidos pelo Munic\u00edpio. Tamb\u00e9m ter\u00e3o a oportunidade de conhecer pr\u00e1ticas educacionais e a cultura de uma das principais cidades do mundo.<\/p>\n\n\n\n<p>Ap\u00f3s dois meses de prepara\u00e7\u00e3o, os estudantes receberam os crach\u00e1s e as malas com uniformes e todos os itens necess\u00e1rios para a viagem de 11 dias. Os kits foram entregues com o apoio da RazaoInfo e da Be8, parceiras da Prefeitura desde a primeira miss\u00e3o.<\/p>\n\n\n\n<p>O prefeito Pedro Almeida destacou que a Miss\u00e3o Cidade Educadora, que j\u00e1 foi realizada em Barcelona e na Su\u00ed\u00e7a, tem como objetivo principal mostrar que, por meio da Educa\u00e7\u00e3o, os jovens podem chegar a lugares que n\u00e3o imaginavam. \u201cQuando criamos este projeto, quer\u00edamos valorizar os alunos da rede municipal e possibilitar que eles vivessem experi\u00eancias especiais por meio da Educa\u00e7\u00e3o. \u00c9 muito gratificante ver como conquistamos esse objetivo e como, para al\u00e9m dele, mobilizamos todos os estudantes da rede a se dedicarem aos estudos. Ver a terceira miss\u00e3o acontecendo e estes alunos tendo a chance de ir para fora do pa\u00eds \u00e9 um momento feliz para todos n\u00f3s\u201d, enfatizou.<\/p>\n\n\n\n<p>O s\u00f3cio e fundador da RazaoInfo, Patrik Blauth, considerou que Passo Fundo vive um importante na Educa\u00e7\u00e3o e que a empresa est\u00e1 ao lado desta transforma\u00e7\u00e3o. \u201cA miss\u00e3o \u00e9 um projeto inspirador, que traz conhecimento, experi\u00eancias riqu\u00edssimas para os alunos e, acima de tudo, conecta pessoas. Isso vem ao encontro do que a RazaoInfo faz todos os dias, que \u00e9 levar conex\u00e3o para as pessoas, atrav\u00e9s da internet e de a\u00e7\u00f5es como esta\u201d, disse, entregando aos estudantes, ainda, um voucher de internet gratuita por tr\u00eas meses.<\/p>\n\n\n\n<p>J\u00e1 a gerente de sustentabilidade da Be8, Ana Curia, mencionou que a empresa apoia iniciativas que trazem impactos para o futuro. \u201cN\u00e3o \u00e9 f\u00e1cil chegar onde voc\u00eas chegaram e tenho certeza de que a jornada que cada um ir\u00e1 trilhar ser\u00e1 linda. De alguma forma, estamos colaborando com a vida de voc\u00eas. Ficamos emocionados porque isso nos inspira a ser pessoas melhores. A Be8 est\u00e1 junto na constru\u00e7\u00e3o de um lugar melhor\u201d.<\/p>\n\n\n\n<p>Os estudantes que participar\u00e3o terceira Miss\u00e3o Cidade Educadora s\u00e3o: Rafaella Machado Monteiro, da EMEF Arlindo Luiz Os\u00f3rio, Arthur Bauermann Ramos, da EMEF Urbano Ribas, Alexandra Passos, da EMEF Santo Agostinho, e Isadora Terre Gomes e Lu\u00edsa Passos Gasparin de Barros, da EMEF Zeferino Dem\u00e9trio Costi. Eles foram selecionados entre todos os alunos que cursavam os s\u00e9timos anos da rede municipal em 2024 devido ao seu desempenho escolar.<\/p>\n\n\n\n<p>Com as malas prontas e a poucos dias do embarque, os alunos compartilham o entusiasmo pela possibilidade de conhecerem outro pa\u00eds e, ao mesmo tempo, representarem a Educa\u00e7\u00e3o Municipal. \u201cGratid\u00e3o imensa. Esta \u00e9 uma oportunidade \u00fanica e que mudou a minha vida\u201d, disse Isadora.<\/p>\n","protected":false},"excerpt":{"rendered":"<p>Os cinco alunos da rede municipal que foram selecionados para a terceira Miss\u00e3o Cidade Educadora da Prefeitura iniciar\u00e3o o interc\u00e2mbio educacional nesta sexta-feira (19). Em Bruxelas, eles ser\u00e3o embaixadores da Educa\u00e7\u00e3o de [&hellip;]<\/p>\n","protected":false},"author":6,"featured_media":9964,"comment_status":"closed","ping_status":"closed","sticky":false,"template":"","format":"standard","meta":{"footnotes":""},"categories":[41],"tags":[],"class_list":["post-9963","post","type-post","status-publish","format-standard","has-post-thumbnail","hentry","category-cidade-educadora"],"yoast_head":"<!-- This site is optimized with the Yoast SEO plugin v23.8 - https:\/\/yoast.com\/wordpress\/plugins\/seo\/ -->\n<title>Alunos da rede municipal embarcar\u00e3o com destino \u00e0 B\u00e9lgica nesta sexta-feira - Secretaria de Educa\u00e7\u00e3o<\/title>\n<meta name=\"robots\" content=\"index, follow, max-snippet:-1, max-image-preview:large, max-video-preview:-1\" \/>\n<link rel=\"canonical\" href=\"https:\/\/www.pmpf.rs.gov.br\/educacao\/2025\/04\/14\/alunos-da-rede-municipal-embarcarao-com-destino-a-belgica-nesta-sexta-feira\/\" \/>\n<meta property=\"og:locale\" content=\"pt_BR\" \/>\n<meta property=\"og:type\" content=\"article\" \/>\n<meta property=\"og:title\" content=\"Alunos da rede municipal embarcar\u00e3o com destino \u00e0 B\u00e9lgica nesta sexta-feira - Secretaria de Educa\u00e7\u00e3o\" \/>\n<meta property=\"og:description\" content=\"Os cinco alunos da rede municipal que foram selecionados para a terceira Miss\u00e3o Cidade Educadora da Prefeitura iniciar\u00e3o o interc\u00e2mbio educacional nesta sexta-feira (19). Em Bruxelas, eles ser\u00e3o embaixadores da Educa\u00e7\u00e3o de [&hellip;]\" \/>\n<meta property=\"og:url\" content=\"https:\/\/www.pmpf.rs.gov.br\/educacao\/2025\/04\/14\/alunos-da-rede-municipal-embarcarao-com-destino-a-belgica-nesta-sexta-feira\/\" \/>\n<meta property=\"og:site_name\" content=\"Secretaria de Educa\u00e7\u00e3o\" \/>\n<meta property=\"article:published_time\" content=\"2025-04-14T18:51:07+00:00\" \/>\n<meta property=\"article:modified_time\" content=\"2025-04-14T18:51:10+00:00\" \/>\n<meta name=\"author\" content=\"andressazorzetto07\" \/>\n<meta name=\"twitter:card\" content=\"summary_large_image\" \/>\n<meta name=\"twitter:label1\" content=\"Escrito por\" \/>\n\t<meta name=\"twitter:data1\" content=\"andressazorzetto07\" \/>\n\t<meta name=\"twitter:label2\" content=\"Est. tempo de leitura\" \/>\n\t<meta name=\"twitter:data2\" content=\"3 minutos\" \/>\n<script type=\"application\/ld+json\" class=\"yoast-schema-graph\">{\"@context\":\"https:\/\/schema.org\",\"@graph\":[{\"@type\":\"WebPage\",\"@id\":\"https:\/\/www.pmpf.rs.gov.br\/educacao\/2025\/04\/14\/alunos-da-rede-municipal-embarcarao-com-destino-a-belgica-nesta-sexta-feira\/\",\"url\":\"https:\/\/www.pmpf.rs.gov.br\/educacao\/2025\/04\/14\/alunos-da-rede-municipal-embarcarao-com-destino-a-belgica-nesta-sexta-feira\/\",\"name\":\"Alunos da rede municipal embarcar\u00e3o com destino \u00e0 B\u00e9lgica nesta sexta-feira - Secretaria de Educa\u00e7\u00e3o\",\"isPartOf\":{\"@id\":\"https:\/\/www.pmpf.rs.gov.br\/educacao\/#website\"},\"primaryImageOfPage\":{\"@id\":\"https:\/\/www.pmpf.rs.gov.br\/educacao\/2025\/04\/14\/alunos-da-rede-municipal-embarcarao-com-destino-a-belgica-nesta-sexta-feira\/#primaryimage\"},\"image\":{\"@id\":\"https:\/\/www.pmpf.rs.gov.br\/educacao\/2025\/04\/14\/alunos-da-rede-municipal-embarcarao-com-destino-a-belgica-nesta-sexta-feira\/#primaryimage\"},\"thumbnailUrl\":\"https:\/\/www.pmpf.rs.gov.br\/educacao\/wp-content\/uploads\/sites\/43\/2025\/04\/DSC04966-scaled.jpg\",\"datePublished\":\"2025-04-14T18:51:07+00:00\",\"dateModified\":\"2025-04-14T18:51:10+00:00\",\"author\":{\"@id\":\"https:\/\/www.pmpf.rs.gov.br\/educacao\/#\/schema\/person\/30ee1d1bd74da1469b01fcf086e43351\"},\"inLanguage\":\"pt-BR\",\"potentialAction\":[{\"@type\":\"ReadAction\",\"target\":[\"https:\/\/www.pmpf.rs.gov.br\/educacao\/2025\/04\/14\/alunos-da-rede-municipal-embarcarao-com-destino-a-belgica-nesta-sexta-feira\/\"]}]},{\"@type\":\"ImageObject\",\"inLanguage\":\"pt-BR\",\"@id\":\"https:\/\/www.pmpf.rs.gov.br\/educacao\/2025\/04\/14\/alunos-da-rede-municipal-embarcarao-com-destino-a-belgica-nesta-sexta-feira\/#primaryimage\",\"url\":\"https:\/\/www.pmpf.rs.gov.br\/educacao\/wp-content\/uploads\/sites\/43\/2025\/04\/DSC04966-scaled.jpg\",\"contentUrl\":\"https:\/\/www.pmpf.rs.gov.br\/educacao\/wp-content\/uploads\/sites\/43\/2025\/04\/DSC04966-scaled.jpg\",\"width\":2560,\"height\":1707},{\"@type\":\"WebSite\",\"@id\":\"https:\/\/www.pmpf.rs.gov.br\/educacao\/#website\",\"url\":\"https:\/\/www.pmpf.rs.gov.br\/educacao\/\",\"name\":\"Secretaria de Educa\u00e7\u00e3o\",\"description\":\"Secretaria de Educa\u00e7\u00e3o da cidade de Passo Fundo\",\"potentialAction\":[{\"@type\":\"SearchAction\",\"target\":{\"@type\":\"EntryPoint\",\"urlTemplate\":\"https:\/\/www.pmpf.rs.gov.br\/educacao\/?s={search_term_string}\"},\"query-input\":{\"@type\":\"PropertyValueSpecification\",\"valueRequired\":true,\"valueName\":\"search_term_string\"}}],\"inLanguage\":\"pt-BR\"},{\"@type\":\"Person\",\"@id\":\"https:\/\/www.pmpf.rs.gov.br\/educacao\/#\/schema\/person\/30ee1d1bd74da1469b01fcf086e43351\",\"name\":\"andressazorzetto07\",\"image\":{\"@type\":\"ImageObject\",\"inLanguage\":\"pt-BR\",\"@id\":\"https:\/\/www.pmpf.rs.gov.br\/educacao\/#\/schema\/person\/image\/\",\"url\":\"https:\/\/secure.gravatar.com\/avatar\/14c5458ed79dc81da99a13b9ff5f9f19?s=96&d=mm&r=g\",\"contentUrl\":\"https:\/\/secure.gravatar.com\/avatar\/14c5458ed79dc81da99a13b9ff5f9f19?s=96&d=mm&r=g\",\"caption\":\"andressazorzetto07\"},\"url\":\"https:\/\/www.pmpf.rs.gov.br\/educacao\/author\/andressazorzetto07\/\"}]}<\/script>\n<!-- \/ Yoast SEO plugin. -->","yoast_head_json":{"title":"Alunos da rede municipal embarcar\u00e3o com destino \u00e0 B\u00e9lgica nesta sexta-feira - Secretaria de Educa\u00e7\u00e3o","robots":{"index":"index","follow":"follow","max-snippet":"max-snippet:-1","max-image-preview":"max-image-preview:large","max-video-preview":"max-video-preview:-1"},"canonical":"https:\/\/www.pmpf.rs.gov.br\/educacao\/2025\/04\/14\/alunos-da-rede-municipal-embarcarao-com-destino-a-belgica-nesta-sexta-feira\/","og_locale":"pt_BR","og_type":"article","og_title":"Alunos da rede municipal embarcar\u00e3o com destino \u00e0 B\u00e9lgica nesta sexta-feira - Secretaria de Educa\u00e7\u00e3o","og_description":"Os cinco alunos da rede municipal que foram selecionados para a terceira Miss\u00e3o Cidade Educadora da Prefeitura iniciar\u00e3o o interc\u00e2mbio educacional nesta sexta-feira (19). Em Bruxelas, eles ser\u00e3o embaixadores da Educa\u00e7\u00e3o de [&hellip;]","og_url":"https:\/\/www.pmpf.rs.gov.br\/educacao\/2025\/04\/14\/alunos-da-rede-municipal-embarcarao-com-destino-a-belgica-nesta-sexta-feira\/","og_site_name":"Secretaria de Educa\u00e7\u00e3o","article_published_time":"2025-04-14T18:51:07+00:00","article_modified_time":"2025-04-14T18:51:10+00:00","author":"andressazorzetto07","twitter_card":"summary_large_image","twitter_misc":{"Escrito por":"andressazorzetto07","Est. tempo de leitura":"3 minutos"},"schema":{"@context":"https:\/\/schema.org","@graph":[{"@type":"WebPage","@id":"https:\/\/www.pmpf.rs.gov.br\/educacao\/2025\/04\/14\/alunos-da-rede-municipal-embarcarao-com-destino-a-belgica-nesta-sexta-feira\/","url":"https:\/\/www.pmpf.rs.gov.br\/educacao\/2025\/04\/14\/alunos-da-rede-municipal-embarcarao-com-destino-a-belgica-nesta-sexta-feira\/","name":"Alunos da rede municipal embarcar\u00e3o com destino \u00e0 B\u00e9lgica nesta sexta-feira - Secretaria de Educa\u00e7\u00e3o","isPartOf":{"@id":"https:\/\/www.pmpf.rs.gov.br\/educacao\/#website"},"primaryImageOfPage":{"@id":"https:\/\/www.pmpf.rs.gov.br\/educacao\/2025\/04\/14\/alunos-da-rede-municipal-embarcarao-com-destino-a-belgica-nesta-sexta-feira\/#primaryimage"},"image":{"@id":"https:\/\/www.pmpf.rs.gov.br\/educacao\/2025\/04\/14\/alunos-da-rede-municipal-embarcarao-com-destino-a-belgica-nesta-sexta-feira\/#primaryimage"},"thumbnailUrl":"https:\/\/www.pmpf.rs.gov.br\/educacao\/wp-content\/uploads\/sites\/43\/2025\/04\/DSC04966-scaled.jpg","datePublished":"2025-04-14T18:51:07+00:00","dateModified":"2025-04-14T18:51:10+00:00","author":{"@id":"https:\/\/www.pmpf.rs.gov.br\/educacao\/#\/schema\/person\/30ee1d1bd74da1469b01fcf086e43351"},"inLanguage":"pt-BR","potentialAction":[{"@type":"ReadAction","target":["https:\/\/www.pmpf.rs.gov.br\/educacao\/2025\/04\/14\/alunos-da-rede-municipal-embarcarao-com-destino-a-belgica-nesta-sexta-feira\/"]}]},{"@type":"ImageObject","inLanguage":"pt-BR","@id":"https:\/\/www.pmpf.rs.gov.br\/educacao\/2025\/04\/14\/alunos-da-rede-municipal-embarcarao-com-destino-a-belgica-nesta-sexta-feira\/#primaryimage","url":"https:\/\/www.pmpf.rs.gov.br\/educacao\/wp-content\/uploads\/sites\/43\/2025\/04\/DSC04966-scaled.jpg","contentUrl":"https:\/\/www.pmpf.rs.gov.br\/educacao\/wp-content\/uploads\/sites\/43\/2025\/04\/DSC04966-scaled.jpg","width":2560,"height":1707},{"@type":"WebSite","@id":"https:\/\/www.pmpf.rs.gov.br\/educacao\/#website","url":"https:\/\/www.pmpf.rs.gov.br\/educacao\/","name":"Secretaria de Educa\u00e7\u00e3o","description":"Secretaria de Educa\u00e7\u00e3o da cidade de Passo Fundo","potentialAction":[{"@type":"SearchAction","target":{"@type":"EntryPoint","urlTemplate":"https:\/\/www.pmpf.rs.gov.br\/educacao\/?s={search_term_string}"},"query-input":{"@type":"PropertyValueSpecification","valueRequired":true,"valueName":"search_term_string"}}],"inLanguage":"pt-BR"},{"@type":"Person","@id":"https:\/\/www.pmpf.rs.gov.br\/educacao\/#\/schema\/person\/30ee1d1bd74da1469b01fcf086e43351","name":"andressazorzetto07","image":{"@type":"ImageObject","inLanguage":"pt-BR","@id":"https:\/\/www.pmpf.rs.gov.br\/educacao\/#\/schema\/person\/image\/","url":"https:\/\/secure.gravatar.com\/avatar\/14c5458ed79dc81da99a13b9ff5f9f19?s=96&d=mm&r=g","contentUrl":"https:\/\/secure.gravatar.com\/avatar\/14c5458ed79dc81da99a13b9ff5f9f19?s=96&d=mm&r=g","caption":"andressazorzetto07"},"url":"https:\/\/www.pmpf.rs.gov.br\/educacao\/author\/andressazorzetto07\/"}]}},"_links":{"self":[{"href":"https:\/\/www.pmpf.rs.gov.br\/educacao\/wp-json\/wp\/v2\/posts\/9963"}],"collection":[{"href":"https:\/\/www.pmpf.rs.gov.br\/educacao\/wp-json\/wp\/v2\/posts"}],"about":[{"href":"https:\/\/www.pmpf.rs.gov.br\/educacao\/wp-json\/wp\/v2\/types\/post"}],"author":[{"embeddable":true,"href":"https:\/\/www.pmpf.rs.gov.br\/educacao\/wp-json\/wp\/v2\/users\/6"}],"replies":[{"embeddable":true,"href":"https:\/\/www.pmpf.rs.gov.br\/educacao\/wp-json\/wp\/v2\/comments?post=9963"}],"version-history":[{"count":1,"href":"https:\/\/www.pmpf.rs.gov.br\/educacao\/wp-json\/wp\/v2\/posts\/9963\/revisions"}],"predecessor-version":[{"id":9965,"href":"https:\/\/www.pmpf.rs.gov.br\/educacao\/wp-json\/wp\/v2\/posts\/9963\/revisions\/9965"}],"wp:featuredmedia":[{"embeddable":true,"href":"https:\/\/www.pmpf.rs.gov.br\/educacao\/wp-json\/wp\/v2\/media\/9964"}],"wp:attachment":[{"href":"https:\/\/www.pmpf.rs.gov.br\/educacao\/wp-json\/wp\/v2\/media?parent=9963"}],"wp:term":[{"taxonomy":"category","embeddable":true,"href":"https:\/\/www.pmpf.rs.gov.br\/educacao\/wp-json\/wp\/v2\/categories?post=9963"},{"taxonomy":"post_tag","embeddable":true,"href":"https:\/\/www.pmpf.rs.gov.br\/educacao\/wp-json\/wp\/v2\/tags?post=9963"}],"curies":[{"name":"wp","href":"https:\/\/api.w.org\/{rel}","templated":true}]}}