{"id":9858,"date":"2024-12-20T08:43:16","date_gmt":"2024-12-20T11:43:16","guid":{"rendered":"https:\/\/www.pmpf.rs.gov.br\/educacao\/?p=9858"},"modified":"2024-12-20T09:06:50","modified_gmt":"2024-12-20T12:06:50","slug":"prefeitura-celebra-qualificacao-de-mais-de-500-alunos-da-escola-das-profissoes-para-o-mercado-de-trabalho","status":"publish","type":"post","link":"https:\/\/www.pmpf.rs.gov.br\/educacao\/2024\/12\/20\/prefeitura-celebra-qualificacao-de-mais-de-500-alunos-da-escola-das-profissoes-para-o-mercado-de-trabalho\/","title":{"rendered":"Prefeitura celebra qualifica\u00e7\u00e3o de mais de 500 alunos da Escola das Profiss\u00f5es para o mercado de trabalho"},"content":{"rendered":"\n<p><\/p>\n\n\n\n<p>A Prefeitura de Passo Fundo, por meio da Secretaria de Educa\u00e7\u00e3o, realizou nesta quinta-feira (19) a cerim\u00f4nia de formatura da Escola das Profiss\u00f5es. O evento, que reuniu autoridades, professores, familiares e alunos no audit\u00f3rio da Faculdade de Medicina da UPF, marcou a certifica\u00e7\u00e3o de mais de 500 alunos que conclu\u00edram os cursos profissionalizantes nas \u00e1reas de educa\u00e7\u00e3o, tecnologia, sa\u00fade, est\u00e9tica, gastronomia, t\u00eaxtil e com\u00e9rcio\/servi\u00e7os.<\/p>\n\n\n\n<p>A solenidade destacou o impacto transformador do programa, que ao longo de dois anos e meio j\u00e1 formou mais de 4.500 jovens e adultos e consolidou a parceria entre a Prefeitura, empresas e entidades locais. O Profissionais do Futuro, parte integrante da Escola, atendeu semanalmente mais de 150 adolescentes da Rede Municipal de Ensino, contribuindo para o desenvolvimento de habilidades essenciais ao mundo do trabalho.<\/p>\n\n\n\n<p><strong>Uma celebra\u00e7\u00e3o ao aprendizado<\/strong><\/p>\n\n\n\n<p>Com uma programa\u00e7\u00e3o dividida em duas cerim\u00f4nias, a formatura reuniu inicialmente os alunos dos cursos de educa\u00e7\u00e3o e tecnologia. No segundo momento, foi a vez dos formandos das \u00e1reas de com\u00e9rcio\/servi\u00e7os, sa\u00fade, est\u00e9tica, gastronomia e t\u00eaxtil subirem ao palco. Em ambos os turnos, discursos emocionantes de autoridades, professores e alunos celebraram as conquistas individuais e coletivas.<\/p>\n\n\n\n<p>O Prefeito Pedro Almeida refor\u00e7ou o compromisso da administra\u00e7\u00e3o municipal com a educa\u00e7\u00e3o e o futuro da cidade. &#8220;Investir em qualifica\u00e7\u00e3o profissional \u00e9 investir diretamente no desenvolvimento de Passo Fundo. A Escola das Profiss\u00f5es tem transformado vidas e impulsionado nossa economia com profissionais mais preparados para os desafios do mercado de trabalho&#8221;, ressaltou.<\/p>\n\n\n\n<p>O Secret\u00e1rio de Educa\u00e7\u00e3o, Adriano Canabarro Teixeira, destacou a inova\u00e7\u00e3o e a abrang\u00eancia do projeto. &#8220;Aqui, formamos n\u00e3o apenas trabalhadores, mas cidad\u00e3os prontos para protagonizar mudan\u00e7as na sociedade. O ensino de l\u00ednguas, o uso de tecnologias e a abordagem pr\u00e1tica abrem horizontes para nossos alunos&#8221;, apontou Teixeira.<\/p>\n\n\n\n<p>A entrega dos certificados simbolizou o encerramento de uma etapa importante na jornada dos alunos. Com cursos variados como Inform\u00e1tica B\u00e1sica, Ingl\u00eas, Corte e Costura, Gastronomia, Manicure, entre outros, os formandos deixaram o evento com novas habilidades e muitas expectativas para o futuro.<\/p>\n\n\n\n<p>Parceiros da Escola das Profiss\u00f5es, como representantes do SEBRAE, SENAI e empresas locais, tamb\u00e9m foram homenageados pela contribui\u00e7\u00e3o ao programa. Al\u00e9m dos cursos profissionalizantes, o evento destacou o papel das empresas parceiras no sucesso do programa e refor\u00e7ou o compromisso de expandir as oportunidades de qualifica\u00e7\u00e3o.<\/p>\n\n\n\n<p><strong>Inscri\u00e7\u00f5es abertas<\/strong><\/p>\n\n\n\n<p>A Escola das Profiss\u00f5es j\u00e1 est\u00e1 com novas inscri\u00e7\u00f5es abertas para as turmas de 2025, com mais de 540 vagas para o pr\u00f3ximo semestres. Os interessados podem acessar a p\u00e1gina da escola e realizar a inscri\u00e7\u00e3o at\u00e9 03\/1\/2025.<\/p>\n\n\n\n<p><\/p>\n","protected":false},"excerpt":{"rendered":"<p>A Prefeitura de Passo Fundo, por meio da Secretaria de Educa\u00e7\u00e3o, realizou nesta quinta-feira (19) a cerim\u00f4nia de formatura da Escola das Profiss\u00f5es. O evento, que reuniu autoridades, professores, familiares e alunos [&hellip;]<\/p>\n","protected":false},"author":24,"featured_media":9859,"comment_status":"closed","ping_status":"closed","sticky":false,"template":"","format":"standard","meta":{"footnotes":""},"categories":[1],"tags":[],"class_list":["post-9858","post","type-post","status-publish","format-standard","has-post-thumbnail","hentry","category-sem-categoria"],"yoast_head":"<!-- This site is optimized with the Yoast SEO plugin v23.8 - https:\/\/yoast.com\/wordpress\/plugins\/seo\/ -->\n<title>Prefeitura celebra qualifica\u00e7\u00e3o de mais de 500 alunos da Escola das Profiss\u00f5es para o mercado de trabalho - Secretaria de Educa\u00e7\u00e3o<\/title>\n<meta name=\"robots\" content=\"index, follow, max-snippet:-1, max-image-preview:large, max-video-preview:-1\" \/>\n<link rel=\"canonical\" href=\"https:\/\/www.pmpf.rs.gov.br\/educacao\/2024\/12\/20\/prefeitura-celebra-qualificacao-de-mais-de-500-alunos-da-escola-das-profissoes-para-o-mercado-de-trabalho\/\" \/>\n<meta property=\"og:locale\" content=\"pt_BR\" \/>\n<meta property=\"og:type\" content=\"article\" \/>\n<meta property=\"og:title\" content=\"Prefeitura celebra qualifica\u00e7\u00e3o de mais de 500 alunos da Escola das Profiss\u00f5es para o mercado de trabalho - Secretaria de Educa\u00e7\u00e3o\" \/>\n<meta property=\"og:description\" content=\"A Prefeitura de Passo Fundo, por meio da Secretaria de Educa\u00e7\u00e3o, realizou nesta quinta-feira (19) a cerim\u00f4nia de formatura da Escola das Profiss\u00f5es. O evento, que reuniu autoridades, professores, familiares e alunos [&hellip;]\" \/>\n<meta property=\"og:url\" content=\"https:\/\/www.pmpf.rs.gov.br\/educacao\/2024\/12\/20\/prefeitura-celebra-qualificacao-de-mais-de-500-alunos-da-escola-das-profissoes-para-o-mercado-de-trabalho\/\" \/>\n<meta property=\"og:site_name\" content=\"Secretaria de Educa\u00e7\u00e3o\" \/>\n<meta property=\"article:published_time\" content=\"2024-12-20T11:43:16+00:00\" \/>\n<meta property=\"article:modified_time\" content=\"2024-12-20T12:06:50+00:00\" \/>\n<meta property=\"og:image\" content=\"https:\/\/www.pmpf.rs.gov.br\/educacao\/wp-content\/uploads\/sites\/43\/2024\/12\/WhatsApp-Image-2024-12-20-at-08.35.34-scaled.jpeg\" \/>\n\t<meta property=\"og:image:width\" content=\"2560\" \/>\n\t<meta property=\"og:image:height\" content=\"1707\" \/>\n\t<meta property=\"og:image:type\" content=\"image\/jpeg\" \/>\n<meta name=\"author\" content=\"lilicrivello\" \/>\n<meta name=\"twitter:card\" content=\"summary_large_image\" \/>\n<meta name=\"twitter:label1\" content=\"Escrito por\" \/>\n\t<meta name=\"twitter:data1\" content=\"lilicrivello\" \/>\n\t<meta name=\"twitter:label2\" content=\"Est. tempo de leitura\" \/>\n\t<meta name=\"twitter:data2\" content=\"2 minutos\" \/>\n<script type=\"application\/ld+json\" class=\"yoast-schema-graph\">{\"@context\":\"https:\/\/schema.org\",\"@graph\":[{\"@type\":\"WebPage\",\"@id\":\"https:\/\/www.pmpf.rs.gov.br\/educacao\/2024\/12\/20\/prefeitura-celebra-qualificacao-de-mais-de-500-alunos-da-escola-das-profissoes-para-o-mercado-de-trabalho\/\",\"url\":\"https:\/\/www.pmpf.rs.gov.br\/educacao\/2024\/12\/20\/prefeitura-celebra-qualificacao-de-mais-de-500-alunos-da-escola-das-profissoes-para-o-mercado-de-trabalho\/\",\"name\":\"Prefeitura celebra qualifica\u00e7\u00e3o de mais de 500 alunos da Escola das Profiss\u00f5es para o mercado de trabalho - Secretaria de Educa\u00e7\u00e3o\",\"isPartOf\":{\"@id\":\"https:\/\/www.pmpf.rs.gov.br\/educacao\/#website\"},\"primaryImageOfPage\":{\"@id\":\"https:\/\/www.pmpf.rs.gov.br\/educacao\/2024\/12\/20\/prefeitura-celebra-qualificacao-de-mais-de-500-alunos-da-escola-das-profissoes-para-o-mercado-de-trabalho\/#primaryimage\"},\"image\":{\"@id\":\"https:\/\/www.pmpf.rs.gov.br\/educacao\/2024\/12\/20\/prefeitura-celebra-qualificacao-de-mais-de-500-alunos-da-escola-das-profissoes-para-o-mercado-de-trabalho\/#primaryimage\"},\"thumbnailUrl\":\"https:\/\/www.pmpf.rs.gov.br\/educacao\/wp-content\/uploads\/sites\/43\/2024\/12\/WhatsApp-Image-2024-12-20-at-08.35.34-scaled.jpeg\",\"datePublished\":\"2024-12-20T11:43:16+00:00\",\"dateModified\":\"2024-12-20T12:06:50+00:00\",\"author\":{\"@id\":\"https:\/\/www.pmpf.rs.gov.br\/educacao\/#\/schema\/person\/6e93b0ab2174b69f691ac4f278ba2d0a\"},\"inLanguage\":\"pt-BR\",\"potentialAction\":[{\"@type\":\"ReadAction\",\"target\":[\"https:\/\/www.pmpf.rs.gov.br\/educacao\/2024\/12\/20\/prefeitura-celebra-qualificacao-de-mais-de-500-alunos-da-escola-das-profissoes-para-o-mercado-de-trabalho\/\"]}]},{\"@type\":\"ImageObject\",\"inLanguage\":\"pt-BR\",\"@id\":\"https:\/\/www.pmpf.rs.gov.br\/educacao\/2024\/12\/20\/prefeitura-celebra-qualificacao-de-mais-de-500-alunos-da-escola-das-profissoes-para-o-mercado-de-trabalho\/#primaryimage\",\"url\":\"https:\/\/www.pmpf.rs.gov.br\/educacao\/wp-content\/uploads\/sites\/43\/2024\/12\/WhatsApp-Image-2024-12-20-at-08.35.34-scaled.jpeg\",\"contentUrl\":\"https:\/\/www.pmpf.rs.gov.br\/educacao\/wp-content\/uploads\/sites\/43\/2024\/12\/WhatsApp-Image-2024-12-20-at-08.35.34-scaled.jpeg\",\"width\":2560,\"height\":1707},{\"@type\":\"WebSite\",\"@id\":\"https:\/\/www.pmpf.rs.gov.br\/educacao\/#website\",\"url\":\"https:\/\/www.pmpf.rs.gov.br\/educacao\/\",\"name\":\"Secretaria de Educa\u00e7\u00e3o\",\"description\":\"Secretaria de Educa\u00e7\u00e3o da cidade de Passo Fundo\",\"potentialAction\":[{\"@type\":\"SearchAction\",\"target\":{\"@type\":\"EntryPoint\",\"urlTemplate\":\"https:\/\/www.pmpf.rs.gov.br\/educacao\/?s={search_term_string}\"},\"query-input\":{\"@type\":\"PropertyValueSpecification\",\"valueRequired\":true,\"valueName\":\"search_term_string\"}}],\"inLanguage\":\"pt-BR\"},{\"@type\":\"Person\",\"@id\":\"https:\/\/www.pmpf.rs.gov.br\/educacao\/#\/schema\/person\/6e93b0ab2174b69f691ac4f278ba2d0a\",\"name\":\"lilicrivello\",\"image\":{\"@type\":\"ImageObject\",\"inLanguage\":\"pt-BR\",\"@id\":\"https:\/\/www.pmpf.rs.gov.br\/educacao\/#\/schema\/person\/image\/\",\"url\":\"https:\/\/secure.gravatar.com\/avatar\/0b546b667388f8edb7b67d70a57b5e46?s=96&d=mm&r=g\",\"contentUrl\":\"https:\/\/secure.gravatar.com\/avatar\/0b546b667388f8edb7b67d70a57b5e46?s=96&d=mm&r=g\",\"caption\":\"lilicrivello\"},\"url\":\"https:\/\/www.pmpf.rs.gov.br\/educacao\/author\/lilicrivello\/\"}]}<\/script>\n<!-- \/ Yoast SEO plugin. -->","yoast_head_json":{"title":"Prefeitura celebra qualifica\u00e7\u00e3o de mais de 500 alunos da Escola das Profiss\u00f5es para o mercado de trabalho - Secretaria de Educa\u00e7\u00e3o","robots":{"index":"index","follow":"follow","max-snippet":"max-snippet:-1","max-image-preview":"max-image-preview:large","max-video-preview":"max-video-preview:-1"},"canonical":"https:\/\/www.pmpf.rs.gov.br\/educacao\/2024\/12\/20\/prefeitura-celebra-qualificacao-de-mais-de-500-alunos-da-escola-das-profissoes-para-o-mercado-de-trabalho\/","og_locale":"pt_BR","og_type":"article","og_title":"Prefeitura celebra qualifica\u00e7\u00e3o de mais de 500 alunos da Escola das Profiss\u00f5es para o mercado de trabalho - Secretaria de Educa\u00e7\u00e3o","og_description":"A Prefeitura de Passo Fundo, por meio da Secretaria de Educa\u00e7\u00e3o, realizou nesta quinta-feira (19) a cerim\u00f4nia de formatura da Escola das Profiss\u00f5es. O evento, que reuniu autoridades, professores, familiares e alunos [&hellip;]","og_url":"https:\/\/www.pmpf.rs.gov.br\/educacao\/2024\/12\/20\/prefeitura-celebra-qualificacao-de-mais-de-500-alunos-da-escola-das-profissoes-para-o-mercado-de-trabalho\/","og_site_name":"Secretaria de Educa\u00e7\u00e3o","article_published_time":"2024-12-20T11:43:16+00:00","article_modified_time":"2024-12-20T12:06:50+00:00","og_image":[{"width":2560,"height":1707,"url":"https:\/\/www.pmpf.rs.gov.br\/educacao\/wp-content\/uploads\/sites\/43\/2024\/12\/WhatsApp-Image-2024-12-20-at-08.35.34-scaled.jpeg","type":"image\/jpeg"}],"author":"lilicrivello","twitter_card":"summary_large_image","twitter_misc":{"Escrito por":"lilicrivello","Est. tempo de leitura":"2 minutos"},"schema":{"@context":"https:\/\/schema.org","@graph":[{"@type":"WebPage","@id":"https:\/\/www.pmpf.rs.gov.br\/educacao\/2024\/12\/20\/prefeitura-celebra-qualificacao-de-mais-de-500-alunos-da-escola-das-profissoes-para-o-mercado-de-trabalho\/","url":"https:\/\/www.pmpf.rs.gov.br\/educacao\/2024\/12\/20\/prefeitura-celebra-qualificacao-de-mais-de-500-alunos-da-escola-das-profissoes-para-o-mercado-de-trabalho\/","name":"Prefeitura celebra qualifica\u00e7\u00e3o de mais de 500 alunos da Escola das Profiss\u00f5es para o mercado de trabalho - Secretaria de Educa\u00e7\u00e3o","isPartOf":{"@id":"https:\/\/www.pmpf.rs.gov.br\/educacao\/#website"},"primaryImageOfPage":{"@id":"https:\/\/www.pmpf.rs.gov.br\/educacao\/2024\/12\/20\/prefeitura-celebra-qualificacao-de-mais-de-500-alunos-da-escola-das-profissoes-para-o-mercado-de-trabalho\/#primaryimage"},"image":{"@id":"https:\/\/www.pmpf.rs.gov.br\/educacao\/2024\/12\/20\/prefeitura-celebra-qualificacao-de-mais-de-500-alunos-da-escola-das-profissoes-para-o-mercado-de-trabalho\/#primaryimage"},"thumbnailUrl":"https:\/\/www.pmpf.rs.gov.br\/educacao\/wp-content\/uploads\/sites\/43\/2024\/12\/WhatsApp-Image-2024-12-20-at-08.35.34-scaled.jpeg","datePublished":"2024-12-20T11:43:16+00:00","dateModified":"2024-12-20T12:06:50+00:00","author":{"@id":"https:\/\/www.pmpf.rs.gov.br\/educacao\/#\/schema\/person\/6e93b0ab2174b69f691ac4f278ba2d0a"},"inLanguage":"pt-BR","potentialAction":[{"@type":"ReadAction","target":["https:\/\/www.pmpf.rs.gov.br\/educacao\/2024\/12\/20\/prefeitura-celebra-qualificacao-de-mais-de-500-alunos-da-escola-das-profissoes-para-o-mercado-de-trabalho\/"]}]},{"@type":"ImageObject","inLanguage":"pt-BR","@id":"https:\/\/www.pmpf.rs.gov.br\/educacao\/2024\/12\/20\/prefeitura-celebra-qualificacao-de-mais-de-500-alunos-da-escola-das-profissoes-para-o-mercado-de-trabalho\/#primaryimage","url":"https:\/\/www.pmpf.rs.gov.br\/educacao\/wp-content\/uploads\/sites\/43\/2024\/12\/WhatsApp-Image-2024-12-20-at-08.35.34-scaled.jpeg","contentUrl":"https:\/\/www.pmpf.rs.gov.br\/educacao\/wp-content\/uploads\/sites\/43\/2024\/12\/WhatsApp-Image-2024-12-20-at-08.35.34-scaled.jpeg","width":2560,"height":1707},{"@type":"WebSite","@id":"https:\/\/www.pmpf.rs.gov.br\/educacao\/#website","url":"https:\/\/www.pmpf.rs.gov.br\/educacao\/","name":"Secretaria de Educa\u00e7\u00e3o","description":"Secretaria de Educa\u00e7\u00e3o da cidade de Passo Fundo","potentialAction":[{"@type":"SearchAction","target":{"@type":"EntryPoint","urlTemplate":"https:\/\/www.pmpf.rs.gov.br\/educacao\/?s={search_term_string}"},"query-input":{"@type":"PropertyValueSpecification","valueRequired":true,"valueName":"search_term_string"}}],"inLanguage":"pt-BR"},{"@type":"Person","@id":"https:\/\/www.pmpf.rs.gov.br\/educacao\/#\/schema\/person\/6e93b0ab2174b69f691ac4f278ba2d0a","name":"lilicrivello","image":{"@type":"ImageObject","inLanguage":"pt-BR","@id":"https:\/\/www.pmpf.rs.gov.br\/educacao\/#\/schema\/person\/image\/","url":"https:\/\/secure.gravatar.com\/avatar\/0b546b667388f8edb7b67d70a57b5e46?s=96&d=mm&r=g","contentUrl":"https:\/\/secure.gravatar.com\/avatar\/0b546b667388f8edb7b67d70a57b5e46?s=96&d=mm&r=g","caption":"lilicrivello"},"url":"https:\/\/www.pmpf.rs.gov.br\/educacao\/author\/lilicrivello\/"}]}},"_links":{"self":[{"href":"https:\/\/www.pmpf.rs.gov.br\/educacao\/wp-json\/wp\/v2\/posts\/9858"}],"collection":[{"href":"https:\/\/www.pmpf.rs.gov.br\/educacao\/wp-json\/wp\/v2\/posts"}],"about":[{"href":"https:\/\/www.pmpf.rs.gov.br\/educacao\/wp-json\/wp\/v2\/types\/post"}],"author":[{"embeddable":true,"href":"https:\/\/www.pmpf.rs.gov.br\/educacao\/wp-json\/wp\/v2\/users\/24"}],"replies":[{"embeddable":true,"href":"https:\/\/www.pmpf.rs.gov.br\/educacao\/wp-json\/wp\/v2\/comments?post=9858"}],"version-history":[{"count":2,"href":"https:\/\/www.pmpf.rs.gov.br\/educacao\/wp-json\/wp\/v2\/posts\/9858\/revisions"}],"predecessor-version":[{"id":9861,"href":"https:\/\/www.pmpf.rs.gov.br\/educacao\/wp-json\/wp\/v2\/posts\/9858\/revisions\/9861"}],"wp:featuredmedia":[{"embeddable":true,"href":"https:\/\/www.pmpf.rs.gov.br\/educacao\/wp-json\/wp\/v2\/media\/9859"}],"wp:attachment":[{"href":"https:\/\/www.pmpf.rs.gov.br\/educacao\/wp-json\/wp\/v2\/media?parent=9858"}],"wp:term":[{"taxonomy":"category","embeddable":true,"href":"https:\/\/www.pmpf.rs.gov.br\/educacao\/wp-json\/wp\/v2\/categories?post=9858"},{"taxonomy":"post_tag","embeddable":true,"href":"https:\/\/www.pmpf.rs.gov.br\/educacao\/wp-json\/wp\/v2\/tags?post=9858"}],"curies":[{"name":"wp","href":"https:\/\/api.w.org\/{rel}","templated":true}]}}