{"id":9799,"date":"2024-11-11T16:35:36","date_gmt":"2024-11-11T19:35:36","guid":{"rendered":"https:\/\/www.pmpf.rs.gov.br\/educacao\/?p=9799"},"modified":"2024-11-11T16:35:37","modified_gmt":"2024-11-11T19:35:37","slug":"prefeitura-homenageia-a-educadora-emerita-soeli-cavalheiro-da-silva","status":"publish","type":"post","link":"https:\/\/www.pmpf.rs.gov.br\/educacao\/2024\/11\/11\/prefeitura-homenageia-a-educadora-emerita-soeli-cavalheiro-da-silva\/","title":{"rendered":"Prefeitura homenageia a educadora em\u00e9rita Soeli Cavalheiro da Silva"},"content":{"rendered":"\n<p>Em uma cerim\u00f4nia repleta de emo\u00e7\u00e3o e reconhecimento, a Prefeitura de Passo Fundo homenageou a educadora Soeli Cavalheiro da Silva, concedendo-lhe o t\u00edtulo de Educadora Em\u00e9rita de 2024, nesta segunda-feira (11). O evento, que contou com a presen\u00e7a de autoridades locais, familiares, amigos e alunos, celebrou a trajet\u00f3ria de Soeli e sua dedica\u00e7\u00e3o \u00e0 educa\u00e7\u00e3o no munic\u00edpio.<\/p>\n\n\n\n<p>Soeli, que nasceu em Passo Fundo em 1967, sempre se destacou em seus estudos e esportes nas escolas p\u00fablicas da cidade. Graduada em Pedagogia pela Universidade de Passo Fundo, ela iniciou sua trajet\u00f3ria como monitora na Escola Sebasti\u00e3o Rocha e, desde 2013, atua como educadora efetiva na Escola Daniel Dipp. Al\u00e9m de seu legado educacional, Soeli \u00e9 conhecida por sua personalidade din\u00e2mica e alto astral, caracter\u00edsticas que a tornaram uma figura querida entre alunos e colegas.<\/p>\n\n\n\n<p>O Secret\u00e1rio de Educa\u00e7\u00e3o, Adriano Canabarro Teixeira, exaltou a trajet\u00f3ria da professora. &#8220;Soeli \u00e9 a representa\u00e7\u00e3o n\u00e3o apenas de quem ensina, mas tamb\u00e9m inspira. Hoje, \u00e9 reconhecida como uma educadora que, com dedica\u00e7\u00e3o e paix\u00e3o, marcou e transformou a vida de tantas crian\u00e7as e jovens em nossa cidade.&#8221;<\/p>\n\n\n\n<p>A cerim\u00f4nia contou com uma s\u00e9rie de homenagens de ex-alunos e colegas de trabalho, que trouxeram elementos simb\u00f3licos da profiss\u00e3o, como giz, apagador e o caderno de chamada, em uma alus\u00e3o \u00e0 rotina e dedica\u00e7\u00e3o da professora. Emocionada, Soeli agradeceu o reconhecimento e compartilhou momentos de sua trajet\u00f3ria.<\/p>\n","protected":false},"excerpt":{"rendered":"<p>Em uma cerim\u00f4nia repleta de emo\u00e7\u00e3o e reconhecimento, a Prefeitura de Passo Fundo homenageou a educadora Soeli Cavalheiro da Silva, concedendo-lhe o t\u00edtulo de Educadora Em\u00e9rita de 2024, nesta segunda-feira (11). O [&hellip;]<\/p>\n","protected":false},"author":24,"featured_media":9800,"comment_status":"closed","ping_status":"closed","sticky":false,"template":"","format":"standard","meta":{"footnotes":""},"categories":[1],"tags":[],"class_list":["post-9799","post","type-post","status-publish","format-standard","has-post-thumbnail","hentry","category-sem-categoria"],"yoast_head":"<!-- This site is optimized with the Yoast SEO plugin v23.8 - https:\/\/yoast.com\/wordpress\/plugins\/seo\/ -->\n<title>Prefeitura homenageia a educadora em\u00e9rita Soeli Cavalheiro da Silva - Secretaria de Educa\u00e7\u00e3o<\/title>\n<meta name=\"robots\" content=\"index, follow, max-snippet:-1, max-image-preview:large, max-video-preview:-1\" \/>\n<link rel=\"canonical\" href=\"https:\/\/www.pmpf.rs.gov.br\/educacao\/2024\/11\/11\/prefeitura-homenageia-a-educadora-emerita-soeli-cavalheiro-da-silva\/\" \/>\n<meta property=\"og:locale\" content=\"pt_BR\" \/>\n<meta property=\"og:type\" content=\"article\" \/>\n<meta property=\"og:title\" content=\"Prefeitura homenageia a educadora em\u00e9rita Soeli Cavalheiro da Silva - Secretaria de Educa\u00e7\u00e3o\" \/>\n<meta property=\"og:description\" content=\"Em uma cerim\u00f4nia repleta de emo\u00e7\u00e3o e reconhecimento, a Prefeitura de Passo Fundo homenageou a educadora Soeli Cavalheiro da Silva, concedendo-lhe o t\u00edtulo de Educadora Em\u00e9rita de 2024, nesta segunda-feira (11). O [&hellip;]\" \/>\n<meta property=\"og:url\" content=\"https:\/\/www.pmpf.rs.gov.br\/educacao\/2024\/11\/11\/prefeitura-homenageia-a-educadora-emerita-soeli-cavalheiro-da-silva\/\" \/>\n<meta property=\"og:site_name\" content=\"Secretaria de Educa\u00e7\u00e3o\" \/>\n<meta property=\"article:published_time\" content=\"2024-11-11T19:35:36+00:00\" \/>\n<meta property=\"article:modified_time\" content=\"2024-11-11T19:35:37+00:00\" \/>\n<meta name=\"author\" content=\"lilicrivello\" \/>\n<meta name=\"twitter:card\" content=\"summary_large_image\" \/>\n<meta name=\"twitter:label1\" content=\"Escrito por\" \/>\n\t<meta name=\"twitter:data1\" content=\"lilicrivello\" \/>\n\t<meta name=\"twitter:label2\" content=\"Est. tempo de leitura\" \/>\n\t<meta name=\"twitter:data2\" content=\"1 minuto\" \/>\n<script type=\"application\/ld+json\" class=\"yoast-schema-graph\">{\"@context\":\"https:\/\/schema.org\",\"@graph\":[{\"@type\":\"WebPage\",\"@id\":\"https:\/\/www.pmpf.rs.gov.br\/educacao\/2024\/11\/11\/prefeitura-homenageia-a-educadora-emerita-soeli-cavalheiro-da-silva\/\",\"url\":\"https:\/\/www.pmpf.rs.gov.br\/educacao\/2024\/11\/11\/prefeitura-homenageia-a-educadora-emerita-soeli-cavalheiro-da-silva\/\",\"name\":\"Prefeitura homenageia a educadora em\u00e9rita Soeli Cavalheiro da Silva - Secretaria de Educa\u00e7\u00e3o\",\"isPartOf\":{\"@id\":\"https:\/\/www.pmpf.rs.gov.br\/educacao\/#website\"},\"primaryImageOfPage\":{\"@id\":\"https:\/\/www.pmpf.rs.gov.br\/educacao\/2024\/11\/11\/prefeitura-homenageia-a-educadora-emerita-soeli-cavalheiro-da-silva\/#primaryimage\"},\"image\":{\"@id\":\"https:\/\/www.pmpf.rs.gov.br\/educacao\/2024\/11\/11\/prefeitura-homenageia-a-educadora-emerita-soeli-cavalheiro-da-silva\/#primaryimage\"},\"thumbnailUrl\":\"https:\/\/www.pmpf.rs.gov.br\/educacao\/wp-content\/uploads\/sites\/43\/2024\/11\/MSF08647-scaled.jpg\",\"datePublished\":\"2024-11-11T19:35:36+00:00\",\"dateModified\":\"2024-11-11T19:35:37+00:00\",\"author\":{\"@id\":\"https:\/\/www.pmpf.rs.gov.br\/educacao\/#\/schema\/person\/6e93b0ab2174b69f691ac4f278ba2d0a\"},\"inLanguage\":\"pt-BR\",\"potentialAction\":[{\"@type\":\"ReadAction\",\"target\":[\"https:\/\/www.pmpf.rs.gov.br\/educacao\/2024\/11\/11\/prefeitura-homenageia-a-educadora-emerita-soeli-cavalheiro-da-silva\/\"]}]},{\"@type\":\"ImageObject\",\"inLanguage\":\"pt-BR\",\"@id\":\"https:\/\/www.pmpf.rs.gov.br\/educacao\/2024\/11\/11\/prefeitura-homenageia-a-educadora-emerita-soeli-cavalheiro-da-silva\/#primaryimage\",\"url\":\"https:\/\/www.pmpf.rs.gov.br\/educacao\/wp-content\/uploads\/sites\/43\/2024\/11\/MSF08647-scaled.jpg\",\"contentUrl\":\"https:\/\/www.pmpf.rs.gov.br\/educacao\/wp-content\/uploads\/sites\/43\/2024\/11\/MSF08647-scaled.jpg\",\"width\":2560,\"height\":1708},{\"@type\":\"WebSite\",\"@id\":\"https:\/\/www.pmpf.rs.gov.br\/educacao\/#website\",\"url\":\"https:\/\/www.pmpf.rs.gov.br\/educacao\/\",\"name\":\"Secretaria de Educa\u00e7\u00e3o\",\"description\":\"Secretaria de Educa\u00e7\u00e3o da cidade de Passo Fundo\",\"potentialAction\":[{\"@type\":\"SearchAction\",\"target\":{\"@type\":\"EntryPoint\",\"urlTemplate\":\"https:\/\/www.pmpf.rs.gov.br\/educacao\/?s={search_term_string}\"},\"query-input\":{\"@type\":\"PropertyValueSpecification\",\"valueRequired\":true,\"valueName\":\"search_term_string\"}}],\"inLanguage\":\"pt-BR\"},{\"@type\":\"Person\",\"@id\":\"https:\/\/www.pmpf.rs.gov.br\/educacao\/#\/schema\/person\/6e93b0ab2174b69f691ac4f278ba2d0a\",\"name\":\"lilicrivello\",\"image\":{\"@type\":\"ImageObject\",\"inLanguage\":\"pt-BR\",\"@id\":\"https:\/\/www.pmpf.rs.gov.br\/educacao\/#\/schema\/person\/image\/\",\"url\":\"https:\/\/secure.gravatar.com\/avatar\/0b546b667388f8edb7b67d70a57b5e46?s=96&d=mm&r=g\",\"contentUrl\":\"https:\/\/secure.gravatar.com\/avatar\/0b546b667388f8edb7b67d70a57b5e46?s=96&d=mm&r=g\",\"caption\":\"lilicrivello\"},\"url\":\"https:\/\/www.pmpf.rs.gov.br\/educacao\/author\/lilicrivello\/\"}]}<\/script>\n<!-- \/ Yoast SEO plugin. -->","yoast_head_json":{"title":"Prefeitura homenageia a educadora em\u00e9rita Soeli Cavalheiro da Silva - Secretaria de Educa\u00e7\u00e3o","robots":{"index":"index","follow":"follow","max-snippet":"max-snippet:-1","max-image-preview":"max-image-preview:large","max-video-preview":"max-video-preview:-1"},"canonical":"https:\/\/www.pmpf.rs.gov.br\/educacao\/2024\/11\/11\/prefeitura-homenageia-a-educadora-emerita-soeli-cavalheiro-da-silva\/","og_locale":"pt_BR","og_type":"article","og_title":"Prefeitura homenageia a educadora em\u00e9rita Soeli Cavalheiro da Silva - Secretaria de Educa\u00e7\u00e3o","og_description":"Em uma cerim\u00f4nia repleta de emo\u00e7\u00e3o e reconhecimento, a Prefeitura de Passo Fundo homenageou a educadora Soeli Cavalheiro da Silva, concedendo-lhe o t\u00edtulo de Educadora Em\u00e9rita de 2024, nesta segunda-feira (11). O [&hellip;]","og_url":"https:\/\/www.pmpf.rs.gov.br\/educacao\/2024\/11\/11\/prefeitura-homenageia-a-educadora-emerita-soeli-cavalheiro-da-silva\/","og_site_name":"Secretaria de Educa\u00e7\u00e3o","article_published_time":"2024-11-11T19:35:36+00:00","article_modified_time":"2024-11-11T19:35:37+00:00","author":"lilicrivello","twitter_card":"summary_large_image","twitter_misc":{"Escrito por":"lilicrivello","Est. tempo de leitura":"1 minuto"},"schema":{"@context":"https:\/\/schema.org","@graph":[{"@type":"WebPage","@id":"https:\/\/www.pmpf.rs.gov.br\/educacao\/2024\/11\/11\/prefeitura-homenageia-a-educadora-emerita-soeli-cavalheiro-da-silva\/","url":"https:\/\/www.pmpf.rs.gov.br\/educacao\/2024\/11\/11\/prefeitura-homenageia-a-educadora-emerita-soeli-cavalheiro-da-silva\/","name":"Prefeitura homenageia a educadora em\u00e9rita Soeli Cavalheiro da Silva - Secretaria de Educa\u00e7\u00e3o","isPartOf":{"@id":"https:\/\/www.pmpf.rs.gov.br\/educacao\/#website"},"primaryImageOfPage":{"@id":"https:\/\/www.pmpf.rs.gov.br\/educacao\/2024\/11\/11\/prefeitura-homenageia-a-educadora-emerita-soeli-cavalheiro-da-silva\/#primaryimage"},"image":{"@id":"https:\/\/www.pmpf.rs.gov.br\/educacao\/2024\/11\/11\/prefeitura-homenageia-a-educadora-emerita-soeli-cavalheiro-da-silva\/#primaryimage"},"thumbnailUrl":"https:\/\/www.pmpf.rs.gov.br\/educacao\/wp-content\/uploads\/sites\/43\/2024\/11\/MSF08647-scaled.jpg","datePublished":"2024-11-11T19:35:36+00:00","dateModified":"2024-11-11T19:35:37+00:00","author":{"@id":"https:\/\/www.pmpf.rs.gov.br\/educacao\/#\/schema\/person\/6e93b0ab2174b69f691ac4f278ba2d0a"},"inLanguage":"pt-BR","potentialAction":[{"@type":"ReadAction","target":["https:\/\/www.pmpf.rs.gov.br\/educacao\/2024\/11\/11\/prefeitura-homenageia-a-educadora-emerita-soeli-cavalheiro-da-silva\/"]}]},{"@type":"ImageObject","inLanguage":"pt-BR","@id":"https:\/\/www.pmpf.rs.gov.br\/educacao\/2024\/11\/11\/prefeitura-homenageia-a-educadora-emerita-soeli-cavalheiro-da-silva\/#primaryimage","url":"https:\/\/www.pmpf.rs.gov.br\/educacao\/wp-content\/uploads\/sites\/43\/2024\/11\/MSF08647-scaled.jpg","contentUrl":"https:\/\/www.pmpf.rs.gov.br\/educacao\/wp-content\/uploads\/sites\/43\/2024\/11\/MSF08647-scaled.jpg","width":2560,"height":1708},{"@type":"WebSite","@id":"https:\/\/www.pmpf.rs.gov.br\/educacao\/#website","url":"https:\/\/www.pmpf.rs.gov.br\/educacao\/","name":"Secretaria de Educa\u00e7\u00e3o","description":"Secretaria de Educa\u00e7\u00e3o da cidade de Passo Fundo","potentialAction":[{"@type":"SearchAction","target":{"@type":"EntryPoint","urlTemplate":"https:\/\/www.pmpf.rs.gov.br\/educacao\/?s={search_term_string}"},"query-input":{"@type":"PropertyValueSpecification","valueRequired":true,"valueName":"search_term_string"}}],"inLanguage":"pt-BR"},{"@type":"Person","@id":"https:\/\/www.pmpf.rs.gov.br\/educacao\/#\/schema\/person\/6e93b0ab2174b69f691ac4f278ba2d0a","name":"lilicrivello","image":{"@type":"ImageObject","inLanguage":"pt-BR","@id":"https:\/\/www.pmpf.rs.gov.br\/educacao\/#\/schema\/person\/image\/","url":"https:\/\/secure.gravatar.com\/avatar\/0b546b667388f8edb7b67d70a57b5e46?s=96&d=mm&r=g","contentUrl":"https:\/\/secure.gravatar.com\/avatar\/0b546b667388f8edb7b67d70a57b5e46?s=96&d=mm&r=g","caption":"lilicrivello"},"url":"https:\/\/www.pmpf.rs.gov.br\/educacao\/author\/lilicrivello\/"}]}},"_links":{"self":[{"href":"https:\/\/www.pmpf.rs.gov.br\/educacao\/wp-json\/wp\/v2\/posts\/9799"}],"collection":[{"href":"https:\/\/www.pmpf.rs.gov.br\/educacao\/wp-json\/wp\/v2\/posts"}],"about":[{"href":"https:\/\/www.pmpf.rs.gov.br\/educacao\/wp-json\/wp\/v2\/types\/post"}],"author":[{"embeddable":true,"href":"https:\/\/www.pmpf.rs.gov.br\/educacao\/wp-json\/wp\/v2\/users\/24"}],"replies":[{"embeddable":true,"href":"https:\/\/www.pmpf.rs.gov.br\/educacao\/wp-json\/wp\/v2\/comments?post=9799"}],"version-history":[{"count":1,"href":"https:\/\/www.pmpf.rs.gov.br\/educacao\/wp-json\/wp\/v2\/posts\/9799\/revisions"}],"predecessor-version":[{"id":9801,"href":"https:\/\/www.pmpf.rs.gov.br\/educacao\/wp-json\/wp\/v2\/posts\/9799\/revisions\/9801"}],"wp:featuredmedia":[{"embeddable":true,"href":"https:\/\/www.pmpf.rs.gov.br\/educacao\/wp-json\/wp\/v2\/media\/9800"}],"wp:attachment":[{"href":"https:\/\/www.pmpf.rs.gov.br\/educacao\/wp-json\/wp\/v2\/media?parent=9799"}],"wp:term":[{"taxonomy":"category","embeddable":true,"href":"https:\/\/www.pmpf.rs.gov.br\/educacao\/wp-json\/wp\/v2\/categories?post=9799"},{"taxonomy":"post_tag","embeddable":true,"href":"https:\/\/www.pmpf.rs.gov.br\/educacao\/wp-json\/wp\/v2\/tags?post=9799"}],"curies":[{"name":"wp","href":"https:\/\/api.w.org\/{rel}","templated":true}]}}