{"id":9650,"date":"2024-04-25T15:21:27","date_gmt":"2024-04-25T18:21:27","guid":{"rendered":"https:\/\/www.pmpf.rs.gov.br\/educacao\/?p=9650"},"modified":"2024-04-25T15:21:31","modified_gmt":"2024-04-25T18:21:31","slug":"prefeitura-empossa-novos-professores-para-a-rede-municipal-de-ensino","status":"publish","type":"post","link":"https:\/\/www.pmpf.rs.gov.br\/educacao\/2024\/04\/25\/prefeitura-empossa-novos-professores-para-a-rede-municipal-de-ensino\/","title":{"rendered":"Prefeitura empossa novos professores para a rede municipal de ensino"},"content":{"rendered":"\n<p>A Prefeitura deu posse nesta quinta-feira (25) a 17 novos professores que ir\u00e3o qualificar o corpo docente das escolas de Ensino Fundamental do munic\u00edpio. Estes novos profissionais da educa\u00e7\u00e3o, que se juntam aos 277 profissionais empossados desde 2021, ir\u00e3o desempenhar fun\u00e7\u00f5es essenciais nas \u00e1reas de Artes, L\u00edngua Inglesa e Ensino Religioso.<\/p>\n\n\n\n<p>&#8220;A nomea\u00e7\u00e3o desses professores reflete o compromisso da gest\u00e3o p\u00fablica municipal em aprimorar a qualidade da educa\u00e7\u00e3o, atrav\u00e9s da amplia\u00e7\u00e3o do quadro de servidores dedicados \u00e0 educa\u00e7\u00e3o. Desde 2021 foram mais de 300 nomea\u00e7\u00f5es o que amplia consideravelmente nossa capacidade de atender \u00e0s demandas da popula\u00e7\u00e3o&#8221;, ressaltou o secret\u00e1rio de Educa\u00e7\u00e3o, Adriano Canabarro Teixeira.<\/p>\n\n\n\n<p>Entre os novos professores, destaca-se Cristiani Caroline Alberis, pedagoga com oito anos de experi\u00eancia no Ensino Fundamental. Animada com o desafio, ela compartilha: &#8220;Trabalhar na rede p\u00fablica \u00e9 uma chance de contribuir significativamente com nosso sistema educacional municipal&#8221;.<\/p>\n\n\n\n<p>Al\u00e9m dos 17 professores empossados, outros 24 profissionais ser\u00e3o integrados \u00e0 equipe na pr\u00f3xima semana, ampliando ainda mais a capacidade de atendimento da rede municipal de ensino.<\/p>\n","protected":false},"excerpt":{"rendered":"<p>Dezessete novos professores ir\u00e3o ampliar o corpo docente das escolas de Ensino Fundamental do munic\u00edpio<\/p>\n","protected":false},"author":24,"featured_media":9651,"comment_status":"closed","ping_status":"closed","sticky":false,"template":"","format":"standard","meta":{"footnotes":""},"categories":[1],"tags":[],"class_list":["post-9650","post","type-post","status-publish","format-standard","has-post-thumbnail","hentry","category-sem-categoria"],"yoast_head":"<!-- This site is optimized with the Yoast SEO plugin v23.8 - https:\/\/yoast.com\/wordpress\/plugins\/seo\/ -->\n<title>Prefeitura empossa novos professores para a rede municipal de ensino - Secretaria de Educa\u00e7\u00e3o<\/title>\n<meta name=\"robots\" content=\"index, follow, max-snippet:-1, max-image-preview:large, max-video-preview:-1\" \/>\n<link rel=\"canonical\" href=\"https:\/\/www.pmpf.rs.gov.br\/educacao\/2024\/04\/25\/prefeitura-empossa-novos-professores-para-a-rede-municipal-de-ensino\/\" \/>\n<meta property=\"og:locale\" content=\"pt_BR\" \/>\n<meta property=\"og:type\" content=\"article\" \/>\n<meta property=\"og:title\" content=\"Prefeitura empossa novos professores para a rede municipal de ensino - Secretaria de Educa\u00e7\u00e3o\" \/>\n<meta property=\"og:description\" content=\"Dezessete novos professores ir\u00e3o ampliar o corpo docente das escolas de Ensino Fundamental do munic\u00edpio\" \/>\n<meta property=\"og:url\" content=\"https:\/\/www.pmpf.rs.gov.br\/educacao\/2024\/04\/25\/prefeitura-empossa-novos-professores-para-a-rede-municipal-de-ensino\/\" \/>\n<meta property=\"og:site_name\" content=\"Secretaria de Educa\u00e7\u00e3o\" \/>\n<meta property=\"article:published_time\" content=\"2024-04-25T18:21:27+00:00\" \/>\n<meta property=\"article:modified_time\" content=\"2024-04-25T18:21:31+00:00\" \/>\n<meta name=\"author\" content=\"lilicrivello\" \/>\n<meta name=\"twitter:card\" content=\"summary_large_image\" \/>\n<meta name=\"twitter:label1\" content=\"Escrito por\" \/>\n\t<meta name=\"twitter:data1\" content=\"lilicrivello\" \/>\n\t<meta name=\"twitter:label2\" content=\"Est. tempo de leitura\" \/>\n\t<meta name=\"twitter:data2\" content=\"1 minuto\" \/>\n<script type=\"application\/ld+json\" class=\"yoast-schema-graph\">{\"@context\":\"https:\/\/schema.org\",\"@graph\":[{\"@type\":\"WebPage\",\"@id\":\"https:\/\/www.pmpf.rs.gov.br\/educacao\/2024\/04\/25\/prefeitura-empossa-novos-professores-para-a-rede-municipal-de-ensino\/\",\"url\":\"https:\/\/www.pmpf.rs.gov.br\/educacao\/2024\/04\/25\/prefeitura-empossa-novos-professores-para-a-rede-municipal-de-ensino\/\",\"name\":\"Prefeitura empossa novos professores para a rede municipal de ensino - Secretaria de Educa\u00e7\u00e3o\",\"isPartOf\":{\"@id\":\"https:\/\/www.pmpf.rs.gov.br\/educacao\/#website\"},\"primaryImageOfPage\":{\"@id\":\"https:\/\/www.pmpf.rs.gov.br\/educacao\/2024\/04\/25\/prefeitura-empossa-novos-professores-para-a-rede-municipal-de-ensino\/#primaryimage\"},\"image\":{\"@id\":\"https:\/\/www.pmpf.rs.gov.br\/educacao\/2024\/04\/25\/prefeitura-empossa-novos-professores-para-a-rede-municipal-de-ensino\/#primaryimage\"},\"thumbnailUrl\":\"https:\/\/www.pmpf.rs.gov.br\/educacao\/wp-content\/uploads\/sites\/43\/2024\/04\/WhatsApp-Image-2024-04-25-at-14.32.10.jpeg\",\"datePublished\":\"2024-04-25T18:21:27+00:00\",\"dateModified\":\"2024-04-25T18:21:31+00:00\",\"author\":{\"@id\":\"https:\/\/www.pmpf.rs.gov.br\/educacao\/#\/schema\/person\/6e93b0ab2174b69f691ac4f278ba2d0a\"},\"inLanguage\":\"pt-BR\",\"potentialAction\":[{\"@type\":\"ReadAction\",\"target\":[\"https:\/\/www.pmpf.rs.gov.br\/educacao\/2024\/04\/25\/prefeitura-empossa-novos-professores-para-a-rede-municipal-de-ensino\/\"]}]},{\"@type\":\"ImageObject\",\"inLanguage\":\"pt-BR\",\"@id\":\"https:\/\/www.pmpf.rs.gov.br\/educacao\/2024\/04\/25\/prefeitura-empossa-novos-professores-para-a-rede-municipal-de-ensino\/#primaryimage\",\"url\":\"https:\/\/www.pmpf.rs.gov.br\/educacao\/wp-content\/uploads\/sites\/43\/2024\/04\/WhatsApp-Image-2024-04-25-at-14.32.10.jpeg\",\"contentUrl\":\"https:\/\/www.pmpf.rs.gov.br\/educacao\/wp-content\/uploads\/sites\/43\/2024\/04\/WhatsApp-Image-2024-04-25-at-14.32.10.jpeg\",\"width\":1600,\"height\":1066},{\"@type\":\"WebSite\",\"@id\":\"https:\/\/www.pmpf.rs.gov.br\/educacao\/#website\",\"url\":\"https:\/\/www.pmpf.rs.gov.br\/educacao\/\",\"name\":\"Secretaria de Educa\u00e7\u00e3o\",\"description\":\"Secretaria de Educa\u00e7\u00e3o da cidade de Passo Fundo\",\"potentialAction\":[{\"@type\":\"SearchAction\",\"target\":{\"@type\":\"EntryPoint\",\"urlTemplate\":\"https:\/\/www.pmpf.rs.gov.br\/educacao\/?s={search_term_string}\"},\"query-input\":{\"@type\":\"PropertyValueSpecification\",\"valueRequired\":true,\"valueName\":\"search_term_string\"}}],\"inLanguage\":\"pt-BR\"},{\"@type\":\"Person\",\"@id\":\"https:\/\/www.pmpf.rs.gov.br\/educacao\/#\/schema\/person\/6e93b0ab2174b69f691ac4f278ba2d0a\",\"name\":\"lilicrivello\",\"image\":{\"@type\":\"ImageObject\",\"inLanguage\":\"pt-BR\",\"@id\":\"https:\/\/www.pmpf.rs.gov.br\/educacao\/#\/schema\/person\/image\/\",\"url\":\"https:\/\/secure.gravatar.com\/avatar\/0b546b667388f8edb7b67d70a57b5e46?s=96&d=mm&r=g\",\"contentUrl\":\"https:\/\/secure.gravatar.com\/avatar\/0b546b667388f8edb7b67d70a57b5e46?s=96&d=mm&r=g\",\"caption\":\"lilicrivello\"},\"url\":\"https:\/\/www.pmpf.rs.gov.br\/educacao\/author\/lilicrivello\/\"}]}<\/script>\n<!-- \/ Yoast SEO plugin. -->","yoast_head_json":{"title":"Prefeitura empossa novos professores para a rede municipal de ensino - Secretaria de Educa\u00e7\u00e3o","robots":{"index":"index","follow":"follow","max-snippet":"max-snippet:-1","max-image-preview":"max-image-preview:large","max-video-preview":"max-video-preview:-1"},"canonical":"https:\/\/www.pmpf.rs.gov.br\/educacao\/2024\/04\/25\/prefeitura-empossa-novos-professores-para-a-rede-municipal-de-ensino\/","og_locale":"pt_BR","og_type":"article","og_title":"Prefeitura empossa novos professores para a rede municipal de ensino - Secretaria de Educa\u00e7\u00e3o","og_description":"Dezessete novos professores ir\u00e3o ampliar o corpo docente das escolas de Ensino Fundamental do munic\u00edpio","og_url":"https:\/\/www.pmpf.rs.gov.br\/educacao\/2024\/04\/25\/prefeitura-empossa-novos-professores-para-a-rede-municipal-de-ensino\/","og_site_name":"Secretaria de Educa\u00e7\u00e3o","article_published_time":"2024-04-25T18:21:27+00:00","article_modified_time":"2024-04-25T18:21:31+00:00","author":"lilicrivello","twitter_card":"summary_large_image","twitter_misc":{"Escrito por":"lilicrivello","Est. tempo de leitura":"1 minuto"},"schema":{"@context":"https:\/\/schema.org","@graph":[{"@type":"WebPage","@id":"https:\/\/www.pmpf.rs.gov.br\/educacao\/2024\/04\/25\/prefeitura-empossa-novos-professores-para-a-rede-municipal-de-ensino\/","url":"https:\/\/www.pmpf.rs.gov.br\/educacao\/2024\/04\/25\/prefeitura-empossa-novos-professores-para-a-rede-municipal-de-ensino\/","name":"Prefeitura empossa novos professores para a rede municipal de ensino - Secretaria de Educa\u00e7\u00e3o","isPartOf":{"@id":"https:\/\/www.pmpf.rs.gov.br\/educacao\/#website"},"primaryImageOfPage":{"@id":"https:\/\/www.pmpf.rs.gov.br\/educacao\/2024\/04\/25\/prefeitura-empossa-novos-professores-para-a-rede-municipal-de-ensino\/#primaryimage"},"image":{"@id":"https:\/\/www.pmpf.rs.gov.br\/educacao\/2024\/04\/25\/prefeitura-empossa-novos-professores-para-a-rede-municipal-de-ensino\/#primaryimage"},"thumbnailUrl":"https:\/\/www.pmpf.rs.gov.br\/educacao\/wp-content\/uploads\/sites\/43\/2024\/04\/WhatsApp-Image-2024-04-25-at-14.32.10.jpeg","datePublished":"2024-04-25T18:21:27+00:00","dateModified":"2024-04-25T18:21:31+00:00","author":{"@id":"https:\/\/www.pmpf.rs.gov.br\/educacao\/#\/schema\/person\/6e93b0ab2174b69f691ac4f278ba2d0a"},"inLanguage":"pt-BR","potentialAction":[{"@type":"ReadAction","target":["https:\/\/www.pmpf.rs.gov.br\/educacao\/2024\/04\/25\/prefeitura-empossa-novos-professores-para-a-rede-municipal-de-ensino\/"]}]},{"@type":"ImageObject","inLanguage":"pt-BR","@id":"https:\/\/www.pmpf.rs.gov.br\/educacao\/2024\/04\/25\/prefeitura-empossa-novos-professores-para-a-rede-municipal-de-ensino\/#primaryimage","url":"https:\/\/www.pmpf.rs.gov.br\/educacao\/wp-content\/uploads\/sites\/43\/2024\/04\/WhatsApp-Image-2024-04-25-at-14.32.10.jpeg","contentUrl":"https:\/\/www.pmpf.rs.gov.br\/educacao\/wp-content\/uploads\/sites\/43\/2024\/04\/WhatsApp-Image-2024-04-25-at-14.32.10.jpeg","width":1600,"height":1066},{"@type":"WebSite","@id":"https:\/\/www.pmpf.rs.gov.br\/educacao\/#website","url":"https:\/\/www.pmpf.rs.gov.br\/educacao\/","name":"Secretaria de Educa\u00e7\u00e3o","description":"Secretaria de Educa\u00e7\u00e3o da cidade de Passo Fundo","potentialAction":[{"@type":"SearchAction","target":{"@type":"EntryPoint","urlTemplate":"https:\/\/www.pmpf.rs.gov.br\/educacao\/?s={search_term_string}"},"query-input":{"@type":"PropertyValueSpecification","valueRequired":true,"valueName":"search_term_string"}}],"inLanguage":"pt-BR"},{"@type":"Person","@id":"https:\/\/www.pmpf.rs.gov.br\/educacao\/#\/schema\/person\/6e93b0ab2174b69f691ac4f278ba2d0a","name":"lilicrivello","image":{"@type":"ImageObject","inLanguage":"pt-BR","@id":"https:\/\/www.pmpf.rs.gov.br\/educacao\/#\/schema\/person\/image\/","url":"https:\/\/secure.gravatar.com\/avatar\/0b546b667388f8edb7b67d70a57b5e46?s=96&d=mm&r=g","contentUrl":"https:\/\/secure.gravatar.com\/avatar\/0b546b667388f8edb7b67d70a57b5e46?s=96&d=mm&r=g","caption":"lilicrivello"},"url":"https:\/\/www.pmpf.rs.gov.br\/educacao\/author\/lilicrivello\/"}]}},"_links":{"self":[{"href":"https:\/\/www.pmpf.rs.gov.br\/educacao\/wp-json\/wp\/v2\/posts\/9650"}],"collection":[{"href":"https:\/\/www.pmpf.rs.gov.br\/educacao\/wp-json\/wp\/v2\/posts"}],"about":[{"href":"https:\/\/www.pmpf.rs.gov.br\/educacao\/wp-json\/wp\/v2\/types\/post"}],"author":[{"embeddable":true,"href":"https:\/\/www.pmpf.rs.gov.br\/educacao\/wp-json\/wp\/v2\/users\/24"}],"replies":[{"embeddable":true,"href":"https:\/\/www.pmpf.rs.gov.br\/educacao\/wp-json\/wp\/v2\/comments?post=9650"}],"version-history":[{"count":1,"href":"https:\/\/www.pmpf.rs.gov.br\/educacao\/wp-json\/wp\/v2\/posts\/9650\/revisions"}],"predecessor-version":[{"id":9652,"href":"https:\/\/www.pmpf.rs.gov.br\/educacao\/wp-json\/wp\/v2\/posts\/9650\/revisions\/9652"}],"wp:featuredmedia":[{"embeddable":true,"href":"https:\/\/www.pmpf.rs.gov.br\/educacao\/wp-json\/wp\/v2\/media\/9651"}],"wp:attachment":[{"href":"https:\/\/www.pmpf.rs.gov.br\/educacao\/wp-json\/wp\/v2\/media?parent=9650"}],"wp:term":[{"taxonomy":"category","embeddable":true,"href":"https:\/\/www.pmpf.rs.gov.br\/educacao\/wp-json\/wp\/v2\/categories?post=9650"},{"taxonomy":"post_tag","embeddable":true,"href":"https:\/\/www.pmpf.rs.gov.br\/educacao\/wp-json\/wp\/v2\/tags?post=9650"}],"curies":[{"name":"wp","href":"https:\/\/api.w.org\/{rel}","templated":true}]}}