{"id":9634,"date":"2024-04-22T08:57:33","date_gmt":"2024-04-22T11:57:33","guid":{"rendered":"https:\/\/www.pmpf.rs.gov.br\/educacao\/?p=9634"},"modified":"2024-04-22T08:57:41","modified_gmt":"2024-04-22T11:57:41","slug":"alunos-da-rede-publica-de-passo-fundo-tem-dia-dedicado-a-arte-na-suica","status":"publish","type":"post","link":"https:\/\/www.pmpf.rs.gov.br\/educacao\/2024\/04\/22\/alunos-da-rede-publica-de-passo-fundo-tem-dia-dedicado-a-arte-na-suica\/","title":{"rendered":"Alunos da rede p\u00fablica de Passo Fundo t\u00eam dia dedicado \u00e0 arte na Su\u00ed\u00e7a"},"content":{"rendered":"\n<p><br>Uma manh\u00e3 de imers\u00e3o na hist\u00f3ria e na arte da regi\u00e3o de Genebra. Os alunos que participam da Miss\u00e3o Cidade Educadora da Prefeitura de Passo Fundo visitaram, neste s\u00e1bado (20), o Museu de Arte e Hist\u00f3ria de Genebra.<\/p>\n\n\n\n<p>Desde objetos arqueol\u00f3gicos encontrados na regi\u00e3o at\u00e9 obras contempor\u00e2neas, o museu revela a constru\u00e7\u00e3o da identidade cultural de Genebra. O acervo exposto soma 7 mil objetos e a cole\u00e7\u00e3o completa chega a 700 mil itens.<\/p>\n\n\n\n<p>Os alunos se impressionaram com os objetos vindos do Egito e com as esculturas gregas e romanas expostas no museu. \u201cEu adorei ficar observando os detalhes das esculturas, a perfei\u00e7\u00e3o de cada obra. Realmente tudo \u00e9 lindo aqui e cada objeto tem uma hist\u00f3ria por tr\u00e1s dele\u201d, afirmou \u00camily Risson Zanella, da Emef Dom Jos\u00e9 Gomes.<\/p>\n\n\n\n<p>Rosana Xavier Raiter, professora do aluno Bernardo (Emef Zeferino Dem\u00e9trio Costi), destacou o aprendizado com obras e objetos que atravessam s\u00e9culos e culturas. \u201cOs alunos viram aqui a cole\u00e7\u00e3o da civiliza\u00e7\u00e3o eg\u00edpcia, desde as cer\u00e2micas at\u00e9 as esculturas e sarc\u00f3fagos desta que \u00e9 uma das civiliza\u00e7\u00f5es mais antigas do mundo. Tamb\u00e9m puderam aprender sobre a forma\u00e7\u00e3o da regi\u00e3o de Genebra e apreciar obras culturais modernas\u201d, observou a professora.<\/p>\n\n\n\n<p>Os alunos seguem a programa\u00e7\u00e3o do interc\u00e2mbio de conhecimento at\u00e9 segunda-feira, quando iniciam o retorno para Passo Fundo.<\/p>\n","protected":false},"excerpt":{"rendered":"<p>Estudantes visitaram o Museu de Arte e Hist\u00f3ria de Genebra<\/p>\n","protected":false},"author":24,"featured_media":9635,"comment_status":"closed","ping_status":"closed","sticky":false,"template":"","format":"standard","meta":{"footnotes":""},"categories":[1],"tags":[],"class_list":["post-9634","post","type-post","status-publish","format-standard","has-post-thumbnail","hentry","category-sem-categoria"],"yoast_head":"<!-- This site is optimized with the Yoast SEO plugin v23.8 - https:\/\/yoast.com\/wordpress\/plugins\/seo\/ -->\n<title>Alunos da rede p\u00fablica de Passo Fundo t\u00eam dia dedicado \u00e0 arte na Su\u00ed\u00e7a - Secretaria de Educa\u00e7\u00e3o<\/title>\n<meta name=\"robots\" content=\"index, follow, max-snippet:-1, max-image-preview:large, max-video-preview:-1\" \/>\n<link rel=\"canonical\" href=\"https:\/\/www.pmpf.rs.gov.br\/educacao\/2024\/04\/22\/alunos-da-rede-publica-de-passo-fundo-tem-dia-dedicado-a-arte-na-suica\/\" \/>\n<meta property=\"og:locale\" content=\"pt_BR\" \/>\n<meta property=\"og:type\" content=\"article\" \/>\n<meta property=\"og:title\" content=\"Alunos da rede p\u00fablica de Passo Fundo t\u00eam dia dedicado \u00e0 arte na Su\u00ed\u00e7a - Secretaria de Educa\u00e7\u00e3o\" \/>\n<meta property=\"og:description\" content=\"Estudantes visitaram o Museu de Arte e Hist\u00f3ria de Genebra\" \/>\n<meta property=\"og:url\" content=\"https:\/\/www.pmpf.rs.gov.br\/educacao\/2024\/04\/22\/alunos-da-rede-publica-de-passo-fundo-tem-dia-dedicado-a-arte-na-suica\/\" \/>\n<meta property=\"og:site_name\" content=\"Secretaria de Educa\u00e7\u00e3o\" \/>\n<meta property=\"article:published_time\" content=\"2024-04-22T11:57:33+00:00\" \/>\n<meta property=\"article:modified_time\" content=\"2024-04-22T11:57:41+00:00\" \/>\n<meta name=\"author\" content=\"lilicrivello\" \/>\n<meta name=\"twitter:card\" content=\"summary_large_image\" \/>\n<meta name=\"twitter:label1\" content=\"Escrito por\" \/>\n\t<meta name=\"twitter:data1\" content=\"lilicrivello\" \/>\n\t<meta name=\"twitter:label2\" content=\"Est. tempo de leitura\" \/>\n\t<meta name=\"twitter:data2\" content=\"1 minuto\" \/>\n<script type=\"application\/ld+json\" class=\"yoast-schema-graph\">{\"@context\":\"https:\/\/schema.org\",\"@graph\":[{\"@type\":\"WebPage\",\"@id\":\"https:\/\/www.pmpf.rs.gov.br\/educacao\/2024\/04\/22\/alunos-da-rede-publica-de-passo-fundo-tem-dia-dedicado-a-arte-na-suica\/\",\"url\":\"https:\/\/www.pmpf.rs.gov.br\/educacao\/2024\/04\/22\/alunos-da-rede-publica-de-passo-fundo-tem-dia-dedicado-a-arte-na-suica\/\",\"name\":\"Alunos da rede p\u00fablica de Passo Fundo t\u00eam dia dedicado \u00e0 arte na Su\u00ed\u00e7a - Secretaria de Educa\u00e7\u00e3o\",\"isPartOf\":{\"@id\":\"https:\/\/www.pmpf.rs.gov.br\/educacao\/#website\"},\"primaryImageOfPage\":{\"@id\":\"https:\/\/www.pmpf.rs.gov.br\/educacao\/2024\/04\/22\/alunos-da-rede-publica-de-passo-fundo-tem-dia-dedicado-a-arte-na-suica\/#primaryimage\"},\"image\":{\"@id\":\"https:\/\/www.pmpf.rs.gov.br\/educacao\/2024\/04\/22\/alunos-da-rede-publica-de-passo-fundo-tem-dia-dedicado-a-arte-na-suica\/#primaryimage\"},\"thumbnailUrl\":\"https:\/\/www.pmpf.rs.gov.br\/educacao\/wp-content\/uploads\/sites\/43\/2024\/04\/WhatsApp-Image-2024-04-20-at-09.14.53.jpeg\",\"datePublished\":\"2024-04-22T11:57:33+00:00\",\"dateModified\":\"2024-04-22T11:57:41+00:00\",\"author\":{\"@id\":\"https:\/\/www.pmpf.rs.gov.br\/educacao\/#\/schema\/person\/6e93b0ab2174b69f691ac4f278ba2d0a\"},\"inLanguage\":\"pt-BR\",\"potentialAction\":[{\"@type\":\"ReadAction\",\"target\":[\"https:\/\/www.pmpf.rs.gov.br\/educacao\/2024\/04\/22\/alunos-da-rede-publica-de-passo-fundo-tem-dia-dedicado-a-arte-na-suica\/\"]}]},{\"@type\":\"ImageObject\",\"inLanguage\":\"pt-BR\",\"@id\":\"https:\/\/www.pmpf.rs.gov.br\/educacao\/2024\/04\/22\/alunos-da-rede-publica-de-passo-fundo-tem-dia-dedicado-a-arte-na-suica\/#primaryimage\",\"url\":\"https:\/\/www.pmpf.rs.gov.br\/educacao\/wp-content\/uploads\/sites\/43\/2024\/04\/WhatsApp-Image-2024-04-20-at-09.14.53.jpeg\",\"contentUrl\":\"https:\/\/www.pmpf.rs.gov.br\/educacao\/wp-content\/uploads\/sites\/43\/2024\/04\/WhatsApp-Image-2024-04-20-at-09.14.53.jpeg\",\"width\":1280,\"height\":854},{\"@type\":\"WebSite\",\"@id\":\"https:\/\/www.pmpf.rs.gov.br\/educacao\/#website\",\"url\":\"https:\/\/www.pmpf.rs.gov.br\/educacao\/\",\"name\":\"Secretaria de Educa\u00e7\u00e3o\",\"description\":\"Secretaria de Educa\u00e7\u00e3o da cidade de Passo Fundo\",\"potentialAction\":[{\"@type\":\"SearchAction\",\"target\":{\"@type\":\"EntryPoint\",\"urlTemplate\":\"https:\/\/www.pmpf.rs.gov.br\/educacao\/?s={search_term_string}\"},\"query-input\":{\"@type\":\"PropertyValueSpecification\",\"valueRequired\":true,\"valueName\":\"search_term_string\"}}],\"inLanguage\":\"pt-BR\"},{\"@type\":\"Person\",\"@id\":\"https:\/\/www.pmpf.rs.gov.br\/educacao\/#\/schema\/person\/6e93b0ab2174b69f691ac4f278ba2d0a\",\"name\":\"lilicrivello\",\"image\":{\"@type\":\"ImageObject\",\"inLanguage\":\"pt-BR\",\"@id\":\"https:\/\/www.pmpf.rs.gov.br\/educacao\/#\/schema\/person\/image\/\",\"url\":\"https:\/\/secure.gravatar.com\/avatar\/0b546b667388f8edb7b67d70a57b5e46?s=96&d=mm&r=g\",\"contentUrl\":\"https:\/\/secure.gravatar.com\/avatar\/0b546b667388f8edb7b67d70a57b5e46?s=96&d=mm&r=g\",\"caption\":\"lilicrivello\"},\"url\":\"https:\/\/www.pmpf.rs.gov.br\/educacao\/author\/lilicrivello\/\"}]}<\/script>\n<!-- \/ Yoast SEO plugin. -->","yoast_head_json":{"title":"Alunos da rede p\u00fablica de Passo Fundo t\u00eam dia dedicado \u00e0 arte na Su\u00ed\u00e7a - Secretaria de Educa\u00e7\u00e3o","robots":{"index":"index","follow":"follow","max-snippet":"max-snippet:-1","max-image-preview":"max-image-preview:large","max-video-preview":"max-video-preview:-1"},"canonical":"https:\/\/www.pmpf.rs.gov.br\/educacao\/2024\/04\/22\/alunos-da-rede-publica-de-passo-fundo-tem-dia-dedicado-a-arte-na-suica\/","og_locale":"pt_BR","og_type":"article","og_title":"Alunos da rede p\u00fablica de Passo Fundo t\u00eam dia dedicado \u00e0 arte na Su\u00ed\u00e7a - Secretaria de Educa\u00e7\u00e3o","og_description":"Estudantes visitaram o Museu de Arte e Hist\u00f3ria de Genebra","og_url":"https:\/\/www.pmpf.rs.gov.br\/educacao\/2024\/04\/22\/alunos-da-rede-publica-de-passo-fundo-tem-dia-dedicado-a-arte-na-suica\/","og_site_name":"Secretaria de Educa\u00e7\u00e3o","article_published_time":"2024-04-22T11:57:33+00:00","article_modified_time":"2024-04-22T11:57:41+00:00","author":"lilicrivello","twitter_card":"summary_large_image","twitter_misc":{"Escrito por":"lilicrivello","Est. tempo de leitura":"1 minuto"},"schema":{"@context":"https:\/\/schema.org","@graph":[{"@type":"WebPage","@id":"https:\/\/www.pmpf.rs.gov.br\/educacao\/2024\/04\/22\/alunos-da-rede-publica-de-passo-fundo-tem-dia-dedicado-a-arte-na-suica\/","url":"https:\/\/www.pmpf.rs.gov.br\/educacao\/2024\/04\/22\/alunos-da-rede-publica-de-passo-fundo-tem-dia-dedicado-a-arte-na-suica\/","name":"Alunos da rede p\u00fablica de Passo Fundo t\u00eam dia dedicado \u00e0 arte na Su\u00ed\u00e7a - Secretaria de Educa\u00e7\u00e3o","isPartOf":{"@id":"https:\/\/www.pmpf.rs.gov.br\/educacao\/#website"},"primaryImageOfPage":{"@id":"https:\/\/www.pmpf.rs.gov.br\/educacao\/2024\/04\/22\/alunos-da-rede-publica-de-passo-fundo-tem-dia-dedicado-a-arte-na-suica\/#primaryimage"},"image":{"@id":"https:\/\/www.pmpf.rs.gov.br\/educacao\/2024\/04\/22\/alunos-da-rede-publica-de-passo-fundo-tem-dia-dedicado-a-arte-na-suica\/#primaryimage"},"thumbnailUrl":"https:\/\/www.pmpf.rs.gov.br\/educacao\/wp-content\/uploads\/sites\/43\/2024\/04\/WhatsApp-Image-2024-04-20-at-09.14.53.jpeg","datePublished":"2024-04-22T11:57:33+00:00","dateModified":"2024-04-22T11:57:41+00:00","author":{"@id":"https:\/\/www.pmpf.rs.gov.br\/educacao\/#\/schema\/person\/6e93b0ab2174b69f691ac4f278ba2d0a"},"inLanguage":"pt-BR","potentialAction":[{"@type":"ReadAction","target":["https:\/\/www.pmpf.rs.gov.br\/educacao\/2024\/04\/22\/alunos-da-rede-publica-de-passo-fundo-tem-dia-dedicado-a-arte-na-suica\/"]}]},{"@type":"ImageObject","inLanguage":"pt-BR","@id":"https:\/\/www.pmpf.rs.gov.br\/educacao\/2024\/04\/22\/alunos-da-rede-publica-de-passo-fundo-tem-dia-dedicado-a-arte-na-suica\/#primaryimage","url":"https:\/\/www.pmpf.rs.gov.br\/educacao\/wp-content\/uploads\/sites\/43\/2024\/04\/WhatsApp-Image-2024-04-20-at-09.14.53.jpeg","contentUrl":"https:\/\/www.pmpf.rs.gov.br\/educacao\/wp-content\/uploads\/sites\/43\/2024\/04\/WhatsApp-Image-2024-04-20-at-09.14.53.jpeg","width":1280,"height":854},{"@type":"WebSite","@id":"https:\/\/www.pmpf.rs.gov.br\/educacao\/#website","url":"https:\/\/www.pmpf.rs.gov.br\/educacao\/","name":"Secretaria de Educa\u00e7\u00e3o","description":"Secretaria de Educa\u00e7\u00e3o da cidade de Passo Fundo","potentialAction":[{"@type":"SearchAction","target":{"@type":"EntryPoint","urlTemplate":"https:\/\/www.pmpf.rs.gov.br\/educacao\/?s={search_term_string}"},"query-input":{"@type":"PropertyValueSpecification","valueRequired":true,"valueName":"search_term_string"}}],"inLanguage":"pt-BR"},{"@type":"Person","@id":"https:\/\/www.pmpf.rs.gov.br\/educacao\/#\/schema\/person\/6e93b0ab2174b69f691ac4f278ba2d0a","name":"lilicrivello","image":{"@type":"ImageObject","inLanguage":"pt-BR","@id":"https:\/\/www.pmpf.rs.gov.br\/educacao\/#\/schema\/person\/image\/","url":"https:\/\/secure.gravatar.com\/avatar\/0b546b667388f8edb7b67d70a57b5e46?s=96&d=mm&r=g","contentUrl":"https:\/\/secure.gravatar.com\/avatar\/0b546b667388f8edb7b67d70a57b5e46?s=96&d=mm&r=g","caption":"lilicrivello"},"url":"https:\/\/www.pmpf.rs.gov.br\/educacao\/author\/lilicrivello\/"}]}},"_links":{"self":[{"href":"https:\/\/www.pmpf.rs.gov.br\/educacao\/wp-json\/wp\/v2\/posts\/9634"}],"collection":[{"href":"https:\/\/www.pmpf.rs.gov.br\/educacao\/wp-json\/wp\/v2\/posts"}],"about":[{"href":"https:\/\/www.pmpf.rs.gov.br\/educacao\/wp-json\/wp\/v2\/types\/post"}],"author":[{"embeddable":true,"href":"https:\/\/www.pmpf.rs.gov.br\/educacao\/wp-json\/wp\/v2\/users\/24"}],"replies":[{"embeddable":true,"href":"https:\/\/www.pmpf.rs.gov.br\/educacao\/wp-json\/wp\/v2\/comments?post=9634"}],"version-history":[{"count":1,"href":"https:\/\/www.pmpf.rs.gov.br\/educacao\/wp-json\/wp\/v2\/posts\/9634\/revisions"}],"predecessor-version":[{"id":9636,"href":"https:\/\/www.pmpf.rs.gov.br\/educacao\/wp-json\/wp\/v2\/posts\/9634\/revisions\/9636"}],"wp:featuredmedia":[{"embeddable":true,"href":"https:\/\/www.pmpf.rs.gov.br\/educacao\/wp-json\/wp\/v2\/media\/9635"}],"wp:attachment":[{"href":"https:\/\/www.pmpf.rs.gov.br\/educacao\/wp-json\/wp\/v2\/media?parent=9634"}],"wp:term":[{"taxonomy":"category","embeddable":true,"href":"https:\/\/www.pmpf.rs.gov.br\/educacao\/wp-json\/wp\/v2\/categories?post=9634"},{"taxonomy":"post_tag","embeddable":true,"href":"https:\/\/www.pmpf.rs.gov.br\/educacao\/wp-json\/wp\/v2\/tags?post=9634"}],"curies":[{"name":"wp","href":"https:\/\/api.w.org\/{rel}","templated":true}]}}