{"id":9521,"date":"2024-01-02T14:15:02","date_gmt":"2024-01-02T17:15:02","guid":{"rendered":"https:\/\/www.pmpf.rs.gov.br\/educacao\/?p=9521"},"modified":"2024-01-02T14:15:32","modified_gmt":"2024-01-02T17:15:32","slug":"a-prefeitura-abrira-inscricoes-para-18-cursos-da-escola-das-profissoes-2","status":"publish","type":"post","link":"https:\/\/www.pmpf.rs.gov.br\/educacao\/2024\/01\/02\/a-prefeitura-abrira-inscricoes-para-18-cursos-da-escola-das-profissoes-2\/","title":{"rendered":"Prefeitura abrir\u00e1 inscri\u00e7\u00f5es para 18 cursos da Escola das Profiss\u00f5es"},"content":{"rendered":"\n<p><br><br><\/p>\n\n\n\n<p>A Prefeitura abrir\u00e1, nesta quarta-feira (03), as inscri\u00e7\u00f5es para 18 cursos gratuitos da Escola das Profiss\u00f5es. Ser\u00e3o 450 vagas para a capacita\u00e7\u00e3o profissional em diversas \u00e1reas. As inscri\u00e7\u00f5es poder\u00e3o ser realizadas at\u00e9 o dia 10 de janeiro pelo site http:\/\/eprof.educapf.org.<br><br>Com a Escola das Profiss\u00f5es, mais de 2,3 mil passo-fundenses aproveitaram a oportunidade para se capacitar. J\u00e1 foram formadas 322 turmas, em 40 cursos, nas \u00e1reas da Tecnologia, Est\u00e9tica, Sa\u00fade, T\u00eaxtil, Gastronomia, Educa\u00e7\u00e3o, Com\u00e9rcio e Servi\u00e7os.<br><br>Investindo na profissionaliza\u00e7\u00e3o gratuita \u00e0 popula\u00e7\u00e3o, a Prefeitura busca trazer emancipa\u00e7\u00e3o e a chance de coloca\u00e7\u00e3o ou crescimento no mercado de trabalho, conforme pontua o prefeito Pedro Almeida. \u201cA Escola das Profiss\u00f5es \u00e9 mais uma a\u00e7\u00e3o para dar oportunidade \u00e0s pessoas. A partir da qualifica\u00e7\u00e3o, elas estar\u00e3o mais preparadas para garantir uma vaga no mercado de trabalho ou iniciar o seu pr\u00f3prio neg\u00f3cio\u201d, afirmou.<br><br>As vagas s\u00e3o direcionadas, preferencialmente, para pessoas acima de 18 anos de idade que completaram ou estejam cursando o Ensino M\u00e9dio. Ter\u00e3o prioridade para a sele\u00e7\u00e3o gestantes e m\u00e3es acompanhadas pelo programa Meu Beb\u00ea, Meu Tesouro, imigrantes, pessoas com defici\u00eancia, benefici\u00e1rios do Cad\u00danico e participantes do programa Caf\u00e9 com Emprego, que dever\u00e3o fazer a comprova\u00e7\u00e3o assim que forem selecionados.<br><br>As aulas dos cursos que ser\u00e3o abertos ocorrer\u00e3o na sede da Escola das Profiss\u00f5es, na Faculdade Anhanguera e na Le\u00e3o XIII. De acordo com a coordena\u00e7\u00e3o da Escola das Profiss\u00f5es, \u00e9 fundamental que o candidato verifique, antes de realizar a inscri\u00e7\u00e3o, as datas de in\u00edcio e de t\u00e9rmino dos cursos e tamb\u00e9m o hor\u00e1rio em que ser\u00e3o as aulas para evitar desist\u00eancia e permitir que sejam selecionadas as pessoas que t\u00eam a disponibilidade para acompanhar as aulas.<br><br>Os cursos da Escola das Profiss\u00f5es s\u00e3o divididos em tr\u00eas eixos: o \u201cProfissionais do Futuro\u201d, destinado ao desenvolvimento de habilidades como l\u00ednguas e o desenvolvimento de tecnologias sociais; o voltado ao Com\u00e9rcio e Servi\u00e7os; e o que tem como foco atender a Ind\u00fastria e o setor de Transportes.<\/p>\n\n\n\n<p><br><br><strong>Cursos<\/strong><\/p>\n\n\n\n<p>Ingl\u00eas Para Atendimento ao P\u00fablico \u2013 noite<\/p>\n\n\n\n<p>Assistente de Log\u00edstica \u2013 noite<\/p>\n\n\n\n<p>Vendas e Negocia\u00e7\u00e3o \u2013 tarde<\/p>\n\n\n\n<p>Assistente Administrativo \u2013 tarde<\/p>\n\n\n\n<p>Recursos Humanos \u2013 tarde<\/p>\n\n\n\n<p>Assistente de Contabilidade \u2013 noite<\/p>\n\n\n\n<p>Recepcionista \u2013 tarde<\/p>\n\n\n\n<p>Hotelaria \u2013 tarde<\/p>\n\n\n\n<p>Inform\u00e1tica B\u00e1sica \u2013 noite<\/p>\n\n\n\n<p>Elabora\u00e7\u00e3o de Planilhas \u2013 noite<\/p>\n\n\n\n<p>Elabora\u00e7\u00e3o de Apresenta\u00e7\u00f5es \u2013 noite<\/p>\n\n\n\n<p>Editora\u00e7\u00e3o de Textos \u2013 noite<\/p>\n\n\n\n<p>Edi\u00e7\u00e3o de Imagens \u2013 noite<\/p>\n\n\n\n<p>Gest\u00e3o de M\u00eddias \u2013 tarde<\/p>\n\n\n\n<p>Cuidador de Crian\u00e7as (Apoiador de Escola) \u2013 noite<\/p>\n\n\n\n<p>Cuidador Idosos \u2013 noite<\/p>\n\n\n\n<p>Atendente de Farm\u00e1cia \u2013 noite<\/p>\n\n\n\n<p>Corte Costura I \u2013 tarde<\/p>\n\n\n\n<p><br><br>Cronograma<br>Inscri\u00e7\u00f5es<br>03 a 10\/01\/2024<br>Pelo site http:\/\/eprof.educapf.org<br><br>Sele\u00e7\u00e3o e divulga\u00e7\u00e3o dos selecionados<br>11\/01\/2024<br><br>Comprova\u00e7\u00e3o dos documentos e matr\u00edcula<\/p>\n\n\n\n<p>12\/01\/2024<br>Presencialmente, na sede da Escola das Profiss\u00f5es)<br>Av. Brasil Leste, 839, pr\u00f3ximo ao Bourbon &#8211; Passo Fundo<br><br>In\u00edcio das aulas<br>15\/01\/2024<br><br>A Escola das Profiss\u00f5es entrar\u00e1 em contato com os alunos selecionados via WhatsApp.<\/p>\n","protected":false},"excerpt":{"rendered":"<p>As inscri\u00e7\u00f5es ir\u00e3o de 03 a 10 de janeiro pelo site http:\/\/eprof.educapf.org<\/p>\n","protected":false},"author":6,"featured_media":0,"comment_status":"closed","ping_status":"closed","sticky":true,"template":"","format":"standard","meta":{"footnotes":""},"categories":[1],"tags":[],"class_list":["post-9521","post","type-post","status-publish","format-standard","hentry","category-sem-categoria"],"yoast_head":"<!-- This site is optimized with the Yoast SEO plugin v23.8 - https:\/\/yoast.com\/wordpress\/plugins\/seo\/ -->\n<title>Prefeitura abrir\u00e1 inscri\u00e7\u00f5es para 18 cursos da Escola das Profiss\u00f5es - Secretaria de Educa\u00e7\u00e3o<\/title>\n<meta name=\"robots\" content=\"index, follow, max-snippet:-1, max-image-preview:large, max-video-preview:-1\" \/>\n<link rel=\"canonical\" href=\"https:\/\/www.pmpf.rs.gov.br\/educacao\/2024\/01\/02\/a-prefeitura-abrira-inscricoes-para-18-cursos-da-escola-das-profissoes-2\/\" \/>\n<meta property=\"og:locale\" content=\"pt_BR\" \/>\n<meta property=\"og:type\" content=\"article\" \/>\n<meta property=\"og:title\" content=\"Prefeitura abrir\u00e1 inscri\u00e7\u00f5es para 18 cursos da Escola das Profiss\u00f5es - Secretaria de Educa\u00e7\u00e3o\" \/>\n<meta property=\"og:description\" content=\"As inscri\u00e7\u00f5es ir\u00e3o de 03 a 10 de janeiro pelo site http:\/\/eprof.educapf.org\" \/>\n<meta property=\"og:url\" content=\"https:\/\/www.pmpf.rs.gov.br\/educacao\/2024\/01\/02\/a-prefeitura-abrira-inscricoes-para-18-cursos-da-escola-das-profissoes-2\/\" \/>\n<meta property=\"og:site_name\" content=\"Secretaria de Educa\u00e7\u00e3o\" \/>\n<meta property=\"article:published_time\" content=\"2024-01-02T17:15:02+00:00\" \/>\n<meta property=\"article:modified_time\" content=\"2024-01-02T17:15:32+00:00\" \/>\n<meta name=\"author\" content=\"andressazorzetto07\" \/>\n<meta name=\"twitter:card\" content=\"summary_large_image\" \/>\n<meta name=\"twitter:label1\" content=\"Escrito por\" \/>\n\t<meta name=\"twitter:data1\" content=\"andressazorzetto07\" \/>\n\t<meta name=\"twitter:label2\" content=\"Est. tempo de leitura\" \/>\n\t<meta name=\"twitter:data2\" content=\"3 minutos\" \/>\n<script type=\"application\/ld+json\" class=\"yoast-schema-graph\">{\"@context\":\"https:\/\/schema.org\",\"@graph\":[{\"@type\":\"WebPage\",\"@id\":\"https:\/\/www.pmpf.rs.gov.br\/educacao\/2024\/01\/02\/a-prefeitura-abrira-inscricoes-para-18-cursos-da-escola-das-profissoes-2\/\",\"url\":\"https:\/\/www.pmpf.rs.gov.br\/educacao\/2024\/01\/02\/a-prefeitura-abrira-inscricoes-para-18-cursos-da-escola-das-profissoes-2\/\",\"name\":\"Prefeitura abrir\u00e1 inscri\u00e7\u00f5es para 18 cursos da Escola das Profiss\u00f5es - Secretaria de Educa\u00e7\u00e3o\",\"isPartOf\":{\"@id\":\"https:\/\/www.pmpf.rs.gov.br\/educacao\/#website\"},\"datePublished\":\"2024-01-02T17:15:02+00:00\",\"dateModified\":\"2024-01-02T17:15:32+00:00\",\"author\":{\"@id\":\"https:\/\/www.pmpf.rs.gov.br\/educacao\/#\/schema\/person\/30ee1d1bd74da1469b01fcf086e43351\"},\"inLanguage\":\"pt-BR\",\"potentialAction\":[{\"@type\":\"ReadAction\",\"target\":[\"https:\/\/www.pmpf.rs.gov.br\/educacao\/2024\/01\/02\/a-prefeitura-abrira-inscricoes-para-18-cursos-da-escola-das-profissoes-2\/\"]}]},{\"@type\":\"WebSite\",\"@id\":\"https:\/\/www.pmpf.rs.gov.br\/educacao\/#website\",\"url\":\"https:\/\/www.pmpf.rs.gov.br\/educacao\/\",\"name\":\"Secretaria de Educa\u00e7\u00e3o\",\"description\":\"Secretaria de Educa\u00e7\u00e3o da cidade de Passo Fundo\",\"potentialAction\":[{\"@type\":\"SearchAction\",\"target\":{\"@type\":\"EntryPoint\",\"urlTemplate\":\"https:\/\/www.pmpf.rs.gov.br\/educacao\/?s={search_term_string}\"},\"query-input\":{\"@type\":\"PropertyValueSpecification\",\"valueRequired\":true,\"valueName\":\"search_term_string\"}}],\"inLanguage\":\"pt-BR\"},{\"@type\":\"Person\",\"@id\":\"https:\/\/www.pmpf.rs.gov.br\/educacao\/#\/schema\/person\/30ee1d1bd74da1469b01fcf086e43351\",\"name\":\"andressazorzetto07\",\"image\":{\"@type\":\"ImageObject\",\"inLanguage\":\"pt-BR\",\"@id\":\"https:\/\/www.pmpf.rs.gov.br\/educacao\/#\/schema\/person\/image\/\",\"url\":\"https:\/\/secure.gravatar.com\/avatar\/14c5458ed79dc81da99a13b9ff5f9f19?s=96&d=mm&r=g\",\"contentUrl\":\"https:\/\/secure.gravatar.com\/avatar\/14c5458ed79dc81da99a13b9ff5f9f19?s=96&d=mm&r=g\",\"caption\":\"andressazorzetto07\"},\"url\":\"https:\/\/www.pmpf.rs.gov.br\/educacao\/author\/andressazorzetto07\/\"}]}<\/script>\n<!-- \/ Yoast SEO plugin. -->","yoast_head_json":{"title":"Prefeitura abrir\u00e1 inscri\u00e7\u00f5es para 18 cursos da Escola das Profiss\u00f5es - Secretaria de Educa\u00e7\u00e3o","robots":{"index":"index","follow":"follow","max-snippet":"max-snippet:-1","max-image-preview":"max-image-preview:large","max-video-preview":"max-video-preview:-1"},"canonical":"https:\/\/www.pmpf.rs.gov.br\/educacao\/2024\/01\/02\/a-prefeitura-abrira-inscricoes-para-18-cursos-da-escola-das-profissoes-2\/","og_locale":"pt_BR","og_type":"article","og_title":"Prefeitura abrir\u00e1 inscri\u00e7\u00f5es para 18 cursos da Escola das Profiss\u00f5es - Secretaria de Educa\u00e7\u00e3o","og_description":"As inscri\u00e7\u00f5es ir\u00e3o de 03 a 10 de janeiro pelo site http:\/\/eprof.educapf.org","og_url":"https:\/\/www.pmpf.rs.gov.br\/educacao\/2024\/01\/02\/a-prefeitura-abrira-inscricoes-para-18-cursos-da-escola-das-profissoes-2\/","og_site_name":"Secretaria de Educa\u00e7\u00e3o","article_published_time":"2024-01-02T17:15:02+00:00","article_modified_time":"2024-01-02T17:15:32+00:00","author":"andressazorzetto07","twitter_card":"summary_large_image","twitter_misc":{"Escrito por":"andressazorzetto07","Est. tempo de leitura":"3 minutos"},"schema":{"@context":"https:\/\/schema.org","@graph":[{"@type":"WebPage","@id":"https:\/\/www.pmpf.rs.gov.br\/educacao\/2024\/01\/02\/a-prefeitura-abrira-inscricoes-para-18-cursos-da-escola-das-profissoes-2\/","url":"https:\/\/www.pmpf.rs.gov.br\/educacao\/2024\/01\/02\/a-prefeitura-abrira-inscricoes-para-18-cursos-da-escola-das-profissoes-2\/","name":"Prefeitura abrir\u00e1 inscri\u00e7\u00f5es para 18 cursos da Escola das Profiss\u00f5es - Secretaria de Educa\u00e7\u00e3o","isPartOf":{"@id":"https:\/\/www.pmpf.rs.gov.br\/educacao\/#website"},"datePublished":"2024-01-02T17:15:02+00:00","dateModified":"2024-01-02T17:15:32+00:00","author":{"@id":"https:\/\/www.pmpf.rs.gov.br\/educacao\/#\/schema\/person\/30ee1d1bd74da1469b01fcf086e43351"},"inLanguage":"pt-BR","potentialAction":[{"@type":"ReadAction","target":["https:\/\/www.pmpf.rs.gov.br\/educacao\/2024\/01\/02\/a-prefeitura-abrira-inscricoes-para-18-cursos-da-escola-das-profissoes-2\/"]}]},{"@type":"WebSite","@id":"https:\/\/www.pmpf.rs.gov.br\/educacao\/#website","url":"https:\/\/www.pmpf.rs.gov.br\/educacao\/","name":"Secretaria de Educa\u00e7\u00e3o","description":"Secretaria de Educa\u00e7\u00e3o da cidade de Passo Fundo","potentialAction":[{"@type":"SearchAction","target":{"@type":"EntryPoint","urlTemplate":"https:\/\/www.pmpf.rs.gov.br\/educacao\/?s={search_term_string}"},"query-input":{"@type":"PropertyValueSpecification","valueRequired":true,"valueName":"search_term_string"}}],"inLanguage":"pt-BR"},{"@type":"Person","@id":"https:\/\/www.pmpf.rs.gov.br\/educacao\/#\/schema\/person\/30ee1d1bd74da1469b01fcf086e43351","name":"andressazorzetto07","image":{"@type":"ImageObject","inLanguage":"pt-BR","@id":"https:\/\/www.pmpf.rs.gov.br\/educacao\/#\/schema\/person\/image\/","url":"https:\/\/secure.gravatar.com\/avatar\/14c5458ed79dc81da99a13b9ff5f9f19?s=96&d=mm&r=g","contentUrl":"https:\/\/secure.gravatar.com\/avatar\/14c5458ed79dc81da99a13b9ff5f9f19?s=96&d=mm&r=g","caption":"andressazorzetto07"},"url":"https:\/\/www.pmpf.rs.gov.br\/educacao\/author\/andressazorzetto07\/"}]}},"_links":{"self":[{"href":"https:\/\/www.pmpf.rs.gov.br\/educacao\/wp-json\/wp\/v2\/posts\/9521"}],"collection":[{"href":"https:\/\/www.pmpf.rs.gov.br\/educacao\/wp-json\/wp\/v2\/posts"}],"about":[{"href":"https:\/\/www.pmpf.rs.gov.br\/educacao\/wp-json\/wp\/v2\/types\/post"}],"author":[{"embeddable":true,"href":"https:\/\/www.pmpf.rs.gov.br\/educacao\/wp-json\/wp\/v2\/users\/6"}],"replies":[{"embeddable":true,"href":"https:\/\/www.pmpf.rs.gov.br\/educacao\/wp-json\/wp\/v2\/comments?post=9521"}],"version-history":[{"count":2,"href":"https:\/\/www.pmpf.rs.gov.br\/educacao\/wp-json\/wp\/v2\/posts\/9521\/revisions"}],"predecessor-version":[{"id":9523,"href":"https:\/\/www.pmpf.rs.gov.br\/educacao\/wp-json\/wp\/v2\/posts\/9521\/revisions\/9523"}],"wp:attachment":[{"href":"https:\/\/www.pmpf.rs.gov.br\/educacao\/wp-json\/wp\/v2\/media?parent=9521"}],"wp:term":[{"taxonomy":"category","embeddable":true,"href":"https:\/\/www.pmpf.rs.gov.br\/educacao\/wp-json\/wp\/v2\/categories?post=9521"},{"taxonomy":"post_tag","embeddable":true,"href":"https:\/\/www.pmpf.rs.gov.br\/educacao\/wp-json\/wp\/v2\/tags?post=9521"}],"curies":[{"name":"wp","href":"https:\/\/api.w.org\/{rel}","templated":true}]}}