{"id":9470,"date":"2023-10-27T09:15:13","date_gmt":"2023-10-27T12:15:13","guid":{"rendered":"https:\/\/www.pmpf.rs.gov.br\/educacao\/?p=9470"},"modified":"2023-10-27T09:15:18","modified_gmt":"2023-10-27T12:15:18","slug":"inovacao-e-educacao-para-as-midias-sao-tema-de-intercambio-entre-professores-municipais","status":"publish","type":"post","link":"https:\/\/www.pmpf.rs.gov.br\/educacao\/2023\/10\/27\/inovacao-e-educacao-para-as-midias-sao-tema-de-intercambio-entre-professores-municipais\/","title":{"rendered":"Inova\u00e7\u00e3o e educa\u00e7\u00e3o para as m\u00eddias s\u00e3o tema de interc\u00e2mbio entre professores municipais"},"content":{"rendered":"\n<p>Por meio de uma iniciativa da Prefeitura de Passo Fundo, atrav\u00e9s de um interc\u00e2mbio fez parte da premia\u00e7\u00e3o da Miss\u00e3o Educa\u00e7\u00e3o do Futuro, programa de forma\u00e7\u00e3o que leva gestores das escolas para conhecer contextos educacionais fora do munic\u00edpio, professores do munic\u00edpio estiveram na sede da MultiRio, na quarta-feira (26), para conhecer as a\u00e7\u00f5es e produ\u00e7\u00f5es desenvolvidas pela Empresa. O grupo, acompanhado por integrantes da secretaria Municipal de Educa\u00e7\u00e3o, participou de um encontro no qual o tema foi educa\u00e7\u00e3o para m\u00eddias, tecnologias e inova\u00e7\u00e3o na educa\u00e7\u00e3o, e produ\u00e7\u00f5es para estudantes e professores.<\/p>\n\n\n\n<p>De acordo com o secret\u00e1rio de Educa\u00e7\u00e3o, Adriano Canabarro Teixeira, Passo Fundo tem avan\u00e7ado bastante nos \u00faltimos anos no que se refere \u00e0 cria\u00e7\u00e3o de alternativas e qualifica\u00e7\u00e3o da educa\u00e7\u00e3o. \u201cTemos percebido isto, em especial quando a gente identifica um gap educacional agravado pela pandemia. Buscando iniciativas p\u00fablicas que pudessem qualificar a educa\u00e7\u00e3o, chegamos \u00e0 MultiRio, como um espa\u00e7o de produ\u00e7\u00e3o de conte\u00fado, de forma\u00e7\u00e3o de professores, que j\u00e1 existe h\u00e1 30 anos\u201d, afirmou o secret\u00e1rio destacando projetos do munic\u00edpio, relacionados a boas pr\u00e1ticas escolares e a produ\u00e7\u00e3o de conte\u00fados pelos alunos, que podem se inspirar na experi\u00eancia carioca.<\/p>\n\n\n\n<p>No encontro, houve a troca de experi\u00eancias sobre as respectivas redes p\u00fablicas de educa\u00e7\u00e3o, na qual a equipe da MultiRio destacou os desafios representados pela rede carioca, com sua diversidade e distribui\u00e7\u00e3o por todo o territ\u00f3rio da cidade. Foram tamb\u00e9m apresentados aos professores visitantes a atua\u00e7\u00e3o da MultiRio de apoio \u00e0 pol\u00edtica p\u00fablica de Educa\u00e7\u00e3o municipal, suas especificidades e destaques da sua produ\u00e7\u00e3o.<\/p>\n\n\n\n<p>Conforme a diretora da Escola Municipal de Ensino Fundamental Padre Jos\u00e9 de Anchieta, Audete Portella. A experi\u00eancia mostra um outro lado do que a Educa\u00e7\u00e3o pode oferecer. \u201cUma empresa desse cunho, voltada para a educa\u00e7\u00e3o, amplia muito os horizontes de quem est\u00e1 dentro da sala de aula ou gerindo uma escola. \u00c9 maravilhoso ver projetos que s\u00e3o realizados ouvindo o que a escola faz e multiplicados pela MultiRio. Vamos poder levar um pouco do que aprendemos aqui para nossa experi\u00eancia e o melhor \u00e9 saber que o site da MultiRio est\u00e1 dispon\u00edvel para ser explorado e utilizado\u201d, disse a diretora<\/p>\n\n\n\n<p>Para o presidente da MultiRio, Paulo Miranda, o contato com as experi\u00eancias de outros munic\u00edpios mostra converg\u00eancias, como, por exemplo, na necessidade da identifica\u00e7\u00e3o e reconhecimento de boas pr\u00e1ticas das escolas.\u201c\u00c9 um prazer muito grande estar recebendo esse grupo de professores da Secretaria Municipal de Educa\u00e7\u00e3o de Passo Fundo. Esses encontros sempre t\u00eam dois lados: o que nos deixa felizes e orgulhosos de ter o reconhecimento pelo trabalho da MultiRio, mas tamb\u00e9m o lado de conhecer outras experi\u00eancias, outras realidades, e isso \u00e9 sempre enriquecedor para nosso trabalho\u201d, disse.<\/p>\n\n\n\n<p>Algumas das produ\u00e7\u00f5es da MultiRio apresentadas foram a cole\u00e7\u00e3o Que Medo! (<a href=\"https:\/\/tinyurl.com\/yc848f55\" target=\"_blank\" rel=\"noreferrer noopener\">https:\/\/tinyurl.com\/yc848f55<\/a>), formada por anima\u00e7\u00f5es, livros com o recurso da realidade aumentada &#8211; utilizado a partir de aplicativo dispon\u00edvel na Play Store &#8211; e teatrinho para recortar e montar; e o projeto Meias Aventuras (<a href=\"http:\/\/www.multi.rio\/meiasaventuras\" target=\"_blank\" rel=\"noreferrer noopener\">www.multi.rio\/meiasaventuras<\/a>), com anima\u00e7\u00f5es, site com jogos e atividades digitais, e kit de cria\u00e7\u00e3o de narrativas com fantoche de meia. Al\u00e9m desses projetos, outro destaque do encontro foi a plataforma digital Cartografias de Boas Pr\u00e1ticas da Rede (<a href=\"http:\/\/www.multi.rio\/cartografias\" target=\"_blank\" rel=\"noreferrer noopener\">www.multi.rio\/cartografias<\/a>), que traz mapeamentos georreferenciados com os registros de iniciativas bem-sucedidas e pr\u00e1ticas inovadoras na Rede Municipal do Rio.<\/p>\n","protected":false},"excerpt":{"rendered":"<p>Grupo de gestores de escolas foi vencedor do programa Miss\u00e3o Educa\u00e7\u00e3o do Futuro, promovido pela Prefeitura de Passo Fundo em sua rede de ensino<\/p>\n","protected":false},"author":24,"featured_media":9471,"comment_status":"closed","ping_status":"closed","sticky":true,"template":"","format":"standard","meta":{"footnotes":""},"categories":[1],"tags":[],"class_list":["post-9470","post","type-post","status-publish","format-standard","has-post-thumbnail","hentry","category-sem-categoria"],"yoast_head":"<!-- This site is optimized with the Yoast SEO plugin v23.8 - https:\/\/yoast.com\/wordpress\/plugins\/seo\/ -->\n<title>Inova\u00e7\u00e3o e educa\u00e7\u00e3o para as m\u00eddias s\u00e3o tema de interc\u00e2mbio entre professores municipais - Secretaria de Educa\u00e7\u00e3o<\/title>\n<meta name=\"robots\" content=\"index, follow, max-snippet:-1, max-image-preview:large, max-video-preview:-1\" \/>\n<link rel=\"canonical\" href=\"https:\/\/www.pmpf.rs.gov.br\/educacao\/2023\/10\/27\/inovacao-e-educacao-para-as-midias-sao-tema-de-intercambio-entre-professores-municipais\/\" \/>\n<meta property=\"og:locale\" content=\"pt_BR\" \/>\n<meta property=\"og:type\" content=\"article\" \/>\n<meta property=\"og:title\" content=\"Inova\u00e7\u00e3o e educa\u00e7\u00e3o para as m\u00eddias s\u00e3o tema de interc\u00e2mbio entre professores municipais - Secretaria de Educa\u00e7\u00e3o\" \/>\n<meta property=\"og:description\" content=\"Grupo de gestores de escolas foi vencedor do programa Miss\u00e3o Educa\u00e7\u00e3o do Futuro, promovido pela Prefeitura de Passo Fundo em sua rede de ensino\" \/>\n<meta property=\"og:url\" content=\"https:\/\/www.pmpf.rs.gov.br\/educacao\/2023\/10\/27\/inovacao-e-educacao-para-as-midias-sao-tema-de-intercambio-entre-professores-municipais\/\" \/>\n<meta property=\"og:site_name\" content=\"Secretaria de Educa\u00e7\u00e3o\" \/>\n<meta property=\"article:published_time\" content=\"2023-10-27T12:15:13+00:00\" \/>\n<meta property=\"article:modified_time\" content=\"2023-10-27T12:15:18+00:00\" \/>\n<meta name=\"author\" content=\"lilicrivello\" \/>\n<meta name=\"twitter:card\" content=\"summary_large_image\" \/>\n<meta name=\"twitter:label1\" content=\"Escrito por\" \/>\n\t<meta name=\"twitter:data1\" content=\"lilicrivello\" \/>\n\t<meta name=\"twitter:label2\" content=\"Est. tempo de leitura\" \/>\n\t<meta name=\"twitter:data2\" content=\"3 minutos\" \/>\n<script type=\"application\/ld+json\" class=\"yoast-schema-graph\">{\"@context\":\"https:\/\/schema.org\",\"@graph\":[{\"@type\":\"WebPage\",\"@id\":\"https:\/\/www.pmpf.rs.gov.br\/educacao\/2023\/10\/27\/inovacao-e-educacao-para-as-midias-sao-tema-de-intercambio-entre-professores-municipais\/\",\"url\":\"https:\/\/www.pmpf.rs.gov.br\/educacao\/2023\/10\/27\/inovacao-e-educacao-para-as-midias-sao-tema-de-intercambio-entre-professores-municipais\/\",\"name\":\"Inova\u00e7\u00e3o e educa\u00e7\u00e3o para as m\u00eddias s\u00e3o tema de interc\u00e2mbio entre professores municipais - Secretaria de Educa\u00e7\u00e3o\",\"isPartOf\":{\"@id\":\"https:\/\/www.pmpf.rs.gov.br\/educacao\/#website\"},\"primaryImageOfPage\":{\"@id\":\"https:\/\/www.pmpf.rs.gov.br\/educacao\/2023\/10\/27\/inovacao-e-educacao-para-as-midias-sao-tema-de-intercambio-entre-professores-municipais\/#primaryimage\"},\"image\":{\"@id\":\"https:\/\/www.pmpf.rs.gov.br\/educacao\/2023\/10\/27\/inovacao-e-educacao-para-as-midias-sao-tema-de-intercambio-entre-professores-municipais\/#primaryimage\"},\"thumbnailUrl\":\"https:\/\/www.pmpf.rs.gov.br\/educacao\/wp-content\/uploads\/sites\/43\/2023\/10\/multirio.jpeg\",\"datePublished\":\"2023-10-27T12:15:13+00:00\",\"dateModified\":\"2023-10-27T12:15:18+00:00\",\"author\":{\"@id\":\"https:\/\/www.pmpf.rs.gov.br\/educacao\/#\/schema\/person\/6e93b0ab2174b69f691ac4f278ba2d0a\"},\"inLanguage\":\"pt-BR\",\"potentialAction\":[{\"@type\":\"ReadAction\",\"target\":[\"https:\/\/www.pmpf.rs.gov.br\/educacao\/2023\/10\/27\/inovacao-e-educacao-para-as-midias-sao-tema-de-intercambio-entre-professores-municipais\/\"]}]},{\"@type\":\"ImageObject\",\"inLanguage\":\"pt-BR\",\"@id\":\"https:\/\/www.pmpf.rs.gov.br\/educacao\/2023\/10\/27\/inovacao-e-educacao-para-as-midias-sao-tema-de-intercambio-entre-professores-municipais\/#primaryimage\",\"url\":\"https:\/\/www.pmpf.rs.gov.br\/educacao\/wp-content\/uploads\/sites\/43\/2023\/10\/multirio.jpeg\",\"contentUrl\":\"https:\/\/www.pmpf.rs.gov.br\/educacao\/wp-content\/uploads\/sites\/43\/2023\/10\/multirio.jpeg\",\"width\":1600,\"height\":1066},{\"@type\":\"WebSite\",\"@id\":\"https:\/\/www.pmpf.rs.gov.br\/educacao\/#website\",\"url\":\"https:\/\/www.pmpf.rs.gov.br\/educacao\/\",\"name\":\"Secretaria de Educa\u00e7\u00e3o\",\"description\":\"Secretaria de Educa\u00e7\u00e3o da cidade de Passo Fundo\",\"potentialAction\":[{\"@type\":\"SearchAction\",\"target\":{\"@type\":\"EntryPoint\",\"urlTemplate\":\"https:\/\/www.pmpf.rs.gov.br\/educacao\/?s={search_term_string}\"},\"query-input\":{\"@type\":\"PropertyValueSpecification\",\"valueRequired\":true,\"valueName\":\"search_term_string\"}}],\"inLanguage\":\"pt-BR\"},{\"@type\":\"Person\",\"@id\":\"https:\/\/www.pmpf.rs.gov.br\/educacao\/#\/schema\/person\/6e93b0ab2174b69f691ac4f278ba2d0a\",\"name\":\"lilicrivello\",\"image\":{\"@type\":\"ImageObject\",\"inLanguage\":\"pt-BR\",\"@id\":\"https:\/\/www.pmpf.rs.gov.br\/educacao\/#\/schema\/person\/image\/\",\"url\":\"https:\/\/secure.gravatar.com\/avatar\/0b546b667388f8edb7b67d70a57b5e46?s=96&d=mm&r=g\",\"contentUrl\":\"https:\/\/secure.gravatar.com\/avatar\/0b546b667388f8edb7b67d70a57b5e46?s=96&d=mm&r=g\",\"caption\":\"lilicrivello\"},\"url\":\"https:\/\/www.pmpf.rs.gov.br\/educacao\/author\/lilicrivello\/\"}]}<\/script>\n<!-- \/ Yoast SEO plugin. -->","yoast_head_json":{"title":"Inova\u00e7\u00e3o e educa\u00e7\u00e3o para as m\u00eddias s\u00e3o tema de interc\u00e2mbio entre professores municipais - Secretaria de Educa\u00e7\u00e3o","robots":{"index":"index","follow":"follow","max-snippet":"max-snippet:-1","max-image-preview":"max-image-preview:large","max-video-preview":"max-video-preview:-1"},"canonical":"https:\/\/www.pmpf.rs.gov.br\/educacao\/2023\/10\/27\/inovacao-e-educacao-para-as-midias-sao-tema-de-intercambio-entre-professores-municipais\/","og_locale":"pt_BR","og_type":"article","og_title":"Inova\u00e7\u00e3o e educa\u00e7\u00e3o para as m\u00eddias s\u00e3o tema de interc\u00e2mbio entre professores municipais - Secretaria de Educa\u00e7\u00e3o","og_description":"Grupo de gestores de escolas foi vencedor do programa Miss\u00e3o Educa\u00e7\u00e3o do Futuro, promovido pela Prefeitura de Passo Fundo em sua rede de ensino","og_url":"https:\/\/www.pmpf.rs.gov.br\/educacao\/2023\/10\/27\/inovacao-e-educacao-para-as-midias-sao-tema-de-intercambio-entre-professores-municipais\/","og_site_name":"Secretaria de Educa\u00e7\u00e3o","article_published_time":"2023-10-27T12:15:13+00:00","article_modified_time":"2023-10-27T12:15:18+00:00","author":"lilicrivello","twitter_card":"summary_large_image","twitter_misc":{"Escrito por":"lilicrivello","Est. tempo de leitura":"3 minutos"},"schema":{"@context":"https:\/\/schema.org","@graph":[{"@type":"WebPage","@id":"https:\/\/www.pmpf.rs.gov.br\/educacao\/2023\/10\/27\/inovacao-e-educacao-para-as-midias-sao-tema-de-intercambio-entre-professores-municipais\/","url":"https:\/\/www.pmpf.rs.gov.br\/educacao\/2023\/10\/27\/inovacao-e-educacao-para-as-midias-sao-tema-de-intercambio-entre-professores-municipais\/","name":"Inova\u00e7\u00e3o e educa\u00e7\u00e3o para as m\u00eddias s\u00e3o tema de interc\u00e2mbio entre professores municipais - Secretaria de Educa\u00e7\u00e3o","isPartOf":{"@id":"https:\/\/www.pmpf.rs.gov.br\/educacao\/#website"},"primaryImageOfPage":{"@id":"https:\/\/www.pmpf.rs.gov.br\/educacao\/2023\/10\/27\/inovacao-e-educacao-para-as-midias-sao-tema-de-intercambio-entre-professores-municipais\/#primaryimage"},"image":{"@id":"https:\/\/www.pmpf.rs.gov.br\/educacao\/2023\/10\/27\/inovacao-e-educacao-para-as-midias-sao-tema-de-intercambio-entre-professores-municipais\/#primaryimage"},"thumbnailUrl":"https:\/\/www.pmpf.rs.gov.br\/educacao\/wp-content\/uploads\/sites\/43\/2023\/10\/multirio.jpeg","datePublished":"2023-10-27T12:15:13+00:00","dateModified":"2023-10-27T12:15:18+00:00","author":{"@id":"https:\/\/www.pmpf.rs.gov.br\/educacao\/#\/schema\/person\/6e93b0ab2174b69f691ac4f278ba2d0a"},"inLanguage":"pt-BR","potentialAction":[{"@type":"ReadAction","target":["https:\/\/www.pmpf.rs.gov.br\/educacao\/2023\/10\/27\/inovacao-e-educacao-para-as-midias-sao-tema-de-intercambio-entre-professores-municipais\/"]}]},{"@type":"ImageObject","inLanguage":"pt-BR","@id":"https:\/\/www.pmpf.rs.gov.br\/educacao\/2023\/10\/27\/inovacao-e-educacao-para-as-midias-sao-tema-de-intercambio-entre-professores-municipais\/#primaryimage","url":"https:\/\/www.pmpf.rs.gov.br\/educacao\/wp-content\/uploads\/sites\/43\/2023\/10\/multirio.jpeg","contentUrl":"https:\/\/www.pmpf.rs.gov.br\/educacao\/wp-content\/uploads\/sites\/43\/2023\/10\/multirio.jpeg","width":1600,"height":1066},{"@type":"WebSite","@id":"https:\/\/www.pmpf.rs.gov.br\/educacao\/#website","url":"https:\/\/www.pmpf.rs.gov.br\/educacao\/","name":"Secretaria de Educa\u00e7\u00e3o","description":"Secretaria de Educa\u00e7\u00e3o da cidade de Passo Fundo","potentialAction":[{"@type":"SearchAction","target":{"@type":"EntryPoint","urlTemplate":"https:\/\/www.pmpf.rs.gov.br\/educacao\/?s={search_term_string}"},"query-input":{"@type":"PropertyValueSpecification","valueRequired":true,"valueName":"search_term_string"}}],"inLanguage":"pt-BR"},{"@type":"Person","@id":"https:\/\/www.pmpf.rs.gov.br\/educacao\/#\/schema\/person\/6e93b0ab2174b69f691ac4f278ba2d0a","name":"lilicrivello","image":{"@type":"ImageObject","inLanguage":"pt-BR","@id":"https:\/\/www.pmpf.rs.gov.br\/educacao\/#\/schema\/person\/image\/","url":"https:\/\/secure.gravatar.com\/avatar\/0b546b667388f8edb7b67d70a57b5e46?s=96&d=mm&r=g","contentUrl":"https:\/\/secure.gravatar.com\/avatar\/0b546b667388f8edb7b67d70a57b5e46?s=96&d=mm&r=g","caption":"lilicrivello"},"url":"https:\/\/www.pmpf.rs.gov.br\/educacao\/author\/lilicrivello\/"}]}},"_links":{"self":[{"href":"https:\/\/www.pmpf.rs.gov.br\/educacao\/wp-json\/wp\/v2\/posts\/9470"}],"collection":[{"href":"https:\/\/www.pmpf.rs.gov.br\/educacao\/wp-json\/wp\/v2\/posts"}],"about":[{"href":"https:\/\/www.pmpf.rs.gov.br\/educacao\/wp-json\/wp\/v2\/types\/post"}],"author":[{"embeddable":true,"href":"https:\/\/www.pmpf.rs.gov.br\/educacao\/wp-json\/wp\/v2\/users\/24"}],"replies":[{"embeddable":true,"href":"https:\/\/www.pmpf.rs.gov.br\/educacao\/wp-json\/wp\/v2\/comments?post=9470"}],"version-history":[{"count":1,"href":"https:\/\/www.pmpf.rs.gov.br\/educacao\/wp-json\/wp\/v2\/posts\/9470\/revisions"}],"predecessor-version":[{"id":9472,"href":"https:\/\/www.pmpf.rs.gov.br\/educacao\/wp-json\/wp\/v2\/posts\/9470\/revisions\/9472"}],"wp:featuredmedia":[{"embeddable":true,"href":"https:\/\/www.pmpf.rs.gov.br\/educacao\/wp-json\/wp\/v2\/media\/9471"}],"wp:attachment":[{"href":"https:\/\/www.pmpf.rs.gov.br\/educacao\/wp-json\/wp\/v2\/media?parent=9470"}],"wp:term":[{"taxonomy":"category","embeddable":true,"href":"https:\/\/www.pmpf.rs.gov.br\/educacao\/wp-json\/wp\/v2\/categories?post=9470"},{"taxonomy":"post_tag","embeddable":true,"href":"https:\/\/www.pmpf.rs.gov.br\/educacao\/wp-json\/wp\/v2\/tags?post=9470"}],"curies":[{"name":"wp","href":"https:\/\/api.w.org\/{rel}","templated":true}]}}