{"id":9426,"date":"2023-10-04T17:19:03","date_gmt":"2023-10-04T20:19:03","guid":{"rendered":"https:\/\/www.pmpf.rs.gov.br\/educacao\/?p=9426"},"modified":"2023-10-04T17:19:27","modified_gmt":"2023-10-04T20:19:27","slug":"escola-publica-de-musica-yamandu-costa-abrira-o-show-do-violonista-lucio-yanel-e-grupo-yangos","status":"publish","type":"post","link":"https:\/\/www.pmpf.rs.gov.br\/educacao\/2023\/10\/04\/escola-publica-de-musica-yamandu-costa-abrira-o-show-do-violonista-lucio-yanel-e-grupo-yangos\/","title":{"rendered":"Escola P\u00fablica de M\u00fasica Yamandu Costa abrir\u00e1 o show do violonista L\u00facio Yanel e Grupo Yangos"},"content":{"rendered":"\n<p><\/p>\n\n\n\n<p>Quase 30 alunos que formam a orquestra da Escola P\u00fablica de M\u00fasica Yamandu Costa, junto com os professores, abrir\u00e3o o show do violonista L\u00facio Yanel e Grupo Yangos, na noite desta quinta-feira (5), no Teatro do SESC. Ser\u00e1 a primeira apresenta\u00e7\u00e3o dos estudantes da rede municipal, que iniciaram as aulas h\u00e1 cerca de sete meses.<\/p>\n\n\n\n<p>Para Ana Elisa Machado, de 12 anos, aluna da EMEF Benoni Rosado, a expectativa \u00e9 de um momento memor\u00e1vel para os colegas, professores e p\u00fablico. \u201cAqui, estamos todos ansiosos. Nos dedicamos muito para aprender os instrumentos e tirar as m\u00fasicas para sair tudo como imaginamos\u201d, disse.<\/p>\n\n\n\n<p>Um \u00faltimo ensaio foi realizado nesta quarta-feira (04), quando o coordenador do projeto, maestro Rodrigo \u00c1vila, tamb\u00e9m incentivou os alunos. \u201cEm cada ensaio, evolu\u00edmos muito. Amanh\u00e3 ser\u00e1 um grande dia, um grande espet\u00e1culo desta garotada\u201d, enfatizou.<\/p>\n\n\n\n<p>O grupo dos professores da escola apresentar\u00e1 as m\u00fasicas \u201cEstamos A\u00ed\u201d, do compositor Mauricio Einhorn, e \u201cPasso Fundo\u201d, de Daniel S\u00e1. A orquestra dos alunos sobe ao palco para apresentar as m\u00fasicas \u201cQuer\u00eancia Amada\u201d, de Teixeirinha, \u201cAsa Branca\/ Berimbau\u201d, dos compositores Luiz Gonzaga e Baden Powell, al\u00e9m de \u201cMerceditas\u201d, de Ramon Sixto Rios.<\/p>\n\n\n\n<p>O show come\u00e7ar\u00e1 \u00e0s 19h30. A entrada \u00e9 gratuita, e os ingressos podem ser obtidos pelo site do SESC, em<a href=\"https:\/\/ecommerce.sesc-rs.com.br\/ecommerce.paginaproduto.aspx?589,Yangos-e-Lucio-Yanel---Entre-Fronteiras-(RS)\"> https:\/\/ecommerce.sesc-rs.com.br\/ecommerce.paginaproduto.aspx?589,Yangos-e-Lucio-Yanel&#8212;Entre-Fronteiras-(RS)<\/a>.<\/p>\n\n\n\n<p>A apresenta\u00e7\u00e3o conta com os seguintes apoios: Notre Dame, Passo Fundo Shopping, Plim Arquitetura e Constru\u00e7\u00e3o, IRC Corretora de Seguros, IOA Passo Fundo e Na\u00e7\u00e3o Impacto Social.<\/p>\n\n\n\n<p><\/p>\n\n\n\n<p><strong>Como funciona<br><\/strong>A Escola P\u00fablica de M\u00fasica \u00e9 uma iniciativa inovadora da Prefeitura para levar aos jovens uma oportunidade de transforma\u00e7\u00e3o social. O projeto leva o nome do violonista, compositor, vencedor do Grammy Latino em 2021 e passo-fundense Yamandu Costa. As aulas tiveram in\u00edcio em abril, voltadas a alunos do 6\u00ba ao 9\u00ba anos da rede municipal de ensino. Atualmente, 350 estudantes est\u00e3o inscritos.<\/p>\n\n\n\n<p>Quatro escolas de Ensino Fundamental s\u00e3o chamadas de p\u00f3los concentram as aulas de m\u00fasica. S\u00e3o elas: Senador Pasqualini, Cohab Secchi, Benoni Rosado e Wolmar Salton. J\u00e1 na sede da Escola de M\u00fasica Yamandu Costa, localizada no Parque da Gare, \u00e9 realizado um trabalho espec\u00edfico e aprofundado com os alunos que apresentam maior aptid\u00e3o nas escolas do quadrante, al\u00e9m de outras a\u00e7\u00f5es envolvendo a comunidade.<\/p>\n\n\n\n<p><br><strong>Foto: Michel Sanderi<\/strong><\/p>\n","protected":false},"excerpt":{"rendered":"<p>A primeira apresenta\u00e7\u00e3o da orquestra formada por alunos da rede municipal acontecer\u00e1 na noite desta quinta-feira (5), \u00e0s 19h30, no Teatro do SESC<\/p>\n","protected":false},"author":6,"featured_media":9427,"comment_status":"closed","ping_status":"closed","sticky":true,"template":"","format":"standard","meta":{"footnotes":""},"categories":[1],"tags":[],"class_list":["post-9426","post","type-post","status-publish","format-standard","has-post-thumbnail","hentry","category-sem-categoria"],"yoast_head":"<!-- This site is optimized with the Yoast SEO plugin v23.8 - https:\/\/yoast.com\/wordpress\/plugins\/seo\/ -->\n<title>Escola P\u00fablica de M\u00fasica Yamandu Costa abrir\u00e1 o show do violonista L\u00facio Yanel e Grupo Yangos - Secretaria de Educa\u00e7\u00e3o<\/title>\n<meta name=\"robots\" content=\"index, follow, max-snippet:-1, max-image-preview:large, max-video-preview:-1\" \/>\n<link rel=\"canonical\" href=\"https:\/\/www.pmpf.rs.gov.br\/educacao\/2023\/10\/04\/escola-publica-de-musica-yamandu-costa-abrira-o-show-do-violonista-lucio-yanel-e-grupo-yangos\/\" \/>\n<meta property=\"og:locale\" content=\"pt_BR\" \/>\n<meta property=\"og:type\" content=\"article\" \/>\n<meta property=\"og:title\" content=\"Escola P\u00fablica de M\u00fasica Yamandu Costa abrir\u00e1 o show do violonista L\u00facio Yanel e Grupo Yangos - Secretaria de Educa\u00e7\u00e3o\" \/>\n<meta property=\"og:description\" content=\"A primeira apresenta\u00e7\u00e3o da orquestra formada por alunos da rede municipal acontecer\u00e1 na noite desta quinta-feira (5), \u00e0s 19h30, no Teatro do SESC\" \/>\n<meta property=\"og:url\" content=\"https:\/\/www.pmpf.rs.gov.br\/educacao\/2023\/10\/04\/escola-publica-de-musica-yamandu-costa-abrira-o-show-do-violonista-lucio-yanel-e-grupo-yangos\/\" \/>\n<meta property=\"og:site_name\" content=\"Secretaria de Educa\u00e7\u00e3o\" \/>\n<meta property=\"article:published_time\" content=\"2023-10-04T20:19:03+00:00\" \/>\n<meta property=\"article:modified_time\" content=\"2023-10-04T20:19:27+00:00\" \/>\n<meta name=\"author\" content=\"andressazorzetto07\" \/>\n<meta name=\"twitter:card\" content=\"summary_large_image\" \/>\n<meta name=\"twitter:label1\" content=\"Escrito por\" \/>\n\t<meta name=\"twitter:data1\" content=\"andressazorzetto07\" \/>\n\t<meta name=\"twitter:label2\" content=\"Est. tempo de leitura\" \/>\n\t<meta name=\"twitter:data2\" content=\"2 minutos\" \/>\n<script type=\"application\/ld+json\" class=\"yoast-schema-graph\">{\"@context\":\"https:\/\/schema.org\",\"@graph\":[{\"@type\":\"WebPage\",\"@id\":\"https:\/\/www.pmpf.rs.gov.br\/educacao\/2023\/10\/04\/escola-publica-de-musica-yamandu-costa-abrira-o-show-do-violonista-lucio-yanel-e-grupo-yangos\/\",\"url\":\"https:\/\/www.pmpf.rs.gov.br\/educacao\/2023\/10\/04\/escola-publica-de-musica-yamandu-costa-abrira-o-show-do-violonista-lucio-yanel-e-grupo-yangos\/\",\"name\":\"Escola P\u00fablica de M\u00fasica Yamandu Costa abrir\u00e1 o show do violonista L\u00facio Yanel e Grupo Yangos - Secretaria de Educa\u00e7\u00e3o\",\"isPartOf\":{\"@id\":\"https:\/\/www.pmpf.rs.gov.br\/educacao\/#website\"},\"primaryImageOfPage\":{\"@id\":\"https:\/\/www.pmpf.rs.gov.br\/educacao\/2023\/10\/04\/escola-publica-de-musica-yamandu-costa-abrira-o-show-do-violonista-lucio-yanel-e-grupo-yangos\/#primaryimage\"},\"image\":{\"@id\":\"https:\/\/www.pmpf.rs.gov.br\/educacao\/2023\/10\/04\/escola-publica-de-musica-yamandu-costa-abrira-o-show-do-violonista-lucio-yanel-e-grupo-yangos\/#primaryimage\"},\"thumbnailUrl\":\"https:\/\/www.pmpf.rs.gov.br\/educacao\/wp-content\/uploads\/sites\/43\/2023\/10\/MSF00255-scaled.jpg\",\"datePublished\":\"2023-10-04T20:19:03+00:00\",\"dateModified\":\"2023-10-04T20:19:27+00:00\",\"author\":{\"@id\":\"https:\/\/www.pmpf.rs.gov.br\/educacao\/#\/schema\/person\/30ee1d1bd74da1469b01fcf086e43351\"},\"inLanguage\":\"pt-BR\",\"potentialAction\":[{\"@type\":\"ReadAction\",\"target\":[\"https:\/\/www.pmpf.rs.gov.br\/educacao\/2023\/10\/04\/escola-publica-de-musica-yamandu-costa-abrira-o-show-do-violonista-lucio-yanel-e-grupo-yangos\/\"]}]},{\"@type\":\"ImageObject\",\"inLanguage\":\"pt-BR\",\"@id\":\"https:\/\/www.pmpf.rs.gov.br\/educacao\/2023\/10\/04\/escola-publica-de-musica-yamandu-costa-abrira-o-show-do-violonista-lucio-yanel-e-grupo-yangos\/#primaryimage\",\"url\":\"https:\/\/www.pmpf.rs.gov.br\/educacao\/wp-content\/uploads\/sites\/43\/2023\/10\/MSF00255-scaled.jpg\",\"contentUrl\":\"https:\/\/www.pmpf.rs.gov.br\/educacao\/wp-content\/uploads\/sites\/43\/2023\/10\/MSF00255-scaled.jpg\",\"width\":2560,\"height\":1707},{\"@type\":\"WebSite\",\"@id\":\"https:\/\/www.pmpf.rs.gov.br\/educacao\/#website\",\"url\":\"https:\/\/www.pmpf.rs.gov.br\/educacao\/\",\"name\":\"Secretaria de Educa\u00e7\u00e3o\",\"description\":\"Secretaria de Educa\u00e7\u00e3o da cidade de Passo Fundo\",\"potentialAction\":[{\"@type\":\"SearchAction\",\"target\":{\"@type\":\"EntryPoint\",\"urlTemplate\":\"https:\/\/www.pmpf.rs.gov.br\/educacao\/?s={search_term_string}\"},\"query-input\":{\"@type\":\"PropertyValueSpecification\",\"valueRequired\":true,\"valueName\":\"search_term_string\"}}],\"inLanguage\":\"pt-BR\"},{\"@type\":\"Person\",\"@id\":\"https:\/\/www.pmpf.rs.gov.br\/educacao\/#\/schema\/person\/30ee1d1bd74da1469b01fcf086e43351\",\"name\":\"andressazorzetto07\",\"image\":{\"@type\":\"ImageObject\",\"inLanguage\":\"pt-BR\",\"@id\":\"https:\/\/www.pmpf.rs.gov.br\/educacao\/#\/schema\/person\/image\/\",\"url\":\"https:\/\/secure.gravatar.com\/avatar\/14c5458ed79dc81da99a13b9ff5f9f19?s=96&d=mm&r=g\",\"contentUrl\":\"https:\/\/secure.gravatar.com\/avatar\/14c5458ed79dc81da99a13b9ff5f9f19?s=96&d=mm&r=g\",\"caption\":\"andressazorzetto07\"},\"url\":\"https:\/\/www.pmpf.rs.gov.br\/educacao\/author\/andressazorzetto07\/\"}]}<\/script>\n<!-- \/ Yoast SEO plugin. -->","yoast_head_json":{"title":"Escola P\u00fablica de M\u00fasica Yamandu Costa abrir\u00e1 o show do violonista L\u00facio Yanel e Grupo Yangos - Secretaria de Educa\u00e7\u00e3o","robots":{"index":"index","follow":"follow","max-snippet":"max-snippet:-1","max-image-preview":"max-image-preview:large","max-video-preview":"max-video-preview:-1"},"canonical":"https:\/\/www.pmpf.rs.gov.br\/educacao\/2023\/10\/04\/escola-publica-de-musica-yamandu-costa-abrira-o-show-do-violonista-lucio-yanel-e-grupo-yangos\/","og_locale":"pt_BR","og_type":"article","og_title":"Escola P\u00fablica de M\u00fasica Yamandu Costa abrir\u00e1 o show do violonista L\u00facio Yanel e Grupo Yangos - Secretaria de Educa\u00e7\u00e3o","og_description":"A primeira apresenta\u00e7\u00e3o da orquestra formada por alunos da rede municipal acontecer\u00e1 na noite desta quinta-feira (5), \u00e0s 19h30, no Teatro do SESC","og_url":"https:\/\/www.pmpf.rs.gov.br\/educacao\/2023\/10\/04\/escola-publica-de-musica-yamandu-costa-abrira-o-show-do-violonista-lucio-yanel-e-grupo-yangos\/","og_site_name":"Secretaria de Educa\u00e7\u00e3o","article_published_time":"2023-10-04T20:19:03+00:00","article_modified_time":"2023-10-04T20:19:27+00:00","author":"andressazorzetto07","twitter_card":"summary_large_image","twitter_misc":{"Escrito por":"andressazorzetto07","Est. tempo de leitura":"2 minutos"},"schema":{"@context":"https:\/\/schema.org","@graph":[{"@type":"WebPage","@id":"https:\/\/www.pmpf.rs.gov.br\/educacao\/2023\/10\/04\/escola-publica-de-musica-yamandu-costa-abrira-o-show-do-violonista-lucio-yanel-e-grupo-yangos\/","url":"https:\/\/www.pmpf.rs.gov.br\/educacao\/2023\/10\/04\/escola-publica-de-musica-yamandu-costa-abrira-o-show-do-violonista-lucio-yanel-e-grupo-yangos\/","name":"Escola P\u00fablica de M\u00fasica Yamandu Costa abrir\u00e1 o show do violonista L\u00facio Yanel e Grupo Yangos - Secretaria de Educa\u00e7\u00e3o","isPartOf":{"@id":"https:\/\/www.pmpf.rs.gov.br\/educacao\/#website"},"primaryImageOfPage":{"@id":"https:\/\/www.pmpf.rs.gov.br\/educacao\/2023\/10\/04\/escola-publica-de-musica-yamandu-costa-abrira-o-show-do-violonista-lucio-yanel-e-grupo-yangos\/#primaryimage"},"image":{"@id":"https:\/\/www.pmpf.rs.gov.br\/educacao\/2023\/10\/04\/escola-publica-de-musica-yamandu-costa-abrira-o-show-do-violonista-lucio-yanel-e-grupo-yangos\/#primaryimage"},"thumbnailUrl":"https:\/\/www.pmpf.rs.gov.br\/educacao\/wp-content\/uploads\/sites\/43\/2023\/10\/MSF00255-scaled.jpg","datePublished":"2023-10-04T20:19:03+00:00","dateModified":"2023-10-04T20:19:27+00:00","author":{"@id":"https:\/\/www.pmpf.rs.gov.br\/educacao\/#\/schema\/person\/30ee1d1bd74da1469b01fcf086e43351"},"inLanguage":"pt-BR","potentialAction":[{"@type":"ReadAction","target":["https:\/\/www.pmpf.rs.gov.br\/educacao\/2023\/10\/04\/escola-publica-de-musica-yamandu-costa-abrira-o-show-do-violonista-lucio-yanel-e-grupo-yangos\/"]}]},{"@type":"ImageObject","inLanguage":"pt-BR","@id":"https:\/\/www.pmpf.rs.gov.br\/educacao\/2023\/10\/04\/escola-publica-de-musica-yamandu-costa-abrira-o-show-do-violonista-lucio-yanel-e-grupo-yangos\/#primaryimage","url":"https:\/\/www.pmpf.rs.gov.br\/educacao\/wp-content\/uploads\/sites\/43\/2023\/10\/MSF00255-scaled.jpg","contentUrl":"https:\/\/www.pmpf.rs.gov.br\/educacao\/wp-content\/uploads\/sites\/43\/2023\/10\/MSF00255-scaled.jpg","width":2560,"height":1707},{"@type":"WebSite","@id":"https:\/\/www.pmpf.rs.gov.br\/educacao\/#website","url":"https:\/\/www.pmpf.rs.gov.br\/educacao\/","name":"Secretaria de Educa\u00e7\u00e3o","description":"Secretaria de Educa\u00e7\u00e3o da cidade de Passo Fundo","potentialAction":[{"@type":"SearchAction","target":{"@type":"EntryPoint","urlTemplate":"https:\/\/www.pmpf.rs.gov.br\/educacao\/?s={search_term_string}"},"query-input":{"@type":"PropertyValueSpecification","valueRequired":true,"valueName":"search_term_string"}}],"inLanguage":"pt-BR"},{"@type":"Person","@id":"https:\/\/www.pmpf.rs.gov.br\/educacao\/#\/schema\/person\/30ee1d1bd74da1469b01fcf086e43351","name":"andressazorzetto07","image":{"@type":"ImageObject","inLanguage":"pt-BR","@id":"https:\/\/www.pmpf.rs.gov.br\/educacao\/#\/schema\/person\/image\/","url":"https:\/\/secure.gravatar.com\/avatar\/14c5458ed79dc81da99a13b9ff5f9f19?s=96&d=mm&r=g","contentUrl":"https:\/\/secure.gravatar.com\/avatar\/14c5458ed79dc81da99a13b9ff5f9f19?s=96&d=mm&r=g","caption":"andressazorzetto07"},"url":"https:\/\/www.pmpf.rs.gov.br\/educacao\/author\/andressazorzetto07\/"}]}},"_links":{"self":[{"href":"https:\/\/www.pmpf.rs.gov.br\/educacao\/wp-json\/wp\/v2\/posts\/9426"}],"collection":[{"href":"https:\/\/www.pmpf.rs.gov.br\/educacao\/wp-json\/wp\/v2\/posts"}],"about":[{"href":"https:\/\/www.pmpf.rs.gov.br\/educacao\/wp-json\/wp\/v2\/types\/post"}],"author":[{"embeddable":true,"href":"https:\/\/www.pmpf.rs.gov.br\/educacao\/wp-json\/wp\/v2\/users\/6"}],"replies":[{"embeddable":true,"href":"https:\/\/www.pmpf.rs.gov.br\/educacao\/wp-json\/wp\/v2\/comments?post=9426"}],"version-history":[{"count":1,"href":"https:\/\/www.pmpf.rs.gov.br\/educacao\/wp-json\/wp\/v2\/posts\/9426\/revisions"}],"predecessor-version":[{"id":9428,"href":"https:\/\/www.pmpf.rs.gov.br\/educacao\/wp-json\/wp\/v2\/posts\/9426\/revisions\/9428"}],"wp:featuredmedia":[{"embeddable":true,"href":"https:\/\/www.pmpf.rs.gov.br\/educacao\/wp-json\/wp\/v2\/media\/9427"}],"wp:attachment":[{"href":"https:\/\/www.pmpf.rs.gov.br\/educacao\/wp-json\/wp\/v2\/media?parent=9426"}],"wp:term":[{"taxonomy":"category","embeddable":true,"href":"https:\/\/www.pmpf.rs.gov.br\/educacao\/wp-json\/wp\/v2\/categories?post=9426"},{"taxonomy":"post_tag","embeddable":true,"href":"https:\/\/www.pmpf.rs.gov.br\/educacao\/wp-json\/wp\/v2\/tags?post=9426"}],"curies":[{"name":"wp","href":"https:\/\/api.w.org\/{rel}","templated":true}]}}