{"id":9417,"date":"2023-09-29T15:40:11","date_gmt":"2023-09-29T18:40:11","guid":{"rendered":"https:\/\/www.pmpf.rs.gov.br\/educacao\/?p=9417"},"modified":"2023-09-29T15:40:28","modified_gmt":"2023-09-29T18:40:28","slug":"da-escola-ao-campo-criancas-conhecem-o-processo-de-producao-de-hortifrutigranjeiros","status":"publish","type":"post","link":"https:\/\/www.pmpf.rs.gov.br\/educacao\/2023\/09\/29\/da-escola-ao-campo-criancas-conhecem-o-processo-de-producao-de-hortifrutigranjeiros\/","title":{"rendered":"Da escola ao campo: crian\u00e7as conhecem o processo de produ\u00e7\u00e3o de hortifrutigranjeiros"},"content":{"rendered":"\n<p><\/p>\n\n\n\n<p>Levar as crian\u00e7as da escola at\u00e9 o fornecedor de alimentos para conhecerem o processo desde quando se planta o hortifrutigranjeiro at\u00e9 o momento da colheita. Este \u00e9 o principal objetivo do \u201cDa escola ao campo\u201d, um projeto da Prefeitura de Passo Fundo, atrav\u00e9s da Secretaria de Educa\u00e7\u00e3o. No passeio pedag\u00f3gico realizado na tarde desta quinta-feira (28), 38 crian\u00e7as do Pr\u00e9 II, da Escola Municipal de Educa\u00e7\u00e3o Infantil (EMEI) Padre Alcides, do Bairro Victor Issler, puderam conhecer a produ\u00e7\u00e3o na propriedade dos Irm\u00e3os Marmentini, em Bela Vista, que fornece hortifrutigranjeiros \u00e0s escolas do munic\u00edpio de Passo Fundo.<\/p>\n\n\n\n<p>De acordo com o secret\u00e1rio de Educa\u00e7\u00e3o, Adriano Canabarro Teixeira, o projeto valoriza uma parceria com quem produz o alimento para a agricultura familiar e conscientiza as crian\u00e7as sobre a import\u00e2ncia de uma alimenta\u00e7\u00e3o saud\u00e1vel. \u201cA lei diz que temos de ter 33% das compras com a agricultura familiar, nosso munic\u00edpio tem 90%. Ampliou muito esta participa\u00e7\u00e3o nos \u00faltimos dois anos. Ent\u00e3o pensamos nesse projeto no sentido de aproximar o produtor, das crian\u00e7as que consomem os alimentos. Al\u00e9m disso estamos fazendo um trabalho com estes alunos no ponto de vista de conscientiza\u00e7\u00e3o, da import\u00e2ncia em comer saudavelmente. Algumas destas crian\u00e7as n\u00e3o comem salada e falaram que a partir de agora v\u00e3o comer, porque nas pr\u00f3ximas semanas vai chegar na escola o que elas ajudaram plantar atrav\u00e9s desta proposta pedag\u00f3gica. A ideia \u00e9 criar uma cultura alimentar nos estudantes, desde pequenos\u201d, enfatiza.<\/p>\n\n\n\n<p>Conforme a Coordenadora de Nutri\u00e7\u00e3o Escolar, Eloir Pereira Gwozdz, a ideia para o ano que vem \u00e9 que o projeto esteja no calend\u00e1rio de a\u00e7\u00f5es escolares do munic\u00edpio e que todas as escolas possam visitar os 16 produtores\/fornecedores do munic\u00edpio. \u201cCome\u00e7amos o projeto no segundo semestre deste ano como um teste pra ver se daria certo nesse formato e est\u00e1 dando. A partir de 2024 nossa inten\u00e7\u00e3o \u00e9 levar duas escolas por vez nas visitas\u201d, frisa.<\/p>\n\n\n\n<p>Para o produtor rural, Marcelo Marmentini, que fornece produtos para o Poder P\u00fablico Municipal desde 2020, a iniciativa muda a percep\u00e7\u00e3o que os pequenos t\u00eam sobre alguns alimentos. \u201cEssa iniciativa de trazer as crian\u00e7as aqui para conhecerem de onde est\u00e1 saindo o alimento, que depois vai para a merenda escolar deles, \u00e9 muito interessante, pois, se eles veem de onde sai, como \u00e9 que faz as verduras e legumes, como \u00e9 que est\u00e1 plantando, desde a semente at\u00e9 as mudas. Acredito que isso proporciona uma mudan\u00e7a de cultura e eles come\u00e7am a pensar, eu fui l\u00e1 naquele dia, eu plantei, ent\u00e3o de repente d\u00e1 uma vontade neles de provar e eles passam a gostar do alimento\u201d, destaca o produtor.<\/p>\n","protected":false},"excerpt":{"rendered":"<p>Projeto leva alunos da educa\u00e7\u00e3o infantil do munic\u00edpio at\u00e9 as propriedades rurais de agricultores familiares<\/p>\n","protected":false},"author":6,"featured_media":9418,"comment_status":"closed","ping_status":"closed","sticky":true,"template":"","format":"standard","meta":{"footnotes":""},"categories":[1],"tags":[],"class_list":["post-9417","post","type-post","status-publish","format-standard","has-post-thumbnail","hentry","category-sem-categoria"],"yoast_head":"<!-- This site is optimized with the Yoast SEO plugin v23.8 - https:\/\/yoast.com\/wordpress\/plugins\/seo\/ -->\n<title>Da escola ao campo: crian\u00e7as conhecem o processo de produ\u00e7\u00e3o de hortifrutigranjeiros - Secretaria de Educa\u00e7\u00e3o<\/title>\n<meta name=\"robots\" content=\"index, follow, max-snippet:-1, max-image-preview:large, max-video-preview:-1\" \/>\n<link rel=\"canonical\" href=\"https:\/\/www.pmpf.rs.gov.br\/educacao\/2023\/09\/29\/da-escola-ao-campo-criancas-conhecem-o-processo-de-producao-de-hortifrutigranjeiros\/\" \/>\n<meta property=\"og:locale\" content=\"pt_BR\" \/>\n<meta property=\"og:type\" content=\"article\" \/>\n<meta property=\"og:title\" content=\"Da escola ao campo: crian\u00e7as conhecem o processo de produ\u00e7\u00e3o de hortifrutigranjeiros - Secretaria de Educa\u00e7\u00e3o\" \/>\n<meta property=\"og:description\" content=\"Projeto leva alunos da educa\u00e7\u00e3o infantil do munic\u00edpio at\u00e9 as propriedades rurais de agricultores familiares\" \/>\n<meta property=\"og:url\" content=\"https:\/\/www.pmpf.rs.gov.br\/educacao\/2023\/09\/29\/da-escola-ao-campo-criancas-conhecem-o-processo-de-producao-de-hortifrutigranjeiros\/\" \/>\n<meta property=\"og:site_name\" content=\"Secretaria de Educa\u00e7\u00e3o\" \/>\n<meta property=\"article:published_time\" content=\"2023-09-29T18:40:11+00:00\" \/>\n<meta property=\"article:modified_time\" content=\"2023-09-29T18:40:28+00:00\" \/>\n<meta name=\"author\" content=\"andressazorzetto07\" \/>\n<meta name=\"twitter:card\" content=\"summary_large_image\" \/>\n<meta name=\"twitter:label1\" content=\"Escrito por\" \/>\n\t<meta name=\"twitter:data1\" content=\"andressazorzetto07\" \/>\n\t<meta name=\"twitter:label2\" content=\"Est. tempo de leitura\" \/>\n\t<meta name=\"twitter:data2\" content=\"2 minutos\" \/>\n<script type=\"application\/ld+json\" class=\"yoast-schema-graph\">{\"@context\":\"https:\/\/schema.org\",\"@graph\":[{\"@type\":\"WebPage\",\"@id\":\"https:\/\/www.pmpf.rs.gov.br\/educacao\/2023\/09\/29\/da-escola-ao-campo-criancas-conhecem-o-processo-de-producao-de-hortifrutigranjeiros\/\",\"url\":\"https:\/\/www.pmpf.rs.gov.br\/educacao\/2023\/09\/29\/da-escola-ao-campo-criancas-conhecem-o-processo-de-producao-de-hortifrutigranjeiros\/\",\"name\":\"Da escola ao campo: crian\u00e7as conhecem o processo de produ\u00e7\u00e3o de hortifrutigranjeiros - Secretaria de Educa\u00e7\u00e3o\",\"isPartOf\":{\"@id\":\"https:\/\/www.pmpf.rs.gov.br\/educacao\/#website\"},\"primaryImageOfPage\":{\"@id\":\"https:\/\/www.pmpf.rs.gov.br\/educacao\/2023\/09\/29\/da-escola-ao-campo-criancas-conhecem-o-processo-de-producao-de-hortifrutigranjeiros\/#primaryimage\"},\"image\":{\"@id\":\"https:\/\/www.pmpf.rs.gov.br\/educacao\/2023\/09\/29\/da-escola-ao-campo-criancas-conhecem-o-processo-de-producao-de-hortifrutigranjeiros\/#primaryimage\"},\"thumbnailUrl\":\"https:\/\/www.pmpf.rs.gov.br\/educacao\/wp-content\/uploads\/sites\/43\/2023\/09\/da-escola-ao-campo.jpg\",\"datePublished\":\"2023-09-29T18:40:11+00:00\",\"dateModified\":\"2023-09-29T18:40:28+00:00\",\"author\":{\"@id\":\"https:\/\/www.pmpf.rs.gov.br\/educacao\/#\/schema\/person\/30ee1d1bd74da1469b01fcf086e43351\"},\"inLanguage\":\"pt-BR\",\"potentialAction\":[{\"@type\":\"ReadAction\",\"target\":[\"https:\/\/www.pmpf.rs.gov.br\/educacao\/2023\/09\/29\/da-escola-ao-campo-criancas-conhecem-o-processo-de-producao-de-hortifrutigranjeiros\/\"]}]},{\"@type\":\"ImageObject\",\"inLanguage\":\"pt-BR\",\"@id\":\"https:\/\/www.pmpf.rs.gov.br\/educacao\/2023\/09\/29\/da-escola-ao-campo-criancas-conhecem-o-processo-de-producao-de-hortifrutigranjeiros\/#primaryimage\",\"url\":\"https:\/\/www.pmpf.rs.gov.br\/educacao\/wp-content\/uploads\/sites\/43\/2023\/09\/da-escola-ao-campo.jpg\",\"contentUrl\":\"https:\/\/www.pmpf.rs.gov.br\/educacao\/wp-content\/uploads\/sites\/43\/2023\/09\/da-escola-ao-campo.jpg\",\"width\":1600,\"height\":1066},{\"@type\":\"WebSite\",\"@id\":\"https:\/\/www.pmpf.rs.gov.br\/educacao\/#website\",\"url\":\"https:\/\/www.pmpf.rs.gov.br\/educacao\/\",\"name\":\"Secretaria de Educa\u00e7\u00e3o\",\"description\":\"Secretaria de Educa\u00e7\u00e3o da cidade de Passo Fundo\",\"potentialAction\":[{\"@type\":\"SearchAction\",\"target\":{\"@type\":\"EntryPoint\",\"urlTemplate\":\"https:\/\/www.pmpf.rs.gov.br\/educacao\/?s={search_term_string}\"},\"query-input\":{\"@type\":\"PropertyValueSpecification\",\"valueRequired\":true,\"valueName\":\"search_term_string\"}}],\"inLanguage\":\"pt-BR\"},{\"@type\":\"Person\",\"@id\":\"https:\/\/www.pmpf.rs.gov.br\/educacao\/#\/schema\/person\/30ee1d1bd74da1469b01fcf086e43351\",\"name\":\"andressazorzetto07\",\"image\":{\"@type\":\"ImageObject\",\"inLanguage\":\"pt-BR\",\"@id\":\"https:\/\/www.pmpf.rs.gov.br\/educacao\/#\/schema\/person\/image\/\",\"url\":\"https:\/\/secure.gravatar.com\/avatar\/14c5458ed79dc81da99a13b9ff5f9f19?s=96&d=mm&r=g\",\"contentUrl\":\"https:\/\/secure.gravatar.com\/avatar\/14c5458ed79dc81da99a13b9ff5f9f19?s=96&d=mm&r=g\",\"caption\":\"andressazorzetto07\"},\"url\":\"https:\/\/www.pmpf.rs.gov.br\/educacao\/author\/andressazorzetto07\/\"}]}<\/script>\n<!-- \/ Yoast SEO plugin. -->","yoast_head_json":{"title":"Da escola ao campo: crian\u00e7as conhecem o processo de produ\u00e7\u00e3o de hortifrutigranjeiros - Secretaria de Educa\u00e7\u00e3o","robots":{"index":"index","follow":"follow","max-snippet":"max-snippet:-1","max-image-preview":"max-image-preview:large","max-video-preview":"max-video-preview:-1"},"canonical":"https:\/\/www.pmpf.rs.gov.br\/educacao\/2023\/09\/29\/da-escola-ao-campo-criancas-conhecem-o-processo-de-producao-de-hortifrutigranjeiros\/","og_locale":"pt_BR","og_type":"article","og_title":"Da escola ao campo: crian\u00e7as conhecem o processo de produ\u00e7\u00e3o de hortifrutigranjeiros - Secretaria de Educa\u00e7\u00e3o","og_description":"Projeto leva alunos da educa\u00e7\u00e3o infantil do munic\u00edpio at\u00e9 as propriedades rurais de agricultores familiares","og_url":"https:\/\/www.pmpf.rs.gov.br\/educacao\/2023\/09\/29\/da-escola-ao-campo-criancas-conhecem-o-processo-de-producao-de-hortifrutigranjeiros\/","og_site_name":"Secretaria de Educa\u00e7\u00e3o","article_published_time":"2023-09-29T18:40:11+00:00","article_modified_time":"2023-09-29T18:40:28+00:00","author":"andressazorzetto07","twitter_card":"summary_large_image","twitter_misc":{"Escrito por":"andressazorzetto07","Est. tempo de leitura":"2 minutos"},"schema":{"@context":"https:\/\/schema.org","@graph":[{"@type":"WebPage","@id":"https:\/\/www.pmpf.rs.gov.br\/educacao\/2023\/09\/29\/da-escola-ao-campo-criancas-conhecem-o-processo-de-producao-de-hortifrutigranjeiros\/","url":"https:\/\/www.pmpf.rs.gov.br\/educacao\/2023\/09\/29\/da-escola-ao-campo-criancas-conhecem-o-processo-de-producao-de-hortifrutigranjeiros\/","name":"Da escola ao campo: crian\u00e7as conhecem o processo de produ\u00e7\u00e3o de hortifrutigranjeiros - Secretaria de Educa\u00e7\u00e3o","isPartOf":{"@id":"https:\/\/www.pmpf.rs.gov.br\/educacao\/#website"},"primaryImageOfPage":{"@id":"https:\/\/www.pmpf.rs.gov.br\/educacao\/2023\/09\/29\/da-escola-ao-campo-criancas-conhecem-o-processo-de-producao-de-hortifrutigranjeiros\/#primaryimage"},"image":{"@id":"https:\/\/www.pmpf.rs.gov.br\/educacao\/2023\/09\/29\/da-escola-ao-campo-criancas-conhecem-o-processo-de-producao-de-hortifrutigranjeiros\/#primaryimage"},"thumbnailUrl":"https:\/\/www.pmpf.rs.gov.br\/educacao\/wp-content\/uploads\/sites\/43\/2023\/09\/da-escola-ao-campo.jpg","datePublished":"2023-09-29T18:40:11+00:00","dateModified":"2023-09-29T18:40:28+00:00","author":{"@id":"https:\/\/www.pmpf.rs.gov.br\/educacao\/#\/schema\/person\/30ee1d1bd74da1469b01fcf086e43351"},"inLanguage":"pt-BR","potentialAction":[{"@type":"ReadAction","target":["https:\/\/www.pmpf.rs.gov.br\/educacao\/2023\/09\/29\/da-escola-ao-campo-criancas-conhecem-o-processo-de-producao-de-hortifrutigranjeiros\/"]}]},{"@type":"ImageObject","inLanguage":"pt-BR","@id":"https:\/\/www.pmpf.rs.gov.br\/educacao\/2023\/09\/29\/da-escola-ao-campo-criancas-conhecem-o-processo-de-producao-de-hortifrutigranjeiros\/#primaryimage","url":"https:\/\/www.pmpf.rs.gov.br\/educacao\/wp-content\/uploads\/sites\/43\/2023\/09\/da-escola-ao-campo.jpg","contentUrl":"https:\/\/www.pmpf.rs.gov.br\/educacao\/wp-content\/uploads\/sites\/43\/2023\/09\/da-escola-ao-campo.jpg","width":1600,"height":1066},{"@type":"WebSite","@id":"https:\/\/www.pmpf.rs.gov.br\/educacao\/#website","url":"https:\/\/www.pmpf.rs.gov.br\/educacao\/","name":"Secretaria de Educa\u00e7\u00e3o","description":"Secretaria de Educa\u00e7\u00e3o da cidade de Passo Fundo","potentialAction":[{"@type":"SearchAction","target":{"@type":"EntryPoint","urlTemplate":"https:\/\/www.pmpf.rs.gov.br\/educacao\/?s={search_term_string}"},"query-input":{"@type":"PropertyValueSpecification","valueRequired":true,"valueName":"search_term_string"}}],"inLanguage":"pt-BR"},{"@type":"Person","@id":"https:\/\/www.pmpf.rs.gov.br\/educacao\/#\/schema\/person\/30ee1d1bd74da1469b01fcf086e43351","name":"andressazorzetto07","image":{"@type":"ImageObject","inLanguage":"pt-BR","@id":"https:\/\/www.pmpf.rs.gov.br\/educacao\/#\/schema\/person\/image\/","url":"https:\/\/secure.gravatar.com\/avatar\/14c5458ed79dc81da99a13b9ff5f9f19?s=96&d=mm&r=g","contentUrl":"https:\/\/secure.gravatar.com\/avatar\/14c5458ed79dc81da99a13b9ff5f9f19?s=96&d=mm&r=g","caption":"andressazorzetto07"},"url":"https:\/\/www.pmpf.rs.gov.br\/educacao\/author\/andressazorzetto07\/"}]}},"_links":{"self":[{"href":"https:\/\/www.pmpf.rs.gov.br\/educacao\/wp-json\/wp\/v2\/posts\/9417"}],"collection":[{"href":"https:\/\/www.pmpf.rs.gov.br\/educacao\/wp-json\/wp\/v2\/posts"}],"about":[{"href":"https:\/\/www.pmpf.rs.gov.br\/educacao\/wp-json\/wp\/v2\/types\/post"}],"author":[{"embeddable":true,"href":"https:\/\/www.pmpf.rs.gov.br\/educacao\/wp-json\/wp\/v2\/users\/6"}],"replies":[{"embeddable":true,"href":"https:\/\/www.pmpf.rs.gov.br\/educacao\/wp-json\/wp\/v2\/comments?post=9417"}],"version-history":[{"count":1,"href":"https:\/\/www.pmpf.rs.gov.br\/educacao\/wp-json\/wp\/v2\/posts\/9417\/revisions"}],"predecessor-version":[{"id":9419,"href":"https:\/\/www.pmpf.rs.gov.br\/educacao\/wp-json\/wp\/v2\/posts\/9417\/revisions\/9419"}],"wp:featuredmedia":[{"embeddable":true,"href":"https:\/\/www.pmpf.rs.gov.br\/educacao\/wp-json\/wp\/v2\/media\/9418"}],"wp:attachment":[{"href":"https:\/\/www.pmpf.rs.gov.br\/educacao\/wp-json\/wp\/v2\/media?parent=9417"}],"wp:term":[{"taxonomy":"category","embeddable":true,"href":"https:\/\/www.pmpf.rs.gov.br\/educacao\/wp-json\/wp\/v2\/categories?post=9417"},{"taxonomy":"post_tag","embeddable":true,"href":"https:\/\/www.pmpf.rs.gov.br\/educacao\/wp-json\/wp\/v2\/tags?post=9417"}],"curies":[{"name":"wp","href":"https:\/\/api.w.org\/{rel}","templated":true}]}}