{"id":9407,"date":"2023-09-26T17:02:12","date_gmt":"2023-09-26T20:02:12","guid":{"rendered":"https:\/\/www.pmpf.rs.gov.br\/educacao\/?p=9407"},"modified":"2023-09-27T08:43:30","modified_gmt":"2023-09-27T11:43:30","slug":"olhar-de-crianca-programa-beneficia-mais-alunos-da-rede-municipal","status":"publish","type":"post","link":"https:\/\/www.pmpf.rs.gov.br\/educacao\/2023\/09\/26\/olhar-de-crianca-programa-beneficia-mais-alunos-da-rede-municipal\/","title":{"rendered":"Olhar de Crian\u00e7a: programa beneficia mais alunos da rede municipal"},"content":{"rendered":"\n<p><\/p>\n\n\n\n<p>Para prevenir poss\u00edveis problemas de vis\u00e3o, al\u00e9m de possibilitar melhor aprendizado para as crian\u00e7as, a Prefeitura de Passo Fundo realiza, desde 2014, o programa Olhar de Crian\u00e7a. A iniciativa atende crian\u00e7as entre 3 e 6 anos, matriculadas nas escolas da rede municipal de Educa\u00e7\u00e3o Infantil do munic\u00edpio.<br>Na tarde desta ter\u00e7a-feira (26) foi realizada a entrega simb\u00f3lica de \u00f3culos para crian\u00e7as da Escola Municipal de Educa\u00e7\u00e3o Infantil (EMEI) Margarida que participam do programa. As entregas para os demais alunos seguem sendo realizadas.<br>Conforme o vice-prefeito e secret\u00e1rio de Sa\u00fade, Jo\u00e3o Pedro Nunes, o projeto Olhar de Crian\u00e7a traz a melhoria no aprendizado das crian\u00e7as em sala de aula. \u201c\u00c9 essencial para a sa\u00fade ocular a identifica\u00e7\u00e3o logo cedo do d\u00e9ficit de acuidade visual, em virtude que, at\u00e9 os sete anos de idade, ainda \u00e9 poss\u00edvel a corre\u00e7\u00e3o da vis\u00e3o e, quando ocorre a interven\u00e7\u00e3o precoce do diagn\u00f3stico, as chances de corre\u00e7\u00e3o aumentam, sendo imprescind\u00edvel o cuidado. Enxergar com qualidade favorece cada vez mais a aprendizagem escolar\u201d, declara.<\/p>\n\n\n\n<p>O deputo federal Luciano Azevedo, criador do programa quando era prefeito de Passo Fundo, recebeu uma homenagem pela cria\u00e7\u00e3o do Olhar de Crian\u00e7a e relembou o in\u00edcio do projeto. \u201cEste \u00e9 um momento muito especial para as crian\u00e7as, que, a partir de hoje, enxergam melhor, podem ter melhor desempenho escolar, podem se sentir melhor. E eu fico porque esse foi o programa que a gente criou l\u00e1 atr\u00e1s, em 2014. Muita gente j\u00e1 foi atendida, muita gente j\u00e1 foi beneficiada e, agora, o prefeito Pedro est\u00e1 acelerando esse programa, fazendo mais entregas e atendendo mais crian\u00e7as\u201d, frisou.<\/p>\n\n\n\n<p>De acordo com o prefeito Pedro Almeida, o prop\u00f3sito do programa \u00e9 atender e cuidar da vis\u00e3o de crian\u00e7as matriculadas nas escolas da rede municipal de Educa\u00e7\u00e3o Infantil de Passo Fundo. \u201cEsta ideia \u00e9 simples e maravilhosa, pois faz um gesto importante para a educa\u00e7\u00e3o, para as fam\u00edlias, de incentivo. Quando a gente d\u00e1 um \u00f3culos para uma crian\u00e7a, tem um compromisso com a sua fam\u00edlia, est\u00e1 simbolicamente dizendo que vai conduzir ela para o melhor da educa\u00e7\u00e3o. O Olhar da Crian\u00e7a \u00e9 um programa que diz muito sobre o que a gente quer para o futuro da cidade. S\u00e3o as nossas crian\u00e7as, os nossos adolescentes, que ser\u00e3o o futuro da nossa cidade, e a gente espera que eles tenham sempre o melhor. Que a gente possa dar sequ\u00eancia a esse grande programa, que tem, inclusive, servido de exemplo para outras cidades do Estado. E a gente quer isso: que a boa pr\u00e1tica da pol\u00edtica possa ser copiada em outros lugares\u201d, enfatizou.<\/p>\n\n\n\n<p>Karina Queiroz \u00e9 m\u00e3e do Mathias, um dos alunos que receberam o \u00f3culos, e descreve a import\u00e2ncia do programa. \u201c\u00c9 muito importante a iniciativa da Prefeitura de ajudar nossas crian\u00e7as, porque a gente sabe que \u00e9 muito dif\u00edcil uma consulta com oftalmologista hoje, porque isso demora. N\u00e3o notei que meu filho tinha dificuldade para enxergar. Foi uma surpresa para mim e, se n\u00e3o fosse o programa, realmente iria demorar mais para ver sobre isso. De repente, s\u00f3 quando ele chegasse na escola fundamental\u201d, aponta Karina.<\/p>\n\n\n\n<p><strong>Sobre o programa<br><\/strong>O Olhar de Crian\u00e7a funciona em tr\u00eas diferentes etapas. Na primeira, a crian\u00e7a faz um teste de acuidade visual na escola. Se for detectado algum problema, um novo teste \u00e9 feito no Hospital de Olhos com uma consulta oftalmol\u00f3gica e, sendo necess\u00e1rio, a crian\u00e7a recebe os \u00f3culos de acordo com a sua necessidade, sem nenhum custo para as fam\u00edlias.<br>No ano de 2022, foram atendidas 18 escolas, onde foram realizados 1.445 testes de acuidade visual. A partir disso, foram 336 consultas oftalmol\u00f3gicas e 108 \u00f3culos confeccionados.<br>Neste ano, dez EMEIs realizaram o teste de acuidade visual em 770 alunos. Destes, 191 foram identificados precisando de consulta, que ser\u00e3o agendadas.<br>A rede municipal de Educa\u00e7\u00e3o Infantil de Passo Fundo atualmente possui 37 escolas e 4.391 alunos matriculados de acordo com o \u00faltimo censo da Secret\u00e1ria de Educa\u00e7\u00e3o.<\/p>\n","protected":false},"excerpt":{"rendered":"<p>Foco do trabalho \u00e9 melhorar o aprendizado das crian\u00e7as em sala de aula<\/p>\n","protected":false},"author":6,"featured_media":9408,"comment_status":"closed","ping_status":"closed","sticky":true,"template":"","format":"standard","meta":{"footnotes":""},"categories":[1],"tags":[],"class_list":["post-9407","post","type-post","status-publish","format-standard","has-post-thumbnail","hentry","category-sem-categoria"],"yoast_head":"<!-- This site is optimized with the Yoast SEO plugin v23.8 - https:\/\/yoast.com\/wordpress\/plugins\/seo\/ -->\n<title>Olhar de Crian\u00e7a: programa beneficia mais alunos da rede municipal - Secretaria de Educa\u00e7\u00e3o<\/title>\n<meta name=\"robots\" content=\"index, follow, max-snippet:-1, max-image-preview:large, max-video-preview:-1\" \/>\n<link rel=\"canonical\" href=\"https:\/\/www.pmpf.rs.gov.br\/educacao\/2023\/09\/26\/olhar-de-crianca-programa-beneficia-mais-alunos-da-rede-municipal\/\" \/>\n<meta property=\"og:locale\" content=\"pt_BR\" \/>\n<meta property=\"og:type\" content=\"article\" \/>\n<meta property=\"og:title\" content=\"Olhar de Crian\u00e7a: programa beneficia mais alunos da rede municipal - Secretaria de Educa\u00e7\u00e3o\" \/>\n<meta property=\"og:description\" content=\"Foco do trabalho \u00e9 melhorar o aprendizado das crian\u00e7as em sala de aula\" \/>\n<meta property=\"og:url\" content=\"https:\/\/www.pmpf.rs.gov.br\/educacao\/2023\/09\/26\/olhar-de-crianca-programa-beneficia-mais-alunos-da-rede-municipal\/\" \/>\n<meta property=\"og:site_name\" content=\"Secretaria de Educa\u00e7\u00e3o\" \/>\n<meta property=\"article:published_time\" content=\"2023-09-26T20:02:12+00:00\" \/>\n<meta property=\"article:modified_time\" content=\"2023-09-27T11:43:30+00:00\" \/>\n<meta property=\"og:image\" content=\"https:\/\/www.pmpf.rs.gov.br\/educacao\/wp-content\/uploads\/sites\/43\/2023\/09\/olhar-de-crianca-scaled-e1695758527678.jpg\" \/>\n\t<meta property=\"og:image:width\" content=\"1480\" \/>\n\t<meta property=\"og:image:height\" content=\"1143\" \/>\n\t<meta property=\"og:image:type\" content=\"image\/jpeg\" \/>\n<meta name=\"author\" content=\"andressazorzetto07\" \/>\n<meta name=\"twitter:card\" content=\"summary_large_image\" \/>\n<meta name=\"twitter:label1\" content=\"Escrito por\" \/>\n\t<meta name=\"twitter:data1\" content=\"andressazorzetto07\" \/>\n\t<meta name=\"twitter:label2\" content=\"Est. tempo de leitura\" \/>\n\t<meta name=\"twitter:data2\" content=\"3 minutos\" \/>\n<script type=\"application\/ld+json\" class=\"yoast-schema-graph\">{\"@context\":\"https:\/\/schema.org\",\"@graph\":[{\"@type\":\"WebPage\",\"@id\":\"https:\/\/www.pmpf.rs.gov.br\/educacao\/2023\/09\/26\/olhar-de-crianca-programa-beneficia-mais-alunos-da-rede-municipal\/\",\"url\":\"https:\/\/www.pmpf.rs.gov.br\/educacao\/2023\/09\/26\/olhar-de-crianca-programa-beneficia-mais-alunos-da-rede-municipal\/\",\"name\":\"Olhar de Crian\u00e7a: programa beneficia mais alunos da rede municipal - Secretaria de Educa\u00e7\u00e3o\",\"isPartOf\":{\"@id\":\"https:\/\/www.pmpf.rs.gov.br\/educacao\/#website\"},\"primaryImageOfPage\":{\"@id\":\"https:\/\/www.pmpf.rs.gov.br\/educacao\/2023\/09\/26\/olhar-de-crianca-programa-beneficia-mais-alunos-da-rede-municipal\/#primaryimage\"},\"image\":{\"@id\":\"https:\/\/www.pmpf.rs.gov.br\/educacao\/2023\/09\/26\/olhar-de-crianca-programa-beneficia-mais-alunos-da-rede-municipal\/#primaryimage\"},\"thumbnailUrl\":\"https:\/\/www.pmpf.rs.gov.br\/educacao\/wp-content\/uploads\/sites\/43\/2023\/09\/olhar-de-crianca-scaled-e1695758527678.jpg\",\"datePublished\":\"2023-09-26T20:02:12+00:00\",\"dateModified\":\"2023-09-27T11:43:30+00:00\",\"author\":{\"@id\":\"https:\/\/www.pmpf.rs.gov.br\/educacao\/#\/schema\/person\/30ee1d1bd74da1469b01fcf086e43351\"},\"inLanguage\":\"pt-BR\",\"potentialAction\":[{\"@type\":\"ReadAction\",\"target\":[\"https:\/\/www.pmpf.rs.gov.br\/educacao\/2023\/09\/26\/olhar-de-crianca-programa-beneficia-mais-alunos-da-rede-municipal\/\"]}]},{\"@type\":\"ImageObject\",\"inLanguage\":\"pt-BR\",\"@id\":\"https:\/\/www.pmpf.rs.gov.br\/educacao\/2023\/09\/26\/olhar-de-crianca-programa-beneficia-mais-alunos-da-rede-municipal\/#primaryimage\",\"url\":\"https:\/\/www.pmpf.rs.gov.br\/educacao\/wp-content\/uploads\/sites\/43\/2023\/09\/olhar-de-crianca-scaled-e1695758527678.jpg\",\"contentUrl\":\"https:\/\/www.pmpf.rs.gov.br\/educacao\/wp-content\/uploads\/sites\/43\/2023\/09\/olhar-de-crianca-scaled-e1695758527678.jpg\",\"width\":1480,\"height\":1143},{\"@type\":\"WebSite\",\"@id\":\"https:\/\/www.pmpf.rs.gov.br\/educacao\/#website\",\"url\":\"https:\/\/www.pmpf.rs.gov.br\/educacao\/\",\"name\":\"Secretaria de Educa\u00e7\u00e3o\",\"description\":\"Secretaria de Educa\u00e7\u00e3o da cidade de Passo Fundo\",\"potentialAction\":[{\"@type\":\"SearchAction\",\"target\":{\"@type\":\"EntryPoint\",\"urlTemplate\":\"https:\/\/www.pmpf.rs.gov.br\/educacao\/?s={search_term_string}\"},\"query-input\":{\"@type\":\"PropertyValueSpecification\",\"valueRequired\":true,\"valueName\":\"search_term_string\"}}],\"inLanguage\":\"pt-BR\"},{\"@type\":\"Person\",\"@id\":\"https:\/\/www.pmpf.rs.gov.br\/educacao\/#\/schema\/person\/30ee1d1bd74da1469b01fcf086e43351\",\"name\":\"andressazorzetto07\",\"image\":{\"@type\":\"ImageObject\",\"inLanguage\":\"pt-BR\",\"@id\":\"https:\/\/www.pmpf.rs.gov.br\/educacao\/#\/schema\/person\/image\/\",\"url\":\"https:\/\/secure.gravatar.com\/avatar\/14c5458ed79dc81da99a13b9ff5f9f19?s=96&d=mm&r=g\",\"contentUrl\":\"https:\/\/secure.gravatar.com\/avatar\/14c5458ed79dc81da99a13b9ff5f9f19?s=96&d=mm&r=g\",\"caption\":\"andressazorzetto07\"},\"url\":\"https:\/\/www.pmpf.rs.gov.br\/educacao\/author\/andressazorzetto07\/\"}]}<\/script>\n<!-- \/ Yoast SEO plugin. -->","yoast_head_json":{"title":"Olhar de Crian\u00e7a: programa beneficia mais alunos da rede municipal - Secretaria de Educa\u00e7\u00e3o","robots":{"index":"index","follow":"follow","max-snippet":"max-snippet:-1","max-image-preview":"max-image-preview:large","max-video-preview":"max-video-preview:-1"},"canonical":"https:\/\/www.pmpf.rs.gov.br\/educacao\/2023\/09\/26\/olhar-de-crianca-programa-beneficia-mais-alunos-da-rede-municipal\/","og_locale":"pt_BR","og_type":"article","og_title":"Olhar de Crian\u00e7a: programa beneficia mais alunos da rede municipal - Secretaria de Educa\u00e7\u00e3o","og_description":"Foco do trabalho \u00e9 melhorar o aprendizado das crian\u00e7as em sala de aula","og_url":"https:\/\/www.pmpf.rs.gov.br\/educacao\/2023\/09\/26\/olhar-de-crianca-programa-beneficia-mais-alunos-da-rede-municipal\/","og_site_name":"Secretaria de Educa\u00e7\u00e3o","article_published_time":"2023-09-26T20:02:12+00:00","article_modified_time":"2023-09-27T11:43:30+00:00","og_image":[{"width":1480,"height":1143,"url":"https:\/\/www.pmpf.rs.gov.br\/educacao\/wp-content\/uploads\/sites\/43\/2023\/09\/olhar-de-crianca-scaled-e1695758527678.jpg","type":"image\/jpeg"}],"author":"andressazorzetto07","twitter_card":"summary_large_image","twitter_misc":{"Escrito por":"andressazorzetto07","Est. tempo de leitura":"3 minutos"},"schema":{"@context":"https:\/\/schema.org","@graph":[{"@type":"WebPage","@id":"https:\/\/www.pmpf.rs.gov.br\/educacao\/2023\/09\/26\/olhar-de-crianca-programa-beneficia-mais-alunos-da-rede-municipal\/","url":"https:\/\/www.pmpf.rs.gov.br\/educacao\/2023\/09\/26\/olhar-de-crianca-programa-beneficia-mais-alunos-da-rede-municipal\/","name":"Olhar de Crian\u00e7a: programa beneficia mais alunos da rede municipal - Secretaria de Educa\u00e7\u00e3o","isPartOf":{"@id":"https:\/\/www.pmpf.rs.gov.br\/educacao\/#website"},"primaryImageOfPage":{"@id":"https:\/\/www.pmpf.rs.gov.br\/educacao\/2023\/09\/26\/olhar-de-crianca-programa-beneficia-mais-alunos-da-rede-municipal\/#primaryimage"},"image":{"@id":"https:\/\/www.pmpf.rs.gov.br\/educacao\/2023\/09\/26\/olhar-de-crianca-programa-beneficia-mais-alunos-da-rede-municipal\/#primaryimage"},"thumbnailUrl":"https:\/\/www.pmpf.rs.gov.br\/educacao\/wp-content\/uploads\/sites\/43\/2023\/09\/olhar-de-crianca-scaled-e1695758527678.jpg","datePublished":"2023-09-26T20:02:12+00:00","dateModified":"2023-09-27T11:43:30+00:00","author":{"@id":"https:\/\/www.pmpf.rs.gov.br\/educacao\/#\/schema\/person\/30ee1d1bd74da1469b01fcf086e43351"},"inLanguage":"pt-BR","potentialAction":[{"@type":"ReadAction","target":["https:\/\/www.pmpf.rs.gov.br\/educacao\/2023\/09\/26\/olhar-de-crianca-programa-beneficia-mais-alunos-da-rede-municipal\/"]}]},{"@type":"ImageObject","inLanguage":"pt-BR","@id":"https:\/\/www.pmpf.rs.gov.br\/educacao\/2023\/09\/26\/olhar-de-crianca-programa-beneficia-mais-alunos-da-rede-municipal\/#primaryimage","url":"https:\/\/www.pmpf.rs.gov.br\/educacao\/wp-content\/uploads\/sites\/43\/2023\/09\/olhar-de-crianca-scaled-e1695758527678.jpg","contentUrl":"https:\/\/www.pmpf.rs.gov.br\/educacao\/wp-content\/uploads\/sites\/43\/2023\/09\/olhar-de-crianca-scaled-e1695758527678.jpg","width":1480,"height":1143},{"@type":"WebSite","@id":"https:\/\/www.pmpf.rs.gov.br\/educacao\/#website","url":"https:\/\/www.pmpf.rs.gov.br\/educacao\/","name":"Secretaria de Educa\u00e7\u00e3o","description":"Secretaria de Educa\u00e7\u00e3o da cidade de Passo Fundo","potentialAction":[{"@type":"SearchAction","target":{"@type":"EntryPoint","urlTemplate":"https:\/\/www.pmpf.rs.gov.br\/educacao\/?s={search_term_string}"},"query-input":{"@type":"PropertyValueSpecification","valueRequired":true,"valueName":"search_term_string"}}],"inLanguage":"pt-BR"},{"@type":"Person","@id":"https:\/\/www.pmpf.rs.gov.br\/educacao\/#\/schema\/person\/30ee1d1bd74da1469b01fcf086e43351","name":"andressazorzetto07","image":{"@type":"ImageObject","inLanguage":"pt-BR","@id":"https:\/\/www.pmpf.rs.gov.br\/educacao\/#\/schema\/person\/image\/","url":"https:\/\/secure.gravatar.com\/avatar\/14c5458ed79dc81da99a13b9ff5f9f19?s=96&d=mm&r=g","contentUrl":"https:\/\/secure.gravatar.com\/avatar\/14c5458ed79dc81da99a13b9ff5f9f19?s=96&d=mm&r=g","caption":"andressazorzetto07"},"url":"https:\/\/www.pmpf.rs.gov.br\/educacao\/author\/andressazorzetto07\/"}]}},"_links":{"self":[{"href":"https:\/\/www.pmpf.rs.gov.br\/educacao\/wp-json\/wp\/v2\/posts\/9407"}],"collection":[{"href":"https:\/\/www.pmpf.rs.gov.br\/educacao\/wp-json\/wp\/v2\/posts"}],"about":[{"href":"https:\/\/www.pmpf.rs.gov.br\/educacao\/wp-json\/wp\/v2\/types\/post"}],"author":[{"embeddable":true,"href":"https:\/\/www.pmpf.rs.gov.br\/educacao\/wp-json\/wp\/v2\/users\/6"}],"replies":[{"embeddable":true,"href":"https:\/\/www.pmpf.rs.gov.br\/educacao\/wp-json\/wp\/v2\/comments?post=9407"}],"version-history":[{"count":2,"href":"https:\/\/www.pmpf.rs.gov.br\/educacao\/wp-json\/wp\/v2\/posts\/9407\/revisions"}],"predecessor-version":[{"id":9410,"href":"https:\/\/www.pmpf.rs.gov.br\/educacao\/wp-json\/wp\/v2\/posts\/9407\/revisions\/9410"}],"wp:featuredmedia":[{"embeddable":true,"href":"https:\/\/www.pmpf.rs.gov.br\/educacao\/wp-json\/wp\/v2\/media\/9408"}],"wp:attachment":[{"href":"https:\/\/www.pmpf.rs.gov.br\/educacao\/wp-json\/wp\/v2\/media?parent=9407"}],"wp:term":[{"taxonomy":"category","embeddable":true,"href":"https:\/\/www.pmpf.rs.gov.br\/educacao\/wp-json\/wp\/v2\/categories?post=9407"},{"taxonomy":"post_tag","embeddable":true,"href":"https:\/\/www.pmpf.rs.gov.br\/educacao\/wp-json\/wp\/v2\/tags?post=9407"}],"curies":[{"name":"wp","href":"https:\/\/api.w.org\/{rel}","templated":true}]}}