{"id":9398,"date":"2023-09-15T08:23:57","date_gmt":"2023-09-15T11:23:57","guid":{"rendered":"https:\/\/www.pmpf.rs.gov.br\/educacao\/?p=9398"},"modified":"2023-09-15T08:24:05","modified_gmt":"2023-09-15T11:24:05","slug":"passo-fundo-ocupa-3o-lugar-em-ranking-estadual-de-educacao","status":"publish","type":"post","link":"https:\/\/www.pmpf.rs.gov.br\/educacao\/2023\/09\/15\/passo-fundo-ocupa-3o-lugar-em-ranking-estadual-de-educacao\/","title":{"rendered":"Passo Fundo ocupa 3\u00ba lugar em ranking estadual de educa\u00e7\u00e3o"},"content":{"rendered":"\n<p><\/p>\n\n\n\n<p><\/p>\n\n\n\n<p>Os investimentos em tecnologia e na melhoria da infraestrutura das escolas, a qualifica\u00e7\u00e3o da rede e dos profissionais em educa\u00e7\u00e3o e a implementa\u00e7\u00e3o de ferramentas para a execu\u00e7\u00e3o de avalia\u00e7\u00f5es diagn\u00f3sticas peri\u00f3dicas, est\u00e3o entre os fatores que, segundo o secret\u00e1rio Municipal de Educa\u00e7\u00e3o, Adriano Canabarro Teixeira, garantiram ao munic\u00edpio o terceiro lugar no \u00cdndice Municipal de Educa\u00e7\u00e3o do RS (IMERS), um indicador estadual apresentado pelo Governo ga\u00facho na semana passada.<\/p>\n\n\n\n<p>De acordo com Teixeira, Passo Fundo ocupa, neste indicador, a terceira posi\u00e7\u00e3o entre os munic\u00edpios ga\u00fachos com mais de 140 mil habitantes. Organizado pelo Governo do Estado para mensurar o desempenho das cidades com base na avalia\u00e7\u00e3o das habilidades em Portugu\u00eas e Matem\u00e1tica dos alunos do 2\u00ba, 5\u00ba e 9\u00ba anos do Ensino Fundamental tanto da rede municipal quanto da estadual, o IMERS ter\u00e1 impactos sobre a distribui\u00e7\u00e3o do ICMS para a educa\u00e7\u00e3o. \u201cO bom resultado j\u00e1 reflete o trabalho feito na rede municipal de ensino, que leva em considera\u00e7\u00e3o o resultado das avalia\u00e7\u00f5es de larga escala em n\u00edvel nacional e estadual, al\u00e9m dos resultados da avalia\u00e7\u00e3o diagn\u00f3stica pr\u00f3pria que o Munic\u00edpio realiza desde 2021\u201d, explicou o secret\u00e1rio, observando que \u201ca an\u00e1lise destes dados, por escola, nos deu condi\u00e7\u00f5es de colocar em movimento uma estrat\u00e9gia de planejamento por escola com base no resultado destas avalia\u00e7\u00f5es\u201d.<\/p>\n\n\n\n<p>Obtido a partir da aplica\u00e7\u00e3o das provas do Sistema de Avalia\u00e7\u00e3o do Rendimento Escolar do Rio Grande do Sul (SAERS), o marcador ser\u00e1 adotado como crit\u00e9rio para a distribui\u00e7\u00e3o do ICMS aos munic\u00edpios tendo por base o desempenho na educa\u00e7\u00e3o. Com isso, as provas do SAERS ser\u00e3o aplicadas anualmente pela Seduc nos munic\u00edpios, o que permitir\u00e1 avaliar a evolu\u00e7\u00e3o dos indicadores. \u201cNeste ano, para al\u00e9m do trabalho espec\u00edfico por escola baseado nos resultados anteriores, estamos realizando uma campanha de incentivo \u00e0 realiza\u00e7\u00e3o das provas com professores e alunos. Todos temos que entender a import\u00e2ncia da realiza\u00e7\u00e3o da prova e da prepara\u00e7\u00e3o pr\u00e9via para ela\u201d, resumiu o secret\u00e1rio Municipal de Educa\u00e7\u00e3o.<\/p>\n","protected":false},"excerpt":{"rendered":"<p>Entre as cidades com mais de 140 mil habitantes, Munic\u00edpio obteve destaque em levantamento divulgado recentemente pelo Governo do Estado<\/p>\n","protected":false},"author":6,"featured_media":9399,"comment_status":"closed","ping_status":"closed","sticky":true,"template":"","format":"standard","meta":{"footnotes":""},"categories":[1],"tags":[],"class_list":["post-9398","post","type-post","status-publish","format-standard","has-post-thumbnail","hentry","category-sem-categoria"],"yoast_head":"<!-- This site is optimized with the Yoast SEO plugin v23.8 - https:\/\/yoast.com\/wordpress\/plugins\/seo\/ -->\n<title>Passo Fundo ocupa 3\u00ba lugar em ranking estadual de educa\u00e7\u00e3o - Secretaria de Educa\u00e7\u00e3o<\/title>\n<meta name=\"robots\" content=\"index, follow, max-snippet:-1, max-image-preview:large, max-video-preview:-1\" \/>\n<link rel=\"canonical\" href=\"https:\/\/www.pmpf.rs.gov.br\/educacao\/2023\/09\/15\/passo-fundo-ocupa-3o-lugar-em-ranking-estadual-de-educacao\/\" \/>\n<meta property=\"og:locale\" content=\"pt_BR\" \/>\n<meta property=\"og:type\" content=\"article\" \/>\n<meta property=\"og:title\" content=\"Passo Fundo ocupa 3\u00ba lugar em ranking estadual de educa\u00e7\u00e3o - Secretaria de Educa\u00e7\u00e3o\" \/>\n<meta property=\"og:description\" content=\"Entre as cidades com mais de 140 mil habitantes, Munic\u00edpio obteve destaque em levantamento divulgado recentemente pelo Governo do Estado\" \/>\n<meta property=\"og:url\" content=\"https:\/\/www.pmpf.rs.gov.br\/educacao\/2023\/09\/15\/passo-fundo-ocupa-3o-lugar-em-ranking-estadual-de-educacao\/\" \/>\n<meta property=\"og:site_name\" content=\"Secretaria de Educa\u00e7\u00e3o\" \/>\n<meta property=\"article:published_time\" content=\"2023-09-15T11:23:57+00:00\" \/>\n<meta property=\"article:modified_time\" content=\"2023-09-15T11:24:05+00:00\" \/>\n<meta name=\"author\" content=\"andressazorzetto07\" \/>\n<meta name=\"twitter:card\" content=\"summary_large_image\" \/>\n<meta name=\"twitter:label1\" content=\"Escrito por\" \/>\n\t<meta name=\"twitter:data1\" content=\"andressazorzetto07\" \/>\n\t<meta name=\"twitter:label2\" content=\"Est. tempo de leitura\" \/>\n\t<meta name=\"twitter:data2\" content=\"2 minutos\" \/>\n<script type=\"application\/ld+json\" class=\"yoast-schema-graph\">{\"@context\":\"https:\/\/schema.org\",\"@graph\":[{\"@type\":\"WebPage\",\"@id\":\"https:\/\/www.pmpf.rs.gov.br\/educacao\/2023\/09\/15\/passo-fundo-ocupa-3o-lugar-em-ranking-estadual-de-educacao\/\",\"url\":\"https:\/\/www.pmpf.rs.gov.br\/educacao\/2023\/09\/15\/passo-fundo-ocupa-3o-lugar-em-ranking-estadual-de-educacao\/\",\"name\":\"Passo Fundo ocupa 3\u00ba lugar em ranking estadual de educa\u00e7\u00e3o - Secretaria de Educa\u00e7\u00e3o\",\"isPartOf\":{\"@id\":\"https:\/\/www.pmpf.rs.gov.br\/educacao\/#website\"},\"primaryImageOfPage\":{\"@id\":\"https:\/\/www.pmpf.rs.gov.br\/educacao\/2023\/09\/15\/passo-fundo-ocupa-3o-lugar-em-ranking-estadual-de-educacao\/#primaryimage\"},\"image\":{\"@id\":\"https:\/\/www.pmpf.rs.gov.br\/educacao\/2023\/09\/15\/passo-fundo-ocupa-3o-lugar-em-ranking-estadual-de-educacao\/#primaryimage\"},\"thumbnailUrl\":\"https:\/\/www.pmpf.rs.gov.br\/educacao\/wp-content\/uploads\/sites\/43\/2023\/09\/educacaopf.jpg\",\"datePublished\":\"2023-09-15T11:23:57+00:00\",\"dateModified\":\"2023-09-15T11:24:05+00:00\",\"author\":{\"@id\":\"https:\/\/www.pmpf.rs.gov.br\/educacao\/#\/schema\/person\/30ee1d1bd74da1469b01fcf086e43351\"},\"inLanguage\":\"pt-BR\",\"potentialAction\":[{\"@type\":\"ReadAction\",\"target\":[\"https:\/\/www.pmpf.rs.gov.br\/educacao\/2023\/09\/15\/passo-fundo-ocupa-3o-lugar-em-ranking-estadual-de-educacao\/\"]}]},{\"@type\":\"ImageObject\",\"inLanguage\":\"pt-BR\",\"@id\":\"https:\/\/www.pmpf.rs.gov.br\/educacao\/2023\/09\/15\/passo-fundo-ocupa-3o-lugar-em-ranking-estadual-de-educacao\/#primaryimage\",\"url\":\"https:\/\/www.pmpf.rs.gov.br\/educacao\/wp-content\/uploads\/sites\/43\/2023\/09\/educacaopf.jpg\",\"contentUrl\":\"https:\/\/www.pmpf.rs.gov.br\/educacao\/wp-content\/uploads\/sites\/43\/2023\/09\/educacaopf.jpg\",\"width\":1600,\"height\":1066},{\"@type\":\"WebSite\",\"@id\":\"https:\/\/www.pmpf.rs.gov.br\/educacao\/#website\",\"url\":\"https:\/\/www.pmpf.rs.gov.br\/educacao\/\",\"name\":\"Secretaria de Educa\u00e7\u00e3o\",\"description\":\"Secretaria de Educa\u00e7\u00e3o da cidade de Passo Fundo\",\"potentialAction\":[{\"@type\":\"SearchAction\",\"target\":{\"@type\":\"EntryPoint\",\"urlTemplate\":\"https:\/\/www.pmpf.rs.gov.br\/educacao\/?s={search_term_string}\"},\"query-input\":{\"@type\":\"PropertyValueSpecification\",\"valueRequired\":true,\"valueName\":\"search_term_string\"}}],\"inLanguage\":\"pt-BR\"},{\"@type\":\"Person\",\"@id\":\"https:\/\/www.pmpf.rs.gov.br\/educacao\/#\/schema\/person\/30ee1d1bd74da1469b01fcf086e43351\",\"name\":\"andressazorzetto07\",\"image\":{\"@type\":\"ImageObject\",\"inLanguage\":\"pt-BR\",\"@id\":\"https:\/\/www.pmpf.rs.gov.br\/educacao\/#\/schema\/person\/image\/\",\"url\":\"https:\/\/secure.gravatar.com\/avatar\/14c5458ed79dc81da99a13b9ff5f9f19?s=96&d=mm&r=g\",\"contentUrl\":\"https:\/\/secure.gravatar.com\/avatar\/14c5458ed79dc81da99a13b9ff5f9f19?s=96&d=mm&r=g\",\"caption\":\"andressazorzetto07\"},\"url\":\"https:\/\/www.pmpf.rs.gov.br\/educacao\/author\/andressazorzetto07\/\"}]}<\/script>\n<!-- \/ Yoast SEO plugin. -->","yoast_head_json":{"title":"Passo Fundo ocupa 3\u00ba lugar em ranking estadual de educa\u00e7\u00e3o - Secretaria de Educa\u00e7\u00e3o","robots":{"index":"index","follow":"follow","max-snippet":"max-snippet:-1","max-image-preview":"max-image-preview:large","max-video-preview":"max-video-preview:-1"},"canonical":"https:\/\/www.pmpf.rs.gov.br\/educacao\/2023\/09\/15\/passo-fundo-ocupa-3o-lugar-em-ranking-estadual-de-educacao\/","og_locale":"pt_BR","og_type":"article","og_title":"Passo Fundo ocupa 3\u00ba lugar em ranking estadual de educa\u00e7\u00e3o - Secretaria de Educa\u00e7\u00e3o","og_description":"Entre as cidades com mais de 140 mil habitantes, Munic\u00edpio obteve destaque em levantamento divulgado recentemente pelo Governo do Estado","og_url":"https:\/\/www.pmpf.rs.gov.br\/educacao\/2023\/09\/15\/passo-fundo-ocupa-3o-lugar-em-ranking-estadual-de-educacao\/","og_site_name":"Secretaria de Educa\u00e7\u00e3o","article_published_time":"2023-09-15T11:23:57+00:00","article_modified_time":"2023-09-15T11:24:05+00:00","author":"andressazorzetto07","twitter_card":"summary_large_image","twitter_misc":{"Escrito por":"andressazorzetto07","Est. tempo de leitura":"2 minutos"},"schema":{"@context":"https:\/\/schema.org","@graph":[{"@type":"WebPage","@id":"https:\/\/www.pmpf.rs.gov.br\/educacao\/2023\/09\/15\/passo-fundo-ocupa-3o-lugar-em-ranking-estadual-de-educacao\/","url":"https:\/\/www.pmpf.rs.gov.br\/educacao\/2023\/09\/15\/passo-fundo-ocupa-3o-lugar-em-ranking-estadual-de-educacao\/","name":"Passo Fundo ocupa 3\u00ba lugar em ranking estadual de educa\u00e7\u00e3o - Secretaria de Educa\u00e7\u00e3o","isPartOf":{"@id":"https:\/\/www.pmpf.rs.gov.br\/educacao\/#website"},"primaryImageOfPage":{"@id":"https:\/\/www.pmpf.rs.gov.br\/educacao\/2023\/09\/15\/passo-fundo-ocupa-3o-lugar-em-ranking-estadual-de-educacao\/#primaryimage"},"image":{"@id":"https:\/\/www.pmpf.rs.gov.br\/educacao\/2023\/09\/15\/passo-fundo-ocupa-3o-lugar-em-ranking-estadual-de-educacao\/#primaryimage"},"thumbnailUrl":"https:\/\/www.pmpf.rs.gov.br\/educacao\/wp-content\/uploads\/sites\/43\/2023\/09\/educacaopf.jpg","datePublished":"2023-09-15T11:23:57+00:00","dateModified":"2023-09-15T11:24:05+00:00","author":{"@id":"https:\/\/www.pmpf.rs.gov.br\/educacao\/#\/schema\/person\/30ee1d1bd74da1469b01fcf086e43351"},"inLanguage":"pt-BR","potentialAction":[{"@type":"ReadAction","target":["https:\/\/www.pmpf.rs.gov.br\/educacao\/2023\/09\/15\/passo-fundo-ocupa-3o-lugar-em-ranking-estadual-de-educacao\/"]}]},{"@type":"ImageObject","inLanguage":"pt-BR","@id":"https:\/\/www.pmpf.rs.gov.br\/educacao\/2023\/09\/15\/passo-fundo-ocupa-3o-lugar-em-ranking-estadual-de-educacao\/#primaryimage","url":"https:\/\/www.pmpf.rs.gov.br\/educacao\/wp-content\/uploads\/sites\/43\/2023\/09\/educacaopf.jpg","contentUrl":"https:\/\/www.pmpf.rs.gov.br\/educacao\/wp-content\/uploads\/sites\/43\/2023\/09\/educacaopf.jpg","width":1600,"height":1066},{"@type":"WebSite","@id":"https:\/\/www.pmpf.rs.gov.br\/educacao\/#website","url":"https:\/\/www.pmpf.rs.gov.br\/educacao\/","name":"Secretaria de Educa\u00e7\u00e3o","description":"Secretaria de Educa\u00e7\u00e3o da cidade de Passo Fundo","potentialAction":[{"@type":"SearchAction","target":{"@type":"EntryPoint","urlTemplate":"https:\/\/www.pmpf.rs.gov.br\/educacao\/?s={search_term_string}"},"query-input":{"@type":"PropertyValueSpecification","valueRequired":true,"valueName":"search_term_string"}}],"inLanguage":"pt-BR"},{"@type":"Person","@id":"https:\/\/www.pmpf.rs.gov.br\/educacao\/#\/schema\/person\/30ee1d1bd74da1469b01fcf086e43351","name":"andressazorzetto07","image":{"@type":"ImageObject","inLanguage":"pt-BR","@id":"https:\/\/www.pmpf.rs.gov.br\/educacao\/#\/schema\/person\/image\/","url":"https:\/\/secure.gravatar.com\/avatar\/14c5458ed79dc81da99a13b9ff5f9f19?s=96&d=mm&r=g","contentUrl":"https:\/\/secure.gravatar.com\/avatar\/14c5458ed79dc81da99a13b9ff5f9f19?s=96&d=mm&r=g","caption":"andressazorzetto07"},"url":"https:\/\/www.pmpf.rs.gov.br\/educacao\/author\/andressazorzetto07\/"}]}},"_links":{"self":[{"href":"https:\/\/www.pmpf.rs.gov.br\/educacao\/wp-json\/wp\/v2\/posts\/9398"}],"collection":[{"href":"https:\/\/www.pmpf.rs.gov.br\/educacao\/wp-json\/wp\/v2\/posts"}],"about":[{"href":"https:\/\/www.pmpf.rs.gov.br\/educacao\/wp-json\/wp\/v2\/types\/post"}],"author":[{"embeddable":true,"href":"https:\/\/www.pmpf.rs.gov.br\/educacao\/wp-json\/wp\/v2\/users\/6"}],"replies":[{"embeddable":true,"href":"https:\/\/www.pmpf.rs.gov.br\/educacao\/wp-json\/wp\/v2\/comments?post=9398"}],"version-history":[{"count":1,"href":"https:\/\/www.pmpf.rs.gov.br\/educacao\/wp-json\/wp\/v2\/posts\/9398\/revisions"}],"predecessor-version":[{"id":9400,"href":"https:\/\/www.pmpf.rs.gov.br\/educacao\/wp-json\/wp\/v2\/posts\/9398\/revisions\/9400"}],"wp:featuredmedia":[{"embeddable":true,"href":"https:\/\/www.pmpf.rs.gov.br\/educacao\/wp-json\/wp\/v2\/media\/9399"}],"wp:attachment":[{"href":"https:\/\/www.pmpf.rs.gov.br\/educacao\/wp-json\/wp\/v2\/media?parent=9398"}],"wp:term":[{"taxonomy":"category","embeddable":true,"href":"https:\/\/www.pmpf.rs.gov.br\/educacao\/wp-json\/wp\/v2\/categories?post=9398"},{"taxonomy":"post_tag","embeddable":true,"href":"https:\/\/www.pmpf.rs.gov.br\/educacao\/wp-json\/wp\/v2\/tags?post=9398"}],"curies":[{"name":"wp","href":"https:\/\/api.w.org\/{rel}","templated":true}]}}