{"id":9395,"date":"2023-09-13T15:47:51","date_gmt":"2023-09-13T18:47:51","guid":{"rendered":"https:\/\/www.pmpf.rs.gov.br\/educacao\/?p=9395"},"modified":"2023-09-13T15:47:55","modified_gmt":"2023-09-13T18:47:55","slug":"prefeitura-de-passo-fundo-e-empreendedores-assinam-protocolos-de-intencoes-para-construcao-de-estruturas-educacionais-no-municipio","status":"publish","type":"post","link":"https:\/\/www.pmpf.rs.gov.br\/educacao\/2023\/09\/13\/prefeitura-de-passo-fundo-e-empreendedores-assinam-protocolos-de-intencoes-para-construcao-de-estruturas-educacionais-no-municipio\/","title":{"rendered":"Prefeitura de Passo Fundo e empreendedores assinam Protocolos de Inten\u00e7\u00f5es para constru\u00e7\u00e3o de estruturas educacionais no munic\u00edpio"},"content":{"rendered":"\n<p><\/p>\n\n\n\n<p><\/p>\n\n\n\n<p>O prefeito de Passo Fundo, Pedro Almeida, assinou, na manh\u00e3 desta quarta-feira (13), dois Protocolos de Inten\u00e7\u00f5es com um casal de empreendedores argentinos que viabilizar\u00e3o a constru\u00e7\u00e3o de duas novas estruturas educacionais no munic\u00edpio. De acordo com Pedro, as articula\u00e7\u00f5es entre a Prefeitura e os empres\u00e1rios Gerardo Luis Bartolome e Marcela Cecilia Grandolini iniciaram ainda em 2022, quando eles manifestaram interesse em retribuir o acolhimento e o carinho com que foram recebidos na cidade, h\u00e1 cerca de duas d\u00e9cadas. \u201cEles investiram economicamente no agroneg\u00f3cio, criando uma empresa de gen\u00e9tica de plantas. Acreditaram em Passo Fundo, obtiveram o retorno desejado e, agora, decidiram contribuir com o fortalecimento da nossa cidade\u201d, relatou o prefeito.<\/p>\n\n\n\n<p>A partir dos acordos assinados, Gerardo e Marcela comprometem-se a doar para o Munic\u00edpio de Passo Fundo dois equipamentos p\u00fablicos que ser\u00e3o constru\u00eddos em \u00e1reas previamente definidas pela Prefeitura, em comum acordo com os empres\u00e1rios. Um destes equipamentos ser\u00e1 executado na Vila Popular e ter\u00e1 como finalidade o acolhimento de crian\u00e7as e adolescentes vinculados aos trabalhadores e cooperados do projeto TransformA\u00e7\u00e3o.<\/p>\n\n\n\n<p>Neste local, explicou Pedro, funcionar\u00e1 um Centro de Atendimento Educacional e Social para este p\u00fablico, sob a coordena\u00e7\u00e3o e orienta\u00e7\u00e3o socioassistencial da Secretaria Municipal de Cidadania e Assist\u00eancia Social (SEMCAS). \u201cA \u00e1rea foi visitada pelo Gerardo e pela Marcela, que puderam conhecer a realidade daquela comunidade e entenderam a import\u00e2ncia deste investimento. Para a execu\u00e7\u00e3o desta obra, eles far\u00e3o a doa\u00e7\u00e3o dos terrenos e tamb\u00e9m da edifica\u00e7\u00e3o\u201d, observou o chefe do Executivo Municipal, comentando que o espa\u00e7o beneficiar\u00e1 cerca dezenas de fam\u00edlias.<\/p>\n\n\n\n<p>O segundo Protocolo de Inten\u00e7\u00e3o assinado entre a Prefeitura e os empres\u00e1rios viabilizar\u00e1 a edifica\u00e7\u00e3o de uma Escola Municipal de Educa\u00e7\u00e3o Infantil (EMEI) no bairro Nen\u00ea Graeff, similar ao projeto que o Munic\u00edpio est\u00e1 executando no bairro Valinhos. Conforme o prefeito, esta Escola ser\u00e1 a segunda em Passo Fundo a oferecer um atendimento em turno integral para crian\u00e7as de zero a seis anos. \u201cNeste Protocolo estamos estabelecendo que a Prefeitura entrar\u00e1 com o terreno para a escola e eles far\u00e3o o aporte dos recursos necess\u00e1rios para a edifica\u00e7\u00e3o. Ser\u00e1 uma obra importante para garantirmos a amplia\u00e7\u00e3o do n\u00famero de vagas na rede municipal de ensino, atendendo a uma grande regi\u00e3o de Passo Fundo\u201d, declarou Pedro.<\/p>\n\n\n\n<p>Com capacidade para atender 150 crian\u00e7as, a nova EMEI no bairro Nen\u00ea Graeff ter\u00e1 uma \u00e1rea constru\u00edda de 900m\u00b2, com duas salas de aulas para cada faixa et\u00e1ria, al\u00e9m de sagu\u00e3o, espa\u00e7o para atividades m\u00faltiplas, sala para os professores, sanit\u00e1rios (incluindo os com acessibilidade), refeit\u00f3rio, cozinha, lavanderia, espa\u00e7o administrativo, p\u00e1tio externo fechado, gramado e piso emborrachado para a instala\u00e7\u00e3o de brinquedos.<\/p>\n\n\n\n<p>O empres\u00e1rio Geraldo Luis Bartolome destacou que, no Brasil, a empresa internacional voltada \u00e0 gen\u00e9tica de plantas iniciou as atividades em Passo Fundo h\u00e1 20 anos, a partir de uma sociedade. Dessa forma, o investimento simboliza \u201cum agradecimento nosso \u00e0 sociedade brasileira, em particular, \u00e0 sociedade de Passo Fundo\u201d.<\/p>\n\n\n\n<p>Conforme a empres\u00e1ria Marcela Cecilia Grandolini, a a\u00e7\u00e3o integra um projeto chamado \u201cUm a Um com Amor\u201d, que ter\u00e1 outras iniciativas sociais e educacionais em outros munic\u00edpios. \u201cO conceito \u00e9 sermos capazes de transformar a realidade. Passo Fundo seria o nosso primeiro Um a Um com Amor no Brasil\u201d, enfatizou.<\/p>\n","protected":false},"excerpt":{"rendered":"<p>Acordos assinados nesta quarta-feira (13) entre o prefeito e os empres\u00e1rios Gerardo Luis Bartolome e Marcela Cecilia Grandolini garantem ao Munic\u00edpio a constru\u00e7\u00e3o de uma Escola Municipal de Educa\u00e7\u00e3o Infantil (EMEI), no bairro Nen\u00ea Graeff, e de um Centro de Atendimento Educacional e Social para acolhimento de crian\u00e7as vinculadas aos trabalhadores do projeto TransformA\u00e7\u00e3o, na Vila Popular<\/p>\n","protected":false},"author":6,"featured_media":9396,"comment_status":"closed","ping_status":"closed","sticky":true,"template":"","format":"standard","meta":{"footnotes":""},"categories":[1],"tags":[],"class_list":["post-9395","post","type-post","status-publish","format-standard","has-post-thumbnail","hentry","category-sem-categoria"],"yoast_head":"<!-- This site is optimized with the Yoast SEO plugin v23.8 - https:\/\/yoast.com\/wordpress\/plugins\/seo\/ -->\n<title>Prefeitura de Passo Fundo e empreendedores assinam Protocolos de Inten\u00e7\u00f5es para constru\u00e7\u00e3o de estruturas educacionais no munic\u00edpio - Secretaria de Educa\u00e7\u00e3o<\/title>\n<meta name=\"robots\" content=\"index, follow, max-snippet:-1, max-image-preview:large, max-video-preview:-1\" \/>\n<link rel=\"canonical\" href=\"https:\/\/www.pmpf.rs.gov.br\/educacao\/2023\/09\/13\/prefeitura-de-passo-fundo-e-empreendedores-assinam-protocolos-de-intencoes-para-construcao-de-estruturas-educacionais-no-municipio\/\" \/>\n<meta property=\"og:locale\" content=\"pt_BR\" \/>\n<meta property=\"og:type\" content=\"article\" \/>\n<meta property=\"og:title\" content=\"Prefeitura de Passo Fundo e empreendedores assinam Protocolos de Inten\u00e7\u00f5es para constru\u00e7\u00e3o de estruturas educacionais no munic\u00edpio - Secretaria de Educa\u00e7\u00e3o\" \/>\n<meta property=\"og:description\" content=\"Acordos assinados nesta quarta-feira (13) entre o prefeito e os empres\u00e1rios Gerardo Luis Bartolome e Marcela Cecilia Grandolini garantem ao Munic\u00edpio a constru\u00e7\u00e3o de uma Escola Municipal de Educa\u00e7\u00e3o Infantil (EMEI), no bairro Nen\u00ea Graeff, e de um Centro de Atendimento Educacional e Social para acolhimento de crian\u00e7as vinculadas aos trabalhadores do projeto TransformA\u00e7\u00e3o, na Vila Popular\" \/>\n<meta property=\"og:url\" content=\"https:\/\/www.pmpf.rs.gov.br\/educacao\/2023\/09\/13\/prefeitura-de-passo-fundo-e-empreendedores-assinam-protocolos-de-intencoes-para-construcao-de-estruturas-educacionais-no-municipio\/\" \/>\n<meta property=\"og:site_name\" content=\"Secretaria de Educa\u00e7\u00e3o\" \/>\n<meta property=\"article:published_time\" content=\"2023-09-13T18:47:51+00:00\" \/>\n<meta property=\"article:modified_time\" content=\"2023-09-13T18:47:55+00:00\" \/>\n<meta name=\"author\" content=\"andressazorzetto07\" \/>\n<meta name=\"twitter:card\" content=\"summary_large_image\" \/>\n<meta name=\"twitter:label1\" content=\"Escrito por\" \/>\n\t<meta name=\"twitter:data1\" content=\"andressazorzetto07\" \/>\n\t<meta name=\"twitter:label2\" content=\"Est. tempo de leitura\" \/>\n\t<meta name=\"twitter:data2\" content=\"3 minutos\" \/>\n<script type=\"application\/ld+json\" class=\"yoast-schema-graph\">{\"@context\":\"https:\/\/schema.org\",\"@graph\":[{\"@type\":\"WebPage\",\"@id\":\"https:\/\/www.pmpf.rs.gov.br\/educacao\/2023\/09\/13\/prefeitura-de-passo-fundo-e-empreendedores-assinam-protocolos-de-intencoes-para-construcao-de-estruturas-educacionais-no-municipio\/\",\"url\":\"https:\/\/www.pmpf.rs.gov.br\/educacao\/2023\/09\/13\/prefeitura-de-passo-fundo-e-empreendedores-assinam-protocolos-de-intencoes-para-construcao-de-estruturas-educacionais-no-municipio\/\",\"name\":\"Prefeitura de Passo Fundo e empreendedores assinam Protocolos de Inten\u00e7\u00f5es para constru\u00e7\u00e3o de estruturas educacionais no munic\u00edpio - Secretaria de Educa\u00e7\u00e3o\",\"isPartOf\":{\"@id\":\"https:\/\/www.pmpf.rs.gov.br\/educacao\/#website\"},\"primaryImageOfPage\":{\"@id\":\"https:\/\/www.pmpf.rs.gov.br\/educacao\/2023\/09\/13\/prefeitura-de-passo-fundo-e-empreendedores-assinam-protocolos-de-intencoes-para-construcao-de-estruturas-educacionais-no-municipio\/#primaryimage\"},\"image\":{\"@id\":\"https:\/\/www.pmpf.rs.gov.br\/educacao\/2023\/09\/13\/prefeitura-de-passo-fundo-e-empreendedores-assinam-protocolos-de-intencoes-para-construcao-de-estruturas-educacionais-no-municipio\/#primaryimage\"},\"thumbnailUrl\":\"https:\/\/www.pmpf.rs.gov.br\/educacao\/wp-content\/uploads\/sites\/43\/2023\/09\/escola-nene-graeff.jpg\",\"datePublished\":\"2023-09-13T18:47:51+00:00\",\"dateModified\":\"2023-09-13T18:47:55+00:00\",\"author\":{\"@id\":\"https:\/\/www.pmpf.rs.gov.br\/educacao\/#\/schema\/person\/30ee1d1bd74da1469b01fcf086e43351\"},\"inLanguage\":\"pt-BR\",\"potentialAction\":[{\"@type\":\"ReadAction\",\"target\":[\"https:\/\/www.pmpf.rs.gov.br\/educacao\/2023\/09\/13\/prefeitura-de-passo-fundo-e-empreendedores-assinam-protocolos-de-intencoes-para-construcao-de-estruturas-educacionais-no-municipio\/\"]}]},{\"@type\":\"ImageObject\",\"inLanguage\":\"pt-BR\",\"@id\":\"https:\/\/www.pmpf.rs.gov.br\/educacao\/2023\/09\/13\/prefeitura-de-passo-fundo-e-empreendedores-assinam-protocolos-de-intencoes-para-construcao-de-estruturas-educacionais-no-municipio\/#primaryimage\",\"url\":\"https:\/\/www.pmpf.rs.gov.br\/educacao\/wp-content\/uploads\/sites\/43\/2023\/09\/escola-nene-graeff.jpg\",\"contentUrl\":\"https:\/\/www.pmpf.rs.gov.br\/educacao\/wp-content\/uploads\/sites\/43\/2023\/09\/escola-nene-graeff.jpg\",\"width\":1600,\"height\":1066},{\"@type\":\"WebSite\",\"@id\":\"https:\/\/www.pmpf.rs.gov.br\/educacao\/#website\",\"url\":\"https:\/\/www.pmpf.rs.gov.br\/educacao\/\",\"name\":\"Secretaria de Educa\u00e7\u00e3o\",\"description\":\"Secretaria de Educa\u00e7\u00e3o da cidade de Passo Fundo\",\"potentialAction\":[{\"@type\":\"SearchAction\",\"target\":{\"@type\":\"EntryPoint\",\"urlTemplate\":\"https:\/\/www.pmpf.rs.gov.br\/educacao\/?s={search_term_string}\"},\"query-input\":{\"@type\":\"PropertyValueSpecification\",\"valueRequired\":true,\"valueName\":\"search_term_string\"}}],\"inLanguage\":\"pt-BR\"},{\"@type\":\"Person\",\"@id\":\"https:\/\/www.pmpf.rs.gov.br\/educacao\/#\/schema\/person\/30ee1d1bd74da1469b01fcf086e43351\",\"name\":\"andressazorzetto07\",\"image\":{\"@type\":\"ImageObject\",\"inLanguage\":\"pt-BR\",\"@id\":\"https:\/\/www.pmpf.rs.gov.br\/educacao\/#\/schema\/person\/image\/\",\"url\":\"https:\/\/secure.gravatar.com\/avatar\/14c5458ed79dc81da99a13b9ff5f9f19?s=96&d=mm&r=g\",\"contentUrl\":\"https:\/\/secure.gravatar.com\/avatar\/14c5458ed79dc81da99a13b9ff5f9f19?s=96&d=mm&r=g\",\"caption\":\"andressazorzetto07\"},\"url\":\"https:\/\/www.pmpf.rs.gov.br\/educacao\/author\/andressazorzetto07\/\"}]}<\/script>\n<!-- \/ Yoast SEO plugin. -->","yoast_head_json":{"title":"Prefeitura de Passo Fundo e empreendedores assinam Protocolos de Inten\u00e7\u00f5es para constru\u00e7\u00e3o de estruturas educacionais no munic\u00edpio - Secretaria de Educa\u00e7\u00e3o","robots":{"index":"index","follow":"follow","max-snippet":"max-snippet:-1","max-image-preview":"max-image-preview:large","max-video-preview":"max-video-preview:-1"},"canonical":"https:\/\/www.pmpf.rs.gov.br\/educacao\/2023\/09\/13\/prefeitura-de-passo-fundo-e-empreendedores-assinam-protocolos-de-intencoes-para-construcao-de-estruturas-educacionais-no-municipio\/","og_locale":"pt_BR","og_type":"article","og_title":"Prefeitura de Passo Fundo e empreendedores assinam Protocolos de Inten\u00e7\u00f5es para constru\u00e7\u00e3o de estruturas educacionais no munic\u00edpio - Secretaria de Educa\u00e7\u00e3o","og_description":"Acordos assinados nesta quarta-feira (13) entre o prefeito e os empres\u00e1rios Gerardo Luis Bartolome e Marcela Cecilia Grandolini garantem ao Munic\u00edpio a constru\u00e7\u00e3o de uma Escola Municipal de Educa\u00e7\u00e3o Infantil (EMEI), no bairro Nen\u00ea Graeff, e de um Centro de Atendimento Educacional e Social para acolhimento de crian\u00e7as vinculadas aos trabalhadores do projeto TransformA\u00e7\u00e3o, na Vila Popular","og_url":"https:\/\/www.pmpf.rs.gov.br\/educacao\/2023\/09\/13\/prefeitura-de-passo-fundo-e-empreendedores-assinam-protocolos-de-intencoes-para-construcao-de-estruturas-educacionais-no-municipio\/","og_site_name":"Secretaria de Educa\u00e7\u00e3o","article_published_time":"2023-09-13T18:47:51+00:00","article_modified_time":"2023-09-13T18:47:55+00:00","author":"andressazorzetto07","twitter_card":"summary_large_image","twitter_misc":{"Escrito por":"andressazorzetto07","Est. tempo de leitura":"3 minutos"},"schema":{"@context":"https:\/\/schema.org","@graph":[{"@type":"WebPage","@id":"https:\/\/www.pmpf.rs.gov.br\/educacao\/2023\/09\/13\/prefeitura-de-passo-fundo-e-empreendedores-assinam-protocolos-de-intencoes-para-construcao-de-estruturas-educacionais-no-municipio\/","url":"https:\/\/www.pmpf.rs.gov.br\/educacao\/2023\/09\/13\/prefeitura-de-passo-fundo-e-empreendedores-assinam-protocolos-de-intencoes-para-construcao-de-estruturas-educacionais-no-municipio\/","name":"Prefeitura de Passo Fundo e empreendedores assinam Protocolos de Inten\u00e7\u00f5es para constru\u00e7\u00e3o de estruturas educacionais no munic\u00edpio - Secretaria de Educa\u00e7\u00e3o","isPartOf":{"@id":"https:\/\/www.pmpf.rs.gov.br\/educacao\/#website"},"primaryImageOfPage":{"@id":"https:\/\/www.pmpf.rs.gov.br\/educacao\/2023\/09\/13\/prefeitura-de-passo-fundo-e-empreendedores-assinam-protocolos-de-intencoes-para-construcao-de-estruturas-educacionais-no-municipio\/#primaryimage"},"image":{"@id":"https:\/\/www.pmpf.rs.gov.br\/educacao\/2023\/09\/13\/prefeitura-de-passo-fundo-e-empreendedores-assinam-protocolos-de-intencoes-para-construcao-de-estruturas-educacionais-no-municipio\/#primaryimage"},"thumbnailUrl":"https:\/\/www.pmpf.rs.gov.br\/educacao\/wp-content\/uploads\/sites\/43\/2023\/09\/escola-nene-graeff.jpg","datePublished":"2023-09-13T18:47:51+00:00","dateModified":"2023-09-13T18:47:55+00:00","author":{"@id":"https:\/\/www.pmpf.rs.gov.br\/educacao\/#\/schema\/person\/30ee1d1bd74da1469b01fcf086e43351"},"inLanguage":"pt-BR","potentialAction":[{"@type":"ReadAction","target":["https:\/\/www.pmpf.rs.gov.br\/educacao\/2023\/09\/13\/prefeitura-de-passo-fundo-e-empreendedores-assinam-protocolos-de-intencoes-para-construcao-de-estruturas-educacionais-no-municipio\/"]}]},{"@type":"ImageObject","inLanguage":"pt-BR","@id":"https:\/\/www.pmpf.rs.gov.br\/educacao\/2023\/09\/13\/prefeitura-de-passo-fundo-e-empreendedores-assinam-protocolos-de-intencoes-para-construcao-de-estruturas-educacionais-no-municipio\/#primaryimage","url":"https:\/\/www.pmpf.rs.gov.br\/educacao\/wp-content\/uploads\/sites\/43\/2023\/09\/escola-nene-graeff.jpg","contentUrl":"https:\/\/www.pmpf.rs.gov.br\/educacao\/wp-content\/uploads\/sites\/43\/2023\/09\/escola-nene-graeff.jpg","width":1600,"height":1066},{"@type":"WebSite","@id":"https:\/\/www.pmpf.rs.gov.br\/educacao\/#website","url":"https:\/\/www.pmpf.rs.gov.br\/educacao\/","name":"Secretaria de Educa\u00e7\u00e3o","description":"Secretaria de Educa\u00e7\u00e3o da cidade de Passo Fundo","potentialAction":[{"@type":"SearchAction","target":{"@type":"EntryPoint","urlTemplate":"https:\/\/www.pmpf.rs.gov.br\/educacao\/?s={search_term_string}"},"query-input":{"@type":"PropertyValueSpecification","valueRequired":true,"valueName":"search_term_string"}}],"inLanguage":"pt-BR"},{"@type":"Person","@id":"https:\/\/www.pmpf.rs.gov.br\/educacao\/#\/schema\/person\/30ee1d1bd74da1469b01fcf086e43351","name":"andressazorzetto07","image":{"@type":"ImageObject","inLanguage":"pt-BR","@id":"https:\/\/www.pmpf.rs.gov.br\/educacao\/#\/schema\/person\/image\/","url":"https:\/\/secure.gravatar.com\/avatar\/14c5458ed79dc81da99a13b9ff5f9f19?s=96&d=mm&r=g","contentUrl":"https:\/\/secure.gravatar.com\/avatar\/14c5458ed79dc81da99a13b9ff5f9f19?s=96&d=mm&r=g","caption":"andressazorzetto07"},"url":"https:\/\/www.pmpf.rs.gov.br\/educacao\/author\/andressazorzetto07\/"}]}},"_links":{"self":[{"href":"https:\/\/www.pmpf.rs.gov.br\/educacao\/wp-json\/wp\/v2\/posts\/9395"}],"collection":[{"href":"https:\/\/www.pmpf.rs.gov.br\/educacao\/wp-json\/wp\/v2\/posts"}],"about":[{"href":"https:\/\/www.pmpf.rs.gov.br\/educacao\/wp-json\/wp\/v2\/types\/post"}],"author":[{"embeddable":true,"href":"https:\/\/www.pmpf.rs.gov.br\/educacao\/wp-json\/wp\/v2\/users\/6"}],"replies":[{"embeddable":true,"href":"https:\/\/www.pmpf.rs.gov.br\/educacao\/wp-json\/wp\/v2\/comments?post=9395"}],"version-history":[{"count":1,"href":"https:\/\/www.pmpf.rs.gov.br\/educacao\/wp-json\/wp\/v2\/posts\/9395\/revisions"}],"predecessor-version":[{"id":9397,"href":"https:\/\/www.pmpf.rs.gov.br\/educacao\/wp-json\/wp\/v2\/posts\/9395\/revisions\/9397"}],"wp:featuredmedia":[{"embeddable":true,"href":"https:\/\/www.pmpf.rs.gov.br\/educacao\/wp-json\/wp\/v2\/media\/9396"}],"wp:attachment":[{"href":"https:\/\/www.pmpf.rs.gov.br\/educacao\/wp-json\/wp\/v2\/media?parent=9395"}],"wp:term":[{"taxonomy":"category","embeddable":true,"href":"https:\/\/www.pmpf.rs.gov.br\/educacao\/wp-json\/wp\/v2\/categories?post=9395"},{"taxonomy":"post_tag","embeddable":true,"href":"https:\/\/www.pmpf.rs.gov.br\/educacao\/wp-json\/wp\/v2\/tags?post=9395"}],"curies":[{"name":"wp","href":"https:\/\/api.w.org\/{rel}","templated":true}]}}