{"id":9392,"date":"2023-09-12T16:08:03","date_gmt":"2023-09-12T19:08:03","guid":{"rendered":"https:\/\/www.pmpf.rs.gov.br\/educacao\/?p=9392"},"modified":"2023-09-12T16:12:00","modified_gmt":"2023-09-12T19:12:00","slug":"escola-das-profissoes-ja-empregou-mais-de-500-pessoas","status":"publish","type":"post","link":"https:\/\/www.pmpf.rs.gov.br\/educacao\/2023\/09\/12\/escola-das-profissoes-ja-empregou-mais-de-500-pessoas\/","title":{"rendered":"Escola das Profiss\u00f5es j\u00e1 empregou mais de 500 pessoas"},"content":{"rendered":"\n<p><\/p>\n\n\n\n<p>A Escola das Profiss\u00f5es foi criada pela Prefeitura com o objetivo de oferecer capacita\u00e7\u00e3o gratuita para a popula\u00e7\u00e3o e ampliar o acesso ao mercado de trabalho. O programa completou um ano em agosto com mais de 50 cursos realizados, 300 turmas formadas e 2 mil alunos diplomados. Ainda, empregou cerca de 500 pessoas.<\/p>\n\n\n\n<p>Foi com a Escola das Profiss\u00f5es que a Luisiani da Silva conseguiu se profissionalizar e, hoje, \u00e9 cuidadora de idosos. Logo no in\u00edcio do curso, ela passou a fazer est\u00e1gio, sendo, posteriormente, contratada na mesma institui\u00e7\u00e3o de longa perman\u00eancia. \u201cSempre digo que esta profiss\u00e3o foi Deus que escolheu pra mim. Eu cuidei do meu sogro e de uma senhora da igreja. Foi isso que me motivou, mas eu n\u00e3o tinha conhecimento. Ent\u00e3o, fiquei sabendo dos cursos da Escola das Profiss\u00f5es, me inscrevi e fiquei muito feliz por ter conseguido, pela &nbsp;pela Prefeitura dar este curso de cuidadora de idosos, porque eu n\u00e3o teria condi\u00e7\u00f5es de pagar. Gosto muito do meu servi\u00e7o\u201d, disse.<\/p>\n\n\n\n<p>Conforme o prefeito Pedro Almeida, a Escola das Profiss\u00f5es nasceu a partir de uma avalia\u00e7\u00e3o de outro programa municipal: o Caf\u00e9 com Emprego. No in\u00edcio dos eventos direcionados a conectar pessoas que estavam procurando trabalho \u00e0s empresas com vagas dispon\u00edveis, identificava-se que in\u00fameros postos abertos demandavam uma capacita\u00e7\u00e3o que o p\u00fablico n\u00e3o apresentava. \u201cEnt\u00e3o, tamb\u00e9m quer\u00edamos possibilitar que essas pessoas se preparassem e tivessem uma forma\u00e7\u00e3o t\u00e9cnica para ocupar essas vagas. Por isso, a Escola das Profiss\u00f5es \u00e9 mais uma a\u00e7\u00e3o da Prefeitura que gera oportunidades e facilita o acesso ao mercado de trabalho\u201d, afirmou.<\/p>\n\n\n\n<p>O programa tamb\u00e9m \u00e9 uma alternativa para quem quer progredir profissionalmente, como \u00e9 o caso do Cristian Born. Em 2022, ele fez o primeiro curso, de assistente de Recursos Humanos a fim de adquirir mais conhecimento e compet\u00eancias t\u00e9cnicas para aplicar na empresa em que j\u00e1 atua. \u201cFiquei sabendo dos cursos quando uma gestora da empresa colocou no grupo do WhatsApp. Nunca imaginei que eu faria algo ligado a Recursos Humanos, mas gostei muito e aprendi muitas coisas que posso aplicar na empresa. Al\u00e9m disso, fui incentivado pela pr\u00f3pria professora a fazer outros cursos. Sei que, conforme a empresa crescer, tamb\u00e9m poderei crescer aqui dentro\u201d, disse.<\/p>\n\n\n\n<p><\/p>\n\n\n\n<p><strong>3 eixos, que somam mais de 50 cursos<br><\/strong>A Escola das Profiss\u00f5es foi dividida em eixos, tendo em vista as demandas de qualifica\u00e7\u00e3o para atender \u00e0s exig\u00eancias do mercado de trabalho. Por isso, \u00e9 gerenciada entre as secretarias de Educa\u00e7\u00e3o e Desenvolvimento Econ\u00f4mico.<\/p>\n\n\n\n<p>O eixo 1 busca formar profissionais para o futuro e \u00e9 voltada para alunos da rede municipal. As atividades s\u00e3o desenvolvidas na sede da Escola das Profiss\u00f5es, que fica na Avenida Brasil, Centro, tendo a parceria da Google.<\/p>\n\n\n\n<p>\u201cSabemos poucas coisas sobre o futuro. Uma delas \u00e9 que teremos muitos problemas pra resolver. Por isso, o eixo 1 abrange idiomas, tecnologia das coisas, desenvolvimento de m\u00e9todos \u00e1geis e design de games\u201d, menciona o secret\u00e1rio de Educa\u00e7\u00e3o, Adriano Canabarro Teixeira.<\/p>\n\n\n\n<p>O eixo 2 contempla cerca de 40 cursos, nas \u00e1reas de Com\u00e9rcio e Servi\u00e7os, Educa\u00e7\u00e3o, Est\u00e9tica, Gastronomia, Sa\u00fade, Tecnologia e T\u00eaxtil. Este \u00e9 o eixo que re\u00fane a maioria dos alunos e, al\u00e9m de fomentar a inser\u00e7\u00e3o no mercado de trabalho, estimula o empreendedorismo.<\/p>\n\n\n\n<p>J\u00e1 o eixo 3 promove a capacita\u00e7\u00e3o de profissionais na \u00e1rea da ind\u00fastria, constru\u00e7\u00e3o civil e transporte. Em parceria com o Senai e o Sest Senat, chegar\u00e1 a 20 cursos disponibilizados. De acordo com o secret\u00e1rio de Desenvolvimento Econ\u00f4mico, Diorges de Oliveira, integram essas turmas profissionais, em sua maioria, j\u00e1 empregados, mas que querem se aperfei\u00e7oar com o suporte das empresas. \u201cA Escola das Profiss\u00f5es \u00e9 gratificante porque conseguimos ver os resultados e as pessoas empregadas. Olhamos para o presente e para o futuro\u201d, pontua.<\/p>\n","protected":false},"excerpt":{"rendered":"<p>O programa completou um ano em agosto com mais de 50 cursos realizados, 300 turmas formadas e 2 mil alunos diplomados<\/p>\n","protected":false},"author":6,"featured_media":9394,"comment_status":"closed","ping_status":"closed","sticky":true,"template":"","format":"standard","meta":{"footnotes":""},"categories":[1],"tags":[],"class_list":["post-9392","post","type-post","status-publish","format-standard","has-post-thumbnail","hentry","category-sem-categoria"],"yoast_head":"<!-- This site is optimized with the Yoast SEO plugin v23.8 - https:\/\/yoast.com\/wordpress\/plugins\/seo\/ -->\n<title>Escola das Profiss\u00f5es j\u00e1 empregou mais de 500 pessoas - Secretaria de Educa\u00e7\u00e3o<\/title>\n<meta name=\"robots\" content=\"index, follow, max-snippet:-1, max-image-preview:large, max-video-preview:-1\" \/>\n<link rel=\"canonical\" href=\"https:\/\/www.pmpf.rs.gov.br\/educacao\/2023\/09\/12\/escola-das-profissoes-ja-empregou-mais-de-500-pessoas\/\" \/>\n<meta property=\"og:locale\" content=\"pt_BR\" \/>\n<meta property=\"og:type\" content=\"article\" \/>\n<meta property=\"og:title\" content=\"Escola das Profiss\u00f5es j\u00e1 empregou mais de 500 pessoas - Secretaria de Educa\u00e7\u00e3o\" \/>\n<meta property=\"og:description\" content=\"O programa completou um ano em agosto com mais de 50 cursos realizados, 300 turmas formadas e 2 mil alunos diplomados\" \/>\n<meta property=\"og:url\" content=\"https:\/\/www.pmpf.rs.gov.br\/educacao\/2023\/09\/12\/escola-das-profissoes-ja-empregou-mais-de-500-pessoas\/\" \/>\n<meta property=\"og:site_name\" content=\"Secretaria de Educa\u00e7\u00e3o\" \/>\n<meta property=\"article:published_time\" content=\"2023-09-12T19:08:03+00:00\" \/>\n<meta property=\"article:modified_time\" content=\"2023-09-12T19:12:00+00:00\" \/>\n<meta name=\"author\" content=\"andressazorzetto07\" \/>\n<meta name=\"twitter:card\" content=\"summary_large_image\" \/>\n<meta name=\"twitter:label1\" content=\"Escrito por\" \/>\n\t<meta name=\"twitter:data1\" content=\"andressazorzetto07\" \/>\n\t<meta name=\"twitter:label2\" content=\"Est. tempo de leitura\" \/>\n\t<meta name=\"twitter:data2\" content=\"3 minutos\" \/>\n<script type=\"application\/ld+json\" class=\"yoast-schema-graph\">{\"@context\":\"https:\/\/schema.org\",\"@graph\":[{\"@type\":\"WebPage\",\"@id\":\"https:\/\/www.pmpf.rs.gov.br\/educacao\/2023\/09\/12\/escola-das-profissoes-ja-empregou-mais-de-500-pessoas\/\",\"url\":\"https:\/\/www.pmpf.rs.gov.br\/educacao\/2023\/09\/12\/escola-das-profissoes-ja-empregou-mais-de-500-pessoas\/\",\"name\":\"Escola das Profiss\u00f5es j\u00e1 empregou mais de 500 pessoas - Secretaria de Educa\u00e7\u00e3o\",\"isPartOf\":{\"@id\":\"https:\/\/www.pmpf.rs.gov.br\/educacao\/#website\"},\"primaryImageOfPage\":{\"@id\":\"https:\/\/www.pmpf.rs.gov.br\/educacao\/2023\/09\/12\/escola-das-profissoes-ja-empregou-mais-de-500-pessoas\/#primaryimage\"},\"image\":{\"@id\":\"https:\/\/www.pmpf.rs.gov.br\/educacao\/2023\/09\/12\/escola-das-profissoes-ja-empregou-mais-de-500-pessoas\/#primaryimage\"},\"thumbnailUrl\":\"https:\/\/www.pmpf.rs.gov.br\/educacao\/wp-content\/uploads\/sites\/43\/2023\/09\/MSF02053-scaled.jpg\",\"datePublished\":\"2023-09-12T19:08:03+00:00\",\"dateModified\":\"2023-09-12T19:12:00+00:00\",\"author\":{\"@id\":\"https:\/\/www.pmpf.rs.gov.br\/educacao\/#\/schema\/person\/30ee1d1bd74da1469b01fcf086e43351\"},\"inLanguage\":\"pt-BR\",\"potentialAction\":[{\"@type\":\"ReadAction\",\"target\":[\"https:\/\/www.pmpf.rs.gov.br\/educacao\/2023\/09\/12\/escola-das-profissoes-ja-empregou-mais-de-500-pessoas\/\"]}]},{\"@type\":\"ImageObject\",\"inLanguage\":\"pt-BR\",\"@id\":\"https:\/\/www.pmpf.rs.gov.br\/educacao\/2023\/09\/12\/escola-das-profissoes-ja-empregou-mais-de-500-pessoas\/#primaryimage\",\"url\":\"https:\/\/www.pmpf.rs.gov.br\/educacao\/wp-content\/uploads\/sites\/43\/2023\/09\/MSF02053-scaled.jpg\",\"contentUrl\":\"https:\/\/www.pmpf.rs.gov.br\/educacao\/wp-content\/uploads\/sites\/43\/2023\/09\/MSF02053-scaled.jpg\",\"width\":2560,\"height\":1707},{\"@type\":\"WebSite\",\"@id\":\"https:\/\/www.pmpf.rs.gov.br\/educacao\/#website\",\"url\":\"https:\/\/www.pmpf.rs.gov.br\/educacao\/\",\"name\":\"Secretaria de Educa\u00e7\u00e3o\",\"description\":\"Secretaria de Educa\u00e7\u00e3o da cidade de Passo Fundo\",\"potentialAction\":[{\"@type\":\"SearchAction\",\"target\":{\"@type\":\"EntryPoint\",\"urlTemplate\":\"https:\/\/www.pmpf.rs.gov.br\/educacao\/?s={search_term_string}\"},\"query-input\":{\"@type\":\"PropertyValueSpecification\",\"valueRequired\":true,\"valueName\":\"search_term_string\"}}],\"inLanguage\":\"pt-BR\"},{\"@type\":\"Person\",\"@id\":\"https:\/\/www.pmpf.rs.gov.br\/educacao\/#\/schema\/person\/30ee1d1bd74da1469b01fcf086e43351\",\"name\":\"andressazorzetto07\",\"image\":{\"@type\":\"ImageObject\",\"inLanguage\":\"pt-BR\",\"@id\":\"https:\/\/www.pmpf.rs.gov.br\/educacao\/#\/schema\/person\/image\/\",\"url\":\"https:\/\/secure.gravatar.com\/avatar\/14c5458ed79dc81da99a13b9ff5f9f19?s=96&d=mm&r=g\",\"contentUrl\":\"https:\/\/secure.gravatar.com\/avatar\/14c5458ed79dc81da99a13b9ff5f9f19?s=96&d=mm&r=g\",\"caption\":\"andressazorzetto07\"},\"url\":\"https:\/\/www.pmpf.rs.gov.br\/educacao\/author\/andressazorzetto07\/\"}]}<\/script>\n<!-- \/ Yoast SEO plugin. -->","yoast_head_json":{"title":"Escola das Profiss\u00f5es j\u00e1 empregou mais de 500 pessoas - Secretaria de Educa\u00e7\u00e3o","robots":{"index":"index","follow":"follow","max-snippet":"max-snippet:-1","max-image-preview":"max-image-preview:large","max-video-preview":"max-video-preview:-1"},"canonical":"https:\/\/www.pmpf.rs.gov.br\/educacao\/2023\/09\/12\/escola-das-profissoes-ja-empregou-mais-de-500-pessoas\/","og_locale":"pt_BR","og_type":"article","og_title":"Escola das Profiss\u00f5es j\u00e1 empregou mais de 500 pessoas - Secretaria de Educa\u00e7\u00e3o","og_description":"O programa completou um ano em agosto com mais de 50 cursos realizados, 300 turmas formadas e 2 mil alunos diplomados","og_url":"https:\/\/www.pmpf.rs.gov.br\/educacao\/2023\/09\/12\/escola-das-profissoes-ja-empregou-mais-de-500-pessoas\/","og_site_name":"Secretaria de Educa\u00e7\u00e3o","article_published_time":"2023-09-12T19:08:03+00:00","article_modified_time":"2023-09-12T19:12:00+00:00","author":"andressazorzetto07","twitter_card":"summary_large_image","twitter_misc":{"Escrito por":"andressazorzetto07","Est. tempo de leitura":"3 minutos"},"schema":{"@context":"https:\/\/schema.org","@graph":[{"@type":"WebPage","@id":"https:\/\/www.pmpf.rs.gov.br\/educacao\/2023\/09\/12\/escola-das-profissoes-ja-empregou-mais-de-500-pessoas\/","url":"https:\/\/www.pmpf.rs.gov.br\/educacao\/2023\/09\/12\/escola-das-profissoes-ja-empregou-mais-de-500-pessoas\/","name":"Escola das Profiss\u00f5es j\u00e1 empregou mais de 500 pessoas - Secretaria de Educa\u00e7\u00e3o","isPartOf":{"@id":"https:\/\/www.pmpf.rs.gov.br\/educacao\/#website"},"primaryImageOfPage":{"@id":"https:\/\/www.pmpf.rs.gov.br\/educacao\/2023\/09\/12\/escola-das-profissoes-ja-empregou-mais-de-500-pessoas\/#primaryimage"},"image":{"@id":"https:\/\/www.pmpf.rs.gov.br\/educacao\/2023\/09\/12\/escola-das-profissoes-ja-empregou-mais-de-500-pessoas\/#primaryimage"},"thumbnailUrl":"https:\/\/www.pmpf.rs.gov.br\/educacao\/wp-content\/uploads\/sites\/43\/2023\/09\/MSF02053-scaled.jpg","datePublished":"2023-09-12T19:08:03+00:00","dateModified":"2023-09-12T19:12:00+00:00","author":{"@id":"https:\/\/www.pmpf.rs.gov.br\/educacao\/#\/schema\/person\/30ee1d1bd74da1469b01fcf086e43351"},"inLanguage":"pt-BR","potentialAction":[{"@type":"ReadAction","target":["https:\/\/www.pmpf.rs.gov.br\/educacao\/2023\/09\/12\/escola-das-profissoes-ja-empregou-mais-de-500-pessoas\/"]}]},{"@type":"ImageObject","inLanguage":"pt-BR","@id":"https:\/\/www.pmpf.rs.gov.br\/educacao\/2023\/09\/12\/escola-das-profissoes-ja-empregou-mais-de-500-pessoas\/#primaryimage","url":"https:\/\/www.pmpf.rs.gov.br\/educacao\/wp-content\/uploads\/sites\/43\/2023\/09\/MSF02053-scaled.jpg","contentUrl":"https:\/\/www.pmpf.rs.gov.br\/educacao\/wp-content\/uploads\/sites\/43\/2023\/09\/MSF02053-scaled.jpg","width":2560,"height":1707},{"@type":"WebSite","@id":"https:\/\/www.pmpf.rs.gov.br\/educacao\/#website","url":"https:\/\/www.pmpf.rs.gov.br\/educacao\/","name":"Secretaria de Educa\u00e7\u00e3o","description":"Secretaria de Educa\u00e7\u00e3o da cidade de Passo Fundo","potentialAction":[{"@type":"SearchAction","target":{"@type":"EntryPoint","urlTemplate":"https:\/\/www.pmpf.rs.gov.br\/educacao\/?s={search_term_string}"},"query-input":{"@type":"PropertyValueSpecification","valueRequired":true,"valueName":"search_term_string"}}],"inLanguage":"pt-BR"},{"@type":"Person","@id":"https:\/\/www.pmpf.rs.gov.br\/educacao\/#\/schema\/person\/30ee1d1bd74da1469b01fcf086e43351","name":"andressazorzetto07","image":{"@type":"ImageObject","inLanguage":"pt-BR","@id":"https:\/\/www.pmpf.rs.gov.br\/educacao\/#\/schema\/person\/image\/","url":"https:\/\/secure.gravatar.com\/avatar\/14c5458ed79dc81da99a13b9ff5f9f19?s=96&d=mm&r=g","contentUrl":"https:\/\/secure.gravatar.com\/avatar\/14c5458ed79dc81da99a13b9ff5f9f19?s=96&d=mm&r=g","caption":"andressazorzetto07"},"url":"https:\/\/www.pmpf.rs.gov.br\/educacao\/author\/andressazorzetto07\/"}]}},"_links":{"self":[{"href":"https:\/\/www.pmpf.rs.gov.br\/educacao\/wp-json\/wp\/v2\/posts\/9392"}],"collection":[{"href":"https:\/\/www.pmpf.rs.gov.br\/educacao\/wp-json\/wp\/v2\/posts"}],"about":[{"href":"https:\/\/www.pmpf.rs.gov.br\/educacao\/wp-json\/wp\/v2\/types\/post"}],"author":[{"embeddable":true,"href":"https:\/\/www.pmpf.rs.gov.br\/educacao\/wp-json\/wp\/v2\/users\/6"}],"replies":[{"embeddable":true,"href":"https:\/\/www.pmpf.rs.gov.br\/educacao\/wp-json\/wp\/v2\/comments?post=9392"}],"version-history":[{"count":1,"href":"https:\/\/www.pmpf.rs.gov.br\/educacao\/wp-json\/wp\/v2\/posts\/9392\/revisions"}],"predecessor-version":[{"id":9393,"href":"https:\/\/www.pmpf.rs.gov.br\/educacao\/wp-json\/wp\/v2\/posts\/9392\/revisions\/9393"}],"wp:featuredmedia":[{"embeddable":true,"href":"https:\/\/www.pmpf.rs.gov.br\/educacao\/wp-json\/wp\/v2\/media\/9394"}],"wp:attachment":[{"href":"https:\/\/www.pmpf.rs.gov.br\/educacao\/wp-json\/wp\/v2\/media?parent=9392"}],"wp:term":[{"taxonomy":"category","embeddable":true,"href":"https:\/\/www.pmpf.rs.gov.br\/educacao\/wp-json\/wp\/v2\/categories?post=9392"},{"taxonomy":"post_tag","embeddable":true,"href":"https:\/\/www.pmpf.rs.gov.br\/educacao\/wp-json\/wp\/v2\/tags?post=9392"}],"curies":[{"name":"wp","href":"https:\/\/api.w.org\/{rel}","templated":true}]}}