{"id":9381,"date":"2023-09-01T14:42:37","date_gmt":"2023-09-01T17:42:37","guid":{"rendered":"https:\/\/www.pmpf.rs.gov.br\/educacao\/?p=9381"},"modified":"2023-09-06T10:15:01","modified_gmt":"2023-09-06T13:15:01","slug":"a-prefeitura-abrira-inscricoes-para-18-cursos-da-escola-das-profissoes","status":"publish","type":"post","link":"https:\/\/www.pmpf.rs.gov.br\/educacao\/2023\/09\/01\/a-prefeitura-abrira-inscricoes-para-18-cursos-da-escola-das-profissoes\/","title":{"rendered":"A Prefeitura abrir\u00e1 inscri\u00e7\u00f5es para 18 cursos da Escola das Profiss\u00f5es"},"content":{"rendered":"\n<p><\/p>\n\n\n\n<p>Quem busca qualifica\u00e7\u00e3o profissional ter\u00e1 uma nova oportunidade: nesta ter\u00e7a-feira (5), a Prefeitura abrir\u00e1 as inscri\u00e7\u00f5es para mais 18 cursos da Escola das Profiss\u00f5es. Ser\u00e3o mais 400 vagas para capacita\u00e7\u00e3o gratuita em diversas \u00e1reas.<\/p>\n\n\n\n<p>A iniciativa promove a qualifica\u00e7\u00e3o profissional e contribui com a inser\u00e7\u00e3o dos passo-fundenses no mercado de trabalho. No \u00faltimo trimestre, a Escola das Profiss\u00f5es empregou e qualificou mais de 500 alunos.<\/p>\n\n\n\n<p>O prefeito Pedro Almeida destacou que em um ano de atividades, a Prefeitura abriu 309 turmas, em 40 cursos diferentes. Mais de 8 mil pessoas se inscreveram. \u201cA Escola das Profiss\u00f5es \u00e9 mais uma a\u00e7\u00e3o da Prefeitura para dar oportunidade \u00e0s pessoas. A partir da qualifica\u00e7\u00e3o, elas estar\u00e3o mais preparadas para garantir uma vaga no mercado de trabalho ou iniciar o seu pr\u00f3prio neg\u00f3cio\u201d, afirmou.<\/p>\n\n\n\n<p>As <a href=\"https:\/\/sites.google.com\/edu.pmpf.rs.gov.br\/escoladasprofissoes\/inscri%C3%A7%C3%B5es\">inscri\u00e7\u00f5es poder\u00e3o ser feitas at\u00e9 o dia 10 de setembro pela internet.<\/a> As vagas ser\u00e3o direcionadas, preferencialmente, para pessoas acima de 18 anos de idade que completaram ou estejam cursando o Ensino M\u00e9dio. Ter\u00e3o prioridade para a sele\u00e7\u00e3o, gestantes e m\u00e3es acompanhadas pelo programa Meu Beb\u00ea, Meu Tesouro, imigrantes, pessoas com defici\u00eancia, benefici\u00e1rios do Cad\u00danico e participantes do programa Caf\u00e9 com Emprego, que dever\u00e3o fazer a comprova\u00e7\u00e3o assim que forem selecionados, presencialmente, na sede da Escola das Profiss\u00f5es.<\/p>\n\n\n\n<p>De acordo com a coordena\u00e7\u00e3o da Escola das Profiss\u00f5es, \u00e9 fundamental que o candidato verifique antes de realizar a inscri\u00e7\u00e3o as datas de in\u00edcios e de t\u00e9rmino dos cursos e tamb\u00e9m o hor\u00e1rio em que o mesmo acontecer\u00e1, para evitar desist\u00eancia e permitir que sejam selecionadas as pessoas que t\u00eam possibilidade de acompanhar as aulas.<\/p>\n\n\n\n<p>Os cursos s\u00e3o divididos em tr\u00eas eixos: o primeiro \u00e9 voltado para a forma\u00e7\u00e3o de profissionais do futuro; o segundo para com\u00e9rcio e servi\u00e7os; e o terceiro para a ind\u00fastria e transporte.<\/p>\n\n\n\n<p><\/p>\n\n\n\n<p><strong>Cursos<br><\/strong>Cuidador de idosos \/ manh\u00e3<br>Barbearia \/ manh\u00e3<br>B\u00e1sico para padeiro \/ manh\u00e3<br>Cabeleireiro I corte \/ tarde<br>Cabeleireiro II procedimentos e qu\u00edmica \/ tarde<br>Hotelaria \/ tarde<br>Recepcionista \/ tarde<br>Assistente administrativo \/ noite<br>Assistente de Recursos Humanos \/ noite<br>Inform\u00e1tica b\u00e1sica \/ noite<br>Edi\u00e7\u00e3o de textos \/ noite<br>Elabora\u00e7\u00e3o de apresenta\u00e7\u00f5es \/ noite<br>Elabora\u00e7\u00e3o de planilhas \/ noite<br>Mandarim \/ noite<br>Atendente de farm\u00e1cia \/ noite<br>Ingl\u00eas \/ noite<br>Ingl\u00eas II \/ noite<br>Portugu\u00eas para estrangeiros \/ noite<\/p>\n\n\n\n<p><\/p>\n\n\n\n<p><strong>Cronograma<br><\/strong>Inscri\u00e7\u00f5es<br>05 a 10 de setembro<br><a href=\"https:\/\/sites.google.com\/edu.pmpf.rs.gov.br\/escoladasprofissoes\/inscri%C3%A7%C3%B5es\">Fa\u00e7a aqui a sua inscri\u00e7\u00e3o<\/a><\/p>\n\n\n\n<p>Sele\u00e7\u00e3o e divulga\u00e7\u00e3o dos selecionados<br>11 e 13 de setembro<br>A Escola das Profiss\u00f5es entrar\u00e1 em contato via WhatsApp<\/p>\n\n\n\n<p>Comprova\u00e7\u00e3o dos documentos e matr\u00edcula<br>12 e 13 de setembro<br>Presencialmente, na sede da Escola das Profiss\u00f5es<br>Av. Brasil Leste, 839, nas proximidades do Bourbon<\/p>\n\n\n\n<p>In\u00edcio das aulas<br>14 de setembro de 2023<\/p>\n\n\n\n<p>Foto: Michel Sanderi<\/p>\n","protected":false},"excerpt":{"rendered":"<p>Ser\u00e3o mais 400 vagas para capacita\u00e7\u00e3o gratuita em diversas \u00e1reas<\/p>\n","protected":false},"author":6,"featured_media":9382,"comment_status":"closed","ping_status":"closed","sticky":true,"template":"","format":"standard","meta":{"footnotes":""},"categories":[1],"tags":[],"class_list":["post-9381","post","type-post","status-publish","format-standard","has-post-thumbnail","hentry","category-sem-categoria"],"yoast_head":"<!-- This site is optimized with the Yoast SEO plugin v23.8 - https:\/\/yoast.com\/wordpress\/plugins\/seo\/ -->\n<title>A Prefeitura abrir\u00e1 inscri\u00e7\u00f5es para 18 cursos da Escola das Profiss\u00f5es - Secretaria de Educa\u00e7\u00e3o<\/title>\n<meta name=\"robots\" content=\"index, follow, max-snippet:-1, max-image-preview:large, max-video-preview:-1\" \/>\n<link rel=\"canonical\" href=\"https:\/\/www.pmpf.rs.gov.br\/educacao\/2023\/09\/01\/a-prefeitura-abrira-inscricoes-para-18-cursos-da-escola-das-profissoes\/\" \/>\n<meta property=\"og:locale\" content=\"pt_BR\" \/>\n<meta property=\"og:type\" content=\"article\" \/>\n<meta property=\"og:title\" content=\"A Prefeitura abrir\u00e1 inscri\u00e7\u00f5es para 18 cursos da Escola das Profiss\u00f5es - Secretaria de Educa\u00e7\u00e3o\" \/>\n<meta property=\"og:description\" content=\"Ser\u00e3o mais 400 vagas para capacita\u00e7\u00e3o gratuita em diversas \u00e1reas\" \/>\n<meta property=\"og:url\" content=\"https:\/\/www.pmpf.rs.gov.br\/educacao\/2023\/09\/01\/a-prefeitura-abrira-inscricoes-para-18-cursos-da-escola-das-profissoes\/\" \/>\n<meta property=\"og:site_name\" content=\"Secretaria de Educa\u00e7\u00e3o\" \/>\n<meta property=\"article:published_time\" content=\"2023-09-01T17:42:37+00:00\" \/>\n<meta property=\"article:modified_time\" content=\"2023-09-06T13:15:01+00:00\" \/>\n<meta property=\"og:image\" content=\"https:\/\/www.pmpf.rs.gov.br\/educacao\/wp-content\/uploads\/sites\/43\/2023\/09\/MSF03302-scaled.jpg\" \/>\n\t<meta property=\"og:image:width\" content=\"2560\" \/>\n\t<meta property=\"og:image:height\" content=\"1707\" \/>\n\t<meta property=\"og:image:type\" content=\"image\/jpeg\" \/>\n<meta name=\"author\" content=\"andressazorzetto07\" \/>\n<meta name=\"twitter:card\" content=\"summary_large_image\" \/>\n<meta name=\"twitter:label1\" content=\"Escrito por\" \/>\n\t<meta name=\"twitter:data1\" content=\"andressazorzetto07\" \/>\n\t<meta name=\"twitter:label2\" content=\"Est. tempo de leitura\" \/>\n\t<meta name=\"twitter:data2\" content=\"2 minutos\" \/>\n<script type=\"application\/ld+json\" class=\"yoast-schema-graph\">{\"@context\":\"https:\/\/schema.org\",\"@graph\":[{\"@type\":\"WebPage\",\"@id\":\"https:\/\/www.pmpf.rs.gov.br\/educacao\/2023\/09\/01\/a-prefeitura-abrira-inscricoes-para-18-cursos-da-escola-das-profissoes\/\",\"url\":\"https:\/\/www.pmpf.rs.gov.br\/educacao\/2023\/09\/01\/a-prefeitura-abrira-inscricoes-para-18-cursos-da-escola-das-profissoes\/\",\"name\":\"A Prefeitura abrir\u00e1 inscri\u00e7\u00f5es para 18 cursos da Escola das Profiss\u00f5es - Secretaria de Educa\u00e7\u00e3o\",\"isPartOf\":{\"@id\":\"https:\/\/www.pmpf.rs.gov.br\/educacao\/#website\"},\"primaryImageOfPage\":{\"@id\":\"https:\/\/www.pmpf.rs.gov.br\/educacao\/2023\/09\/01\/a-prefeitura-abrira-inscricoes-para-18-cursos-da-escola-das-profissoes\/#primaryimage\"},\"image\":{\"@id\":\"https:\/\/www.pmpf.rs.gov.br\/educacao\/2023\/09\/01\/a-prefeitura-abrira-inscricoes-para-18-cursos-da-escola-das-profissoes\/#primaryimage\"},\"thumbnailUrl\":\"https:\/\/www.pmpf.rs.gov.br\/educacao\/wp-content\/uploads\/sites\/43\/2023\/09\/MSF03302-scaled.jpg\",\"datePublished\":\"2023-09-01T17:42:37+00:00\",\"dateModified\":\"2023-09-06T13:15:01+00:00\",\"author\":{\"@id\":\"https:\/\/www.pmpf.rs.gov.br\/educacao\/#\/schema\/person\/30ee1d1bd74da1469b01fcf086e43351\"},\"inLanguage\":\"pt-BR\",\"potentialAction\":[{\"@type\":\"ReadAction\",\"target\":[\"https:\/\/www.pmpf.rs.gov.br\/educacao\/2023\/09\/01\/a-prefeitura-abrira-inscricoes-para-18-cursos-da-escola-das-profissoes\/\"]}]},{\"@type\":\"ImageObject\",\"inLanguage\":\"pt-BR\",\"@id\":\"https:\/\/www.pmpf.rs.gov.br\/educacao\/2023\/09\/01\/a-prefeitura-abrira-inscricoes-para-18-cursos-da-escola-das-profissoes\/#primaryimage\",\"url\":\"https:\/\/www.pmpf.rs.gov.br\/educacao\/wp-content\/uploads\/sites\/43\/2023\/09\/MSF03302-scaled.jpg\",\"contentUrl\":\"https:\/\/www.pmpf.rs.gov.br\/educacao\/wp-content\/uploads\/sites\/43\/2023\/09\/MSF03302-scaled.jpg\",\"width\":2560,\"height\":1707},{\"@type\":\"WebSite\",\"@id\":\"https:\/\/www.pmpf.rs.gov.br\/educacao\/#website\",\"url\":\"https:\/\/www.pmpf.rs.gov.br\/educacao\/\",\"name\":\"Secretaria de Educa\u00e7\u00e3o\",\"description\":\"Secretaria de Educa\u00e7\u00e3o da cidade de Passo Fundo\",\"potentialAction\":[{\"@type\":\"SearchAction\",\"target\":{\"@type\":\"EntryPoint\",\"urlTemplate\":\"https:\/\/www.pmpf.rs.gov.br\/educacao\/?s={search_term_string}\"},\"query-input\":{\"@type\":\"PropertyValueSpecification\",\"valueRequired\":true,\"valueName\":\"search_term_string\"}}],\"inLanguage\":\"pt-BR\"},{\"@type\":\"Person\",\"@id\":\"https:\/\/www.pmpf.rs.gov.br\/educacao\/#\/schema\/person\/30ee1d1bd74da1469b01fcf086e43351\",\"name\":\"andressazorzetto07\",\"image\":{\"@type\":\"ImageObject\",\"inLanguage\":\"pt-BR\",\"@id\":\"https:\/\/www.pmpf.rs.gov.br\/educacao\/#\/schema\/person\/image\/\",\"url\":\"https:\/\/secure.gravatar.com\/avatar\/14c5458ed79dc81da99a13b9ff5f9f19?s=96&d=mm&r=g\",\"contentUrl\":\"https:\/\/secure.gravatar.com\/avatar\/14c5458ed79dc81da99a13b9ff5f9f19?s=96&d=mm&r=g\",\"caption\":\"andressazorzetto07\"},\"url\":\"https:\/\/www.pmpf.rs.gov.br\/educacao\/author\/andressazorzetto07\/\"}]}<\/script>\n<!-- \/ Yoast SEO plugin. -->","yoast_head_json":{"title":"A Prefeitura abrir\u00e1 inscri\u00e7\u00f5es para 18 cursos da Escola das Profiss\u00f5es - Secretaria de Educa\u00e7\u00e3o","robots":{"index":"index","follow":"follow","max-snippet":"max-snippet:-1","max-image-preview":"max-image-preview:large","max-video-preview":"max-video-preview:-1"},"canonical":"https:\/\/www.pmpf.rs.gov.br\/educacao\/2023\/09\/01\/a-prefeitura-abrira-inscricoes-para-18-cursos-da-escola-das-profissoes\/","og_locale":"pt_BR","og_type":"article","og_title":"A Prefeitura abrir\u00e1 inscri\u00e7\u00f5es para 18 cursos da Escola das Profiss\u00f5es - Secretaria de Educa\u00e7\u00e3o","og_description":"Ser\u00e3o mais 400 vagas para capacita\u00e7\u00e3o gratuita em diversas \u00e1reas","og_url":"https:\/\/www.pmpf.rs.gov.br\/educacao\/2023\/09\/01\/a-prefeitura-abrira-inscricoes-para-18-cursos-da-escola-das-profissoes\/","og_site_name":"Secretaria de Educa\u00e7\u00e3o","article_published_time":"2023-09-01T17:42:37+00:00","article_modified_time":"2023-09-06T13:15:01+00:00","og_image":[{"width":2560,"height":1707,"url":"https:\/\/www.pmpf.rs.gov.br\/educacao\/wp-content\/uploads\/sites\/43\/2023\/09\/MSF03302-scaled.jpg","type":"image\/jpeg"}],"author":"andressazorzetto07","twitter_card":"summary_large_image","twitter_misc":{"Escrito por":"andressazorzetto07","Est. tempo de leitura":"2 minutos"},"schema":{"@context":"https:\/\/schema.org","@graph":[{"@type":"WebPage","@id":"https:\/\/www.pmpf.rs.gov.br\/educacao\/2023\/09\/01\/a-prefeitura-abrira-inscricoes-para-18-cursos-da-escola-das-profissoes\/","url":"https:\/\/www.pmpf.rs.gov.br\/educacao\/2023\/09\/01\/a-prefeitura-abrira-inscricoes-para-18-cursos-da-escola-das-profissoes\/","name":"A Prefeitura abrir\u00e1 inscri\u00e7\u00f5es para 18 cursos da Escola das Profiss\u00f5es - Secretaria de Educa\u00e7\u00e3o","isPartOf":{"@id":"https:\/\/www.pmpf.rs.gov.br\/educacao\/#website"},"primaryImageOfPage":{"@id":"https:\/\/www.pmpf.rs.gov.br\/educacao\/2023\/09\/01\/a-prefeitura-abrira-inscricoes-para-18-cursos-da-escola-das-profissoes\/#primaryimage"},"image":{"@id":"https:\/\/www.pmpf.rs.gov.br\/educacao\/2023\/09\/01\/a-prefeitura-abrira-inscricoes-para-18-cursos-da-escola-das-profissoes\/#primaryimage"},"thumbnailUrl":"https:\/\/www.pmpf.rs.gov.br\/educacao\/wp-content\/uploads\/sites\/43\/2023\/09\/MSF03302-scaled.jpg","datePublished":"2023-09-01T17:42:37+00:00","dateModified":"2023-09-06T13:15:01+00:00","author":{"@id":"https:\/\/www.pmpf.rs.gov.br\/educacao\/#\/schema\/person\/30ee1d1bd74da1469b01fcf086e43351"},"inLanguage":"pt-BR","potentialAction":[{"@type":"ReadAction","target":["https:\/\/www.pmpf.rs.gov.br\/educacao\/2023\/09\/01\/a-prefeitura-abrira-inscricoes-para-18-cursos-da-escola-das-profissoes\/"]}]},{"@type":"ImageObject","inLanguage":"pt-BR","@id":"https:\/\/www.pmpf.rs.gov.br\/educacao\/2023\/09\/01\/a-prefeitura-abrira-inscricoes-para-18-cursos-da-escola-das-profissoes\/#primaryimage","url":"https:\/\/www.pmpf.rs.gov.br\/educacao\/wp-content\/uploads\/sites\/43\/2023\/09\/MSF03302-scaled.jpg","contentUrl":"https:\/\/www.pmpf.rs.gov.br\/educacao\/wp-content\/uploads\/sites\/43\/2023\/09\/MSF03302-scaled.jpg","width":2560,"height":1707},{"@type":"WebSite","@id":"https:\/\/www.pmpf.rs.gov.br\/educacao\/#website","url":"https:\/\/www.pmpf.rs.gov.br\/educacao\/","name":"Secretaria de Educa\u00e7\u00e3o","description":"Secretaria de Educa\u00e7\u00e3o da cidade de Passo Fundo","potentialAction":[{"@type":"SearchAction","target":{"@type":"EntryPoint","urlTemplate":"https:\/\/www.pmpf.rs.gov.br\/educacao\/?s={search_term_string}"},"query-input":{"@type":"PropertyValueSpecification","valueRequired":true,"valueName":"search_term_string"}}],"inLanguage":"pt-BR"},{"@type":"Person","@id":"https:\/\/www.pmpf.rs.gov.br\/educacao\/#\/schema\/person\/30ee1d1bd74da1469b01fcf086e43351","name":"andressazorzetto07","image":{"@type":"ImageObject","inLanguage":"pt-BR","@id":"https:\/\/www.pmpf.rs.gov.br\/educacao\/#\/schema\/person\/image\/","url":"https:\/\/secure.gravatar.com\/avatar\/14c5458ed79dc81da99a13b9ff5f9f19?s=96&d=mm&r=g","contentUrl":"https:\/\/secure.gravatar.com\/avatar\/14c5458ed79dc81da99a13b9ff5f9f19?s=96&d=mm&r=g","caption":"andressazorzetto07"},"url":"https:\/\/www.pmpf.rs.gov.br\/educacao\/author\/andressazorzetto07\/"}]}},"_links":{"self":[{"href":"https:\/\/www.pmpf.rs.gov.br\/educacao\/wp-json\/wp\/v2\/posts\/9381"}],"collection":[{"href":"https:\/\/www.pmpf.rs.gov.br\/educacao\/wp-json\/wp\/v2\/posts"}],"about":[{"href":"https:\/\/www.pmpf.rs.gov.br\/educacao\/wp-json\/wp\/v2\/types\/post"}],"author":[{"embeddable":true,"href":"https:\/\/www.pmpf.rs.gov.br\/educacao\/wp-json\/wp\/v2\/users\/6"}],"replies":[{"embeddable":true,"href":"https:\/\/www.pmpf.rs.gov.br\/educacao\/wp-json\/wp\/v2\/comments?post=9381"}],"version-history":[{"count":3,"href":"https:\/\/www.pmpf.rs.gov.br\/educacao\/wp-json\/wp\/v2\/posts\/9381\/revisions"}],"predecessor-version":[{"id":9389,"href":"https:\/\/www.pmpf.rs.gov.br\/educacao\/wp-json\/wp\/v2\/posts\/9381\/revisions\/9389"}],"wp:featuredmedia":[{"embeddable":true,"href":"https:\/\/www.pmpf.rs.gov.br\/educacao\/wp-json\/wp\/v2\/media\/9382"}],"wp:attachment":[{"href":"https:\/\/www.pmpf.rs.gov.br\/educacao\/wp-json\/wp\/v2\/media?parent=9381"}],"wp:term":[{"taxonomy":"category","embeddable":true,"href":"https:\/\/www.pmpf.rs.gov.br\/educacao\/wp-json\/wp\/v2\/categories?post=9381"},{"taxonomy":"post_tag","embeddable":true,"href":"https:\/\/www.pmpf.rs.gov.br\/educacao\/wp-json\/wp\/v2\/tags?post=9381"}],"curies":[{"name":"wp","href":"https:\/\/api.w.org\/{rel}","templated":true}]}}