{"id":9375,"date":"2023-08-23T16:38:24","date_gmt":"2023-08-23T19:38:24","guid":{"rendered":"https:\/\/www.pmpf.rs.gov.br\/educacao\/?p=9375"},"modified":"2023-08-23T16:38:30","modified_gmt":"2023-08-23T19:38:30","slug":"na-segunda-edicao-do-funesporte-prefeitura-contempla-51-projetos-esportivos-com-um-total-de-r-750-mil","status":"publish","type":"post","link":"https:\/\/www.pmpf.rs.gov.br\/educacao\/2023\/08\/23\/na-segunda-edicao-do-funesporte-prefeitura-contempla-51-projetos-esportivos-com-um-total-de-r-750-mil\/","title":{"rendered":"Na segunda edi\u00e7\u00e3o do Funesporte, Prefeitura contempla 51 projetos esportivos com um total de R$ 750 mil"},"content":{"rendered":"\n<p><\/p>\n\n\n\n<p>A Prefeitura destinou para a segunda edi\u00e7\u00e3o do Fundo Municipal do Esporte (Funesporte) R$ 750 mil e contemplou 51 projetos. A premia\u00e7\u00e3o foi entregue pelo prefeito Pedro Almeida a atletas, equipes e gestores esportivos na manh\u00e3 desta ter\u00e7a-feira (23), no SESC.<\/p>\n\n\n\n<p>O Funesporte valoriza os agentes do Esporte da cidade, incentivando o aperfei\u00e7oamento e a participa\u00e7\u00e3o em competi\u00e7\u00f5es. \u201cA cidade vive um grande momento, inclusive, no Esporte. O Fundo Municipal cria condi\u00e7\u00f5es para que atletas e equipes possam evoluir. Eu tor\u00e7o para que todos sejam sempre vencedores e levem esta marca do Funesporte\u201d, disse o prefeito.<\/p>\n\n\n\n<p>O Funesporte foi criado em 2021 e teve o primeiro edital realizado no ano passado, quando foram destinados R$ 500 mil a 38 projetos. O n\u00famero de participa\u00e7\u00f5es tamb\u00e9m cresceu: no primeiro edital, foram inscritos 48 projetos; em 2023, este n\u00famero foi de 62.<\/p>\n\n\n\n<p>De acordo com o prefeito, o objetivo \u00e9 ampliar cada vez mais o valor investido pelo Munic\u00edpio e os projetos contemplados. \u201cSeguiremos mobilizando as pessoas que fazem o Esporte na nossa cidade. Assim como nesta edi\u00e7\u00e3o, no pr\u00f3ximo ano, iremos aumentar a destina\u00e7\u00e3o ao Fundo\u201d, adiantou.<\/p>\n\n\n\n<p>O secret\u00e1rio de Esportes, Gilberto Bellaver, considerou que a iniciativa \u00e9 uma conquista para todo o setor esportivo, que passou a contar com um apoio financeiro municipal para a realiza\u00e7\u00e3o de projetos. \u201cO Fundo Municipal do Esporte \u00e9 uma realidade que comemoramos. N\u00f3s n\u00e3o t\u00ednhamos nada. Sa\u00edmos do zero. E, hoje, estamos ampliando o pr\u00eamio anualmente\u201d, salientou.<\/p>\n\n\n\n<p>A Academia de Artes Marciais Seikatsu apresentou um dos projetos selecionados. \u201cO Fundo Municipal do Esporte \u00e9 fundamental para as nossas crian\u00e7as. Permite que elas estejam inseridas, aprendam sobre artes marciais e os valores relacionados, como a disciplina\u201d, disse uma das representantes, Sabrina Marques.<\/p>\n","protected":false},"excerpt":{"rendered":"<p>Premia\u00e7\u00e3o foi entregue na manh\u00e3 desta ter\u00e7a-feira (23) pelo prefeito Pedro Almeida. Iniciativa valoriza atletas, equipes e gestores esportivos de Passo Fundo<\/p>\n","protected":false},"author":6,"featured_media":9376,"comment_status":"closed","ping_status":"closed","sticky":true,"template":"","format":"standard","meta":{"footnotes":""},"categories":[1],"tags":[],"class_list":["post-9375","post","type-post","status-publish","format-standard","has-post-thumbnail","hentry","category-sem-categoria"],"yoast_head":"<!-- This site is optimized with the Yoast SEO plugin v23.8 - https:\/\/yoast.com\/wordpress\/plugins\/seo\/ -->\n<title>Na segunda edi\u00e7\u00e3o do Funesporte, Prefeitura contempla 51 projetos esportivos com um total de R$ 750 mil - Secretaria de Educa\u00e7\u00e3o<\/title>\n<meta name=\"robots\" content=\"index, follow, max-snippet:-1, max-image-preview:large, max-video-preview:-1\" \/>\n<link rel=\"canonical\" href=\"https:\/\/www.pmpf.rs.gov.br\/educacao\/2023\/08\/23\/na-segunda-edicao-do-funesporte-prefeitura-contempla-51-projetos-esportivos-com-um-total-de-r-750-mil\/\" \/>\n<meta property=\"og:locale\" content=\"pt_BR\" \/>\n<meta property=\"og:type\" content=\"article\" \/>\n<meta property=\"og:title\" content=\"Na segunda edi\u00e7\u00e3o do Funesporte, Prefeitura contempla 51 projetos esportivos com um total de R$ 750 mil - Secretaria de Educa\u00e7\u00e3o\" \/>\n<meta property=\"og:description\" content=\"Premia\u00e7\u00e3o foi entregue na manh\u00e3 desta ter\u00e7a-feira (23) pelo prefeito Pedro Almeida. Iniciativa valoriza atletas, equipes e gestores esportivos de Passo Fundo\" \/>\n<meta property=\"og:url\" content=\"https:\/\/www.pmpf.rs.gov.br\/educacao\/2023\/08\/23\/na-segunda-edicao-do-funesporte-prefeitura-contempla-51-projetos-esportivos-com-um-total-de-r-750-mil\/\" \/>\n<meta property=\"og:site_name\" content=\"Secretaria de Educa\u00e7\u00e3o\" \/>\n<meta property=\"article:published_time\" content=\"2023-08-23T19:38:24+00:00\" \/>\n<meta property=\"article:modified_time\" content=\"2023-08-23T19:38:30+00:00\" \/>\n<meta name=\"author\" content=\"andressazorzetto07\" \/>\n<meta name=\"twitter:card\" content=\"summary_large_image\" \/>\n<meta name=\"twitter:label1\" content=\"Escrito por\" \/>\n\t<meta name=\"twitter:data1\" content=\"andressazorzetto07\" \/>\n\t<meta name=\"twitter:label2\" content=\"Est. tempo de leitura\" \/>\n\t<meta name=\"twitter:data2\" content=\"1 minuto\" \/>\n<script type=\"application\/ld+json\" class=\"yoast-schema-graph\">{\"@context\":\"https:\/\/schema.org\",\"@graph\":[{\"@type\":\"WebPage\",\"@id\":\"https:\/\/www.pmpf.rs.gov.br\/educacao\/2023\/08\/23\/na-segunda-edicao-do-funesporte-prefeitura-contempla-51-projetos-esportivos-com-um-total-de-r-750-mil\/\",\"url\":\"https:\/\/www.pmpf.rs.gov.br\/educacao\/2023\/08\/23\/na-segunda-edicao-do-funesporte-prefeitura-contempla-51-projetos-esportivos-com-um-total-de-r-750-mil\/\",\"name\":\"Na segunda edi\u00e7\u00e3o do Funesporte, Prefeitura contempla 51 projetos esportivos com um total de R$ 750 mil - Secretaria de Educa\u00e7\u00e3o\",\"isPartOf\":{\"@id\":\"https:\/\/www.pmpf.rs.gov.br\/educacao\/#website\"},\"primaryImageOfPage\":{\"@id\":\"https:\/\/www.pmpf.rs.gov.br\/educacao\/2023\/08\/23\/na-segunda-edicao-do-funesporte-prefeitura-contempla-51-projetos-esportivos-com-um-total-de-r-750-mil\/#primaryimage\"},\"image\":{\"@id\":\"https:\/\/www.pmpf.rs.gov.br\/educacao\/2023\/08\/23\/na-segunda-edicao-do-funesporte-prefeitura-contempla-51-projetos-esportivos-com-um-total-de-r-750-mil\/#primaryimage\"},\"thumbnailUrl\":\"https:\/\/www.pmpf.rs.gov.br\/educacao\/wp-content\/uploads\/sites\/43\/2023\/08\/funesporte.jpg\",\"datePublished\":\"2023-08-23T19:38:24+00:00\",\"dateModified\":\"2023-08-23T19:38:30+00:00\",\"author\":{\"@id\":\"https:\/\/www.pmpf.rs.gov.br\/educacao\/#\/schema\/person\/30ee1d1bd74da1469b01fcf086e43351\"},\"inLanguage\":\"pt-BR\",\"potentialAction\":[{\"@type\":\"ReadAction\",\"target\":[\"https:\/\/www.pmpf.rs.gov.br\/educacao\/2023\/08\/23\/na-segunda-edicao-do-funesporte-prefeitura-contempla-51-projetos-esportivos-com-um-total-de-r-750-mil\/\"]}]},{\"@type\":\"ImageObject\",\"inLanguage\":\"pt-BR\",\"@id\":\"https:\/\/www.pmpf.rs.gov.br\/educacao\/2023\/08\/23\/na-segunda-edicao-do-funesporte-prefeitura-contempla-51-projetos-esportivos-com-um-total-de-r-750-mil\/#primaryimage\",\"url\":\"https:\/\/www.pmpf.rs.gov.br\/educacao\/wp-content\/uploads\/sites\/43\/2023\/08\/funesporte.jpg\",\"contentUrl\":\"https:\/\/www.pmpf.rs.gov.br\/educacao\/wp-content\/uploads\/sites\/43\/2023\/08\/funesporte.jpg\",\"width\":1600,\"height\":1066},{\"@type\":\"WebSite\",\"@id\":\"https:\/\/www.pmpf.rs.gov.br\/educacao\/#website\",\"url\":\"https:\/\/www.pmpf.rs.gov.br\/educacao\/\",\"name\":\"Secretaria de Educa\u00e7\u00e3o\",\"description\":\"Secretaria de Educa\u00e7\u00e3o da cidade de Passo Fundo\",\"potentialAction\":[{\"@type\":\"SearchAction\",\"target\":{\"@type\":\"EntryPoint\",\"urlTemplate\":\"https:\/\/www.pmpf.rs.gov.br\/educacao\/?s={search_term_string}\"},\"query-input\":{\"@type\":\"PropertyValueSpecification\",\"valueRequired\":true,\"valueName\":\"search_term_string\"}}],\"inLanguage\":\"pt-BR\"},{\"@type\":\"Person\",\"@id\":\"https:\/\/www.pmpf.rs.gov.br\/educacao\/#\/schema\/person\/30ee1d1bd74da1469b01fcf086e43351\",\"name\":\"andressazorzetto07\",\"image\":{\"@type\":\"ImageObject\",\"inLanguage\":\"pt-BR\",\"@id\":\"https:\/\/www.pmpf.rs.gov.br\/educacao\/#\/schema\/person\/image\/\",\"url\":\"https:\/\/secure.gravatar.com\/avatar\/14c5458ed79dc81da99a13b9ff5f9f19?s=96&d=mm&r=g\",\"contentUrl\":\"https:\/\/secure.gravatar.com\/avatar\/14c5458ed79dc81da99a13b9ff5f9f19?s=96&d=mm&r=g\",\"caption\":\"andressazorzetto07\"},\"url\":\"https:\/\/www.pmpf.rs.gov.br\/educacao\/author\/andressazorzetto07\/\"}]}<\/script>\n<!-- \/ Yoast SEO plugin. -->","yoast_head_json":{"title":"Na segunda edi\u00e7\u00e3o do Funesporte, Prefeitura contempla 51 projetos esportivos com um total de R$ 750 mil - Secretaria de Educa\u00e7\u00e3o","robots":{"index":"index","follow":"follow","max-snippet":"max-snippet:-1","max-image-preview":"max-image-preview:large","max-video-preview":"max-video-preview:-1"},"canonical":"https:\/\/www.pmpf.rs.gov.br\/educacao\/2023\/08\/23\/na-segunda-edicao-do-funesporte-prefeitura-contempla-51-projetos-esportivos-com-um-total-de-r-750-mil\/","og_locale":"pt_BR","og_type":"article","og_title":"Na segunda edi\u00e7\u00e3o do Funesporte, Prefeitura contempla 51 projetos esportivos com um total de R$ 750 mil - Secretaria de Educa\u00e7\u00e3o","og_description":"Premia\u00e7\u00e3o foi entregue na manh\u00e3 desta ter\u00e7a-feira (23) pelo prefeito Pedro Almeida. Iniciativa valoriza atletas, equipes e gestores esportivos de Passo Fundo","og_url":"https:\/\/www.pmpf.rs.gov.br\/educacao\/2023\/08\/23\/na-segunda-edicao-do-funesporte-prefeitura-contempla-51-projetos-esportivos-com-um-total-de-r-750-mil\/","og_site_name":"Secretaria de Educa\u00e7\u00e3o","article_published_time":"2023-08-23T19:38:24+00:00","article_modified_time":"2023-08-23T19:38:30+00:00","author":"andressazorzetto07","twitter_card":"summary_large_image","twitter_misc":{"Escrito por":"andressazorzetto07","Est. tempo de leitura":"1 minuto"},"schema":{"@context":"https:\/\/schema.org","@graph":[{"@type":"WebPage","@id":"https:\/\/www.pmpf.rs.gov.br\/educacao\/2023\/08\/23\/na-segunda-edicao-do-funesporte-prefeitura-contempla-51-projetos-esportivos-com-um-total-de-r-750-mil\/","url":"https:\/\/www.pmpf.rs.gov.br\/educacao\/2023\/08\/23\/na-segunda-edicao-do-funesporte-prefeitura-contempla-51-projetos-esportivos-com-um-total-de-r-750-mil\/","name":"Na segunda edi\u00e7\u00e3o do Funesporte, Prefeitura contempla 51 projetos esportivos com um total de R$ 750 mil - Secretaria de Educa\u00e7\u00e3o","isPartOf":{"@id":"https:\/\/www.pmpf.rs.gov.br\/educacao\/#website"},"primaryImageOfPage":{"@id":"https:\/\/www.pmpf.rs.gov.br\/educacao\/2023\/08\/23\/na-segunda-edicao-do-funesporte-prefeitura-contempla-51-projetos-esportivos-com-um-total-de-r-750-mil\/#primaryimage"},"image":{"@id":"https:\/\/www.pmpf.rs.gov.br\/educacao\/2023\/08\/23\/na-segunda-edicao-do-funesporte-prefeitura-contempla-51-projetos-esportivos-com-um-total-de-r-750-mil\/#primaryimage"},"thumbnailUrl":"https:\/\/www.pmpf.rs.gov.br\/educacao\/wp-content\/uploads\/sites\/43\/2023\/08\/funesporte.jpg","datePublished":"2023-08-23T19:38:24+00:00","dateModified":"2023-08-23T19:38:30+00:00","author":{"@id":"https:\/\/www.pmpf.rs.gov.br\/educacao\/#\/schema\/person\/30ee1d1bd74da1469b01fcf086e43351"},"inLanguage":"pt-BR","potentialAction":[{"@type":"ReadAction","target":["https:\/\/www.pmpf.rs.gov.br\/educacao\/2023\/08\/23\/na-segunda-edicao-do-funesporte-prefeitura-contempla-51-projetos-esportivos-com-um-total-de-r-750-mil\/"]}]},{"@type":"ImageObject","inLanguage":"pt-BR","@id":"https:\/\/www.pmpf.rs.gov.br\/educacao\/2023\/08\/23\/na-segunda-edicao-do-funesporte-prefeitura-contempla-51-projetos-esportivos-com-um-total-de-r-750-mil\/#primaryimage","url":"https:\/\/www.pmpf.rs.gov.br\/educacao\/wp-content\/uploads\/sites\/43\/2023\/08\/funesporte.jpg","contentUrl":"https:\/\/www.pmpf.rs.gov.br\/educacao\/wp-content\/uploads\/sites\/43\/2023\/08\/funesporte.jpg","width":1600,"height":1066},{"@type":"WebSite","@id":"https:\/\/www.pmpf.rs.gov.br\/educacao\/#website","url":"https:\/\/www.pmpf.rs.gov.br\/educacao\/","name":"Secretaria de Educa\u00e7\u00e3o","description":"Secretaria de Educa\u00e7\u00e3o da cidade de Passo Fundo","potentialAction":[{"@type":"SearchAction","target":{"@type":"EntryPoint","urlTemplate":"https:\/\/www.pmpf.rs.gov.br\/educacao\/?s={search_term_string}"},"query-input":{"@type":"PropertyValueSpecification","valueRequired":true,"valueName":"search_term_string"}}],"inLanguage":"pt-BR"},{"@type":"Person","@id":"https:\/\/www.pmpf.rs.gov.br\/educacao\/#\/schema\/person\/30ee1d1bd74da1469b01fcf086e43351","name":"andressazorzetto07","image":{"@type":"ImageObject","inLanguage":"pt-BR","@id":"https:\/\/www.pmpf.rs.gov.br\/educacao\/#\/schema\/person\/image\/","url":"https:\/\/secure.gravatar.com\/avatar\/14c5458ed79dc81da99a13b9ff5f9f19?s=96&d=mm&r=g","contentUrl":"https:\/\/secure.gravatar.com\/avatar\/14c5458ed79dc81da99a13b9ff5f9f19?s=96&d=mm&r=g","caption":"andressazorzetto07"},"url":"https:\/\/www.pmpf.rs.gov.br\/educacao\/author\/andressazorzetto07\/"}]}},"_links":{"self":[{"href":"https:\/\/www.pmpf.rs.gov.br\/educacao\/wp-json\/wp\/v2\/posts\/9375"}],"collection":[{"href":"https:\/\/www.pmpf.rs.gov.br\/educacao\/wp-json\/wp\/v2\/posts"}],"about":[{"href":"https:\/\/www.pmpf.rs.gov.br\/educacao\/wp-json\/wp\/v2\/types\/post"}],"author":[{"embeddable":true,"href":"https:\/\/www.pmpf.rs.gov.br\/educacao\/wp-json\/wp\/v2\/users\/6"}],"replies":[{"embeddable":true,"href":"https:\/\/www.pmpf.rs.gov.br\/educacao\/wp-json\/wp\/v2\/comments?post=9375"}],"version-history":[{"count":1,"href":"https:\/\/www.pmpf.rs.gov.br\/educacao\/wp-json\/wp\/v2\/posts\/9375\/revisions"}],"predecessor-version":[{"id":9377,"href":"https:\/\/www.pmpf.rs.gov.br\/educacao\/wp-json\/wp\/v2\/posts\/9375\/revisions\/9377"}],"wp:featuredmedia":[{"embeddable":true,"href":"https:\/\/www.pmpf.rs.gov.br\/educacao\/wp-json\/wp\/v2\/media\/9376"}],"wp:attachment":[{"href":"https:\/\/www.pmpf.rs.gov.br\/educacao\/wp-json\/wp\/v2\/media?parent=9375"}],"wp:term":[{"taxonomy":"category","embeddable":true,"href":"https:\/\/www.pmpf.rs.gov.br\/educacao\/wp-json\/wp\/v2\/categories?post=9375"},{"taxonomy":"post_tag","embeddable":true,"href":"https:\/\/www.pmpf.rs.gov.br\/educacao\/wp-json\/wp\/v2\/tags?post=9375"}],"curies":[{"name":"wp","href":"https:\/\/api.w.org\/{rel}","templated":true}]}}