{"id":9372,"date":"2023-08-22T16:07:44","date_gmt":"2023-08-22T19:07:44","guid":{"rendered":"https:\/\/www.pmpf.rs.gov.br\/educacao\/?p=9372"},"modified":"2023-08-22T16:07:47","modified_gmt":"2023-08-22T19:07:47","slug":"coordenadoria-de-nutricao-escolar-da-prefeitura-de-passo-fundo-fortalece-lacos-com-a-agricultura-familiar","status":"publish","type":"post","link":"https:\/\/www.pmpf.rs.gov.br\/educacao\/2023\/08\/22\/coordenadoria-de-nutricao-escolar-da-prefeitura-de-passo-fundo-fortalece-lacos-com-a-agricultura-familiar\/","title":{"rendered":"Coordenadoria de Nutri\u00e7\u00e3o Escolar da Prefeitura de Passo Fundo fortalece la\u00e7os com a agricultura familiar"},"content":{"rendered":"\n<p><\/p>\n\n\n\n<p>Com o objetivo de estreitar os la\u00e7os entre a agricultura familiar local e a alimenta\u00e7\u00e3o servida nas escolas municipais, a Secretaria da Educa\u00e7\u00e3o, atrav\u00e9s da Coordenadoria de Nutri\u00e7\u00e3o Escolar da Prefeitura de Passo Fundo, realizou uma s\u00e9rie de visitas aos agricultores da regi\u00e3o no primeiro semestre deste ano. A iniciativa tem como foco principal conhecer de perto as produ\u00e7\u00f5es locais, verificar in loco os alimentos que est\u00e3o sendo enviados para as escolas da rede em 2023 e, assim, promover um estudo de campo que visa aprimorar o trabalho da Coordenadoria de Nutri\u00e7\u00e3o Escolar junto \u00e0 agricultura familiar e proporcionar uma alimenta\u00e7\u00e3o de qualidade e diversificada para os estudantes.<\/p>\n\n\n\n<p>A a\u00e7\u00e3o contou com a presen\u00e7a da Coordenadora de Nutri\u00e7\u00e3o Escolar, Eloir Pereira Gwozdz, membros da equipe, e secret\u00e1ria-adjunta de Educa\u00e7\u00e3o, Angelita Scott\u00e1, que percorreram diversas propriedades agr\u00edcolas do munic\u00edpio. Os agricultores visitados foram Magnum e Marcelo Marmentini, Camilo Noro, Cleiton Goulart e \u00c9verton Mendez, representantes da rica diversidade da produ\u00e7\u00e3o agr\u00edcola local. Durante as visitas, a equipe teve a oportunidade de conhecer os m\u00e9todos de cultivo, colheita e processamento dos alimentos, bem como entender os desafios enfrentados pelos produtores no dia a dia.<\/p>\n\n\n\n<p>\u201cA visita aos agricultores locais foi uma experi\u00eancia enriquecedora para n\u00f3s da Coordenadoria de Nutri\u00e7\u00e3o Escolar. Pudemos ver de perto o comprometimento desses produtores com a qualidade dos alimentos que chegam at\u00e9 nossas escolas. Isso fortalece nossa confian\u00e7a na promo\u00e7\u00e3o de uma alimenta\u00e7\u00e3o diversificada para nossos estudantes\u201d, destacou Eloir Pereira Gwozdz.<\/p>\n\n\n\n<p>O projeto ter\u00e1 continuidade no segundo semestre de 2023. Uma das etapas previstas \u00e9 a visita a cooperativas agr\u00edcolas da regi\u00e3o, a partir da qual os membros da Coordenadoria poder\u00e3o conhecer os processos de organiza\u00e7\u00e3o e distribui\u00e7\u00e3o de alimentos em maior escala.<\/p>\n\n\n\n<p>\u201cAo estreitarmos os la\u00e7os com os agricultores e cooperativas locais, buscamos n\u00e3o apenas melhorar a qualidade da alimenta\u00e7\u00e3o servida nas escolas, mas tamb\u00e9m fortalecer a economia local e incentivar pr\u00e1ticas sustent\u00e1veis de produ\u00e7\u00e3o. Queremos envolver toda a comunidade nesse processo, criando um ciclo virtuoso de benef\u00edcios para todos os envolvidos\u201d, ressaltou Eloir.<\/p>\n\n\n\n<p>Esse trabalho, que vem sendo constru\u00eddo desde 2021 junto com a Secret\u00e1ria de Desenvolvimento Rural e Emater\/RS-Ascar, tem como principal resultado oportunizar aos estudantes acesso a alimentos variados, frescos, de quantidade e qualidade nutricional em seus pratos. A expectativa \u00e9 de que, com a continuidade do projeto e o aprimoramento das parcerias com os agricultores, a alimenta\u00e7\u00e3o escolar de Passo Fundo se torne um exemplo de como a colabora\u00e7\u00e3o entre diferentes setores pode transformar positivamente a vida das crian\u00e7as e jovens.<\/p>\n\n\n\n<p>Nesse sentido, a Coordenadoria de Nutri\u00e7\u00e3o Escolar da Secretaria de Educa\u00e7\u00e3o da Prefeitura de Passo Fundo segue empenhada em promover uma alimenta\u00e7\u00e3o mais saud\u00e1vel, saborosa e sustent\u00e1vel para os estudantes, evidenciando que a conex\u00e3o entre campo e cidade pode gerar frutos que alimentam tanto o corpo quanto a mente.<\/p>\n","protected":false},"excerpt":{"rendered":"<p>Visita aos produtores do munic\u00edpio no primeiro semestre de 2023 \u00e9 apenas o come\u00e7o de um projeto que visa promover uma alimenta\u00e7\u00e3o mais nutritiva nas escolas<\/p>\n","protected":false},"author":6,"featured_media":9373,"comment_status":"closed","ping_status":"closed","sticky":true,"template":"","format":"standard","meta":{"footnotes":""},"categories":[1],"tags":[],"class_list":["post-9372","post","type-post","status-publish","format-standard","has-post-thumbnail","hentry","category-sem-categoria"],"yoast_head":"<!-- This site is optimized with the Yoast SEO plugin v23.8 - https:\/\/yoast.com\/wordpress\/plugins\/seo\/ -->\n<title>Coordenadoria de Nutri\u00e7\u00e3o Escolar da Prefeitura de Passo Fundo fortalece la\u00e7os com a agricultura familiar - Secretaria de Educa\u00e7\u00e3o<\/title>\n<meta name=\"robots\" content=\"index, follow, max-snippet:-1, max-image-preview:large, max-video-preview:-1\" \/>\n<link rel=\"canonical\" href=\"https:\/\/www.pmpf.rs.gov.br\/educacao\/2023\/08\/22\/coordenadoria-de-nutricao-escolar-da-prefeitura-de-passo-fundo-fortalece-lacos-com-a-agricultura-familiar\/\" \/>\n<meta property=\"og:locale\" content=\"pt_BR\" \/>\n<meta property=\"og:type\" content=\"article\" \/>\n<meta property=\"og:title\" content=\"Coordenadoria de Nutri\u00e7\u00e3o Escolar da Prefeitura de Passo Fundo fortalece la\u00e7os com a agricultura familiar - Secretaria de Educa\u00e7\u00e3o\" \/>\n<meta property=\"og:description\" content=\"Visita aos produtores do munic\u00edpio no primeiro semestre de 2023 \u00e9 apenas o come\u00e7o de um projeto que visa promover uma alimenta\u00e7\u00e3o mais nutritiva nas escolas\" \/>\n<meta property=\"og:url\" content=\"https:\/\/www.pmpf.rs.gov.br\/educacao\/2023\/08\/22\/coordenadoria-de-nutricao-escolar-da-prefeitura-de-passo-fundo-fortalece-lacos-com-a-agricultura-familiar\/\" \/>\n<meta property=\"og:site_name\" content=\"Secretaria de Educa\u00e7\u00e3o\" \/>\n<meta property=\"article:published_time\" content=\"2023-08-22T19:07:44+00:00\" \/>\n<meta property=\"article:modified_time\" content=\"2023-08-22T19:07:47+00:00\" \/>\n<meta name=\"author\" content=\"andressazorzetto07\" \/>\n<meta name=\"twitter:card\" content=\"summary_large_image\" \/>\n<meta name=\"twitter:label1\" content=\"Escrito por\" \/>\n\t<meta name=\"twitter:data1\" content=\"andressazorzetto07\" \/>\n\t<meta name=\"twitter:label2\" content=\"Est. tempo de leitura\" \/>\n\t<meta name=\"twitter:data2\" content=\"3 minutos\" \/>\n<script type=\"application\/ld+json\" class=\"yoast-schema-graph\">{\"@context\":\"https:\/\/schema.org\",\"@graph\":[{\"@type\":\"WebPage\",\"@id\":\"https:\/\/www.pmpf.rs.gov.br\/educacao\/2023\/08\/22\/coordenadoria-de-nutricao-escolar-da-prefeitura-de-passo-fundo-fortalece-lacos-com-a-agricultura-familiar\/\",\"url\":\"https:\/\/www.pmpf.rs.gov.br\/educacao\/2023\/08\/22\/coordenadoria-de-nutricao-escolar-da-prefeitura-de-passo-fundo-fortalece-lacos-com-a-agricultura-familiar\/\",\"name\":\"Coordenadoria de Nutri\u00e7\u00e3o Escolar da Prefeitura de Passo Fundo fortalece la\u00e7os com a agricultura familiar - Secretaria de Educa\u00e7\u00e3o\",\"isPartOf\":{\"@id\":\"https:\/\/www.pmpf.rs.gov.br\/educacao\/#website\"},\"primaryImageOfPage\":{\"@id\":\"https:\/\/www.pmpf.rs.gov.br\/educacao\/2023\/08\/22\/coordenadoria-de-nutricao-escolar-da-prefeitura-de-passo-fundo-fortalece-lacos-com-a-agricultura-familiar\/#primaryimage\"},\"image\":{\"@id\":\"https:\/\/www.pmpf.rs.gov.br\/educacao\/2023\/08\/22\/coordenadoria-de-nutricao-escolar-da-prefeitura-de-passo-fundo-fortalece-lacos-com-a-agricultura-familiar\/#primaryimage\"},\"thumbnailUrl\":\"https:\/\/www.pmpf.rs.gov.br\/educacao\/wp-content\/uploads\/sites\/43\/2023\/08\/alimentacao-escolar.jpg\",\"datePublished\":\"2023-08-22T19:07:44+00:00\",\"dateModified\":\"2023-08-22T19:07:47+00:00\",\"author\":{\"@id\":\"https:\/\/www.pmpf.rs.gov.br\/educacao\/#\/schema\/person\/30ee1d1bd74da1469b01fcf086e43351\"},\"inLanguage\":\"pt-BR\",\"potentialAction\":[{\"@type\":\"ReadAction\",\"target\":[\"https:\/\/www.pmpf.rs.gov.br\/educacao\/2023\/08\/22\/coordenadoria-de-nutricao-escolar-da-prefeitura-de-passo-fundo-fortalece-lacos-com-a-agricultura-familiar\/\"]}]},{\"@type\":\"ImageObject\",\"inLanguage\":\"pt-BR\",\"@id\":\"https:\/\/www.pmpf.rs.gov.br\/educacao\/2023\/08\/22\/coordenadoria-de-nutricao-escolar-da-prefeitura-de-passo-fundo-fortalece-lacos-com-a-agricultura-familiar\/#primaryimage\",\"url\":\"https:\/\/www.pmpf.rs.gov.br\/educacao\/wp-content\/uploads\/sites\/43\/2023\/08\/alimentacao-escolar.jpg\",\"contentUrl\":\"https:\/\/www.pmpf.rs.gov.br\/educacao\/wp-content\/uploads\/sites\/43\/2023\/08\/alimentacao-escolar.jpg\",\"width\":1600,\"height\":720},{\"@type\":\"WebSite\",\"@id\":\"https:\/\/www.pmpf.rs.gov.br\/educacao\/#website\",\"url\":\"https:\/\/www.pmpf.rs.gov.br\/educacao\/\",\"name\":\"Secretaria de Educa\u00e7\u00e3o\",\"description\":\"Secretaria de Educa\u00e7\u00e3o da cidade de Passo Fundo\",\"potentialAction\":[{\"@type\":\"SearchAction\",\"target\":{\"@type\":\"EntryPoint\",\"urlTemplate\":\"https:\/\/www.pmpf.rs.gov.br\/educacao\/?s={search_term_string}\"},\"query-input\":{\"@type\":\"PropertyValueSpecification\",\"valueRequired\":true,\"valueName\":\"search_term_string\"}}],\"inLanguage\":\"pt-BR\"},{\"@type\":\"Person\",\"@id\":\"https:\/\/www.pmpf.rs.gov.br\/educacao\/#\/schema\/person\/30ee1d1bd74da1469b01fcf086e43351\",\"name\":\"andressazorzetto07\",\"image\":{\"@type\":\"ImageObject\",\"inLanguage\":\"pt-BR\",\"@id\":\"https:\/\/www.pmpf.rs.gov.br\/educacao\/#\/schema\/person\/image\/\",\"url\":\"https:\/\/secure.gravatar.com\/avatar\/14c5458ed79dc81da99a13b9ff5f9f19?s=96&d=mm&r=g\",\"contentUrl\":\"https:\/\/secure.gravatar.com\/avatar\/14c5458ed79dc81da99a13b9ff5f9f19?s=96&d=mm&r=g\",\"caption\":\"andressazorzetto07\"},\"url\":\"https:\/\/www.pmpf.rs.gov.br\/educacao\/author\/andressazorzetto07\/\"}]}<\/script>\n<!-- \/ Yoast SEO plugin. -->","yoast_head_json":{"title":"Coordenadoria de Nutri\u00e7\u00e3o Escolar da Prefeitura de Passo Fundo fortalece la\u00e7os com a agricultura familiar - Secretaria de Educa\u00e7\u00e3o","robots":{"index":"index","follow":"follow","max-snippet":"max-snippet:-1","max-image-preview":"max-image-preview:large","max-video-preview":"max-video-preview:-1"},"canonical":"https:\/\/www.pmpf.rs.gov.br\/educacao\/2023\/08\/22\/coordenadoria-de-nutricao-escolar-da-prefeitura-de-passo-fundo-fortalece-lacos-com-a-agricultura-familiar\/","og_locale":"pt_BR","og_type":"article","og_title":"Coordenadoria de Nutri\u00e7\u00e3o Escolar da Prefeitura de Passo Fundo fortalece la\u00e7os com a agricultura familiar - Secretaria de Educa\u00e7\u00e3o","og_description":"Visita aos produtores do munic\u00edpio no primeiro semestre de 2023 \u00e9 apenas o come\u00e7o de um projeto que visa promover uma alimenta\u00e7\u00e3o mais nutritiva nas escolas","og_url":"https:\/\/www.pmpf.rs.gov.br\/educacao\/2023\/08\/22\/coordenadoria-de-nutricao-escolar-da-prefeitura-de-passo-fundo-fortalece-lacos-com-a-agricultura-familiar\/","og_site_name":"Secretaria de Educa\u00e7\u00e3o","article_published_time":"2023-08-22T19:07:44+00:00","article_modified_time":"2023-08-22T19:07:47+00:00","author":"andressazorzetto07","twitter_card":"summary_large_image","twitter_misc":{"Escrito por":"andressazorzetto07","Est. tempo de leitura":"3 minutos"},"schema":{"@context":"https:\/\/schema.org","@graph":[{"@type":"WebPage","@id":"https:\/\/www.pmpf.rs.gov.br\/educacao\/2023\/08\/22\/coordenadoria-de-nutricao-escolar-da-prefeitura-de-passo-fundo-fortalece-lacos-com-a-agricultura-familiar\/","url":"https:\/\/www.pmpf.rs.gov.br\/educacao\/2023\/08\/22\/coordenadoria-de-nutricao-escolar-da-prefeitura-de-passo-fundo-fortalece-lacos-com-a-agricultura-familiar\/","name":"Coordenadoria de Nutri\u00e7\u00e3o Escolar da Prefeitura de Passo Fundo fortalece la\u00e7os com a agricultura familiar - Secretaria de Educa\u00e7\u00e3o","isPartOf":{"@id":"https:\/\/www.pmpf.rs.gov.br\/educacao\/#website"},"primaryImageOfPage":{"@id":"https:\/\/www.pmpf.rs.gov.br\/educacao\/2023\/08\/22\/coordenadoria-de-nutricao-escolar-da-prefeitura-de-passo-fundo-fortalece-lacos-com-a-agricultura-familiar\/#primaryimage"},"image":{"@id":"https:\/\/www.pmpf.rs.gov.br\/educacao\/2023\/08\/22\/coordenadoria-de-nutricao-escolar-da-prefeitura-de-passo-fundo-fortalece-lacos-com-a-agricultura-familiar\/#primaryimage"},"thumbnailUrl":"https:\/\/www.pmpf.rs.gov.br\/educacao\/wp-content\/uploads\/sites\/43\/2023\/08\/alimentacao-escolar.jpg","datePublished":"2023-08-22T19:07:44+00:00","dateModified":"2023-08-22T19:07:47+00:00","author":{"@id":"https:\/\/www.pmpf.rs.gov.br\/educacao\/#\/schema\/person\/30ee1d1bd74da1469b01fcf086e43351"},"inLanguage":"pt-BR","potentialAction":[{"@type":"ReadAction","target":["https:\/\/www.pmpf.rs.gov.br\/educacao\/2023\/08\/22\/coordenadoria-de-nutricao-escolar-da-prefeitura-de-passo-fundo-fortalece-lacos-com-a-agricultura-familiar\/"]}]},{"@type":"ImageObject","inLanguage":"pt-BR","@id":"https:\/\/www.pmpf.rs.gov.br\/educacao\/2023\/08\/22\/coordenadoria-de-nutricao-escolar-da-prefeitura-de-passo-fundo-fortalece-lacos-com-a-agricultura-familiar\/#primaryimage","url":"https:\/\/www.pmpf.rs.gov.br\/educacao\/wp-content\/uploads\/sites\/43\/2023\/08\/alimentacao-escolar.jpg","contentUrl":"https:\/\/www.pmpf.rs.gov.br\/educacao\/wp-content\/uploads\/sites\/43\/2023\/08\/alimentacao-escolar.jpg","width":1600,"height":720},{"@type":"WebSite","@id":"https:\/\/www.pmpf.rs.gov.br\/educacao\/#website","url":"https:\/\/www.pmpf.rs.gov.br\/educacao\/","name":"Secretaria de Educa\u00e7\u00e3o","description":"Secretaria de Educa\u00e7\u00e3o da cidade de Passo Fundo","potentialAction":[{"@type":"SearchAction","target":{"@type":"EntryPoint","urlTemplate":"https:\/\/www.pmpf.rs.gov.br\/educacao\/?s={search_term_string}"},"query-input":{"@type":"PropertyValueSpecification","valueRequired":true,"valueName":"search_term_string"}}],"inLanguage":"pt-BR"},{"@type":"Person","@id":"https:\/\/www.pmpf.rs.gov.br\/educacao\/#\/schema\/person\/30ee1d1bd74da1469b01fcf086e43351","name":"andressazorzetto07","image":{"@type":"ImageObject","inLanguage":"pt-BR","@id":"https:\/\/www.pmpf.rs.gov.br\/educacao\/#\/schema\/person\/image\/","url":"https:\/\/secure.gravatar.com\/avatar\/14c5458ed79dc81da99a13b9ff5f9f19?s=96&d=mm&r=g","contentUrl":"https:\/\/secure.gravatar.com\/avatar\/14c5458ed79dc81da99a13b9ff5f9f19?s=96&d=mm&r=g","caption":"andressazorzetto07"},"url":"https:\/\/www.pmpf.rs.gov.br\/educacao\/author\/andressazorzetto07\/"}]}},"_links":{"self":[{"href":"https:\/\/www.pmpf.rs.gov.br\/educacao\/wp-json\/wp\/v2\/posts\/9372"}],"collection":[{"href":"https:\/\/www.pmpf.rs.gov.br\/educacao\/wp-json\/wp\/v2\/posts"}],"about":[{"href":"https:\/\/www.pmpf.rs.gov.br\/educacao\/wp-json\/wp\/v2\/types\/post"}],"author":[{"embeddable":true,"href":"https:\/\/www.pmpf.rs.gov.br\/educacao\/wp-json\/wp\/v2\/users\/6"}],"replies":[{"embeddable":true,"href":"https:\/\/www.pmpf.rs.gov.br\/educacao\/wp-json\/wp\/v2\/comments?post=9372"}],"version-history":[{"count":1,"href":"https:\/\/www.pmpf.rs.gov.br\/educacao\/wp-json\/wp\/v2\/posts\/9372\/revisions"}],"predecessor-version":[{"id":9374,"href":"https:\/\/www.pmpf.rs.gov.br\/educacao\/wp-json\/wp\/v2\/posts\/9372\/revisions\/9374"}],"wp:featuredmedia":[{"embeddable":true,"href":"https:\/\/www.pmpf.rs.gov.br\/educacao\/wp-json\/wp\/v2\/media\/9373"}],"wp:attachment":[{"href":"https:\/\/www.pmpf.rs.gov.br\/educacao\/wp-json\/wp\/v2\/media?parent=9372"}],"wp:term":[{"taxonomy":"category","embeddable":true,"href":"https:\/\/www.pmpf.rs.gov.br\/educacao\/wp-json\/wp\/v2\/categories?post=9372"},{"taxonomy":"post_tag","embeddable":true,"href":"https:\/\/www.pmpf.rs.gov.br\/educacao\/wp-json\/wp\/v2\/tags?post=9372"}],"curies":[{"name":"wp","href":"https:\/\/api.w.org\/{rel}","templated":true}]}}