{"id":9369,"date":"2023-08-22T11:13:05","date_gmt":"2023-08-22T14:13:05","guid":{"rendered":"https:\/\/www.pmpf.rs.gov.br\/educacao\/?p=9369"},"modified":"2023-08-22T11:13:07","modified_gmt":"2023-08-22T14:13:07","slug":"escola-das-profissoes-ja-diplomou-mais-de-1-700-pessoas-em-um-ano-de-atividades","status":"publish","type":"post","link":"https:\/\/www.pmpf.rs.gov.br\/educacao\/2023\/08\/22\/escola-das-profissoes-ja-diplomou-mais-de-1-700-pessoas-em-um-ano-de-atividades\/","title":{"rendered":"\u00a0Escola das Profiss\u00f5es j\u00e1 diplomou mais de 1.700 pessoas em um ano de atividades"},"content":{"rendered":"\n<p><\/p>\n\n\n\n<p><br><br>A Liliane Rusch conheceu as atividades da Escola das Profiss\u00f5es ouvindo not\u00edcias sobre a oportunidade de se qualificar profissionalmente de forma gratuita. Ao procurar o programa da Prefeitura de Passo Fundo, ela se deparou com uma diversidade de cursos de capacita\u00e7\u00e3o dispon\u00edveis para auxili\u00e1-la a descobrir uma chance de inserir-se no mercado de trabalho. \u201cOs cursos s\u00e3o \u00f3timos, porque nos ajudam a seguirmos um caminho de qualifica\u00e7\u00e3o profissional. Fiz tr\u00eas cursos na \u00e1rea de est\u00e9tica e beleza e isso tem me ajudado muito a me profissionalizar e a investir no meu pr\u00f3prio neg\u00f3cio\u201d, contou ela.<br><br>Assim como Liliane, mais de quatro mil j\u00e1 se matricularam em algum dos cursos ofertados, gratuitamente, pela Prefeitura por meio da Escola das Profiss\u00f5es. Criado pela Administra\u00e7\u00e3o Municipal em 2022, o programa j\u00e1 diplomou cerca de duas mil pessoas, direcionando cerca de 500 delas para o mercado de trabalho. \u201cA Escola das Profiss\u00f5es atende a uma demanda que v\u00ednhamos observando a partir da realiza\u00e7\u00e3o de outros projetos, como o Caf\u00e9 com Emprego, por exemplo. As pessoas t\u00eam disposi\u00e7\u00e3o para o trabalho, mas muitas delas n\u00e3o eram contratadas por falta de qualifica\u00e7\u00e3o. Da mesma forma, tem muitos empreendedores individuais que precisavam de aux\u00edlio para formalizar e potencializar seus empreendimentos. Ent\u00e3o, atrav\u00e9s desta iniciativa, n\u00f3s estamos conseguindo agregar ferramentas de empregabilidade dos passo-fundenses, com excelentes resultados\u201d, avaliou o prefeito de Passo Fundo, Pedro Almeida.<br><br>Estruturada pela gest\u00e3o Pedro Almeida, a Escola das Profiss\u00f5es se articula em torno de tr\u00eas eixos centrais de atua\u00e7\u00e3o. O secret\u00e1rio Municipal de Educa\u00e7\u00e3o, Adriano Canabarro Teixeira, explica que cada um destes eixos dialoga com setores produtivos e econ\u00f4micos diferentes, mas respondem ao mesmo objetivo de assegurar forma\u00e7\u00e3o e capacita\u00e7\u00e3o profissional tanto para os adultos quanto para os adolescentes que estudam na rede municipal de ensino. \u201cO eixo 1, dos Profissionais do Futuro, \u00e9 o que melhor dialoga com a educa\u00e7\u00e3o municipal, porque insere nossos alunos em atividades de rob\u00f3tica, idiomas, internet das coisas e pensamento cient\u00edfico. \u00c9 um instrumento de prepara\u00e7\u00e3o educacional e profissional que deve apresentar \u00f3timos resultados\u201d, ponderou Teixeira.<br><br>Para o secret\u00e1rio de Desenvolvimento Econ\u00f4mico, Diorges Oliveira, a oportunidade de oferecer cursos gratuitos tem refletido no aumento dos \u00edndices de gera\u00e7\u00e3o de emprego no munic\u00edpio. A Secretaria de Desenvolvimento Econ\u00f4mico integra a Escola das Profiss\u00f5es nos eixos 2 e 3, que envolvem as forma\u00e7\u00f5es para a ind\u00fastria, em parceria com o setor empresarial e o Senai-RS, e tamb\u00e9m as focadas no setor de com\u00e9rcio e servi\u00e7os. \u201cMuitas destas pessoas acabam, posteriormente, participando do Caf\u00e9 com Emprego, que \u00e9 outro programa da Prefeitura direcionado para o mercado de trabalho, e sendo mais facilmente contratadas, justamente, por terem participado da Escola das Profiss\u00f5es\u201d, refor\u00e7ou Oliveira.<br><br>Dados da coordena\u00e7\u00e3o da Escola das Profiss\u00f5es mostram que a maior parte dos alunos participantes dos cursos dos eixos 2 e 3 t\u00eam entre 18 e 29 anos e que, al\u00e9m dos cursos da \u00e1rea da ind\u00fastria, os que apresentam a maior procura est\u00e3o nos setores de assistente administrativo, de recursos humanos, de log\u00edstica, cuidador de idosos, corte e costura, inform\u00e1tica b\u00e1sica e manicure e pedicure. \u201cIsso demonstra que estamos construindo boas alternativas de profissionaliza\u00e7\u00e3o e inser\u00e7\u00e3o no mercado de trabalho para os passo-fundenses\u201d, resumiu o prefeito, destacando que uma s\u00e9rie de atividades est\u00e3o sendo programadas para marcar o anivers\u00e1rio de funcionamento do programa da Prefeitura. \u201cPrecisamos comemorar os resultados obtidos e divulgar ainda mais os cursos gratuitos e de forma\u00e7\u00e3o profissional para a nossa comunidade\u201d.<\/p>\n","protected":false},"excerpt":{"rendered":"<p>Criado pela Prefeitura em 2022, programa j\u00e1 inseriu mais de 500 pessoas no mercado de trabalho. Cursos mais procurados s\u00e3o as da \u00e1rea de est\u00e9tica, atendimento ao cliente, corte e costura e cuidado de idosos<\/p>\n","protected":false},"author":6,"featured_media":9370,"comment_status":"closed","ping_status":"closed","sticky":true,"template":"","format":"standard","meta":{"footnotes":""},"categories":[1],"tags":[],"class_list":["post-9369","post","type-post","status-publish","format-standard","has-post-thumbnail","hentry","category-sem-categoria"],"yoast_head":"<!-- This site is optimized with the Yoast SEO plugin v23.8 - https:\/\/yoast.com\/wordpress\/plugins\/seo\/ -->\n<title>\u00a0Escola das Profiss\u00f5es j\u00e1 diplomou mais de 1.700 pessoas em um ano de atividades - Secretaria de Educa\u00e7\u00e3o<\/title>\n<meta name=\"robots\" content=\"index, follow, max-snippet:-1, max-image-preview:large, max-video-preview:-1\" \/>\n<link rel=\"canonical\" href=\"https:\/\/www.pmpf.rs.gov.br\/educacao\/2023\/08\/22\/escola-das-profissoes-ja-diplomou-mais-de-1-700-pessoas-em-um-ano-de-atividades\/\" \/>\n<meta property=\"og:locale\" content=\"pt_BR\" \/>\n<meta property=\"og:type\" content=\"article\" \/>\n<meta property=\"og:title\" content=\"\u00a0Escola das Profiss\u00f5es j\u00e1 diplomou mais de 1.700 pessoas em um ano de atividades - Secretaria de Educa\u00e7\u00e3o\" \/>\n<meta property=\"og:description\" content=\"Criado pela Prefeitura em 2022, programa j\u00e1 inseriu mais de 500 pessoas no mercado de trabalho. Cursos mais procurados s\u00e3o as da \u00e1rea de est\u00e9tica, atendimento ao cliente, corte e costura e cuidado de idosos\" \/>\n<meta property=\"og:url\" content=\"https:\/\/www.pmpf.rs.gov.br\/educacao\/2023\/08\/22\/escola-das-profissoes-ja-diplomou-mais-de-1-700-pessoas-em-um-ano-de-atividades\/\" \/>\n<meta property=\"og:site_name\" content=\"Secretaria de Educa\u00e7\u00e3o\" \/>\n<meta property=\"article:published_time\" content=\"2023-08-22T14:13:05+00:00\" \/>\n<meta property=\"article:modified_time\" content=\"2023-08-22T14:13:07+00:00\" \/>\n<meta name=\"author\" content=\"andressazorzetto07\" \/>\n<meta name=\"twitter:card\" content=\"summary_large_image\" \/>\n<meta name=\"twitter:label1\" content=\"Escrito por\" \/>\n\t<meta name=\"twitter:data1\" content=\"andressazorzetto07\" \/>\n\t<meta name=\"twitter:label2\" content=\"Est. tempo de leitura\" \/>\n\t<meta name=\"twitter:data2\" content=\"3 minutos\" \/>\n<script type=\"application\/ld+json\" class=\"yoast-schema-graph\">{\"@context\":\"https:\/\/schema.org\",\"@graph\":[{\"@type\":\"WebPage\",\"@id\":\"https:\/\/www.pmpf.rs.gov.br\/educacao\/2023\/08\/22\/escola-das-profissoes-ja-diplomou-mais-de-1-700-pessoas-em-um-ano-de-atividades\/\",\"url\":\"https:\/\/www.pmpf.rs.gov.br\/educacao\/2023\/08\/22\/escola-das-profissoes-ja-diplomou-mais-de-1-700-pessoas-em-um-ano-de-atividades\/\",\"name\":\"\u00a0Escola das Profiss\u00f5es j\u00e1 diplomou mais de 1.700 pessoas em um ano de atividades - Secretaria de Educa\u00e7\u00e3o\",\"isPartOf\":{\"@id\":\"https:\/\/www.pmpf.rs.gov.br\/educacao\/#website\"},\"primaryImageOfPage\":{\"@id\":\"https:\/\/www.pmpf.rs.gov.br\/educacao\/2023\/08\/22\/escola-das-profissoes-ja-diplomou-mais-de-1-700-pessoas-em-um-ano-de-atividades\/#primaryimage\"},\"image\":{\"@id\":\"https:\/\/www.pmpf.rs.gov.br\/educacao\/2023\/08\/22\/escola-das-profissoes-ja-diplomou-mais-de-1-700-pessoas-em-um-ano-de-atividades\/#primaryimage\"},\"thumbnailUrl\":\"https:\/\/www.pmpf.rs.gov.br\/educacao\/wp-content\/uploads\/sites\/43\/2023\/08\/escola-das-profissoes.jpg\",\"datePublished\":\"2023-08-22T14:13:05+00:00\",\"dateModified\":\"2023-08-22T14:13:07+00:00\",\"author\":{\"@id\":\"https:\/\/www.pmpf.rs.gov.br\/educacao\/#\/schema\/person\/30ee1d1bd74da1469b01fcf086e43351\"},\"inLanguage\":\"pt-BR\",\"potentialAction\":[{\"@type\":\"ReadAction\",\"target\":[\"https:\/\/www.pmpf.rs.gov.br\/educacao\/2023\/08\/22\/escola-das-profissoes-ja-diplomou-mais-de-1-700-pessoas-em-um-ano-de-atividades\/\"]}]},{\"@type\":\"ImageObject\",\"inLanguage\":\"pt-BR\",\"@id\":\"https:\/\/www.pmpf.rs.gov.br\/educacao\/2023\/08\/22\/escola-das-profissoes-ja-diplomou-mais-de-1-700-pessoas-em-um-ano-de-atividades\/#primaryimage\",\"url\":\"https:\/\/www.pmpf.rs.gov.br\/educacao\/wp-content\/uploads\/sites\/43\/2023\/08\/escola-das-profissoes.jpg\",\"contentUrl\":\"https:\/\/www.pmpf.rs.gov.br\/educacao\/wp-content\/uploads\/sites\/43\/2023\/08\/escola-das-profissoes.jpg\",\"width\":1600,\"height\":1070},{\"@type\":\"WebSite\",\"@id\":\"https:\/\/www.pmpf.rs.gov.br\/educacao\/#website\",\"url\":\"https:\/\/www.pmpf.rs.gov.br\/educacao\/\",\"name\":\"Secretaria de Educa\u00e7\u00e3o\",\"description\":\"Secretaria de Educa\u00e7\u00e3o da cidade de Passo Fundo\",\"potentialAction\":[{\"@type\":\"SearchAction\",\"target\":{\"@type\":\"EntryPoint\",\"urlTemplate\":\"https:\/\/www.pmpf.rs.gov.br\/educacao\/?s={search_term_string}\"},\"query-input\":{\"@type\":\"PropertyValueSpecification\",\"valueRequired\":true,\"valueName\":\"search_term_string\"}}],\"inLanguage\":\"pt-BR\"},{\"@type\":\"Person\",\"@id\":\"https:\/\/www.pmpf.rs.gov.br\/educacao\/#\/schema\/person\/30ee1d1bd74da1469b01fcf086e43351\",\"name\":\"andressazorzetto07\",\"image\":{\"@type\":\"ImageObject\",\"inLanguage\":\"pt-BR\",\"@id\":\"https:\/\/www.pmpf.rs.gov.br\/educacao\/#\/schema\/person\/image\/\",\"url\":\"https:\/\/secure.gravatar.com\/avatar\/14c5458ed79dc81da99a13b9ff5f9f19?s=96&d=mm&r=g\",\"contentUrl\":\"https:\/\/secure.gravatar.com\/avatar\/14c5458ed79dc81da99a13b9ff5f9f19?s=96&d=mm&r=g\",\"caption\":\"andressazorzetto07\"},\"url\":\"https:\/\/www.pmpf.rs.gov.br\/educacao\/author\/andressazorzetto07\/\"}]}<\/script>\n<!-- \/ Yoast SEO plugin. -->","yoast_head_json":{"title":"\u00a0Escola das Profiss\u00f5es j\u00e1 diplomou mais de 1.700 pessoas em um ano de atividades - Secretaria de Educa\u00e7\u00e3o","robots":{"index":"index","follow":"follow","max-snippet":"max-snippet:-1","max-image-preview":"max-image-preview:large","max-video-preview":"max-video-preview:-1"},"canonical":"https:\/\/www.pmpf.rs.gov.br\/educacao\/2023\/08\/22\/escola-das-profissoes-ja-diplomou-mais-de-1-700-pessoas-em-um-ano-de-atividades\/","og_locale":"pt_BR","og_type":"article","og_title":"\u00a0Escola das Profiss\u00f5es j\u00e1 diplomou mais de 1.700 pessoas em um ano de atividades - Secretaria de Educa\u00e7\u00e3o","og_description":"Criado pela Prefeitura em 2022, programa j\u00e1 inseriu mais de 500 pessoas no mercado de trabalho. Cursos mais procurados s\u00e3o as da \u00e1rea de est\u00e9tica, atendimento ao cliente, corte e costura e cuidado de idosos","og_url":"https:\/\/www.pmpf.rs.gov.br\/educacao\/2023\/08\/22\/escola-das-profissoes-ja-diplomou-mais-de-1-700-pessoas-em-um-ano-de-atividades\/","og_site_name":"Secretaria de Educa\u00e7\u00e3o","article_published_time":"2023-08-22T14:13:05+00:00","article_modified_time":"2023-08-22T14:13:07+00:00","author":"andressazorzetto07","twitter_card":"summary_large_image","twitter_misc":{"Escrito por":"andressazorzetto07","Est. tempo de leitura":"3 minutos"},"schema":{"@context":"https:\/\/schema.org","@graph":[{"@type":"WebPage","@id":"https:\/\/www.pmpf.rs.gov.br\/educacao\/2023\/08\/22\/escola-das-profissoes-ja-diplomou-mais-de-1-700-pessoas-em-um-ano-de-atividades\/","url":"https:\/\/www.pmpf.rs.gov.br\/educacao\/2023\/08\/22\/escola-das-profissoes-ja-diplomou-mais-de-1-700-pessoas-em-um-ano-de-atividades\/","name":"\u00a0Escola das Profiss\u00f5es j\u00e1 diplomou mais de 1.700 pessoas em um ano de atividades - Secretaria de Educa\u00e7\u00e3o","isPartOf":{"@id":"https:\/\/www.pmpf.rs.gov.br\/educacao\/#website"},"primaryImageOfPage":{"@id":"https:\/\/www.pmpf.rs.gov.br\/educacao\/2023\/08\/22\/escola-das-profissoes-ja-diplomou-mais-de-1-700-pessoas-em-um-ano-de-atividades\/#primaryimage"},"image":{"@id":"https:\/\/www.pmpf.rs.gov.br\/educacao\/2023\/08\/22\/escola-das-profissoes-ja-diplomou-mais-de-1-700-pessoas-em-um-ano-de-atividades\/#primaryimage"},"thumbnailUrl":"https:\/\/www.pmpf.rs.gov.br\/educacao\/wp-content\/uploads\/sites\/43\/2023\/08\/escola-das-profissoes.jpg","datePublished":"2023-08-22T14:13:05+00:00","dateModified":"2023-08-22T14:13:07+00:00","author":{"@id":"https:\/\/www.pmpf.rs.gov.br\/educacao\/#\/schema\/person\/30ee1d1bd74da1469b01fcf086e43351"},"inLanguage":"pt-BR","potentialAction":[{"@type":"ReadAction","target":["https:\/\/www.pmpf.rs.gov.br\/educacao\/2023\/08\/22\/escola-das-profissoes-ja-diplomou-mais-de-1-700-pessoas-em-um-ano-de-atividades\/"]}]},{"@type":"ImageObject","inLanguage":"pt-BR","@id":"https:\/\/www.pmpf.rs.gov.br\/educacao\/2023\/08\/22\/escola-das-profissoes-ja-diplomou-mais-de-1-700-pessoas-em-um-ano-de-atividades\/#primaryimage","url":"https:\/\/www.pmpf.rs.gov.br\/educacao\/wp-content\/uploads\/sites\/43\/2023\/08\/escola-das-profissoes.jpg","contentUrl":"https:\/\/www.pmpf.rs.gov.br\/educacao\/wp-content\/uploads\/sites\/43\/2023\/08\/escola-das-profissoes.jpg","width":1600,"height":1070},{"@type":"WebSite","@id":"https:\/\/www.pmpf.rs.gov.br\/educacao\/#website","url":"https:\/\/www.pmpf.rs.gov.br\/educacao\/","name":"Secretaria de Educa\u00e7\u00e3o","description":"Secretaria de Educa\u00e7\u00e3o da cidade de Passo Fundo","potentialAction":[{"@type":"SearchAction","target":{"@type":"EntryPoint","urlTemplate":"https:\/\/www.pmpf.rs.gov.br\/educacao\/?s={search_term_string}"},"query-input":{"@type":"PropertyValueSpecification","valueRequired":true,"valueName":"search_term_string"}}],"inLanguage":"pt-BR"},{"@type":"Person","@id":"https:\/\/www.pmpf.rs.gov.br\/educacao\/#\/schema\/person\/30ee1d1bd74da1469b01fcf086e43351","name":"andressazorzetto07","image":{"@type":"ImageObject","inLanguage":"pt-BR","@id":"https:\/\/www.pmpf.rs.gov.br\/educacao\/#\/schema\/person\/image\/","url":"https:\/\/secure.gravatar.com\/avatar\/14c5458ed79dc81da99a13b9ff5f9f19?s=96&d=mm&r=g","contentUrl":"https:\/\/secure.gravatar.com\/avatar\/14c5458ed79dc81da99a13b9ff5f9f19?s=96&d=mm&r=g","caption":"andressazorzetto07"},"url":"https:\/\/www.pmpf.rs.gov.br\/educacao\/author\/andressazorzetto07\/"}]}},"_links":{"self":[{"href":"https:\/\/www.pmpf.rs.gov.br\/educacao\/wp-json\/wp\/v2\/posts\/9369"}],"collection":[{"href":"https:\/\/www.pmpf.rs.gov.br\/educacao\/wp-json\/wp\/v2\/posts"}],"about":[{"href":"https:\/\/www.pmpf.rs.gov.br\/educacao\/wp-json\/wp\/v2\/types\/post"}],"author":[{"embeddable":true,"href":"https:\/\/www.pmpf.rs.gov.br\/educacao\/wp-json\/wp\/v2\/users\/6"}],"replies":[{"embeddable":true,"href":"https:\/\/www.pmpf.rs.gov.br\/educacao\/wp-json\/wp\/v2\/comments?post=9369"}],"version-history":[{"count":1,"href":"https:\/\/www.pmpf.rs.gov.br\/educacao\/wp-json\/wp\/v2\/posts\/9369\/revisions"}],"predecessor-version":[{"id":9371,"href":"https:\/\/www.pmpf.rs.gov.br\/educacao\/wp-json\/wp\/v2\/posts\/9369\/revisions\/9371"}],"wp:featuredmedia":[{"embeddable":true,"href":"https:\/\/www.pmpf.rs.gov.br\/educacao\/wp-json\/wp\/v2\/media\/9370"}],"wp:attachment":[{"href":"https:\/\/www.pmpf.rs.gov.br\/educacao\/wp-json\/wp\/v2\/media?parent=9369"}],"wp:term":[{"taxonomy":"category","embeddable":true,"href":"https:\/\/www.pmpf.rs.gov.br\/educacao\/wp-json\/wp\/v2\/categories?post=9369"},{"taxonomy":"post_tag","embeddable":true,"href":"https:\/\/www.pmpf.rs.gov.br\/educacao\/wp-json\/wp\/v2\/tags?post=9369"}],"curies":[{"name":"wp","href":"https:\/\/api.w.org\/{rel}","templated":true}]}}