{"id":9317,"date":"2023-07-31T16:00:17","date_gmt":"2023-07-31T19:00:17","guid":{"rendered":"https:\/\/www.pmpf.rs.gov.br\/educacao\/?p=9317"},"modified":"2023-07-31T16:00:34","modified_gmt":"2023-07-31T19:00:34","slug":"prefeito-pedro-anuncia-criacao-da-escola-publica-de-geracoes","status":"publish","type":"post","link":"https:\/\/www.pmpf.rs.gov.br\/educacao\/2023\/07\/31\/prefeito-pedro-anuncia-criacao-da-escola-publica-de-geracoes\/","title":{"rendered":"Prefeito Pedro anuncia cria\u00e7\u00e3o da Escola P\u00fablica de Gera\u00e7\u00f5es"},"content":{"rendered":"\n<p><\/p>\n\n\n\n<p>Dentro das programa\u00e7\u00f5es alusivas ao anivers\u00e1rio de 166 anos de Passo Fundo, o prefeito, Pedro Almeida, anunciou, na tarde desta segunda-feira (31), a cria\u00e7\u00e3o da Escola P\u00fablica de Gera\u00e7\u00f5es. A proposta, explicou o chefe do Executivo Municipal, \u00e9 valorizar e reconhecer a experi\u00eancia e os conhecimentos dos idosos que participam das atividades do DATI\/COMAI e promover um ambiente de educa\u00e7\u00e3o que estimule o ensino e a aprendizagem para al\u00e9m das salas de aula.<\/p>\n\n\n\n<p>Durante o ato, ocorrido na sede da Escola das Profiss\u00f5es, o prefeito comentou que a iniciativa da Escola P\u00fablica de Gera\u00e7\u00f5es tamb\u00e9m representa uma das a\u00e7\u00f5es idealizadas pela Administra\u00e7\u00e3o como uma pr\u00e1tica de Cidade Educadora, programa internacional ao qual o Munic\u00edpio \u00e9 signat\u00e1rio. \u201cAs escolas p\u00fablicas, a exemplo da Escola P\u00fablica de M\u00fasica Yamandu Costa, oferecem um incentivo extra aos alunos e a toda a comunidade para que diferentes conhecimentos sejam compartilhados, levando para todos os espa\u00e7os da cidade estas propostas\u201d, destacou Pedro, complementando que a inten\u00e7\u00e3o da Escola de Gera\u00e7\u00f5es \u00e9 \u201cfazer um interc\u00e2mbio entre as pessoas que ajudaram a construir Passo Fundo e as novas gera\u00e7\u00f5es, que assumem este compromisso com a gente\u201d.<\/p>\n\n\n\n<p>A organiza\u00e7\u00e3o dos eventos e das oficinas que ser\u00e3o ministradas na Escola est\u00e3o sob a supervis\u00e3o da da Secretaria Municipal de Educa\u00e7\u00e3o, que tamb\u00e9m gestiona o projeto pedag\u00f3gico da iniciativa, e da Coordenadoria Municipal de Aten\u00e7\u00e3o ao Idoso. Para o secret\u00e1rio de Educa\u00e7\u00e3o, Adriano Canabarro Teixeira, mais do que um espa\u00e7o de interc\u00e2mbio cultural, a Escola P\u00fablica de Gera\u00e7\u00f5es busca organizar uma nova forma de transmitir conhecimento, desterritorializando pr\u00e1ticas pedag\u00f3gicas e impulsionando maneiras diferentes de estimular as rela\u00e7\u00f5es sociais. \u201cN\u00e3o s\u00e3o apenas os idosos que ministrar\u00e3o oficinas, mas tamb\u00e9m os jovens poder\u00e3o ser professores. Os resultados desse processo ser\u00e3o bastante significativos\u201d, comentou ele.<\/p>\n\n\n\n<p>Com atividades previstas para iniciarem na segunda semana de agosto, poder\u00e3o participar das oficinas, al\u00e9m dos alunos das escolas municipais e dos idosos que participam do DATI\/COMAI, pessoas da comunidade em geral. A coordenadora de Aten\u00e7\u00e3o ao Idoso, T\u00e2nia Carraro, acredita que a rela\u00e7\u00e3o entre as gera\u00e7\u00f5es trar\u00e1 in\u00fameros benef\u00edcios para todos os participantes. \u201cO projeto foi constru\u00eddo buscando trazer o idoso como protagonista de sua hist\u00f3ria e trajet\u00f3ria de vida, assim transferindo os seus conhecimentos para as demais gera\u00e7\u00f5es. A troca m\u00fatua de aprendizagem enriquece e contribui para uma educa\u00e7\u00e3o de qualidade\u201d, avaliou ela, acrescentando que as inscri\u00e7\u00f5es das pessoas interessadas podem ser feitas diretamente na sede do DATI\/COMAI.<\/p>\n\n\n\n<p>Al\u00e9m de secret\u00e1rios municipais e vereadores, o lan\u00e7amento do projeto da Escola P\u00fablica de Gera\u00e7\u00f5es contou com a participa\u00e7\u00e3o do professor e escritor, Agostinho Both; do presidente da C\u00e2mara de Vereadores, Alberi Grando; do vice-prefeito, Jo\u00e3o Pedro Nunes; e do deputado federal, Luciano Azevedo, que aproveitou o espa\u00e7o para destacar a relev\u00e2ncia social da iniciativa. \u201cEsta Escola \u00e9 um avan\u00e7o no cuidado com as pessoas\u201d, declarou ele.<\/p>\n\n\n\n<p><strong>Como vai funcionar a Escola P\u00fablica de Gera\u00e7\u00f5es<\/strong><br>De acordo com o secret\u00e1rio de Educa\u00e7\u00e3o, as atividades da Escola P\u00fablica ter\u00e3o o apoio pedag\u00f3gico da SME e ser\u00e3o concentradas na estrutura do DATI\/COMAI. As oficinas ir\u00e3o abordar aspectos de culin\u00e1ria, artesanato e conta\u00e7\u00e3o de hist\u00f3rias e ocorrer\u00e3o, neste primeiro momento, \u00e0s quartas-feiras, no turno da tarde. \u201cAl\u00e9m disso, estamos estruturando um interc\u00e2mbio entre a Escola P\u00fablica de Gera\u00e7\u00f5es e outros programas em andamento, como o Ki_da_Hort@, por exemplo\u201d, finalizou Teixeira.<\/p>\n","protected":false},"excerpt":{"rendered":"<p>Iniciativas ser\u00e3o coordenadas pela Secretaria de Educa\u00e7\u00e3o e pela Coordenadoria Municipal de Aten\u00e7\u00e3o ao Idoso. Entre os objetivos do projeto est\u00e1 a valoriza\u00e7\u00e3o da experi\u00eancia dos idosos que participam dos grupos da Melhor Idade e a promo\u00e7\u00e3o de um ambiente educativo para al\u00e9m das salas de aula<\/p>\n","protected":false},"author":6,"featured_media":9318,"comment_status":"closed","ping_status":"closed","sticky":true,"template":"","format":"standard","meta":{"footnotes":""},"categories":[1],"tags":[],"class_list":["post-9317","post","type-post","status-publish","format-standard","has-post-thumbnail","hentry","category-sem-categoria"],"yoast_head":"<!-- This site is optimized with the Yoast SEO plugin v23.8 - https:\/\/yoast.com\/wordpress\/plugins\/seo\/ -->\n<title>Prefeito Pedro anuncia cria\u00e7\u00e3o da Escola P\u00fablica de Gera\u00e7\u00f5es - Secretaria de Educa\u00e7\u00e3o<\/title>\n<meta name=\"robots\" content=\"index, follow, max-snippet:-1, max-image-preview:large, max-video-preview:-1\" \/>\n<link rel=\"canonical\" href=\"https:\/\/www.pmpf.rs.gov.br\/educacao\/2023\/07\/31\/prefeito-pedro-anuncia-criacao-da-escola-publica-de-geracoes\/\" \/>\n<meta property=\"og:locale\" content=\"pt_BR\" \/>\n<meta property=\"og:type\" content=\"article\" \/>\n<meta property=\"og:title\" content=\"Prefeito Pedro anuncia cria\u00e7\u00e3o da Escola P\u00fablica de Gera\u00e7\u00f5es - Secretaria de Educa\u00e7\u00e3o\" \/>\n<meta property=\"og:description\" content=\"Iniciativas ser\u00e3o coordenadas pela Secretaria de Educa\u00e7\u00e3o e pela Coordenadoria Municipal de Aten\u00e7\u00e3o ao Idoso. Entre os objetivos do projeto est\u00e1 a valoriza\u00e7\u00e3o da experi\u00eancia dos idosos que participam dos grupos da Melhor Idade e a promo\u00e7\u00e3o de um ambiente educativo para al\u00e9m das salas de aula\" \/>\n<meta property=\"og:url\" content=\"https:\/\/www.pmpf.rs.gov.br\/educacao\/2023\/07\/31\/prefeito-pedro-anuncia-criacao-da-escola-publica-de-geracoes\/\" \/>\n<meta property=\"og:site_name\" content=\"Secretaria de Educa\u00e7\u00e3o\" \/>\n<meta property=\"article:published_time\" content=\"2023-07-31T19:00:17+00:00\" \/>\n<meta property=\"article:modified_time\" content=\"2023-07-31T19:00:34+00:00\" \/>\n<meta name=\"author\" content=\"andressazorzetto07\" \/>\n<meta name=\"twitter:card\" content=\"summary_large_image\" \/>\n<meta name=\"twitter:label1\" content=\"Escrito por\" \/>\n\t<meta name=\"twitter:data1\" content=\"andressazorzetto07\" \/>\n\t<meta name=\"twitter:label2\" content=\"Est. tempo de leitura\" \/>\n\t<meta name=\"twitter:data2\" content=\"3 minutos\" \/>\n<script type=\"application\/ld+json\" class=\"yoast-schema-graph\">{\"@context\":\"https:\/\/schema.org\",\"@graph\":[{\"@type\":\"WebPage\",\"@id\":\"https:\/\/www.pmpf.rs.gov.br\/educacao\/2023\/07\/31\/prefeito-pedro-anuncia-criacao-da-escola-publica-de-geracoes\/\",\"url\":\"https:\/\/www.pmpf.rs.gov.br\/educacao\/2023\/07\/31\/prefeito-pedro-anuncia-criacao-da-escola-publica-de-geracoes\/\",\"name\":\"Prefeito Pedro anuncia cria\u00e7\u00e3o da Escola P\u00fablica de Gera\u00e7\u00f5es - Secretaria de Educa\u00e7\u00e3o\",\"isPartOf\":{\"@id\":\"https:\/\/www.pmpf.rs.gov.br\/educacao\/#website\"},\"primaryImageOfPage\":{\"@id\":\"https:\/\/www.pmpf.rs.gov.br\/educacao\/2023\/07\/31\/prefeito-pedro-anuncia-criacao-da-escola-publica-de-geracoes\/#primaryimage\"},\"image\":{\"@id\":\"https:\/\/www.pmpf.rs.gov.br\/educacao\/2023\/07\/31\/prefeito-pedro-anuncia-criacao-da-escola-publica-de-geracoes\/#primaryimage\"},\"thumbnailUrl\":\"https:\/\/www.pmpf.rs.gov.br\/educacao\/wp-content\/uploads\/sites\/43\/2023\/07\/escola-de-geracoes.jpg\",\"datePublished\":\"2023-07-31T19:00:17+00:00\",\"dateModified\":\"2023-07-31T19:00:34+00:00\",\"author\":{\"@id\":\"https:\/\/www.pmpf.rs.gov.br\/educacao\/#\/schema\/person\/30ee1d1bd74da1469b01fcf086e43351\"},\"inLanguage\":\"pt-BR\",\"potentialAction\":[{\"@type\":\"ReadAction\",\"target\":[\"https:\/\/www.pmpf.rs.gov.br\/educacao\/2023\/07\/31\/prefeito-pedro-anuncia-criacao-da-escola-publica-de-geracoes\/\"]}]},{\"@type\":\"ImageObject\",\"inLanguage\":\"pt-BR\",\"@id\":\"https:\/\/www.pmpf.rs.gov.br\/educacao\/2023\/07\/31\/prefeito-pedro-anuncia-criacao-da-escola-publica-de-geracoes\/#primaryimage\",\"url\":\"https:\/\/www.pmpf.rs.gov.br\/educacao\/wp-content\/uploads\/sites\/43\/2023\/07\/escola-de-geracoes.jpg\",\"contentUrl\":\"https:\/\/www.pmpf.rs.gov.br\/educacao\/wp-content\/uploads\/sites\/43\/2023\/07\/escola-de-geracoes.jpg\",\"width\":1600,\"height\":1066},{\"@type\":\"WebSite\",\"@id\":\"https:\/\/www.pmpf.rs.gov.br\/educacao\/#website\",\"url\":\"https:\/\/www.pmpf.rs.gov.br\/educacao\/\",\"name\":\"Secretaria de Educa\u00e7\u00e3o\",\"description\":\"Secretaria de Educa\u00e7\u00e3o da cidade de Passo Fundo\",\"potentialAction\":[{\"@type\":\"SearchAction\",\"target\":{\"@type\":\"EntryPoint\",\"urlTemplate\":\"https:\/\/www.pmpf.rs.gov.br\/educacao\/?s={search_term_string}\"},\"query-input\":{\"@type\":\"PropertyValueSpecification\",\"valueRequired\":true,\"valueName\":\"search_term_string\"}}],\"inLanguage\":\"pt-BR\"},{\"@type\":\"Person\",\"@id\":\"https:\/\/www.pmpf.rs.gov.br\/educacao\/#\/schema\/person\/30ee1d1bd74da1469b01fcf086e43351\",\"name\":\"andressazorzetto07\",\"image\":{\"@type\":\"ImageObject\",\"inLanguage\":\"pt-BR\",\"@id\":\"https:\/\/www.pmpf.rs.gov.br\/educacao\/#\/schema\/person\/image\/\",\"url\":\"https:\/\/secure.gravatar.com\/avatar\/14c5458ed79dc81da99a13b9ff5f9f19?s=96&d=mm&r=g\",\"contentUrl\":\"https:\/\/secure.gravatar.com\/avatar\/14c5458ed79dc81da99a13b9ff5f9f19?s=96&d=mm&r=g\",\"caption\":\"andressazorzetto07\"},\"url\":\"https:\/\/www.pmpf.rs.gov.br\/educacao\/author\/andressazorzetto07\/\"}]}<\/script>\n<!-- \/ Yoast SEO plugin. -->","yoast_head_json":{"title":"Prefeito Pedro anuncia cria\u00e7\u00e3o da Escola P\u00fablica de Gera\u00e7\u00f5es - Secretaria de Educa\u00e7\u00e3o","robots":{"index":"index","follow":"follow","max-snippet":"max-snippet:-1","max-image-preview":"max-image-preview:large","max-video-preview":"max-video-preview:-1"},"canonical":"https:\/\/www.pmpf.rs.gov.br\/educacao\/2023\/07\/31\/prefeito-pedro-anuncia-criacao-da-escola-publica-de-geracoes\/","og_locale":"pt_BR","og_type":"article","og_title":"Prefeito Pedro anuncia cria\u00e7\u00e3o da Escola P\u00fablica de Gera\u00e7\u00f5es - Secretaria de Educa\u00e7\u00e3o","og_description":"Iniciativas ser\u00e3o coordenadas pela Secretaria de Educa\u00e7\u00e3o e pela Coordenadoria Municipal de Aten\u00e7\u00e3o ao Idoso. Entre os objetivos do projeto est\u00e1 a valoriza\u00e7\u00e3o da experi\u00eancia dos idosos que participam dos grupos da Melhor Idade e a promo\u00e7\u00e3o de um ambiente educativo para al\u00e9m das salas de aula","og_url":"https:\/\/www.pmpf.rs.gov.br\/educacao\/2023\/07\/31\/prefeito-pedro-anuncia-criacao-da-escola-publica-de-geracoes\/","og_site_name":"Secretaria de Educa\u00e7\u00e3o","article_published_time":"2023-07-31T19:00:17+00:00","article_modified_time":"2023-07-31T19:00:34+00:00","author":"andressazorzetto07","twitter_card":"summary_large_image","twitter_misc":{"Escrito por":"andressazorzetto07","Est. tempo de leitura":"3 minutos"},"schema":{"@context":"https:\/\/schema.org","@graph":[{"@type":"WebPage","@id":"https:\/\/www.pmpf.rs.gov.br\/educacao\/2023\/07\/31\/prefeito-pedro-anuncia-criacao-da-escola-publica-de-geracoes\/","url":"https:\/\/www.pmpf.rs.gov.br\/educacao\/2023\/07\/31\/prefeito-pedro-anuncia-criacao-da-escola-publica-de-geracoes\/","name":"Prefeito Pedro anuncia cria\u00e7\u00e3o da Escola P\u00fablica de Gera\u00e7\u00f5es - Secretaria de Educa\u00e7\u00e3o","isPartOf":{"@id":"https:\/\/www.pmpf.rs.gov.br\/educacao\/#website"},"primaryImageOfPage":{"@id":"https:\/\/www.pmpf.rs.gov.br\/educacao\/2023\/07\/31\/prefeito-pedro-anuncia-criacao-da-escola-publica-de-geracoes\/#primaryimage"},"image":{"@id":"https:\/\/www.pmpf.rs.gov.br\/educacao\/2023\/07\/31\/prefeito-pedro-anuncia-criacao-da-escola-publica-de-geracoes\/#primaryimage"},"thumbnailUrl":"https:\/\/www.pmpf.rs.gov.br\/educacao\/wp-content\/uploads\/sites\/43\/2023\/07\/escola-de-geracoes.jpg","datePublished":"2023-07-31T19:00:17+00:00","dateModified":"2023-07-31T19:00:34+00:00","author":{"@id":"https:\/\/www.pmpf.rs.gov.br\/educacao\/#\/schema\/person\/30ee1d1bd74da1469b01fcf086e43351"},"inLanguage":"pt-BR","potentialAction":[{"@type":"ReadAction","target":["https:\/\/www.pmpf.rs.gov.br\/educacao\/2023\/07\/31\/prefeito-pedro-anuncia-criacao-da-escola-publica-de-geracoes\/"]}]},{"@type":"ImageObject","inLanguage":"pt-BR","@id":"https:\/\/www.pmpf.rs.gov.br\/educacao\/2023\/07\/31\/prefeito-pedro-anuncia-criacao-da-escola-publica-de-geracoes\/#primaryimage","url":"https:\/\/www.pmpf.rs.gov.br\/educacao\/wp-content\/uploads\/sites\/43\/2023\/07\/escola-de-geracoes.jpg","contentUrl":"https:\/\/www.pmpf.rs.gov.br\/educacao\/wp-content\/uploads\/sites\/43\/2023\/07\/escola-de-geracoes.jpg","width":1600,"height":1066},{"@type":"WebSite","@id":"https:\/\/www.pmpf.rs.gov.br\/educacao\/#website","url":"https:\/\/www.pmpf.rs.gov.br\/educacao\/","name":"Secretaria de Educa\u00e7\u00e3o","description":"Secretaria de Educa\u00e7\u00e3o da cidade de Passo Fundo","potentialAction":[{"@type":"SearchAction","target":{"@type":"EntryPoint","urlTemplate":"https:\/\/www.pmpf.rs.gov.br\/educacao\/?s={search_term_string}"},"query-input":{"@type":"PropertyValueSpecification","valueRequired":true,"valueName":"search_term_string"}}],"inLanguage":"pt-BR"},{"@type":"Person","@id":"https:\/\/www.pmpf.rs.gov.br\/educacao\/#\/schema\/person\/30ee1d1bd74da1469b01fcf086e43351","name":"andressazorzetto07","image":{"@type":"ImageObject","inLanguage":"pt-BR","@id":"https:\/\/www.pmpf.rs.gov.br\/educacao\/#\/schema\/person\/image\/","url":"https:\/\/secure.gravatar.com\/avatar\/14c5458ed79dc81da99a13b9ff5f9f19?s=96&d=mm&r=g","contentUrl":"https:\/\/secure.gravatar.com\/avatar\/14c5458ed79dc81da99a13b9ff5f9f19?s=96&d=mm&r=g","caption":"andressazorzetto07"},"url":"https:\/\/www.pmpf.rs.gov.br\/educacao\/author\/andressazorzetto07\/"}]}},"_links":{"self":[{"href":"https:\/\/www.pmpf.rs.gov.br\/educacao\/wp-json\/wp\/v2\/posts\/9317"}],"collection":[{"href":"https:\/\/www.pmpf.rs.gov.br\/educacao\/wp-json\/wp\/v2\/posts"}],"about":[{"href":"https:\/\/www.pmpf.rs.gov.br\/educacao\/wp-json\/wp\/v2\/types\/post"}],"author":[{"embeddable":true,"href":"https:\/\/www.pmpf.rs.gov.br\/educacao\/wp-json\/wp\/v2\/users\/6"}],"replies":[{"embeddable":true,"href":"https:\/\/www.pmpf.rs.gov.br\/educacao\/wp-json\/wp\/v2\/comments?post=9317"}],"version-history":[{"count":1,"href":"https:\/\/www.pmpf.rs.gov.br\/educacao\/wp-json\/wp\/v2\/posts\/9317\/revisions"}],"predecessor-version":[{"id":9319,"href":"https:\/\/www.pmpf.rs.gov.br\/educacao\/wp-json\/wp\/v2\/posts\/9317\/revisions\/9319"}],"wp:featuredmedia":[{"embeddable":true,"href":"https:\/\/www.pmpf.rs.gov.br\/educacao\/wp-json\/wp\/v2\/media\/9318"}],"wp:attachment":[{"href":"https:\/\/www.pmpf.rs.gov.br\/educacao\/wp-json\/wp\/v2\/media?parent=9317"}],"wp:term":[{"taxonomy":"category","embeddable":true,"href":"https:\/\/www.pmpf.rs.gov.br\/educacao\/wp-json\/wp\/v2\/categories?post=9317"},{"taxonomy":"post_tag","embeddable":true,"href":"https:\/\/www.pmpf.rs.gov.br\/educacao\/wp-json\/wp\/v2\/tags?post=9317"}],"curies":[{"name":"wp","href":"https:\/\/api.w.org\/{rel}","templated":true}]}}