{"id":9281,"date":"2023-07-10T14:04:08","date_gmt":"2023-07-10T17:04:08","guid":{"rendered":"https:\/\/www.pmpf.rs.gov.br\/educacao\/?p=9281"},"modified":"2023-07-10T14:04:18","modified_gmt":"2023-07-10T17:04:18","slug":"prefeito-pedro-almeida-anuncia-obras-e-intervencoes-nas-72-escolas-municipais","status":"publish","type":"post","link":"https:\/\/www.pmpf.rs.gov.br\/educacao\/2023\/07\/10\/prefeito-pedro-almeida-anuncia-obras-e-intervencoes-nas-72-escolas-municipais\/","title":{"rendered":"Prefeito Pedro Almeida anuncia obras e interven\u00e7\u00f5es nas 72 escolas municipais"},"content":{"rendered":"\n<p><\/p>\n\n\n\n<p>Na manh\u00e3 desta segunda-feira (10), o prefeito de Passo Fundo, Pedro Almeida, anunciou um grande pacote de obras e interven\u00e7\u00f5es para as escolas municipais. A a\u00e7\u00e3o \u00e9 resultado de uma escuta feita pelo Executivo \u00e0s 72 institui\u00e7\u00f5es da rede no m\u00eas de maio. O an\u00fancio foi feito na Escola Municipal de Ensino Fundamental (EMEF) Santo Agostinho, no Bairro Nen\u00ea Graeff, com a presen\u00e7a de diretoras de demais escolas.<\/p>\n\n\n\n<p>&#8220;A Educa\u00e7\u00e3o \u00e9 uma das \u00e1reas priorit\u00e1rias da gest\u00e3o, com investimentos que passam pela tecnologia, infraestrutura, capacita\u00e7\u00e3o dos professores e todas condi\u00e7\u00f5es necess\u00e1rias para que sejam desenvolvidos os projetos pedag\u00f3gicos. Quero agradecer a todos os diretores e diretoras das nossas escolas, que participaram da constru\u00e7\u00e3o deste cronograma, dialogando e elencando as demandas. Quando trabalhamos juntos, trouxemos resultados que impactam positivamente na vida das comunidades&#8221;, afirmou o prefeito.<\/p>\n\n\n\n<p>Em um grande plano de obras e interven\u00e7\u00f5es, divididos em tr\u00eas pacotes, dever\u00e3o ser atendidas mais de 700 demandas das 37 EMEIS, 34 EMEFS e a Escola Professora Olga Caetano Dias (Escola dos Autistas). S\u00e3o reformas, quadras, mobili\u00e1rios, revis\u00f5es na rede el\u00e9trica e no telhado, regulariza\u00e7\u00e3o do Plano de Preven\u00e7\u00e3o Contra Inc\u00eandio, entre outras.<\/p>\n\n\n\n<p>Conforme o secret\u00e1rio de Educa\u00e7\u00e3o, Adriano Canabarro Teixeira, as necessidades identificadas como priorit\u00e1rias de cada escola foram ouvidas e organizadas dentro do cronograma. Os tr\u00eas pacotes t\u00eam prazos para conclus\u00e3o entre dezembro de 2023 e junho e dezembro de 2024, respectivamente. \u201cUm grupo de trabalho fez a categoriza\u00e7\u00e3o das demandas, dando in\u00edcio a um trabalho de planejamento para a forma e o tempo de atendimento de cada uma das demandas, considerando o grau de complexidade, aspectos t\u00e9cnicos e tempo de resolu\u00e7\u00e3o. Neste primeiro pacote de a\u00e7\u00f5es, estamos divulgando uma lista individualizada por escola com um total de 454 a\u00e7\u00f5es, representando mais de 56% do total de pedidos realizados pelas diretoras, sendo que toda escola ter\u00e1 ao m\u00ednimo duas a\u00e7\u00f5es atendidas\u201d, enfatizou.<\/p>\n\n\n\n<p>Na oportunidade, cada diretora recebeu uma rela\u00e7\u00e3o de interven\u00e7\u00f5es que ser\u00e3o feitas pela Prefeitura em suas escolas no pacote 1. Assim, vai poder acompanhar o cronograma e a execu\u00e7\u00e3o.<\/p>\n\n\n\n<p>A diretora da EMEF Santo Agostinho, Carla Carrard Pinto, destacou que as a\u00e7\u00f5es previstas para a escola v\u00e3o ao encontro da qualifica\u00e7\u00e3o do ensino prestado. &#8220;N\u00f3s j\u00e1 tivemos o cercamento da escola e a cobertura da quadra, que trouxeram mais seguran\u00e7a. Em breve, teremos o nosso espa\u00e7o maker e um playground, al\u00e9m de interven\u00e7\u00f5es pontuais&#8221;, disse.<\/p>\n\n\n\n<p><\/p>\n\n\n\n<p><strong>Escolas em constru\u00e7\u00e3o<br><\/strong>Al\u00e9m das interven\u00e7\u00f5es nas 72 escolas, a Prefeitura avan\u00e7a nas obras de constru\u00e7\u00e3o das seis novas institui\u00e7\u00f5es municipais: as EMEIS Parque do Sol, Valinhos, C\u00e9sar Santos, Victor Issler e Maggi de C\u00e9saro e a EMEF Petr\u00f3polis.<\/p>\n\n\n\n<p>Segundo o prefeito, o Munic\u00edpio est\u00e1 investindo em novas escolas a fim de ampliar o n\u00famero de vagas na rede, observando a procura crescente. \u201cSer\u00e3o criadas mais de tr\u00eas mil vagas partir destas novas escolas e outras a\u00e7\u00f5es feitas nas institui\u00e7\u00f5es, como a medi\u00e7\u00e3o e constru\u00e7\u00e3o de mais salas de aula\u201d, destacou.<\/p>\n","protected":false},"excerpt":{"rendered":"<p>Ao todo, ser\u00e3o tr\u00eas pacotes de melhorias em infraestrutura, que atender\u00e3o demandas elencadas por cada uma das 37 Escolas de Educa\u00e7\u00e3o Infantil (EMEIS), 34 Escolas de Ensino Fundamental (EMEFS) e a Escola Professora Olga Caetano Dias (Escola dos Autistas)<\/p>\n","protected":false},"author":6,"featured_media":9282,"comment_status":"closed","ping_status":"closed","sticky":true,"template":"","format":"standard","meta":{"footnotes":""},"categories":[1],"tags":[],"class_list":["post-9281","post","type-post","status-publish","format-standard","has-post-thumbnail","hentry","category-sem-categoria"],"yoast_head":"<!-- This site is optimized with the Yoast SEO plugin v23.8 - https:\/\/yoast.com\/wordpress\/plugins\/seo\/ -->\n<title>Prefeito Pedro Almeida anuncia obras e interven\u00e7\u00f5es nas 72 escolas municipais - Secretaria de Educa\u00e7\u00e3o<\/title>\n<meta name=\"robots\" content=\"index, follow, max-snippet:-1, max-image-preview:large, max-video-preview:-1\" \/>\n<link rel=\"canonical\" href=\"https:\/\/www.pmpf.rs.gov.br\/educacao\/2023\/07\/10\/prefeito-pedro-almeida-anuncia-obras-e-intervencoes-nas-72-escolas-municipais\/\" \/>\n<meta property=\"og:locale\" content=\"pt_BR\" \/>\n<meta property=\"og:type\" content=\"article\" \/>\n<meta property=\"og:title\" content=\"Prefeito Pedro Almeida anuncia obras e interven\u00e7\u00f5es nas 72 escolas municipais - Secretaria de Educa\u00e7\u00e3o\" \/>\n<meta property=\"og:description\" content=\"Ao todo, ser\u00e3o tr\u00eas pacotes de melhorias em infraestrutura, que atender\u00e3o demandas elencadas por cada uma das 37 Escolas de Educa\u00e7\u00e3o Infantil (EMEIS), 34 Escolas de Ensino Fundamental (EMEFS) e a Escola Professora Olga Caetano Dias (Escola dos Autistas)\" \/>\n<meta property=\"og:url\" content=\"https:\/\/www.pmpf.rs.gov.br\/educacao\/2023\/07\/10\/prefeito-pedro-almeida-anuncia-obras-e-intervencoes-nas-72-escolas-municipais\/\" \/>\n<meta property=\"og:site_name\" content=\"Secretaria de Educa\u00e7\u00e3o\" \/>\n<meta property=\"article:published_time\" content=\"2023-07-10T17:04:08+00:00\" \/>\n<meta property=\"article:modified_time\" content=\"2023-07-10T17:04:18+00:00\" \/>\n<meta name=\"author\" content=\"andressazorzetto07\" \/>\n<meta name=\"twitter:card\" content=\"summary_large_image\" \/>\n<meta name=\"twitter:label1\" content=\"Escrito por\" \/>\n\t<meta name=\"twitter:data1\" content=\"andressazorzetto07\" \/>\n\t<meta name=\"twitter:label2\" content=\"Est. tempo de leitura\" \/>\n\t<meta name=\"twitter:data2\" content=\"3 minutos\" \/>\n<script type=\"application\/ld+json\" class=\"yoast-schema-graph\">{\"@context\":\"https:\/\/schema.org\",\"@graph\":[{\"@type\":\"WebPage\",\"@id\":\"https:\/\/www.pmpf.rs.gov.br\/educacao\/2023\/07\/10\/prefeito-pedro-almeida-anuncia-obras-e-intervencoes-nas-72-escolas-municipais\/\",\"url\":\"https:\/\/www.pmpf.rs.gov.br\/educacao\/2023\/07\/10\/prefeito-pedro-almeida-anuncia-obras-e-intervencoes-nas-72-escolas-municipais\/\",\"name\":\"Prefeito Pedro Almeida anuncia obras e interven\u00e7\u00f5es nas 72 escolas municipais - Secretaria de Educa\u00e7\u00e3o\",\"isPartOf\":{\"@id\":\"https:\/\/www.pmpf.rs.gov.br\/educacao\/#website\"},\"primaryImageOfPage\":{\"@id\":\"https:\/\/www.pmpf.rs.gov.br\/educacao\/2023\/07\/10\/prefeito-pedro-almeida-anuncia-obras-e-intervencoes-nas-72-escolas-municipais\/#primaryimage\"},\"image\":{\"@id\":\"https:\/\/www.pmpf.rs.gov.br\/educacao\/2023\/07\/10\/prefeito-pedro-almeida-anuncia-obras-e-intervencoes-nas-72-escolas-municipais\/#primaryimage\"},\"thumbnailUrl\":\"https:\/\/www.pmpf.rs.gov.br\/educacao\/wp-content\/uploads\/sites\/43\/2023\/07\/obras-nas-escolas.jpg\",\"datePublished\":\"2023-07-10T17:04:08+00:00\",\"dateModified\":\"2023-07-10T17:04:18+00:00\",\"author\":{\"@id\":\"https:\/\/www.pmpf.rs.gov.br\/educacao\/#\/schema\/person\/30ee1d1bd74da1469b01fcf086e43351\"},\"inLanguage\":\"pt-BR\",\"potentialAction\":[{\"@type\":\"ReadAction\",\"target\":[\"https:\/\/www.pmpf.rs.gov.br\/educacao\/2023\/07\/10\/prefeito-pedro-almeida-anuncia-obras-e-intervencoes-nas-72-escolas-municipais\/\"]}]},{\"@type\":\"ImageObject\",\"inLanguage\":\"pt-BR\",\"@id\":\"https:\/\/www.pmpf.rs.gov.br\/educacao\/2023\/07\/10\/prefeito-pedro-almeida-anuncia-obras-e-intervencoes-nas-72-escolas-municipais\/#primaryimage\",\"url\":\"https:\/\/www.pmpf.rs.gov.br\/educacao\/wp-content\/uploads\/sites\/43\/2023\/07\/obras-nas-escolas.jpg\",\"contentUrl\":\"https:\/\/www.pmpf.rs.gov.br\/educacao\/wp-content\/uploads\/sites\/43\/2023\/07\/obras-nas-escolas.jpg\",\"width\":1600,\"height\":1066},{\"@type\":\"WebSite\",\"@id\":\"https:\/\/www.pmpf.rs.gov.br\/educacao\/#website\",\"url\":\"https:\/\/www.pmpf.rs.gov.br\/educacao\/\",\"name\":\"Secretaria de Educa\u00e7\u00e3o\",\"description\":\"Secretaria de Educa\u00e7\u00e3o da cidade de Passo Fundo\",\"potentialAction\":[{\"@type\":\"SearchAction\",\"target\":{\"@type\":\"EntryPoint\",\"urlTemplate\":\"https:\/\/www.pmpf.rs.gov.br\/educacao\/?s={search_term_string}\"},\"query-input\":{\"@type\":\"PropertyValueSpecification\",\"valueRequired\":true,\"valueName\":\"search_term_string\"}}],\"inLanguage\":\"pt-BR\"},{\"@type\":\"Person\",\"@id\":\"https:\/\/www.pmpf.rs.gov.br\/educacao\/#\/schema\/person\/30ee1d1bd74da1469b01fcf086e43351\",\"name\":\"andressazorzetto07\",\"image\":{\"@type\":\"ImageObject\",\"inLanguage\":\"pt-BR\",\"@id\":\"https:\/\/www.pmpf.rs.gov.br\/educacao\/#\/schema\/person\/image\/\",\"url\":\"https:\/\/secure.gravatar.com\/avatar\/14c5458ed79dc81da99a13b9ff5f9f19?s=96&d=mm&r=g\",\"contentUrl\":\"https:\/\/secure.gravatar.com\/avatar\/14c5458ed79dc81da99a13b9ff5f9f19?s=96&d=mm&r=g\",\"caption\":\"andressazorzetto07\"},\"url\":\"https:\/\/www.pmpf.rs.gov.br\/educacao\/author\/andressazorzetto07\/\"}]}<\/script>\n<!-- \/ Yoast SEO plugin. -->","yoast_head_json":{"title":"Prefeito Pedro Almeida anuncia obras e interven\u00e7\u00f5es nas 72 escolas municipais - Secretaria de Educa\u00e7\u00e3o","robots":{"index":"index","follow":"follow","max-snippet":"max-snippet:-1","max-image-preview":"max-image-preview:large","max-video-preview":"max-video-preview:-1"},"canonical":"https:\/\/www.pmpf.rs.gov.br\/educacao\/2023\/07\/10\/prefeito-pedro-almeida-anuncia-obras-e-intervencoes-nas-72-escolas-municipais\/","og_locale":"pt_BR","og_type":"article","og_title":"Prefeito Pedro Almeida anuncia obras e interven\u00e7\u00f5es nas 72 escolas municipais - Secretaria de Educa\u00e7\u00e3o","og_description":"Ao todo, ser\u00e3o tr\u00eas pacotes de melhorias em infraestrutura, que atender\u00e3o demandas elencadas por cada uma das 37 Escolas de Educa\u00e7\u00e3o Infantil (EMEIS), 34 Escolas de Ensino Fundamental (EMEFS) e a Escola Professora Olga Caetano Dias (Escola dos Autistas)","og_url":"https:\/\/www.pmpf.rs.gov.br\/educacao\/2023\/07\/10\/prefeito-pedro-almeida-anuncia-obras-e-intervencoes-nas-72-escolas-municipais\/","og_site_name":"Secretaria de Educa\u00e7\u00e3o","article_published_time":"2023-07-10T17:04:08+00:00","article_modified_time":"2023-07-10T17:04:18+00:00","author":"andressazorzetto07","twitter_card":"summary_large_image","twitter_misc":{"Escrito por":"andressazorzetto07","Est. tempo de leitura":"3 minutos"},"schema":{"@context":"https:\/\/schema.org","@graph":[{"@type":"WebPage","@id":"https:\/\/www.pmpf.rs.gov.br\/educacao\/2023\/07\/10\/prefeito-pedro-almeida-anuncia-obras-e-intervencoes-nas-72-escolas-municipais\/","url":"https:\/\/www.pmpf.rs.gov.br\/educacao\/2023\/07\/10\/prefeito-pedro-almeida-anuncia-obras-e-intervencoes-nas-72-escolas-municipais\/","name":"Prefeito Pedro Almeida anuncia obras e interven\u00e7\u00f5es nas 72 escolas municipais - Secretaria de Educa\u00e7\u00e3o","isPartOf":{"@id":"https:\/\/www.pmpf.rs.gov.br\/educacao\/#website"},"primaryImageOfPage":{"@id":"https:\/\/www.pmpf.rs.gov.br\/educacao\/2023\/07\/10\/prefeito-pedro-almeida-anuncia-obras-e-intervencoes-nas-72-escolas-municipais\/#primaryimage"},"image":{"@id":"https:\/\/www.pmpf.rs.gov.br\/educacao\/2023\/07\/10\/prefeito-pedro-almeida-anuncia-obras-e-intervencoes-nas-72-escolas-municipais\/#primaryimage"},"thumbnailUrl":"https:\/\/www.pmpf.rs.gov.br\/educacao\/wp-content\/uploads\/sites\/43\/2023\/07\/obras-nas-escolas.jpg","datePublished":"2023-07-10T17:04:08+00:00","dateModified":"2023-07-10T17:04:18+00:00","author":{"@id":"https:\/\/www.pmpf.rs.gov.br\/educacao\/#\/schema\/person\/30ee1d1bd74da1469b01fcf086e43351"},"inLanguage":"pt-BR","potentialAction":[{"@type":"ReadAction","target":["https:\/\/www.pmpf.rs.gov.br\/educacao\/2023\/07\/10\/prefeito-pedro-almeida-anuncia-obras-e-intervencoes-nas-72-escolas-municipais\/"]}]},{"@type":"ImageObject","inLanguage":"pt-BR","@id":"https:\/\/www.pmpf.rs.gov.br\/educacao\/2023\/07\/10\/prefeito-pedro-almeida-anuncia-obras-e-intervencoes-nas-72-escolas-municipais\/#primaryimage","url":"https:\/\/www.pmpf.rs.gov.br\/educacao\/wp-content\/uploads\/sites\/43\/2023\/07\/obras-nas-escolas.jpg","contentUrl":"https:\/\/www.pmpf.rs.gov.br\/educacao\/wp-content\/uploads\/sites\/43\/2023\/07\/obras-nas-escolas.jpg","width":1600,"height":1066},{"@type":"WebSite","@id":"https:\/\/www.pmpf.rs.gov.br\/educacao\/#website","url":"https:\/\/www.pmpf.rs.gov.br\/educacao\/","name":"Secretaria de Educa\u00e7\u00e3o","description":"Secretaria de Educa\u00e7\u00e3o da cidade de Passo Fundo","potentialAction":[{"@type":"SearchAction","target":{"@type":"EntryPoint","urlTemplate":"https:\/\/www.pmpf.rs.gov.br\/educacao\/?s={search_term_string}"},"query-input":{"@type":"PropertyValueSpecification","valueRequired":true,"valueName":"search_term_string"}}],"inLanguage":"pt-BR"},{"@type":"Person","@id":"https:\/\/www.pmpf.rs.gov.br\/educacao\/#\/schema\/person\/30ee1d1bd74da1469b01fcf086e43351","name":"andressazorzetto07","image":{"@type":"ImageObject","inLanguage":"pt-BR","@id":"https:\/\/www.pmpf.rs.gov.br\/educacao\/#\/schema\/person\/image\/","url":"https:\/\/secure.gravatar.com\/avatar\/14c5458ed79dc81da99a13b9ff5f9f19?s=96&d=mm&r=g","contentUrl":"https:\/\/secure.gravatar.com\/avatar\/14c5458ed79dc81da99a13b9ff5f9f19?s=96&d=mm&r=g","caption":"andressazorzetto07"},"url":"https:\/\/www.pmpf.rs.gov.br\/educacao\/author\/andressazorzetto07\/"}]}},"_links":{"self":[{"href":"https:\/\/www.pmpf.rs.gov.br\/educacao\/wp-json\/wp\/v2\/posts\/9281"}],"collection":[{"href":"https:\/\/www.pmpf.rs.gov.br\/educacao\/wp-json\/wp\/v2\/posts"}],"about":[{"href":"https:\/\/www.pmpf.rs.gov.br\/educacao\/wp-json\/wp\/v2\/types\/post"}],"author":[{"embeddable":true,"href":"https:\/\/www.pmpf.rs.gov.br\/educacao\/wp-json\/wp\/v2\/users\/6"}],"replies":[{"embeddable":true,"href":"https:\/\/www.pmpf.rs.gov.br\/educacao\/wp-json\/wp\/v2\/comments?post=9281"}],"version-history":[{"count":1,"href":"https:\/\/www.pmpf.rs.gov.br\/educacao\/wp-json\/wp\/v2\/posts\/9281\/revisions"}],"predecessor-version":[{"id":9283,"href":"https:\/\/www.pmpf.rs.gov.br\/educacao\/wp-json\/wp\/v2\/posts\/9281\/revisions\/9283"}],"wp:featuredmedia":[{"embeddable":true,"href":"https:\/\/www.pmpf.rs.gov.br\/educacao\/wp-json\/wp\/v2\/media\/9282"}],"wp:attachment":[{"href":"https:\/\/www.pmpf.rs.gov.br\/educacao\/wp-json\/wp\/v2\/media?parent=9281"}],"wp:term":[{"taxonomy":"category","embeddable":true,"href":"https:\/\/www.pmpf.rs.gov.br\/educacao\/wp-json\/wp\/v2\/categories?post=9281"},{"taxonomy":"post_tag","embeddable":true,"href":"https:\/\/www.pmpf.rs.gov.br\/educacao\/wp-json\/wp\/v2\/tags?post=9281"}],"curies":[{"name":"wp","href":"https:\/\/api.w.org\/{rel}","templated":true}]}}