{"id":9244,"date":"2023-06-07T15:59:50","date_gmt":"2023-06-07T18:59:50","guid":{"rendered":"https:\/\/www.pmpf.rs.gov.br\/educacao\/?p=9244"},"modified":"2023-06-07T16:00:03","modified_gmt":"2023-06-07T19:00:03","slug":"prefeitura-abre-inscricoes-para-25-cursos-gratuitos-da-escola-das-profissoes","status":"publish","type":"post","link":"https:\/\/www.pmpf.rs.gov.br\/educacao\/2023\/06\/07\/prefeitura-abre-inscricoes-para-25-cursos-gratuitos-da-escola-das-profissoes\/","title":{"rendered":"Prefeitura abre inscri\u00e7\u00f5es para 25 cursos gratuitos da Escola das Profiss\u00f5es"},"content":{"rendered":"\n<p><\/p>\n\n\n\n<p>A Prefeitura abrir\u00e1, nesta quinta-feira (8), as inscri\u00e7\u00f5es para 25 cursos gratuitos da Escola das Profiss\u00f5es. Ser\u00e3o mais de 300 vagas para capacita\u00e7\u00e3o profissional em diversas \u00e1reas. Os interessados poder\u00e3o preencher um cadastro no site <a href=\"http:\/\/eprof.educapf.org\/\">http:\/\/eprof.educapf.org<\/a> at\u00e9 o dia 13 de junho.<\/p>\n\n\n\n<p>O prefeito Pedro Almeida destaca que a Escola das Profiss\u00f5es \u00e9 uma oportunidade para quem pretende se qualificar e se soma a outras iniciativas da Prefeitura que t\u00eam o objetivo de melhorar a vida das pessoas. \u201cA Escola das Profiss\u00f5es oportuniza aos passo-fundenses a capacita\u00e7\u00e3o gratuita em diversas \u00e1reas a fim de que elas acessem uma vaga ou tenham condi\u00e7\u00f5es de iniciar o seu pr\u00f3prio neg\u00f3cio. Quando falamos em criar oportunidades, profissionalizar as pessoas \u00e9 fundamental para que consigamos atender \u00e0s demandas das empresas do munic\u00edpio por m\u00e3o de obra qualificada, fator que sentimos durante o Caf\u00e9 com Emprego\u201d, afirma.<\/p>\n\n\n\n<p>A Escola das Profiss\u00f5es j\u00e1 teve 6.438 inscritos, abrindo 206 turmas, distribu\u00eddas em 40 cursos. Al\u00e9m disso, conta com 10 em andamento, nas \u00e1reas da Tecnologia, Est\u00e9tica, Sa\u00fade, T\u00eaxtil, Gastronomia, Educa\u00e7\u00e3o e Com\u00e9rcio e Servi\u00e7os.<\/p>\n\n\n\n<p>Os cursos s\u00e3o divididos em tr\u00eas eixos: o \u201cProfissionais do Futuro\u201d, destinado ao desenvolvimento de habilidades como l\u00ednguas e o desenvolvimento de tecnologias sociais; o \u201cQualific@REE\u201d, que incentiva o empreendedorismo e est\u00e1 ofertando os 25 cursos, nesta edi\u00e7\u00e3o; e o \u201cUpdate\u201d, que tem como foco atender a ind\u00fastria com m\u00e3o de obra qualificada.<\/p>\n\n\n\n<p>Lucas Quadros aproveitou a Escola das Profiss\u00f5es para realizar um sonho: o de fazer Gastronomia. Ele compartilha a experi\u00eancia e as expectativas para o futuro. \u201cSempre fui apaixonado pela cozinha. De 2016 a 2018, trabalhei na \u00e1rea da confeitaria, onde testei meus limites e vi que ali era meu lugar. Em mar\u00e7o de 2023, apareceu uma oportunidade de voltar a fazer o que eu mais amo nessa vida e tamb\u00e9m de ampliar meus horizontes: comecei a cursar Gastronomia na Escola das Profiss\u00f5es. Quando amamos o que fazemos, sentimos a realiza\u00e7\u00e3o de um sonho pessoal e profissional e alcan\u00e7amos o compromisso de tornar este mundo um lugar mais prazeroso de viver\u201d, relata.<\/p>\n\n\n\n<p><\/p>\n\n\n\n<p><strong>Sele\u00e7\u00e3o<\/strong><\/p>\n\n\n\n<p>A sele\u00e7\u00e3o dos novos inscritos ser\u00e1 feita no dia 14 de junho. Os alunos selecionados ter\u00e3o os dias 15 e 16 para irem at\u00e9 a sede da Escola das Profiss\u00f5es, na Avenida Brasil, 839, Centro, para confirmar a matr\u00edcula. O in\u00edcio das aulas acontecer\u00e1 no dia 19 de junho.<\/p>\n\n\n\n<p>As vagas ser\u00e3o direcionadas, preferencialmente, para pessoas acima de 18 anos de idade que completaram ou estejam cursando o Ensino M\u00e9dio. Ter\u00e3o prioridade para a sele\u00e7\u00e3o gestantes e m\u00e3es acompanhadas pelo programa Meu Beb\u00ea, Meu Tesouro, imigrantes, pessoas com defici\u00eancia e pessoas benefici\u00e1rias do Cad\u00danico, que dever\u00e3o fazer a comprova\u00e7\u00e3o assim que forem selecionados, presencialmente.<\/p>\n\n\n\n<p>De acordo com a coordena\u00e7\u00e3o da Escola das Profiss\u00f5es, \u00e9 fundamental que o candidato verifique antes de realizar a inscri\u00e7\u00e3o as datas de in\u00edcios e de t\u00e9rmino dos cursos e tamb\u00e9m o hor\u00e1rio em que o mesmo acontecer\u00e1, para evitar desist\u00eancia e permitir que sejam selecionadas as pessoas que t\u00eam possibilidade de acompanhar as aulas.<\/p>\n\n\n\n<p>As aulas desta edi\u00e7\u00e3o ocorrer\u00e3o na Sede da Escola das Profiss\u00f5es, na Esta\u00e7\u00e3o 2, anexada junto a Faculdade Anhanguera e na Le\u00e3o XII.<\/p>\n\n\n\n<p><br><br><strong>Cursos com inscri\u00e7\u00f5es abertas<\/strong><\/p>\n\n\n\n<p>Ingl\u00eas para atendimento ao p\u00fablico \/ noite<br>Ingl\u00eas II \/ noite<br>Espanhol para atendimento ao p\u00fablico \/ noite<br>Espanhol II \/ noite<br>B\u00e1sico para padeiros \/ tarde<br>Doces e salgados \/ tarde<br>Gastronomia I \/ manh\u00e3<br>Gastronomia II \/ manh\u00e3<br>Assistente de log\u00edstica \/ noite<br>Assistente de contabilidade \/ noite<br>Recepcionista \/ noite<br>Hotelaria \/ noite<br>Cuidador de idosos \/ manh\u00e3<br>Atendente de farm\u00e1cia \/ noite<br>Barbearia \/ tarde<br>Est\u00e9tica facial \/ tarde<br>Design de sobrancelha \/ noite<br>Maquiagem I \/ noite<br>Maquiagem II \/ noite<br>Cabeleireiro N\u00edvel I \/ tarde<br>Cabeleireiro N\u00edvel II<br>Manicure e pedicure \/ tarde<br>Corte e costura I \/ manh\u00e3<br>Corte e costura II \/ manh\u00e3<br>Corte e costura industrial \/ manh\u00e3<\/p>\n\n\n\n<p><strong><br>Cronograma<\/strong><br>Inscri\u00e7\u00f5es no site<br>08 a 13 de junho<\/p>\n\n\n\n<p>Sele\u00e7\u00e3o e divulga\u00e7\u00e3o dos selecionados<br>14 de junho<\/p>\n\n\n\n<p>Comprova\u00e7\u00e3o dos documentos e matr\u00edcula<br>15 e 16 de junho<br>Na Sede da Escola das Profiss\u00f5es<br>Av. Brasil Leste, 839, pr\u00f3ximo ao Bourbon<\/p>\n\n\n\n<p>In\u00edcio das aulas<br>19 de junho<\/p>\n\n\n\n<p>A Escola das Profiss\u00f5es contatar\u00e1 os selecionados via WhatsApp<\/p>\n","protected":false},"excerpt":{"rendered":"<p>Ser\u00e3o mais de 300 vagas para capacita\u00e7\u00e3o profissional em diversas \u00e1reas<\/p>\n","protected":false},"author":6,"featured_media":0,"comment_status":"closed","ping_status":"closed","sticky":true,"template":"","format":"standard","meta":{"footnotes":""},"categories":[1],"tags":[],"class_list":["post-9244","post","type-post","status-publish","format-standard","hentry","category-sem-categoria"],"yoast_head":"<!-- This site is optimized with the Yoast SEO plugin v23.8 - https:\/\/yoast.com\/wordpress\/plugins\/seo\/ -->\n<title>Prefeitura abre inscri\u00e7\u00f5es para 25 cursos gratuitos da Escola das Profiss\u00f5es - Secretaria de Educa\u00e7\u00e3o<\/title>\n<meta name=\"robots\" content=\"index, follow, max-snippet:-1, max-image-preview:large, max-video-preview:-1\" \/>\n<link rel=\"canonical\" href=\"https:\/\/www.pmpf.rs.gov.br\/educacao\/2023\/06\/07\/prefeitura-abre-inscricoes-para-25-cursos-gratuitos-da-escola-das-profissoes\/\" \/>\n<meta property=\"og:locale\" content=\"pt_BR\" \/>\n<meta property=\"og:type\" content=\"article\" \/>\n<meta property=\"og:title\" content=\"Prefeitura abre inscri\u00e7\u00f5es para 25 cursos gratuitos da Escola das Profiss\u00f5es - Secretaria de Educa\u00e7\u00e3o\" \/>\n<meta property=\"og:description\" content=\"Ser\u00e3o mais de 300 vagas para capacita\u00e7\u00e3o profissional em diversas \u00e1reas\" \/>\n<meta property=\"og:url\" content=\"https:\/\/www.pmpf.rs.gov.br\/educacao\/2023\/06\/07\/prefeitura-abre-inscricoes-para-25-cursos-gratuitos-da-escola-das-profissoes\/\" \/>\n<meta property=\"og:site_name\" content=\"Secretaria de Educa\u00e7\u00e3o\" \/>\n<meta property=\"article:published_time\" content=\"2023-06-07T18:59:50+00:00\" \/>\n<meta property=\"article:modified_time\" content=\"2023-06-07T19:00:03+00:00\" \/>\n<meta name=\"author\" content=\"andressazorzetto07\" \/>\n<meta name=\"twitter:card\" content=\"summary_large_image\" \/>\n<meta name=\"twitter:label1\" content=\"Escrito por\" \/>\n\t<meta name=\"twitter:data1\" content=\"andressazorzetto07\" \/>\n\t<meta name=\"twitter:label2\" content=\"Est. tempo de leitura\" \/>\n\t<meta name=\"twitter:data2\" content=\"4 minutos\" \/>\n<script type=\"application\/ld+json\" class=\"yoast-schema-graph\">{\"@context\":\"https:\/\/schema.org\",\"@graph\":[{\"@type\":\"WebPage\",\"@id\":\"https:\/\/www.pmpf.rs.gov.br\/educacao\/2023\/06\/07\/prefeitura-abre-inscricoes-para-25-cursos-gratuitos-da-escola-das-profissoes\/\",\"url\":\"https:\/\/www.pmpf.rs.gov.br\/educacao\/2023\/06\/07\/prefeitura-abre-inscricoes-para-25-cursos-gratuitos-da-escola-das-profissoes\/\",\"name\":\"Prefeitura abre inscri\u00e7\u00f5es para 25 cursos gratuitos da Escola das Profiss\u00f5es - Secretaria de Educa\u00e7\u00e3o\",\"isPartOf\":{\"@id\":\"https:\/\/www.pmpf.rs.gov.br\/educacao\/#website\"},\"datePublished\":\"2023-06-07T18:59:50+00:00\",\"dateModified\":\"2023-06-07T19:00:03+00:00\",\"author\":{\"@id\":\"https:\/\/www.pmpf.rs.gov.br\/educacao\/#\/schema\/person\/30ee1d1bd74da1469b01fcf086e43351\"},\"inLanguage\":\"pt-BR\",\"potentialAction\":[{\"@type\":\"ReadAction\",\"target\":[\"https:\/\/www.pmpf.rs.gov.br\/educacao\/2023\/06\/07\/prefeitura-abre-inscricoes-para-25-cursos-gratuitos-da-escola-das-profissoes\/\"]}]},{\"@type\":\"WebSite\",\"@id\":\"https:\/\/www.pmpf.rs.gov.br\/educacao\/#website\",\"url\":\"https:\/\/www.pmpf.rs.gov.br\/educacao\/\",\"name\":\"Secretaria de Educa\u00e7\u00e3o\",\"description\":\"Secretaria de Educa\u00e7\u00e3o da cidade de Passo Fundo\",\"potentialAction\":[{\"@type\":\"SearchAction\",\"target\":{\"@type\":\"EntryPoint\",\"urlTemplate\":\"https:\/\/www.pmpf.rs.gov.br\/educacao\/?s={search_term_string}\"},\"query-input\":{\"@type\":\"PropertyValueSpecification\",\"valueRequired\":true,\"valueName\":\"search_term_string\"}}],\"inLanguage\":\"pt-BR\"},{\"@type\":\"Person\",\"@id\":\"https:\/\/www.pmpf.rs.gov.br\/educacao\/#\/schema\/person\/30ee1d1bd74da1469b01fcf086e43351\",\"name\":\"andressazorzetto07\",\"image\":{\"@type\":\"ImageObject\",\"inLanguage\":\"pt-BR\",\"@id\":\"https:\/\/www.pmpf.rs.gov.br\/educacao\/#\/schema\/person\/image\/\",\"url\":\"https:\/\/secure.gravatar.com\/avatar\/14c5458ed79dc81da99a13b9ff5f9f19?s=96&d=mm&r=g\",\"contentUrl\":\"https:\/\/secure.gravatar.com\/avatar\/14c5458ed79dc81da99a13b9ff5f9f19?s=96&d=mm&r=g\",\"caption\":\"andressazorzetto07\"},\"url\":\"https:\/\/www.pmpf.rs.gov.br\/educacao\/author\/andressazorzetto07\/\"}]}<\/script>\n<!-- \/ Yoast SEO plugin. -->","yoast_head_json":{"title":"Prefeitura abre inscri\u00e7\u00f5es para 25 cursos gratuitos da Escola das Profiss\u00f5es - Secretaria de Educa\u00e7\u00e3o","robots":{"index":"index","follow":"follow","max-snippet":"max-snippet:-1","max-image-preview":"max-image-preview:large","max-video-preview":"max-video-preview:-1"},"canonical":"https:\/\/www.pmpf.rs.gov.br\/educacao\/2023\/06\/07\/prefeitura-abre-inscricoes-para-25-cursos-gratuitos-da-escola-das-profissoes\/","og_locale":"pt_BR","og_type":"article","og_title":"Prefeitura abre inscri\u00e7\u00f5es para 25 cursos gratuitos da Escola das Profiss\u00f5es - Secretaria de Educa\u00e7\u00e3o","og_description":"Ser\u00e3o mais de 300 vagas para capacita\u00e7\u00e3o profissional em diversas \u00e1reas","og_url":"https:\/\/www.pmpf.rs.gov.br\/educacao\/2023\/06\/07\/prefeitura-abre-inscricoes-para-25-cursos-gratuitos-da-escola-das-profissoes\/","og_site_name":"Secretaria de Educa\u00e7\u00e3o","article_published_time":"2023-06-07T18:59:50+00:00","article_modified_time":"2023-06-07T19:00:03+00:00","author":"andressazorzetto07","twitter_card":"summary_large_image","twitter_misc":{"Escrito por":"andressazorzetto07","Est. tempo de leitura":"4 minutos"},"schema":{"@context":"https:\/\/schema.org","@graph":[{"@type":"WebPage","@id":"https:\/\/www.pmpf.rs.gov.br\/educacao\/2023\/06\/07\/prefeitura-abre-inscricoes-para-25-cursos-gratuitos-da-escola-das-profissoes\/","url":"https:\/\/www.pmpf.rs.gov.br\/educacao\/2023\/06\/07\/prefeitura-abre-inscricoes-para-25-cursos-gratuitos-da-escola-das-profissoes\/","name":"Prefeitura abre inscri\u00e7\u00f5es para 25 cursos gratuitos da Escola das Profiss\u00f5es - Secretaria de Educa\u00e7\u00e3o","isPartOf":{"@id":"https:\/\/www.pmpf.rs.gov.br\/educacao\/#website"},"datePublished":"2023-06-07T18:59:50+00:00","dateModified":"2023-06-07T19:00:03+00:00","author":{"@id":"https:\/\/www.pmpf.rs.gov.br\/educacao\/#\/schema\/person\/30ee1d1bd74da1469b01fcf086e43351"},"inLanguage":"pt-BR","potentialAction":[{"@type":"ReadAction","target":["https:\/\/www.pmpf.rs.gov.br\/educacao\/2023\/06\/07\/prefeitura-abre-inscricoes-para-25-cursos-gratuitos-da-escola-das-profissoes\/"]}]},{"@type":"WebSite","@id":"https:\/\/www.pmpf.rs.gov.br\/educacao\/#website","url":"https:\/\/www.pmpf.rs.gov.br\/educacao\/","name":"Secretaria de Educa\u00e7\u00e3o","description":"Secretaria de Educa\u00e7\u00e3o da cidade de Passo Fundo","potentialAction":[{"@type":"SearchAction","target":{"@type":"EntryPoint","urlTemplate":"https:\/\/www.pmpf.rs.gov.br\/educacao\/?s={search_term_string}"},"query-input":{"@type":"PropertyValueSpecification","valueRequired":true,"valueName":"search_term_string"}}],"inLanguage":"pt-BR"},{"@type":"Person","@id":"https:\/\/www.pmpf.rs.gov.br\/educacao\/#\/schema\/person\/30ee1d1bd74da1469b01fcf086e43351","name":"andressazorzetto07","image":{"@type":"ImageObject","inLanguage":"pt-BR","@id":"https:\/\/www.pmpf.rs.gov.br\/educacao\/#\/schema\/person\/image\/","url":"https:\/\/secure.gravatar.com\/avatar\/14c5458ed79dc81da99a13b9ff5f9f19?s=96&d=mm&r=g","contentUrl":"https:\/\/secure.gravatar.com\/avatar\/14c5458ed79dc81da99a13b9ff5f9f19?s=96&d=mm&r=g","caption":"andressazorzetto07"},"url":"https:\/\/www.pmpf.rs.gov.br\/educacao\/author\/andressazorzetto07\/"}]}},"_links":{"self":[{"href":"https:\/\/www.pmpf.rs.gov.br\/educacao\/wp-json\/wp\/v2\/posts\/9244"}],"collection":[{"href":"https:\/\/www.pmpf.rs.gov.br\/educacao\/wp-json\/wp\/v2\/posts"}],"about":[{"href":"https:\/\/www.pmpf.rs.gov.br\/educacao\/wp-json\/wp\/v2\/types\/post"}],"author":[{"embeddable":true,"href":"https:\/\/www.pmpf.rs.gov.br\/educacao\/wp-json\/wp\/v2\/users\/6"}],"replies":[{"embeddable":true,"href":"https:\/\/www.pmpf.rs.gov.br\/educacao\/wp-json\/wp\/v2\/comments?post=9244"}],"version-history":[{"count":1,"href":"https:\/\/www.pmpf.rs.gov.br\/educacao\/wp-json\/wp\/v2\/posts\/9244\/revisions"}],"predecessor-version":[{"id":9245,"href":"https:\/\/www.pmpf.rs.gov.br\/educacao\/wp-json\/wp\/v2\/posts\/9244\/revisions\/9245"}],"wp:attachment":[{"href":"https:\/\/www.pmpf.rs.gov.br\/educacao\/wp-json\/wp\/v2\/media?parent=9244"}],"wp:term":[{"taxonomy":"category","embeddable":true,"href":"https:\/\/www.pmpf.rs.gov.br\/educacao\/wp-json\/wp\/v2\/categories?post=9244"},{"taxonomy":"post_tag","embeddable":true,"href":"https:\/\/www.pmpf.rs.gov.br\/educacao\/wp-json\/wp\/v2\/tags?post=9244"}],"curies":[{"name":"wp","href":"https:\/\/api.w.org\/{rel}","templated":true}]}}