{"id":9210,"date":"2023-05-29T15:49:30","date_gmt":"2023-05-29T18:49:30","guid":{"rendered":"https:\/\/www.pmpf.rs.gov.br\/educacao\/?p=9210"},"modified":"2023-05-29T15:49:31","modified_gmt":"2023-05-29T18:49:31","slug":"prefeito-pedro-chama-novos-professores-para-a-rede-de-educacao","status":"publish","type":"post","link":"https:\/\/www.pmpf.rs.gov.br\/educacao\/2023\/05\/29\/prefeito-pedro-chama-novos-professores-para-a-rede-de-educacao\/","title":{"rendered":"Prefeito Pedro chama novos professores para a rede de educa\u00e7\u00e3o"},"content":{"rendered":"\n<p><br><br>A Prefeitura de Passo Fundo est\u00e1 realizando o chamamento de novos professores e secret\u00e1rios de escolas para atuarem na rede municipal de Educa\u00e7\u00e3o. Nesta segunda-feira (29), o prefeito Pedro Almeida assinou o edital para chamar 23 professores aprovados em concurso no ano de 2017 e mais 37 secret\u00e1rios de escola que devem atuar nas escolas de Educa\u00e7\u00e3o Infantil.<br><br>Conforme o prefeito Pedro Almeida, a nova chamada de professores para as escolas \u00e9 para garantir e ampliar a qualidade do ensino, que \u00e9 uma preocupa\u00e7\u00e3o di\u00e1ria da administra\u00e7\u00e3o. \u201cEstamos sempre buscando assegurar aos nossos alunos da rede um amplo atendimento e tamb\u00e9m qualificando o quadro de professores para suprir eventuais necessidades em nossas escolas com a contrata\u00e7\u00e3o de novos profissionais, proporcionando respeito aos alunos e dando melhores condi\u00e7\u00f5es de aprender e desenvolver as atividades no espa\u00e7o escolar\u201d, disse.<br><br>Para o secret\u00e1rio de Educa\u00e7\u00e3o, Adriano Canabarro Teixeira, a contrata\u00e7\u00e3o de novos professores vem ao encontro das demais a\u00e7\u00f5es feitas pela administra\u00e7\u00e3o. \u201cS\u00e3o v\u00e1rias as a\u00e7\u00f5es de qualifica\u00e7\u00e3o da educa\u00e7\u00e3o p\u00fablica municipal colocadas em movimento pelo prefeito Pedro. Dentre elas, merecem especial destaque aquelas que t\u00eam impacto nos recursos humanos de nossas escolas. Desde 2021, foram 252 nomea\u00e7\u00f5es de professores e 58 secret\u00e1rios. Importante destacar o novo concurso p\u00fablico a ser realizado no segundo semestre de 2023\u201d, disse Adriano.<br><br>Os professores chamados ser\u00e3o oito para a Educa\u00e7\u00e3o Infantil, tr\u00eas Professores de Ci\u00eancias, dois Professores de Matem\u00e1tica, dois Professores de Hist\u00f3ria, tr\u00eas Professores de Educa\u00e7\u00e3o F\u00edsica, quatro Professores de L\u00edngua Portuguesa e um Professor de L\u00edngua Inglesa.<br><br>A convoca\u00e7\u00e3o \u00e9 para a substitui\u00e7\u00e3o de profissionais aposentados e exonerados e tamb\u00e9m suprir\u00e1 a demanda apresentada pela Secret\u00e1ria Municipal de Educa\u00e7\u00e3o (SME) e n\u00e3o excede o limite de despesas com pessoal previsto na Lei de Responsabilidade Fiscal<br><br>Conforme a Secretaria de Administra\u00e7\u00e3o, respons\u00e1vel pelo chamamento e contrata\u00e7\u00e3o, ap\u00f3s a publica\u00e7\u00e3o do edital, os profissionais ter\u00e3o o prazo de 30 dias para encaminhar a documenta\u00e7\u00e3o necess\u00e1ria ao setor de Recursos Humanos da Prefeitura para iniciarem as atividades nas escolas do munic\u00edpio.<\/p>\n\n\n\n<p><strong>Foto: Michel Sanderi<\/strong><\/p>\n","protected":false},"excerpt":{"rendered":"<p>S\u00e3o 23 professores e 37 secret\u00e1rios de escolas<\/p>\n","protected":false},"author":6,"featured_media":9211,"comment_status":"closed","ping_status":"closed","sticky":true,"template":"","format":"standard","meta":{"footnotes":""},"categories":[1],"tags":[],"class_list":["post-9210","post","type-post","status-publish","format-standard","has-post-thumbnail","hentry","category-sem-categoria"],"yoast_head":"<!-- This site is optimized with the Yoast SEO plugin v23.8 - https:\/\/yoast.com\/wordpress\/plugins\/seo\/ -->\n<title>Prefeito Pedro chama novos professores para a rede de educa\u00e7\u00e3o - Secretaria de Educa\u00e7\u00e3o<\/title>\n<meta name=\"robots\" content=\"index, follow, max-snippet:-1, max-image-preview:large, max-video-preview:-1\" \/>\n<link rel=\"canonical\" href=\"https:\/\/www.pmpf.rs.gov.br\/educacao\/2023\/05\/29\/prefeito-pedro-chama-novos-professores-para-a-rede-de-educacao\/\" \/>\n<meta property=\"og:locale\" content=\"pt_BR\" \/>\n<meta property=\"og:type\" content=\"article\" \/>\n<meta property=\"og:title\" content=\"Prefeito Pedro chama novos professores para a rede de educa\u00e7\u00e3o - Secretaria de Educa\u00e7\u00e3o\" \/>\n<meta property=\"og:description\" content=\"S\u00e3o 23 professores e 37 secret\u00e1rios de escolas\" \/>\n<meta property=\"og:url\" content=\"https:\/\/www.pmpf.rs.gov.br\/educacao\/2023\/05\/29\/prefeito-pedro-chama-novos-professores-para-a-rede-de-educacao\/\" \/>\n<meta property=\"og:site_name\" content=\"Secretaria de Educa\u00e7\u00e3o\" \/>\n<meta property=\"article:published_time\" content=\"2023-05-29T18:49:30+00:00\" \/>\n<meta property=\"article:modified_time\" content=\"2023-05-29T18:49:31+00:00\" \/>\n<meta name=\"author\" content=\"andressazorzetto07\" \/>\n<meta name=\"twitter:card\" content=\"summary_large_image\" \/>\n<meta name=\"twitter:label1\" content=\"Escrito por\" \/>\n\t<meta name=\"twitter:data1\" content=\"andressazorzetto07\" \/>\n\t<meta name=\"twitter:label2\" content=\"Est. tempo de leitura\" \/>\n\t<meta name=\"twitter:data2\" content=\"2 minutos\" \/>\n<script type=\"application\/ld+json\" class=\"yoast-schema-graph\">{\"@context\":\"https:\/\/schema.org\",\"@graph\":[{\"@type\":\"WebPage\",\"@id\":\"https:\/\/www.pmpf.rs.gov.br\/educacao\/2023\/05\/29\/prefeito-pedro-chama-novos-professores-para-a-rede-de-educacao\/\",\"url\":\"https:\/\/www.pmpf.rs.gov.br\/educacao\/2023\/05\/29\/prefeito-pedro-chama-novos-professores-para-a-rede-de-educacao\/\",\"name\":\"Prefeito Pedro chama novos professores para a rede de educa\u00e7\u00e3o - Secretaria de Educa\u00e7\u00e3o\",\"isPartOf\":{\"@id\":\"https:\/\/www.pmpf.rs.gov.br\/educacao\/#website\"},\"primaryImageOfPage\":{\"@id\":\"https:\/\/www.pmpf.rs.gov.br\/educacao\/2023\/05\/29\/prefeito-pedro-chama-novos-professores-para-a-rede-de-educacao\/#primaryimage\"},\"image\":{\"@id\":\"https:\/\/www.pmpf.rs.gov.br\/educacao\/2023\/05\/29\/prefeito-pedro-chama-novos-professores-para-a-rede-de-educacao\/#primaryimage\"},\"thumbnailUrl\":\"https:\/\/www.pmpf.rs.gov.br\/educacao\/wp-content\/uploads\/sites\/43\/2023\/05\/professores.jpeg\",\"datePublished\":\"2023-05-29T18:49:30+00:00\",\"dateModified\":\"2023-05-29T18:49:31+00:00\",\"author\":{\"@id\":\"https:\/\/www.pmpf.rs.gov.br\/educacao\/#\/schema\/person\/30ee1d1bd74da1469b01fcf086e43351\"},\"inLanguage\":\"pt-BR\",\"potentialAction\":[{\"@type\":\"ReadAction\",\"target\":[\"https:\/\/www.pmpf.rs.gov.br\/educacao\/2023\/05\/29\/prefeito-pedro-chama-novos-professores-para-a-rede-de-educacao\/\"]}]},{\"@type\":\"ImageObject\",\"inLanguage\":\"pt-BR\",\"@id\":\"https:\/\/www.pmpf.rs.gov.br\/educacao\/2023\/05\/29\/prefeito-pedro-chama-novos-professores-para-a-rede-de-educacao\/#primaryimage\",\"url\":\"https:\/\/www.pmpf.rs.gov.br\/educacao\/wp-content\/uploads\/sites\/43\/2023\/05\/professores.jpeg\",\"contentUrl\":\"https:\/\/www.pmpf.rs.gov.br\/educacao\/wp-content\/uploads\/sites\/43\/2023\/05\/professores.jpeg\",\"width\":1600,\"height\":1066},{\"@type\":\"WebSite\",\"@id\":\"https:\/\/www.pmpf.rs.gov.br\/educacao\/#website\",\"url\":\"https:\/\/www.pmpf.rs.gov.br\/educacao\/\",\"name\":\"Secretaria de Educa\u00e7\u00e3o\",\"description\":\"Secretaria de Educa\u00e7\u00e3o da cidade de Passo Fundo\",\"potentialAction\":[{\"@type\":\"SearchAction\",\"target\":{\"@type\":\"EntryPoint\",\"urlTemplate\":\"https:\/\/www.pmpf.rs.gov.br\/educacao\/?s={search_term_string}\"},\"query-input\":{\"@type\":\"PropertyValueSpecification\",\"valueRequired\":true,\"valueName\":\"search_term_string\"}}],\"inLanguage\":\"pt-BR\"},{\"@type\":\"Person\",\"@id\":\"https:\/\/www.pmpf.rs.gov.br\/educacao\/#\/schema\/person\/30ee1d1bd74da1469b01fcf086e43351\",\"name\":\"andressazorzetto07\",\"image\":{\"@type\":\"ImageObject\",\"inLanguage\":\"pt-BR\",\"@id\":\"https:\/\/www.pmpf.rs.gov.br\/educacao\/#\/schema\/person\/image\/\",\"url\":\"https:\/\/secure.gravatar.com\/avatar\/14c5458ed79dc81da99a13b9ff5f9f19?s=96&d=mm&r=g\",\"contentUrl\":\"https:\/\/secure.gravatar.com\/avatar\/14c5458ed79dc81da99a13b9ff5f9f19?s=96&d=mm&r=g\",\"caption\":\"andressazorzetto07\"},\"url\":\"https:\/\/www.pmpf.rs.gov.br\/educacao\/author\/andressazorzetto07\/\"}]}<\/script>\n<!-- \/ Yoast SEO plugin. -->","yoast_head_json":{"title":"Prefeito Pedro chama novos professores para a rede de educa\u00e7\u00e3o - Secretaria de Educa\u00e7\u00e3o","robots":{"index":"index","follow":"follow","max-snippet":"max-snippet:-1","max-image-preview":"max-image-preview:large","max-video-preview":"max-video-preview:-1"},"canonical":"https:\/\/www.pmpf.rs.gov.br\/educacao\/2023\/05\/29\/prefeito-pedro-chama-novos-professores-para-a-rede-de-educacao\/","og_locale":"pt_BR","og_type":"article","og_title":"Prefeito Pedro chama novos professores para a rede de educa\u00e7\u00e3o - Secretaria de Educa\u00e7\u00e3o","og_description":"S\u00e3o 23 professores e 37 secret\u00e1rios de escolas","og_url":"https:\/\/www.pmpf.rs.gov.br\/educacao\/2023\/05\/29\/prefeito-pedro-chama-novos-professores-para-a-rede-de-educacao\/","og_site_name":"Secretaria de Educa\u00e7\u00e3o","article_published_time":"2023-05-29T18:49:30+00:00","article_modified_time":"2023-05-29T18:49:31+00:00","author":"andressazorzetto07","twitter_card":"summary_large_image","twitter_misc":{"Escrito por":"andressazorzetto07","Est. tempo de leitura":"2 minutos"},"schema":{"@context":"https:\/\/schema.org","@graph":[{"@type":"WebPage","@id":"https:\/\/www.pmpf.rs.gov.br\/educacao\/2023\/05\/29\/prefeito-pedro-chama-novos-professores-para-a-rede-de-educacao\/","url":"https:\/\/www.pmpf.rs.gov.br\/educacao\/2023\/05\/29\/prefeito-pedro-chama-novos-professores-para-a-rede-de-educacao\/","name":"Prefeito Pedro chama novos professores para a rede de educa\u00e7\u00e3o - Secretaria de Educa\u00e7\u00e3o","isPartOf":{"@id":"https:\/\/www.pmpf.rs.gov.br\/educacao\/#website"},"primaryImageOfPage":{"@id":"https:\/\/www.pmpf.rs.gov.br\/educacao\/2023\/05\/29\/prefeito-pedro-chama-novos-professores-para-a-rede-de-educacao\/#primaryimage"},"image":{"@id":"https:\/\/www.pmpf.rs.gov.br\/educacao\/2023\/05\/29\/prefeito-pedro-chama-novos-professores-para-a-rede-de-educacao\/#primaryimage"},"thumbnailUrl":"https:\/\/www.pmpf.rs.gov.br\/educacao\/wp-content\/uploads\/sites\/43\/2023\/05\/professores.jpeg","datePublished":"2023-05-29T18:49:30+00:00","dateModified":"2023-05-29T18:49:31+00:00","author":{"@id":"https:\/\/www.pmpf.rs.gov.br\/educacao\/#\/schema\/person\/30ee1d1bd74da1469b01fcf086e43351"},"inLanguage":"pt-BR","potentialAction":[{"@type":"ReadAction","target":["https:\/\/www.pmpf.rs.gov.br\/educacao\/2023\/05\/29\/prefeito-pedro-chama-novos-professores-para-a-rede-de-educacao\/"]}]},{"@type":"ImageObject","inLanguage":"pt-BR","@id":"https:\/\/www.pmpf.rs.gov.br\/educacao\/2023\/05\/29\/prefeito-pedro-chama-novos-professores-para-a-rede-de-educacao\/#primaryimage","url":"https:\/\/www.pmpf.rs.gov.br\/educacao\/wp-content\/uploads\/sites\/43\/2023\/05\/professores.jpeg","contentUrl":"https:\/\/www.pmpf.rs.gov.br\/educacao\/wp-content\/uploads\/sites\/43\/2023\/05\/professores.jpeg","width":1600,"height":1066},{"@type":"WebSite","@id":"https:\/\/www.pmpf.rs.gov.br\/educacao\/#website","url":"https:\/\/www.pmpf.rs.gov.br\/educacao\/","name":"Secretaria de Educa\u00e7\u00e3o","description":"Secretaria de Educa\u00e7\u00e3o da cidade de Passo Fundo","potentialAction":[{"@type":"SearchAction","target":{"@type":"EntryPoint","urlTemplate":"https:\/\/www.pmpf.rs.gov.br\/educacao\/?s={search_term_string}"},"query-input":{"@type":"PropertyValueSpecification","valueRequired":true,"valueName":"search_term_string"}}],"inLanguage":"pt-BR"},{"@type":"Person","@id":"https:\/\/www.pmpf.rs.gov.br\/educacao\/#\/schema\/person\/30ee1d1bd74da1469b01fcf086e43351","name":"andressazorzetto07","image":{"@type":"ImageObject","inLanguage":"pt-BR","@id":"https:\/\/www.pmpf.rs.gov.br\/educacao\/#\/schema\/person\/image\/","url":"https:\/\/secure.gravatar.com\/avatar\/14c5458ed79dc81da99a13b9ff5f9f19?s=96&d=mm&r=g","contentUrl":"https:\/\/secure.gravatar.com\/avatar\/14c5458ed79dc81da99a13b9ff5f9f19?s=96&d=mm&r=g","caption":"andressazorzetto07"},"url":"https:\/\/www.pmpf.rs.gov.br\/educacao\/author\/andressazorzetto07\/"}]}},"_links":{"self":[{"href":"https:\/\/www.pmpf.rs.gov.br\/educacao\/wp-json\/wp\/v2\/posts\/9210"}],"collection":[{"href":"https:\/\/www.pmpf.rs.gov.br\/educacao\/wp-json\/wp\/v2\/posts"}],"about":[{"href":"https:\/\/www.pmpf.rs.gov.br\/educacao\/wp-json\/wp\/v2\/types\/post"}],"author":[{"embeddable":true,"href":"https:\/\/www.pmpf.rs.gov.br\/educacao\/wp-json\/wp\/v2\/users\/6"}],"replies":[{"embeddable":true,"href":"https:\/\/www.pmpf.rs.gov.br\/educacao\/wp-json\/wp\/v2\/comments?post=9210"}],"version-history":[{"count":1,"href":"https:\/\/www.pmpf.rs.gov.br\/educacao\/wp-json\/wp\/v2\/posts\/9210\/revisions"}],"predecessor-version":[{"id":9212,"href":"https:\/\/www.pmpf.rs.gov.br\/educacao\/wp-json\/wp\/v2\/posts\/9210\/revisions\/9212"}],"wp:featuredmedia":[{"embeddable":true,"href":"https:\/\/www.pmpf.rs.gov.br\/educacao\/wp-json\/wp\/v2\/media\/9211"}],"wp:attachment":[{"href":"https:\/\/www.pmpf.rs.gov.br\/educacao\/wp-json\/wp\/v2\/media?parent=9210"}],"wp:term":[{"taxonomy":"category","embeddable":true,"href":"https:\/\/www.pmpf.rs.gov.br\/educacao\/wp-json\/wp\/v2\/categories?post=9210"},{"taxonomy":"post_tag","embeddable":true,"href":"https:\/\/www.pmpf.rs.gov.br\/educacao\/wp-json\/wp\/v2\/tags?post=9210"}],"curies":[{"name":"wp","href":"https:\/\/api.w.org\/{rel}","templated":true}]}}