{"id":9193,"date":"2023-05-26T15:15:26","date_gmt":"2023-05-26T18:15:26","guid":{"rendered":"https:\/\/www.pmpf.rs.gov.br\/educacao\/?p=9193"},"modified":"2023-05-26T15:15:30","modified_gmt":"2023-05-26T18:15:30","slug":"prefeito-reune-as-72-direcoes-das-escolas-municipais-para-elaborar-levantamento-de-novas-obras-de-infraestrutura","status":"publish","type":"post","link":"https:\/\/www.pmpf.rs.gov.br\/educacao\/2023\/05\/26\/prefeito-reune-as-72-direcoes-das-escolas-municipais-para-elaborar-levantamento-de-novas-obras-de-infraestrutura\/","title":{"rendered":"Prefeito re\u00fane as 72 dire\u00e7\u00f5es das escolas municipais para elaborar levantamento de novas obras de infraestrutura"},"content":{"rendered":"\n<p><\/p>\n\n\n\n<p>A exemplo de encontros e f\u00f3runs que promoveu nas \u00e1reas do meio ambiente e da seguran\u00e7a p\u00fablica, o prefeito de Passo Fundo, Pedro Almeida, recepcionou, na quarta (24) e nesta sexta-feira (26), \u00e0s 72 diretoras das escolas de ensino infantil (EMEI) e fundamental (EMEF) da Rede Municipal de Ensino. Os encontros, ocorridos na Faculdade de Educa\u00e7\u00e3o da Universidade de Passo Fundo (UPF), foram idealizados pelo chefe do Executivo como uma ferramenta para aproximar a Administra\u00e7\u00e3o das equipes diretivas e ampliar o di\u00e1logo com os profissionais que atuam nos espa\u00e7os escolares, possibilitando a troca de informa\u00e7\u00f5es e o compartilhamento de experi\u00eancias.<br>Conforme Pedro, a iniciativa demonstra o compromisso da gest\u00e3o com o fortalecimento da educa\u00e7\u00e3o municipal e a preocupa\u00e7\u00e3o com a melhoria constante da infraestrutura, da seguran\u00e7a e dos programas pedag\u00f3gicos implementados pelo governo. \u201cNosso objetivo \u00e9 oferecer uma educa\u00e7\u00e3o cada vez mais qualificada para nossas crian\u00e7as e adolescentes, construindo os processos de forma coletiva. Por isso, realizamos este movimento importante de convidar cada diretora das nossas escolas para uma conversa, ouvindo as manifesta\u00e7\u00f5es de cada institui\u00e7\u00e3o e apresentando os avan\u00e7os e o planejamento das metas previstas para o setor educacional\u201d, explicou o prefeito.<br>Segundo ele, no primeiro dia de reuni\u00f5es, 48 diretoras participaram dos encontros, divididas em pequenos grupos atendidos por uma equipe que, al\u00e9m do prefeito, foi composta pelos secret\u00e1rios de Educa\u00e7\u00e3o, Adriano Canabarro Teixeira; de Planejamento, Giezi Schneider; e de Gest\u00e3o, Dailon Barp; al\u00e9m da secret\u00e1ria Adjunta de Educa\u00e7\u00e3o, Angelita Scott\u00e1. \u201cAinda n\u00e3o hav\u00edamos conseguido estabelecer este contato mais direto com todas as diretoras das nossas escolas. Apesar da rela\u00e7\u00e3o de proximidade constru\u00edda pela Secretaria de Educa\u00e7\u00e3o, poder apresentar as demandas de cada institui\u00e7\u00e3o para a equipe de gest\u00e3o \u00e9 um passo importante para quem atua diretamente com os pais e a comunidade escolar. Acredito muito que esta a\u00e7\u00e3o marca o in\u00edcio de uma constru\u00e7\u00e3o propositiva e franca com a rede de ensino\u201d, avaliou Pedro.<br><strong><br>Demandas e novas discuss\u00f5es<\/strong><br>De acordo com o prefeito, durante os dois dias da atividade, as diretoras manifestaram suas posi\u00e7\u00f5es acerca dos principais projetos implementados pela Secretaria Municipal de Educa\u00e7\u00e3o (SME), as demandas em obras de infraestrutura, a import\u00e2ncia dos investimentos em tecnologia e na entrega de televisores, tablets e notebooks para cada escola e os avan\u00e7os protagonizados pelas institui\u00e7\u00f5es de ensino desde o in\u00edcio da gest\u00e3o. \u201cFoi um processo importante n\u00e3o apenas para as diretoras, que pela primeira vez puderam ter esse v\u00ednculo direto com a gest\u00e3o, mas tamb\u00e9m para n\u00f3s, enquanto Administra\u00e7\u00e3o, pois estruturamos uma rela\u00e7\u00e3o de proximidade que vai gerar resultados positivos\u201d, argumentou Pedro.<br>Para o secret\u00e1rio de Educa\u00e7\u00e3o, este encontro do prefeito Pedro com todos os diretores e diretoras \u00e9 uma oportunidade de reiterar os investimentos j\u00e1 realizados pelo Munic\u00edpio na educa\u00e7\u00e3o, apontando tamb\u00e9m as novas a\u00e7\u00f5es de melhorias que ser\u00e3o realizadas. \u201cAl\u00e9m de ser uma iniciativa in\u00e9dita, estas reuni\u00f5es ocorrem em um momento muito importante para a educa\u00e7\u00e3o municipal, pois estamos discutindo como avan\u00e7ar nas demandas de cada uma das nossas institui\u00e7\u00f5es de ensino\u201d, disse Adriano, recordando que, no primeiro ano da gest\u00e3o, a Administra\u00e7\u00e3o e a SME se dedicaram \u00e0s quest\u00f5es da sa\u00fade, ao retorno dos alunos \u00e0s escolas e o enfrentamento das desigualdades educacionais que se acentuaram em raz\u00e3o da pandemia. \u201cNossos investimentos, neste per\u00edodo, tiveram como foco a reformula\u00e7\u00e3o da parte tecnol\u00f3gica das nossas institui\u00e7\u00f5es, o que tem nos dado condi\u00e7\u00f5es de qualificar o ensino oferecido \u00e0s crian\u00e7as e adolescentes. Criamos o Centro P\u00f3s-Covid, ampliamos o n\u00famero de vagas e tamb\u00e9m estamos construindo novas escolas\u201d.<br>O secret\u00e1rio de Educa\u00e7\u00e3o comentou ainda que o desafio \u00e9 recepcionar as necessidades trazidas pelas escolas no que se refere a infraestrutura. \u201cPor isso, estas reuni\u00f5es promovidas pelo prefeito s\u00e3o importantes. A partir delas vamos conseguir acolher as demandas e estruturar um planejamento com o cronograma de trabalho\u201d, definiu Adriano.<br>A diretora da EMEI Abelhinhas, Vanessa Lorena Triches de Carvalho, comentou que esta \u00e9 a primeira vez que a Prefeitura re\u00fane os diretores das escolas em encontros setorizados para discutir as quest\u00f5es de cada institui\u00e7\u00e3o de ensino. \u201cIsso \u00e9 muito importante para n\u00f3s, porque demonstra um cuidado e uma aten\u00e7\u00e3o especial com o nosso trabalho e com as demandas que s\u00e3o apresentadas\u201d, elogiou ela, complementando que, muitas vezes, o que \u00e9 reivindicado para a Secretaria Municipal de Educa\u00e7\u00e3o depende de decis\u00f5es que passam pela gest\u00e3o municipal. \u201cE o prefeito estar disposto a nos ouvir \u00e9 um sinal de que ele tem interesse em enxergar a realidade de cada institui\u00e7\u00e3o, trabalhando dentro de um prop\u00f3sito de levar a\u00e7\u00f5es para todas elas\u201d.<br>J\u00e1 a diretora da EMEF Lions Norte Clube Passo Fundo, Adriana Roesler Sim\u00f5es, refor\u00e7a que a escuta das necessidades de cada escola significa que h\u00e1 um esfor\u00e7o da Administra\u00e7\u00e3o em definir um calend\u00e1rio para realizar os projetos, principalmente os relacionados com a infraestrutura das institui\u00e7\u00f5es de ensino. \u201cFoi uma conversa muito produtiva. Saio desse encontro com um cronograma e um planejamento para levar para a minha comunidade escolar, que h\u00e1 muito tempo aguardava uma oportunidade como esta. Precisamos valorizar esta iniciativa e esperar que tenhamos outros espa\u00e7os semelhantes\u201d, declarou.<\/p>\n\n\n\n<p><strong>Pr\u00f3ximas etapas<\/strong><br>Conforme o prefeito, a partir destes encontros, ser\u00e3o definidos cronogramas de trabalho que levar\u00e3o em considera\u00e7\u00e3o, entre outros aspectos, o tamanho das obras de infraestrutura demandadas em cada escola. Al\u00e9m disso, explicou Pedro, os outros apontamentos feitos pelas dire\u00e7\u00f5es ser\u00e3o analisados e inseridos em um planejamento da SME. \u201cN\u00f3s recebemos demandas que envolvem melhorias nos espa\u00e7os escolares, como o cercamento de escolas, amplia\u00e7\u00f5es e reformas; mas tamb\u00e9m solicita\u00e7\u00f5es de reparos que demandam menos investimentos e s\u00e3o mais r\u00e1pidos. Ent\u00e3o, a partir deste levantamento, vamos produzir um cronograma que d\u00ea conta de atender as escolas em curto, m\u00e9dio e longo prazo, permitindo uma atua\u00e7\u00e3o mais conectada com cada escola\u201d, ponderou o chefe do Executivo Municipal.<br>Ampliar o conhecimento da gest\u00e3o sobre o que acontece em cada escola. Para a diretora da EMEF Arlindo de Sousa Matos, Adriana Iarcheski Vanin, que participou da ouvidoria nesta sexta-feira (26), o encontro organizado pelo prefeito cumpre com este objetivo principal. \u201cEssa troca \u00e9 importante, porque valoriza a educa\u00e7\u00e3o e o nosso trabalho junto das nossas comunidades\u201d, relatou ela. Para a diretora da EMEI Padre Alcides, Gerusa Varela Zanotto, o di\u00e1logo \u00e9 uma das principais ferramentas para fazer avan\u00e7ar a educa\u00e7\u00e3o municipal. \u201cEu acredito muito que estes encontros podem estimular novas a\u00e7\u00f5es e o fortalecimento dos nossos programas educacionais enquanto rede municipal de ensino\u201d, ponderou ela.<\/p>\n","protected":false},"excerpt":{"rendered":"<p>Iniciativa, conforme o chefe do Executivo, Pedro Almeida, \u00e9 permitir que as equipes diretivas das institui\u00e7\u00f5es de ensino da Rede Municipal tenham um espa\u00e7o ampliado para manifestar suas reivindica\u00e7\u00f5es e tamb\u00e9m contribuir com a promo\u00e7\u00e3o de iniciativas que qualifiquem o ensino e a aprendizagem no munic\u00edpio<\/p>\n","protected":false},"author":6,"featured_media":9194,"comment_status":"closed","ping_status":"closed","sticky":true,"template":"","format":"standard","meta":{"footnotes":""},"categories":[1],"tags":[],"class_list":["post-9193","post","type-post","status-publish","format-standard","has-post-thumbnail","hentry","category-sem-categoria"],"yoast_head":"<!-- This site is optimized with the Yoast SEO plugin v23.8 - https:\/\/yoast.com\/wordpress\/plugins\/seo\/ -->\n<title>Prefeito re\u00fane as 72 dire\u00e7\u00f5es das escolas municipais para elaborar levantamento de novas obras de infraestrutura - Secretaria de Educa\u00e7\u00e3o<\/title>\n<meta name=\"robots\" content=\"index, follow, max-snippet:-1, max-image-preview:large, max-video-preview:-1\" \/>\n<link rel=\"canonical\" href=\"https:\/\/www.pmpf.rs.gov.br\/educacao\/2023\/05\/26\/prefeito-reune-as-72-direcoes-das-escolas-municipais-para-elaborar-levantamento-de-novas-obras-de-infraestrutura\/\" \/>\n<meta property=\"og:locale\" content=\"pt_BR\" \/>\n<meta property=\"og:type\" content=\"article\" \/>\n<meta property=\"og:title\" content=\"Prefeito re\u00fane as 72 dire\u00e7\u00f5es das escolas municipais para elaborar levantamento de novas obras de infraestrutura - Secretaria de Educa\u00e7\u00e3o\" \/>\n<meta property=\"og:description\" content=\"Iniciativa, conforme o chefe do Executivo, Pedro Almeida, \u00e9 permitir que as equipes diretivas das institui\u00e7\u00f5es de ensino da Rede Municipal tenham um espa\u00e7o ampliado para manifestar suas reivindica\u00e7\u00f5es e tamb\u00e9m contribuir com a promo\u00e7\u00e3o de iniciativas que qualifiquem o ensino e a aprendizagem no munic\u00edpio\" \/>\n<meta property=\"og:url\" content=\"https:\/\/www.pmpf.rs.gov.br\/educacao\/2023\/05\/26\/prefeito-reune-as-72-direcoes-das-escolas-municipais-para-elaborar-levantamento-de-novas-obras-de-infraestrutura\/\" \/>\n<meta property=\"og:site_name\" content=\"Secretaria de Educa\u00e7\u00e3o\" \/>\n<meta property=\"article:published_time\" content=\"2023-05-26T18:15:26+00:00\" \/>\n<meta property=\"article:modified_time\" content=\"2023-05-26T18:15:30+00:00\" \/>\n<meta name=\"author\" content=\"andressazorzetto07\" \/>\n<meta name=\"twitter:card\" content=\"summary_large_image\" \/>\n<meta name=\"twitter:label1\" content=\"Escrito por\" \/>\n\t<meta name=\"twitter:data1\" content=\"andressazorzetto07\" \/>\n\t<meta name=\"twitter:label2\" content=\"Est. tempo de leitura\" \/>\n\t<meta name=\"twitter:data2\" content=\"6 minutos\" \/>\n<script type=\"application\/ld+json\" class=\"yoast-schema-graph\">{\"@context\":\"https:\/\/schema.org\",\"@graph\":[{\"@type\":\"WebPage\",\"@id\":\"https:\/\/www.pmpf.rs.gov.br\/educacao\/2023\/05\/26\/prefeito-reune-as-72-direcoes-das-escolas-municipais-para-elaborar-levantamento-de-novas-obras-de-infraestrutura\/\",\"url\":\"https:\/\/www.pmpf.rs.gov.br\/educacao\/2023\/05\/26\/prefeito-reune-as-72-direcoes-das-escolas-municipais-para-elaborar-levantamento-de-novas-obras-de-infraestrutura\/\",\"name\":\"Prefeito re\u00fane as 72 dire\u00e7\u00f5es das escolas municipais para elaborar levantamento de novas obras de infraestrutura - Secretaria de Educa\u00e7\u00e3o\",\"isPartOf\":{\"@id\":\"https:\/\/www.pmpf.rs.gov.br\/educacao\/#website\"},\"primaryImageOfPage\":{\"@id\":\"https:\/\/www.pmpf.rs.gov.br\/educacao\/2023\/05\/26\/prefeito-reune-as-72-direcoes-das-escolas-municipais-para-elaborar-levantamento-de-novas-obras-de-infraestrutura\/#primaryimage\"},\"image\":{\"@id\":\"https:\/\/www.pmpf.rs.gov.br\/educacao\/2023\/05\/26\/prefeito-reune-as-72-direcoes-das-escolas-municipais-para-elaborar-levantamento-de-novas-obras-de-infraestrutura\/#primaryimage\"},\"thumbnailUrl\":\"https:\/\/www.pmpf.rs.gov.br\/educacao\/wp-content\/uploads\/sites\/43\/2023\/05\/diretores.jpeg\",\"datePublished\":\"2023-05-26T18:15:26+00:00\",\"dateModified\":\"2023-05-26T18:15:30+00:00\",\"author\":{\"@id\":\"https:\/\/www.pmpf.rs.gov.br\/educacao\/#\/schema\/person\/30ee1d1bd74da1469b01fcf086e43351\"},\"inLanguage\":\"pt-BR\",\"potentialAction\":[{\"@type\":\"ReadAction\",\"target\":[\"https:\/\/www.pmpf.rs.gov.br\/educacao\/2023\/05\/26\/prefeito-reune-as-72-direcoes-das-escolas-municipais-para-elaborar-levantamento-de-novas-obras-de-infraestrutura\/\"]}]},{\"@type\":\"ImageObject\",\"inLanguage\":\"pt-BR\",\"@id\":\"https:\/\/www.pmpf.rs.gov.br\/educacao\/2023\/05\/26\/prefeito-reune-as-72-direcoes-das-escolas-municipais-para-elaborar-levantamento-de-novas-obras-de-infraestrutura\/#primaryimage\",\"url\":\"https:\/\/www.pmpf.rs.gov.br\/educacao\/wp-content\/uploads\/sites\/43\/2023\/05\/diretores.jpeg\",\"contentUrl\":\"https:\/\/www.pmpf.rs.gov.br\/educacao\/wp-content\/uploads\/sites\/43\/2023\/05\/diretores.jpeg\",\"width\":1600,\"height\":1066},{\"@type\":\"WebSite\",\"@id\":\"https:\/\/www.pmpf.rs.gov.br\/educacao\/#website\",\"url\":\"https:\/\/www.pmpf.rs.gov.br\/educacao\/\",\"name\":\"Secretaria de Educa\u00e7\u00e3o\",\"description\":\"Secretaria de Educa\u00e7\u00e3o da cidade de Passo Fundo\",\"potentialAction\":[{\"@type\":\"SearchAction\",\"target\":{\"@type\":\"EntryPoint\",\"urlTemplate\":\"https:\/\/www.pmpf.rs.gov.br\/educacao\/?s={search_term_string}\"},\"query-input\":{\"@type\":\"PropertyValueSpecification\",\"valueRequired\":true,\"valueName\":\"search_term_string\"}}],\"inLanguage\":\"pt-BR\"},{\"@type\":\"Person\",\"@id\":\"https:\/\/www.pmpf.rs.gov.br\/educacao\/#\/schema\/person\/30ee1d1bd74da1469b01fcf086e43351\",\"name\":\"andressazorzetto07\",\"image\":{\"@type\":\"ImageObject\",\"inLanguage\":\"pt-BR\",\"@id\":\"https:\/\/www.pmpf.rs.gov.br\/educacao\/#\/schema\/person\/image\/\",\"url\":\"https:\/\/secure.gravatar.com\/avatar\/14c5458ed79dc81da99a13b9ff5f9f19?s=96&d=mm&r=g\",\"contentUrl\":\"https:\/\/secure.gravatar.com\/avatar\/14c5458ed79dc81da99a13b9ff5f9f19?s=96&d=mm&r=g\",\"caption\":\"andressazorzetto07\"},\"url\":\"https:\/\/www.pmpf.rs.gov.br\/educacao\/author\/andressazorzetto07\/\"}]}<\/script>\n<!-- \/ Yoast SEO plugin. -->","yoast_head_json":{"title":"Prefeito re\u00fane as 72 dire\u00e7\u00f5es das escolas municipais para elaborar levantamento de novas obras de infraestrutura - Secretaria de Educa\u00e7\u00e3o","robots":{"index":"index","follow":"follow","max-snippet":"max-snippet:-1","max-image-preview":"max-image-preview:large","max-video-preview":"max-video-preview:-1"},"canonical":"https:\/\/www.pmpf.rs.gov.br\/educacao\/2023\/05\/26\/prefeito-reune-as-72-direcoes-das-escolas-municipais-para-elaborar-levantamento-de-novas-obras-de-infraestrutura\/","og_locale":"pt_BR","og_type":"article","og_title":"Prefeito re\u00fane as 72 dire\u00e7\u00f5es das escolas municipais para elaborar levantamento de novas obras de infraestrutura - Secretaria de Educa\u00e7\u00e3o","og_description":"Iniciativa, conforme o chefe do Executivo, Pedro Almeida, \u00e9 permitir que as equipes diretivas das institui\u00e7\u00f5es de ensino da Rede Municipal tenham um espa\u00e7o ampliado para manifestar suas reivindica\u00e7\u00f5es e tamb\u00e9m contribuir com a promo\u00e7\u00e3o de iniciativas que qualifiquem o ensino e a aprendizagem no munic\u00edpio","og_url":"https:\/\/www.pmpf.rs.gov.br\/educacao\/2023\/05\/26\/prefeito-reune-as-72-direcoes-das-escolas-municipais-para-elaborar-levantamento-de-novas-obras-de-infraestrutura\/","og_site_name":"Secretaria de Educa\u00e7\u00e3o","article_published_time":"2023-05-26T18:15:26+00:00","article_modified_time":"2023-05-26T18:15:30+00:00","author":"andressazorzetto07","twitter_card":"summary_large_image","twitter_misc":{"Escrito por":"andressazorzetto07","Est. tempo de leitura":"6 minutos"},"schema":{"@context":"https:\/\/schema.org","@graph":[{"@type":"WebPage","@id":"https:\/\/www.pmpf.rs.gov.br\/educacao\/2023\/05\/26\/prefeito-reune-as-72-direcoes-das-escolas-municipais-para-elaborar-levantamento-de-novas-obras-de-infraestrutura\/","url":"https:\/\/www.pmpf.rs.gov.br\/educacao\/2023\/05\/26\/prefeito-reune-as-72-direcoes-das-escolas-municipais-para-elaborar-levantamento-de-novas-obras-de-infraestrutura\/","name":"Prefeito re\u00fane as 72 dire\u00e7\u00f5es das escolas municipais para elaborar levantamento de novas obras de infraestrutura - Secretaria de Educa\u00e7\u00e3o","isPartOf":{"@id":"https:\/\/www.pmpf.rs.gov.br\/educacao\/#website"},"primaryImageOfPage":{"@id":"https:\/\/www.pmpf.rs.gov.br\/educacao\/2023\/05\/26\/prefeito-reune-as-72-direcoes-das-escolas-municipais-para-elaborar-levantamento-de-novas-obras-de-infraestrutura\/#primaryimage"},"image":{"@id":"https:\/\/www.pmpf.rs.gov.br\/educacao\/2023\/05\/26\/prefeito-reune-as-72-direcoes-das-escolas-municipais-para-elaborar-levantamento-de-novas-obras-de-infraestrutura\/#primaryimage"},"thumbnailUrl":"https:\/\/www.pmpf.rs.gov.br\/educacao\/wp-content\/uploads\/sites\/43\/2023\/05\/diretores.jpeg","datePublished":"2023-05-26T18:15:26+00:00","dateModified":"2023-05-26T18:15:30+00:00","author":{"@id":"https:\/\/www.pmpf.rs.gov.br\/educacao\/#\/schema\/person\/30ee1d1bd74da1469b01fcf086e43351"},"inLanguage":"pt-BR","potentialAction":[{"@type":"ReadAction","target":["https:\/\/www.pmpf.rs.gov.br\/educacao\/2023\/05\/26\/prefeito-reune-as-72-direcoes-das-escolas-municipais-para-elaborar-levantamento-de-novas-obras-de-infraestrutura\/"]}]},{"@type":"ImageObject","inLanguage":"pt-BR","@id":"https:\/\/www.pmpf.rs.gov.br\/educacao\/2023\/05\/26\/prefeito-reune-as-72-direcoes-das-escolas-municipais-para-elaborar-levantamento-de-novas-obras-de-infraestrutura\/#primaryimage","url":"https:\/\/www.pmpf.rs.gov.br\/educacao\/wp-content\/uploads\/sites\/43\/2023\/05\/diretores.jpeg","contentUrl":"https:\/\/www.pmpf.rs.gov.br\/educacao\/wp-content\/uploads\/sites\/43\/2023\/05\/diretores.jpeg","width":1600,"height":1066},{"@type":"WebSite","@id":"https:\/\/www.pmpf.rs.gov.br\/educacao\/#website","url":"https:\/\/www.pmpf.rs.gov.br\/educacao\/","name":"Secretaria de Educa\u00e7\u00e3o","description":"Secretaria de Educa\u00e7\u00e3o da cidade de Passo Fundo","potentialAction":[{"@type":"SearchAction","target":{"@type":"EntryPoint","urlTemplate":"https:\/\/www.pmpf.rs.gov.br\/educacao\/?s={search_term_string}"},"query-input":{"@type":"PropertyValueSpecification","valueRequired":true,"valueName":"search_term_string"}}],"inLanguage":"pt-BR"},{"@type":"Person","@id":"https:\/\/www.pmpf.rs.gov.br\/educacao\/#\/schema\/person\/30ee1d1bd74da1469b01fcf086e43351","name":"andressazorzetto07","image":{"@type":"ImageObject","inLanguage":"pt-BR","@id":"https:\/\/www.pmpf.rs.gov.br\/educacao\/#\/schema\/person\/image\/","url":"https:\/\/secure.gravatar.com\/avatar\/14c5458ed79dc81da99a13b9ff5f9f19?s=96&d=mm&r=g","contentUrl":"https:\/\/secure.gravatar.com\/avatar\/14c5458ed79dc81da99a13b9ff5f9f19?s=96&d=mm&r=g","caption":"andressazorzetto07"},"url":"https:\/\/www.pmpf.rs.gov.br\/educacao\/author\/andressazorzetto07\/"}]}},"_links":{"self":[{"href":"https:\/\/www.pmpf.rs.gov.br\/educacao\/wp-json\/wp\/v2\/posts\/9193"}],"collection":[{"href":"https:\/\/www.pmpf.rs.gov.br\/educacao\/wp-json\/wp\/v2\/posts"}],"about":[{"href":"https:\/\/www.pmpf.rs.gov.br\/educacao\/wp-json\/wp\/v2\/types\/post"}],"author":[{"embeddable":true,"href":"https:\/\/www.pmpf.rs.gov.br\/educacao\/wp-json\/wp\/v2\/users\/6"}],"replies":[{"embeddable":true,"href":"https:\/\/www.pmpf.rs.gov.br\/educacao\/wp-json\/wp\/v2\/comments?post=9193"}],"version-history":[{"count":1,"href":"https:\/\/www.pmpf.rs.gov.br\/educacao\/wp-json\/wp\/v2\/posts\/9193\/revisions"}],"predecessor-version":[{"id":9195,"href":"https:\/\/www.pmpf.rs.gov.br\/educacao\/wp-json\/wp\/v2\/posts\/9193\/revisions\/9195"}],"wp:featuredmedia":[{"embeddable":true,"href":"https:\/\/www.pmpf.rs.gov.br\/educacao\/wp-json\/wp\/v2\/media\/9194"}],"wp:attachment":[{"href":"https:\/\/www.pmpf.rs.gov.br\/educacao\/wp-json\/wp\/v2\/media?parent=9193"}],"wp:term":[{"taxonomy":"category","embeddable":true,"href":"https:\/\/www.pmpf.rs.gov.br\/educacao\/wp-json\/wp\/v2\/categories?post=9193"},{"taxonomy":"post_tag","embeddable":true,"href":"https:\/\/www.pmpf.rs.gov.br\/educacao\/wp-json\/wp\/v2\/tags?post=9193"}],"curies":[{"name":"wp","href":"https:\/\/api.w.org\/{rel}","templated":true}]}}