{"id":9187,"date":"2023-05-11T13:49:35","date_gmt":"2023-05-11T16:49:35","guid":{"rendered":"https:\/\/www.pmpf.rs.gov.br\/educacao\/?p=9187"},"modified":"2023-05-11T13:49:37","modified_gmt":"2023-05-11T16:49:37","slug":"escola-publica-de-musica-yamandu-costa-completa-um-mes-de-atividades","status":"publish","type":"post","link":"https:\/\/www.pmpf.rs.gov.br\/educacao\/2023\/05\/11\/escola-publica-de-musica-yamandu-costa-completa-um-mes-de-atividades\/","title":{"rendered":"Escola P\u00fablica de M\u00fasica Yamandu Costa completa um m\u00eas de atividades"},"content":{"rendered":"\n<p><\/p>\n\n\n\n<p><\/p>\n\n\n\n<p>A Escola P\u00fablica de M\u00fasica Yamandu Costa completou, nesta quinta-feira (11), um m\u00eas de atividades.&nbsp;Mais de 320 alunos do 6\u00ba ao 9\u00ba ano da rede municipal est\u00e3o inscritos no projeto. A iniciativa inovadora da Prefeitura apresenta aos jovens uma oportunidade de transforma\u00e7\u00e3o social, levando o nome do g\u00eanio da m\u00fasica mundial, vencedor do Grammy Latino em 2021 e passo-fundense Yamandu Costa.<\/p>\n\n\n\n<p>Para o prefeito, Pedro Almeida, o projeto possibilita que a Educa\u00e7\u00e3o ultrapasse as barreiras da sala de aula, ampliando os seus impactos na vida das pessoas. \u201c\u00c9 preciso imaginar o futuro da cidade transformado por uma iniciativa como esta, que est\u00e1 alicer\u00e7ada ao projeto de Cidade Educadora. Queremos, ao levar o acesso \u00e0 m\u00fasica, contribuir com o desenvolvimento integral dos alunos e realizar sonhos. Este objetivo \u00e9 alcan\u00e7ado quando vemos os alunos felizes com a experi\u00eancia\u201d, afirma.<\/p>\n\n\n\n<p>Quatro escolas de Ensino Fundamental concentram as aulas de m\u00fasica: al\u00e9m da Senador Pasqualini, Cohab Secchi, Benoni Rosado e Wolmar Salton. O secret\u00e1rio de Educa\u00e7\u00e3o, Adriano Canabarro Teixeira, explica que a escolha dessas institui\u00e7\u00f5es foi realizada com a divis\u00e3o da cidade em quatro quadrantes. \u201cUma escola em cada quadrante foi definida para acolher o projeto. Essas escolas acolhem alunos de outras institui\u00e7\u00f5es de suas regi\u00f5es. Partindo de uma dimens\u00e3o de cidade educadora, elas t\u00eam o territ\u00f3rio como espa\u00e7o de a\u00e7\u00e3o\u201d, salienta.<\/p>\n\n\n\n<p>Essas institui\u00e7\u00f5es foram contempladas com a implementa\u00e7\u00e3o de uma sala de m\u00fasica, equipada com isolamento ac\u00fastico, mobili\u00e1rio e instrumentos. Quatro professores e quatro auxiliares, em sistema de rod\u00edzio, v\u00e3o at\u00e9 esses espa\u00e7os para ministrar as aulas no turno inverso dos estudantes. As oficinas abrangem as modalidades de cordas dedilhadas, cordas friccionadas, sopros e percuss\u00e3o. Cada aluno inscrito escolheu a modalidade durante a inscri\u00e7\u00e3o.<\/p>\n\n\n\n<p>Al\u00e9m disso, j\u00e1 est\u00e3o acontecendo atividades na sede da Escola P\u00fablica de M\u00fasica, que fica no Parque da Gare, e vai receber grupos art\u00edsticos formados pelos alunos que se destacarem nos quadrantes.<\/p>\n\n\n\n<p>O maestro da Escola P\u00fablica de M\u00fasica, Rodrigo \u00c1vila, avalia o andamento do projeto at\u00e9 agora. \u201cTem sido uma grande experi\u00eancia para os alunos. Eles est\u00e3o engajados e se dedicando. Sei que muitos grandes talentos ser\u00e3o formados aqui\u201d, pontua.<\/p>\n\n\n\n<p><\/p>\n\n\n\n<p><strong>Fotos: Michel Sanderi<\/strong><\/p>\n","protected":false},"excerpt":{"rendered":"<p>Iniciativa da Prefeitura de Passo Fundo j\u00e1 envolve mais de 320 alunos da rede municipal<\/p>\n","protected":false},"author":6,"featured_media":9188,"comment_status":"closed","ping_status":"closed","sticky":true,"template":"","format":"standard","meta":{"footnotes":""},"categories":[1],"tags":[],"class_list":["post-9187","post","type-post","status-publish","format-standard","has-post-thumbnail","hentry","category-sem-categoria"],"yoast_head":"<!-- This site is optimized with the Yoast SEO plugin v23.8 - https:\/\/yoast.com\/wordpress\/plugins\/seo\/ -->\n<title>Escola P\u00fablica de M\u00fasica Yamandu Costa completa um m\u00eas de atividades - Secretaria de Educa\u00e7\u00e3o<\/title>\n<meta name=\"robots\" content=\"index, follow, max-snippet:-1, max-image-preview:large, max-video-preview:-1\" \/>\n<link rel=\"canonical\" href=\"https:\/\/www.pmpf.rs.gov.br\/educacao\/2023\/05\/11\/escola-publica-de-musica-yamandu-costa-completa-um-mes-de-atividades\/\" \/>\n<meta property=\"og:locale\" content=\"pt_BR\" \/>\n<meta property=\"og:type\" content=\"article\" \/>\n<meta property=\"og:title\" content=\"Escola P\u00fablica de M\u00fasica Yamandu Costa completa um m\u00eas de atividades - Secretaria de Educa\u00e7\u00e3o\" \/>\n<meta property=\"og:description\" content=\"Iniciativa da Prefeitura de Passo Fundo j\u00e1 envolve mais de 320 alunos da rede municipal\" \/>\n<meta property=\"og:url\" content=\"https:\/\/www.pmpf.rs.gov.br\/educacao\/2023\/05\/11\/escola-publica-de-musica-yamandu-costa-completa-um-mes-de-atividades\/\" \/>\n<meta property=\"og:site_name\" content=\"Secretaria de Educa\u00e7\u00e3o\" \/>\n<meta property=\"article:published_time\" content=\"2023-05-11T16:49:35+00:00\" \/>\n<meta property=\"article:modified_time\" content=\"2023-05-11T16:49:37+00:00\" \/>\n<meta name=\"author\" content=\"andressazorzetto07\" \/>\n<meta name=\"twitter:card\" content=\"summary_large_image\" \/>\n<meta name=\"twitter:label1\" content=\"Escrito por\" \/>\n\t<meta name=\"twitter:data1\" content=\"andressazorzetto07\" \/>\n\t<meta name=\"twitter:label2\" content=\"Est. tempo de leitura\" \/>\n\t<meta name=\"twitter:data2\" content=\"2 minutos\" \/>\n<script type=\"application\/ld+json\" class=\"yoast-schema-graph\">{\"@context\":\"https:\/\/schema.org\",\"@graph\":[{\"@type\":\"WebPage\",\"@id\":\"https:\/\/www.pmpf.rs.gov.br\/educacao\/2023\/05\/11\/escola-publica-de-musica-yamandu-costa-completa-um-mes-de-atividades\/\",\"url\":\"https:\/\/www.pmpf.rs.gov.br\/educacao\/2023\/05\/11\/escola-publica-de-musica-yamandu-costa-completa-um-mes-de-atividades\/\",\"name\":\"Escola P\u00fablica de M\u00fasica Yamandu Costa completa um m\u00eas de atividades - Secretaria de Educa\u00e7\u00e3o\",\"isPartOf\":{\"@id\":\"https:\/\/www.pmpf.rs.gov.br\/educacao\/#website\"},\"primaryImageOfPage\":{\"@id\":\"https:\/\/www.pmpf.rs.gov.br\/educacao\/2023\/05\/11\/escola-publica-de-musica-yamandu-costa-completa-um-mes-de-atividades\/#primaryimage\"},\"image\":{\"@id\":\"https:\/\/www.pmpf.rs.gov.br\/educacao\/2023\/05\/11\/escola-publica-de-musica-yamandu-costa-completa-um-mes-de-atividades\/#primaryimage\"},\"thumbnailUrl\":\"https:\/\/www.pmpf.rs.gov.br\/educacao\/wp-content\/uploads\/sites\/43\/2023\/05\/MSF01382.jpg\",\"datePublished\":\"2023-05-11T16:49:35+00:00\",\"dateModified\":\"2023-05-11T16:49:37+00:00\",\"author\":{\"@id\":\"https:\/\/www.pmpf.rs.gov.br\/educacao\/#\/schema\/person\/30ee1d1bd74da1469b01fcf086e43351\"},\"inLanguage\":\"pt-BR\",\"potentialAction\":[{\"@type\":\"ReadAction\",\"target\":[\"https:\/\/www.pmpf.rs.gov.br\/educacao\/2023\/05\/11\/escola-publica-de-musica-yamandu-costa-completa-um-mes-de-atividades\/\"]}]},{\"@type\":\"ImageObject\",\"inLanguage\":\"pt-BR\",\"@id\":\"https:\/\/www.pmpf.rs.gov.br\/educacao\/2023\/05\/11\/escola-publica-de-musica-yamandu-costa-completa-um-mes-de-atividades\/#primaryimage\",\"url\":\"https:\/\/www.pmpf.rs.gov.br\/educacao\/wp-content\/uploads\/sites\/43\/2023\/05\/MSF01382.jpg\",\"contentUrl\":\"https:\/\/www.pmpf.rs.gov.br\/educacao\/wp-content\/uploads\/sites\/43\/2023\/05\/MSF01382.jpg\"},{\"@type\":\"WebSite\",\"@id\":\"https:\/\/www.pmpf.rs.gov.br\/educacao\/#website\",\"url\":\"https:\/\/www.pmpf.rs.gov.br\/educacao\/\",\"name\":\"Secretaria de Educa\u00e7\u00e3o\",\"description\":\"Secretaria de Educa\u00e7\u00e3o da cidade de Passo Fundo\",\"potentialAction\":[{\"@type\":\"SearchAction\",\"target\":{\"@type\":\"EntryPoint\",\"urlTemplate\":\"https:\/\/www.pmpf.rs.gov.br\/educacao\/?s={search_term_string}\"},\"query-input\":{\"@type\":\"PropertyValueSpecification\",\"valueRequired\":true,\"valueName\":\"search_term_string\"}}],\"inLanguage\":\"pt-BR\"},{\"@type\":\"Person\",\"@id\":\"https:\/\/www.pmpf.rs.gov.br\/educacao\/#\/schema\/person\/30ee1d1bd74da1469b01fcf086e43351\",\"name\":\"andressazorzetto07\",\"image\":{\"@type\":\"ImageObject\",\"inLanguage\":\"pt-BR\",\"@id\":\"https:\/\/www.pmpf.rs.gov.br\/educacao\/#\/schema\/person\/image\/\",\"url\":\"https:\/\/secure.gravatar.com\/avatar\/14c5458ed79dc81da99a13b9ff5f9f19?s=96&d=mm&r=g\",\"contentUrl\":\"https:\/\/secure.gravatar.com\/avatar\/14c5458ed79dc81da99a13b9ff5f9f19?s=96&d=mm&r=g\",\"caption\":\"andressazorzetto07\"},\"url\":\"https:\/\/www.pmpf.rs.gov.br\/educacao\/author\/andressazorzetto07\/\"}]}<\/script>\n<!-- \/ Yoast SEO plugin. -->","yoast_head_json":{"title":"Escola P\u00fablica de M\u00fasica Yamandu Costa completa um m\u00eas de atividades - Secretaria de Educa\u00e7\u00e3o","robots":{"index":"index","follow":"follow","max-snippet":"max-snippet:-1","max-image-preview":"max-image-preview:large","max-video-preview":"max-video-preview:-1"},"canonical":"https:\/\/www.pmpf.rs.gov.br\/educacao\/2023\/05\/11\/escola-publica-de-musica-yamandu-costa-completa-um-mes-de-atividades\/","og_locale":"pt_BR","og_type":"article","og_title":"Escola P\u00fablica de M\u00fasica Yamandu Costa completa um m\u00eas de atividades - Secretaria de Educa\u00e7\u00e3o","og_description":"Iniciativa da Prefeitura de Passo Fundo j\u00e1 envolve mais de 320 alunos da rede municipal","og_url":"https:\/\/www.pmpf.rs.gov.br\/educacao\/2023\/05\/11\/escola-publica-de-musica-yamandu-costa-completa-um-mes-de-atividades\/","og_site_name":"Secretaria de Educa\u00e7\u00e3o","article_published_time":"2023-05-11T16:49:35+00:00","article_modified_time":"2023-05-11T16:49:37+00:00","author":"andressazorzetto07","twitter_card":"summary_large_image","twitter_misc":{"Escrito por":"andressazorzetto07","Est. tempo de leitura":"2 minutos"},"schema":{"@context":"https:\/\/schema.org","@graph":[{"@type":"WebPage","@id":"https:\/\/www.pmpf.rs.gov.br\/educacao\/2023\/05\/11\/escola-publica-de-musica-yamandu-costa-completa-um-mes-de-atividades\/","url":"https:\/\/www.pmpf.rs.gov.br\/educacao\/2023\/05\/11\/escola-publica-de-musica-yamandu-costa-completa-um-mes-de-atividades\/","name":"Escola P\u00fablica de M\u00fasica Yamandu Costa completa um m\u00eas de atividades - Secretaria de Educa\u00e7\u00e3o","isPartOf":{"@id":"https:\/\/www.pmpf.rs.gov.br\/educacao\/#website"},"primaryImageOfPage":{"@id":"https:\/\/www.pmpf.rs.gov.br\/educacao\/2023\/05\/11\/escola-publica-de-musica-yamandu-costa-completa-um-mes-de-atividades\/#primaryimage"},"image":{"@id":"https:\/\/www.pmpf.rs.gov.br\/educacao\/2023\/05\/11\/escola-publica-de-musica-yamandu-costa-completa-um-mes-de-atividades\/#primaryimage"},"thumbnailUrl":"https:\/\/www.pmpf.rs.gov.br\/educacao\/wp-content\/uploads\/sites\/43\/2023\/05\/MSF01382.jpg","datePublished":"2023-05-11T16:49:35+00:00","dateModified":"2023-05-11T16:49:37+00:00","author":{"@id":"https:\/\/www.pmpf.rs.gov.br\/educacao\/#\/schema\/person\/30ee1d1bd74da1469b01fcf086e43351"},"inLanguage":"pt-BR","potentialAction":[{"@type":"ReadAction","target":["https:\/\/www.pmpf.rs.gov.br\/educacao\/2023\/05\/11\/escola-publica-de-musica-yamandu-costa-completa-um-mes-de-atividades\/"]}]},{"@type":"ImageObject","inLanguage":"pt-BR","@id":"https:\/\/www.pmpf.rs.gov.br\/educacao\/2023\/05\/11\/escola-publica-de-musica-yamandu-costa-completa-um-mes-de-atividades\/#primaryimage","url":"https:\/\/www.pmpf.rs.gov.br\/educacao\/wp-content\/uploads\/sites\/43\/2023\/05\/MSF01382.jpg","contentUrl":"https:\/\/www.pmpf.rs.gov.br\/educacao\/wp-content\/uploads\/sites\/43\/2023\/05\/MSF01382.jpg"},{"@type":"WebSite","@id":"https:\/\/www.pmpf.rs.gov.br\/educacao\/#website","url":"https:\/\/www.pmpf.rs.gov.br\/educacao\/","name":"Secretaria de Educa\u00e7\u00e3o","description":"Secretaria de Educa\u00e7\u00e3o da cidade de Passo Fundo","potentialAction":[{"@type":"SearchAction","target":{"@type":"EntryPoint","urlTemplate":"https:\/\/www.pmpf.rs.gov.br\/educacao\/?s={search_term_string}"},"query-input":{"@type":"PropertyValueSpecification","valueRequired":true,"valueName":"search_term_string"}}],"inLanguage":"pt-BR"},{"@type":"Person","@id":"https:\/\/www.pmpf.rs.gov.br\/educacao\/#\/schema\/person\/30ee1d1bd74da1469b01fcf086e43351","name":"andressazorzetto07","image":{"@type":"ImageObject","inLanguage":"pt-BR","@id":"https:\/\/www.pmpf.rs.gov.br\/educacao\/#\/schema\/person\/image\/","url":"https:\/\/secure.gravatar.com\/avatar\/14c5458ed79dc81da99a13b9ff5f9f19?s=96&d=mm&r=g","contentUrl":"https:\/\/secure.gravatar.com\/avatar\/14c5458ed79dc81da99a13b9ff5f9f19?s=96&d=mm&r=g","caption":"andressazorzetto07"},"url":"https:\/\/www.pmpf.rs.gov.br\/educacao\/author\/andressazorzetto07\/"}]}},"_links":{"self":[{"href":"https:\/\/www.pmpf.rs.gov.br\/educacao\/wp-json\/wp\/v2\/posts\/9187"}],"collection":[{"href":"https:\/\/www.pmpf.rs.gov.br\/educacao\/wp-json\/wp\/v2\/posts"}],"about":[{"href":"https:\/\/www.pmpf.rs.gov.br\/educacao\/wp-json\/wp\/v2\/types\/post"}],"author":[{"embeddable":true,"href":"https:\/\/www.pmpf.rs.gov.br\/educacao\/wp-json\/wp\/v2\/users\/6"}],"replies":[{"embeddable":true,"href":"https:\/\/www.pmpf.rs.gov.br\/educacao\/wp-json\/wp\/v2\/comments?post=9187"}],"version-history":[{"count":1,"href":"https:\/\/www.pmpf.rs.gov.br\/educacao\/wp-json\/wp\/v2\/posts\/9187\/revisions"}],"predecessor-version":[{"id":9189,"href":"https:\/\/www.pmpf.rs.gov.br\/educacao\/wp-json\/wp\/v2\/posts\/9187\/revisions\/9189"}],"wp:featuredmedia":[{"embeddable":true,"href":"https:\/\/www.pmpf.rs.gov.br\/educacao\/wp-json\/wp\/v2\/media\/9188"}],"wp:attachment":[{"href":"https:\/\/www.pmpf.rs.gov.br\/educacao\/wp-json\/wp\/v2\/media?parent=9187"}],"wp:term":[{"taxonomy":"category","embeddable":true,"href":"https:\/\/www.pmpf.rs.gov.br\/educacao\/wp-json\/wp\/v2\/categories?post=9187"},{"taxonomy":"post_tag","embeddable":true,"href":"https:\/\/www.pmpf.rs.gov.br\/educacao\/wp-json\/wp\/v2\/tags?post=9187"}],"curies":[{"name":"wp","href":"https:\/\/api.w.org\/{rel}","templated":true}]}}