{"id":9168,"date":"2023-04-27T13:56:04","date_gmt":"2023-04-27T16:56:04","guid":{"rendered":"https:\/\/www.pmpf.rs.gov.br\/educacao\/?p=9168"},"modified":"2023-04-27T15:50:48","modified_gmt":"2023-04-27T18:50:48","slug":"prefeito-pedro-almeida-inaugura-a-sede-da-escola-das-profissoes","status":"publish","type":"post","link":"https:\/\/www.pmpf.rs.gov.br\/educacao\/2023\/04\/27\/prefeito-pedro-almeida-inaugura-a-sede-da-escola-das-profissoes\/","title":{"rendered":"Prefeito Pedro Almeida inaugura a sede da Escola das Profiss\u00f5es"},"content":{"rendered":"\n<p><\/p>\n\n\n\n<p>Formar pessoas que fa\u00e7am parte das solu\u00e7\u00f5es do mundo: essa \u00e9 a miss\u00e3o que norteia as iniciativas implementadas pela Prefeitura na \u00e1rea da Educa\u00e7\u00e3o. Na manh\u00e3 desta quinta-feira (27), o prefeito Pedro Almeida apresentou mais uma oportunidade para que as crian\u00e7as e jovens desenvolvam novas habilidades, inaugurando oficialmente o pr\u00e9dio da Escola das Profiss\u00f5es, onde acontecer\u00e3o os cursos gratuitos do Eixo 1, chamado de Profissionais do Futuro, voltados \u00e0 tecnologia e l\u00ednguas.<\/p>\n\n\n\n<p>Conforme o prefeito, o espa\u00e7o olha para os desafios que esperam a sociedade no amanh\u00e3. \u201cA cidade que tiver o olhar para a capacita\u00e7\u00e3o das pessoas, para preparar os jovens para o que vai vir no futuro \u00e9 uma cidade que est\u00e1 \u00e0 frente. Inauguramos hoje um espa\u00e7o de inova\u00e7\u00e3o e educa\u00e7\u00e3o, que \u00e9 um dos mais importantes projetos que temos para a Educa\u00e7\u00e3o de Passo Fundo\u201d, disse.<\/p>\n\n\n\n<p>O secret\u00e1rio de Educa\u00e7\u00e3o, Adriano Canabarro Teixeira, explicou o que ser\u00e1 realizado no local. \u201cPor que esperar para depois se podemos come\u00e7ar agora a preparar as nossas crian\u00e7as e jovens para trabalharem com as tecnologias portadoras do futuro? Aqui, eles v\u00e3o aprender rob\u00f3tica, desenvolvimento de games, m\u00e9todos \u00e1geis e l\u00ednguas. Estamos oportunizando condi\u00e7\u00f5es para que eles desenvolvam habilidades a fim de que possam fazer parte das solu\u00e7\u00f5es do mundo, que passa pelo dom\u00ednio da tecnologia e de l\u00ednguas\u201d<\/p>\n\n\n\n<p>Os cursos de forma\u00e7\u00e3o dos Profissionais do Futuro contam com o suporte da Google, uma das maiores empresas de tecnologia do mundo. A parceria foi firmada pelo prefeito Pedro Almeida durante viagem a S\u00e3o Paulo, momento em que foram apresentadas iniciativas implementadas pelo Munic\u00edpio na \u00e1rea da Educa\u00e7\u00e3o, e possibilitar\u00e1 aos alunos o acesso a importantes ferramentas.<\/p>\n\n\n\n<p>O pr\u00e9dio da Escola das Profiss\u00f5es fica na Avenida Brasil, Centro, na frente do Largo da Literatura, e possui quatro andares. Salas denominadas Fab Lab, Laborat\u00f3rio de Inform\u00e1tica e Imers\u00e3o e L\u00ednguas foram projetadas para que os alunos troquem ideias e fa\u00e7am experimenta\u00e7\u00f5es e descobertas.<\/p>\n\n\n\n<p>Os estudantes ser\u00e3o selecionados pelas escolas em que estudam, a partir das compet\u00eancias que apresentam. Os 140 alunos que far\u00e3o os cursos em 2023 participaram do Hackathon durante o primeiro Festival de Ci\u00eancias, Inova\u00e7\u00e3o e Tecnologia (FECIT) da rede municipal, realizado em outubro do ano passado. Na pr\u00f3xima edi\u00e7\u00e3o, que ocorrer\u00e1 no fim deste do ano, ser\u00e3o designados os estudantes que poder\u00e3o ingressar nos cursos do Profissionais do Futuro em 2024.<\/p>\n\n\n\n<p><\/p>\n\n\n\n<p><strong>Miss\u00e3o Cidade Educadora<br><\/strong>Falando sobre Educa\u00e7\u00e3o, FECIT e compet\u00eancias, durante a inaugura\u00e7\u00e3o do pr\u00e9dio da Escola das Profiss\u00f5es, receberam o t\u00edtulo de Embaixadores de Passo Fundo os alunos que ir\u00e3o para Barcelona daqui alguns dias apresentar as iniciativas do Munic\u00edpio para a Educa\u00e7\u00e3o na Miss\u00e3o Cidade Educadora.<\/p>\n\n\n\n<p>Mateus Felipe Bellini da Luz (EMEF Senador Pasqualini), Luane Freitas Ruas (EMEF padre Jos\u00e9 Anchieta), Sabrina Schmitz dos Santos (EMEF Etelvina Rocha Duro), Mei Lyn Chaves Choy (EMEF Daniel Dipp) e Esthefani Biasolini Sim\u00f5es (EMEF Professora Helena Salton) se destacaram nas diferentes \u00e1reas do conhecimento e, devido a isso, foram classificados para representar Passo Fundo no Ber\u00e7o das Cidades Educadoras.<\/p>\n\n\n\n<p><\/p>\n\n\n\n<p><strong>Escola das Profiss\u00f5es<br><\/strong>Os cursos da Escola das Profiss\u00f5es s\u00e3o divididos em tr\u00eas eixos:<\/p>\n\n\n\n<ul class=\"wp-block-list\">\n<li>O Eixo 1, chamado \u201cProfissionais do Futuro\u201d, \u00e9 destinado ao desenvolvimento de habilidades fundamentais aos profissionais do futuro. O ambiente criado tem como marca o aprendizado de l\u00ednguas, a utiliza\u00e7\u00e3o de m\u00e9todos \u00e1geis e o desenvolvimento de tecnologias sociais.<\/li>\n\n\n\n<li>O Eixo 2, que ganhou o nome \u201cQualific@REE\u201d, proporciona uma forma\u00e7\u00e3o de jovens e adultos na \u00e1rea da capacita\u00e7\u00e3o profissional, focando no desenvolvimento pessoal e social. Esses cursos buscam beneficiar pessoas que residem no Munic\u00edpio com mais de 15 anos com a profissionaliza\u00e7\u00e3o para que, assim, possam ingressar no mercado de trabalho ou se manter nele. Ainda, incentiva o empreendedorismo.<\/li>\n\n\n\n<li>J\u00e1 o Eixo 3, o \u201cUpdate\u201d, tem foco em atender a ind\u00fastria e conta com a parceria do Senai. A Prefeitura estabeleceu parcerias o setor industrial para promover cursos t\u00e9cnicos de capacita\u00e7\u00e3o, atendendo \u00e0 demanda das empresas por m\u00e3o de obra qualificada. Todas as pessoas que participaram do eixo 3 sa\u00edram dos cursos empregadas.<\/li>\n<\/ul>\n\n\n\n<p>Revitaliza\u00e7\u00e3o no entorno do pr\u00e9dio<br>Junto com o pr\u00e9dio da Escola das Profiss\u00f5es, a Prefeitura entregou as melhorias no aspecto arquitet\u00f4nico e urban\u00edstico no entorno do local. A \u00e1rea do Largo da Literatura recebeu interven\u00e7\u00f5es na ilumina\u00e7\u00e3o e novos bancos e lixeiras para garantir um ambiente de conviv\u00eancia \u00e0 comunidade, al\u00e9m da revitaliza\u00e7\u00e3o do monumento.<\/p>\n","protected":false},"excerpt":{"rendered":"<p>Neste espa\u00e7o, v\u00e3o acontecer os cursos gratuitos do Eixo 1 do programa \u2013 o Profissionais do Futuro \u2013, voltados \u00e0 tecnologia e l\u00ednguas<\/p>\n","protected":false},"author":6,"featured_media":9169,"comment_status":"closed","ping_status":"closed","sticky":true,"template":"","format":"standard","meta":{"footnotes":""},"categories":[1],"tags":[],"class_list":["post-9168","post","type-post","status-publish","format-standard","has-post-thumbnail","hentry","category-sem-categoria"],"yoast_head":"<!-- This site is optimized with the Yoast SEO plugin v23.8 - https:\/\/yoast.com\/wordpress\/plugins\/seo\/ -->\n<title>Prefeito Pedro Almeida inaugura a sede da Escola das Profiss\u00f5es - Secretaria de Educa\u00e7\u00e3o<\/title>\n<meta name=\"robots\" content=\"index, follow, max-snippet:-1, max-image-preview:large, max-video-preview:-1\" \/>\n<link rel=\"canonical\" href=\"https:\/\/www.pmpf.rs.gov.br\/educacao\/2023\/04\/27\/prefeito-pedro-almeida-inaugura-a-sede-da-escola-das-profissoes\/\" \/>\n<meta property=\"og:locale\" content=\"pt_BR\" \/>\n<meta property=\"og:type\" content=\"article\" \/>\n<meta property=\"og:title\" content=\"Prefeito Pedro Almeida inaugura a sede da Escola das Profiss\u00f5es - Secretaria de Educa\u00e7\u00e3o\" \/>\n<meta property=\"og:description\" content=\"Neste espa\u00e7o, v\u00e3o acontecer os cursos gratuitos do Eixo 1 do programa \u2013 o Profissionais do Futuro \u2013, voltados \u00e0 tecnologia e l\u00ednguas\" \/>\n<meta property=\"og:url\" content=\"https:\/\/www.pmpf.rs.gov.br\/educacao\/2023\/04\/27\/prefeito-pedro-almeida-inaugura-a-sede-da-escola-das-profissoes\/\" \/>\n<meta property=\"og:site_name\" content=\"Secretaria de Educa\u00e7\u00e3o\" \/>\n<meta property=\"article:published_time\" content=\"2023-04-27T16:56:04+00:00\" \/>\n<meta property=\"article:modified_time\" content=\"2023-04-27T18:50:48+00:00\" \/>\n<meta property=\"og:image\" content=\"https:\/\/www.pmpf.rs.gov.br\/educacao\/wp-content\/uploads\/sites\/43\/2023\/04\/escola-das-profissoes.jpeg\" \/>\n\t<meta property=\"og:image:width\" content=\"1600\" \/>\n\t<meta property=\"og:image:height\" content=\"1066\" \/>\n\t<meta property=\"og:image:type\" content=\"image\/jpeg\" \/>\n<meta name=\"author\" content=\"andressazorzetto07\" \/>\n<meta name=\"twitter:card\" content=\"summary_large_image\" \/>\n<meta name=\"twitter:label1\" content=\"Escrito por\" \/>\n\t<meta name=\"twitter:data1\" content=\"andressazorzetto07\" \/>\n\t<meta name=\"twitter:label2\" content=\"Est. tempo de leitura\" \/>\n\t<meta name=\"twitter:data2\" content=\"4 minutos\" \/>\n<script type=\"application\/ld+json\" class=\"yoast-schema-graph\">{\"@context\":\"https:\/\/schema.org\",\"@graph\":[{\"@type\":\"WebPage\",\"@id\":\"https:\/\/www.pmpf.rs.gov.br\/educacao\/2023\/04\/27\/prefeito-pedro-almeida-inaugura-a-sede-da-escola-das-profissoes\/\",\"url\":\"https:\/\/www.pmpf.rs.gov.br\/educacao\/2023\/04\/27\/prefeito-pedro-almeida-inaugura-a-sede-da-escola-das-profissoes\/\",\"name\":\"Prefeito Pedro Almeida inaugura a sede da Escola das Profiss\u00f5es - Secretaria de Educa\u00e7\u00e3o\",\"isPartOf\":{\"@id\":\"https:\/\/www.pmpf.rs.gov.br\/educacao\/#website\"},\"primaryImageOfPage\":{\"@id\":\"https:\/\/www.pmpf.rs.gov.br\/educacao\/2023\/04\/27\/prefeito-pedro-almeida-inaugura-a-sede-da-escola-das-profissoes\/#primaryimage\"},\"image\":{\"@id\":\"https:\/\/www.pmpf.rs.gov.br\/educacao\/2023\/04\/27\/prefeito-pedro-almeida-inaugura-a-sede-da-escola-das-profissoes\/#primaryimage\"},\"thumbnailUrl\":\"https:\/\/www.pmpf.rs.gov.br\/educacao\/wp-content\/uploads\/sites\/43\/2023\/04\/escola-das-profissoes.jpeg\",\"datePublished\":\"2023-04-27T16:56:04+00:00\",\"dateModified\":\"2023-04-27T18:50:48+00:00\",\"author\":{\"@id\":\"https:\/\/www.pmpf.rs.gov.br\/educacao\/#\/schema\/person\/30ee1d1bd74da1469b01fcf086e43351\"},\"inLanguage\":\"pt-BR\",\"potentialAction\":[{\"@type\":\"ReadAction\",\"target\":[\"https:\/\/www.pmpf.rs.gov.br\/educacao\/2023\/04\/27\/prefeito-pedro-almeida-inaugura-a-sede-da-escola-das-profissoes\/\"]}]},{\"@type\":\"ImageObject\",\"inLanguage\":\"pt-BR\",\"@id\":\"https:\/\/www.pmpf.rs.gov.br\/educacao\/2023\/04\/27\/prefeito-pedro-almeida-inaugura-a-sede-da-escola-das-profissoes\/#primaryimage\",\"url\":\"https:\/\/www.pmpf.rs.gov.br\/educacao\/wp-content\/uploads\/sites\/43\/2023\/04\/escola-das-profissoes.jpeg\",\"contentUrl\":\"https:\/\/www.pmpf.rs.gov.br\/educacao\/wp-content\/uploads\/sites\/43\/2023\/04\/escola-das-profissoes.jpeg\",\"width\":1600,\"height\":1066},{\"@type\":\"WebSite\",\"@id\":\"https:\/\/www.pmpf.rs.gov.br\/educacao\/#website\",\"url\":\"https:\/\/www.pmpf.rs.gov.br\/educacao\/\",\"name\":\"Secretaria de Educa\u00e7\u00e3o\",\"description\":\"Secretaria de Educa\u00e7\u00e3o da cidade de Passo Fundo\",\"potentialAction\":[{\"@type\":\"SearchAction\",\"target\":{\"@type\":\"EntryPoint\",\"urlTemplate\":\"https:\/\/www.pmpf.rs.gov.br\/educacao\/?s={search_term_string}\"},\"query-input\":{\"@type\":\"PropertyValueSpecification\",\"valueRequired\":true,\"valueName\":\"search_term_string\"}}],\"inLanguage\":\"pt-BR\"},{\"@type\":\"Person\",\"@id\":\"https:\/\/www.pmpf.rs.gov.br\/educacao\/#\/schema\/person\/30ee1d1bd74da1469b01fcf086e43351\",\"name\":\"andressazorzetto07\",\"image\":{\"@type\":\"ImageObject\",\"inLanguage\":\"pt-BR\",\"@id\":\"https:\/\/www.pmpf.rs.gov.br\/educacao\/#\/schema\/person\/image\/\",\"url\":\"https:\/\/secure.gravatar.com\/avatar\/14c5458ed79dc81da99a13b9ff5f9f19?s=96&d=mm&r=g\",\"contentUrl\":\"https:\/\/secure.gravatar.com\/avatar\/14c5458ed79dc81da99a13b9ff5f9f19?s=96&d=mm&r=g\",\"caption\":\"andressazorzetto07\"},\"url\":\"https:\/\/www.pmpf.rs.gov.br\/educacao\/author\/andressazorzetto07\/\"}]}<\/script>\n<!-- \/ Yoast SEO plugin. -->","yoast_head_json":{"title":"Prefeito Pedro Almeida inaugura a sede da Escola das Profiss\u00f5es - Secretaria de Educa\u00e7\u00e3o","robots":{"index":"index","follow":"follow","max-snippet":"max-snippet:-1","max-image-preview":"max-image-preview:large","max-video-preview":"max-video-preview:-1"},"canonical":"https:\/\/www.pmpf.rs.gov.br\/educacao\/2023\/04\/27\/prefeito-pedro-almeida-inaugura-a-sede-da-escola-das-profissoes\/","og_locale":"pt_BR","og_type":"article","og_title":"Prefeito Pedro Almeida inaugura a sede da Escola das Profiss\u00f5es - Secretaria de Educa\u00e7\u00e3o","og_description":"Neste espa\u00e7o, v\u00e3o acontecer os cursos gratuitos do Eixo 1 do programa \u2013 o Profissionais do Futuro \u2013, voltados \u00e0 tecnologia e l\u00ednguas","og_url":"https:\/\/www.pmpf.rs.gov.br\/educacao\/2023\/04\/27\/prefeito-pedro-almeida-inaugura-a-sede-da-escola-das-profissoes\/","og_site_name":"Secretaria de Educa\u00e7\u00e3o","article_published_time":"2023-04-27T16:56:04+00:00","article_modified_time":"2023-04-27T18:50:48+00:00","og_image":[{"width":1600,"height":1066,"url":"https:\/\/www.pmpf.rs.gov.br\/educacao\/wp-content\/uploads\/sites\/43\/2023\/04\/escola-das-profissoes.jpeg","type":"image\/jpeg"}],"author":"andressazorzetto07","twitter_card":"summary_large_image","twitter_misc":{"Escrito por":"andressazorzetto07","Est. tempo de leitura":"4 minutos"},"schema":{"@context":"https:\/\/schema.org","@graph":[{"@type":"WebPage","@id":"https:\/\/www.pmpf.rs.gov.br\/educacao\/2023\/04\/27\/prefeito-pedro-almeida-inaugura-a-sede-da-escola-das-profissoes\/","url":"https:\/\/www.pmpf.rs.gov.br\/educacao\/2023\/04\/27\/prefeito-pedro-almeida-inaugura-a-sede-da-escola-das-profissoes\/","name":"Prefeito Pedro Almeida inaugura a sede da Escola das Profiss\u00f5es - Secretaria de Educa\u00e7\u00e3o","isPartOf":{"@id":"https:\/\/www.pmpf.rs.gov.br\/educacao\/#website"},"primaryImageOfPage":{"@id":"https:\/\/www.pmpf.rs.gov.br\/educacao\/2023\/04\/27\/prefeito-pedro-almeida-inaugura-a-sede-da-escola-das-profissoes\/#primaryimage"},"image":{"@id":"https:\/\/www.pmpf.rs.gov.br\/educacao\/2023\/04\/27\/prefeito-pedro-almeida-inaugura-a-sede-da-escola-das-profissoes\/#primaryimage"},"thumbnailUrl":"https:\/\/www.pmpf.rs.gov.br\/educacao\/wp-content\/uploads\/sites\/43\/2023\/04\/escola-das-profissoes.jpeg","datePublished":"2023-04-27T16:56:04+00:00","dateModified":"2023-04-27T18:50:48+00:00","author":{"@id":"https:\/\/www.pmpf.rs.gov.br\/educacao\/#\/schema\/person\/30ee1d1bd74da1469b01fcf086e43351"},"inLanguage":"pt-BR","potentialAction":[{"@type":"ReadAction","target":["https:\/\/www.pmpf.rs.gov.br\/educacao\/2023\/04\/27\/prefeito-pedro-almeida-inaugura-a-sede-da-escola-das-profissoes\/"]}]},{"@type":"ImageObject","inLanguage":"pt-BR","@id":"https:\/\/www.pmpf.rs.gov.br\/educacao\/2023\/04\/27\/prefeito-pedro-almeida-inaugura-a-sede-da-escola-das-profissoes\/#primaryimage","url":"https:\/\/www.pmpf.rs.gov.br\/educacao\/wp-content\/uploads\/sites\/43\/2023\/04\/escola-das-profissoes.jpeg","contentUrl":"https:\/\/www.pmpf.rs.gov.br\/educacao\/wp-content\/uploads\/sites\/43\/2023\/04\/escola-das-profissoes.jpeg","width":1600,"height":1066},{"@type":"WebSite","@id":"https:\/\/www.pmpf.rs.gov.br\/educacao\/#website","url":"https:\/\/www.pmpf.rs.gov.br\/educacao\/","name":"Secretaria de Educa\u00e7\u00e3o","description":"Secretaria de Educa\u00e7\u00e3o da cidade de Passo Fundo","potentialAction":[{"@type":"SearchAction","target":{"@type":"EntryPoint","urlTemplate":"https:\/\/www.pmpf.rs.gov.br\/educacao\/?s={search_term_string}"},"query-input":{"@type":"PropertyValueSpecification","valueRequired":true,"valueName":"search_term_string"}}],"inLanguage":"pt-BR"},{"@type":"Person","@id":"https:\/\/www.pmpf.rs.gov.br\/educacao\/#\/schema\/person\/30ee1d1bd74da1469b01fcf086e43351","name":"andressazorzetto07","image":{"@type":"ImageObject","inLanguage":"pt-BR","@id":"https:\/\/www.pmpf.rs.gov.br\/educacao\/#\/schema\/person\/image\/","url":"https:\/\/secure.gravatar.com\/avatar\/14c5458ed79dc81da99a13b9ff5f9f19?s=96&d=mm&r=g","contentUrl":"https:\/\/secure.gravatar.com\/avatar\/14c5458ed79dc81da99a13b9ff5f9f19?s=96&d=mm&r=g","caption":"andressazorzetto07"},"url":"https:\/\/www.pmpf.rs.gov.br\/educacao\/author\/andressazorzetto07\/"}]}},"_links":{"self":[{"href":"https:\/\/www.pmpf.rs.gov.br\/educacao\/wp-json\/wp\/v2\/posts\/9168"}],"collection":[{"href":"https:\/\/www.pmpf.rs.gov.br\/educacao\/wp-json\/wp\/v2\/posts"}],"about":[{"href":"https:\/\/www.pmpf.rs.gov.br\/educacao\/wp-json\/wp\/v2\/types\/post"}],"author":[{"embeddable":true,"href":"https:\/\/www.pmpf.rs.gov.br\/educacao\/wp-json\/wp\/v2\/users\/6"}],"replies":[{"embeddable":true,"href":"https:\/\/www.pmpf.rs.gov.br\/educacao\/wp-json\/wp\/v2\/comments?post=9168"}],"version-history":[{"count":2,"href":"https:\/\/www.pmpf.rs.gov.br\/educacao\/wp-json\/wp\/v2\/posts\/9168\/revisions"}],"predecessor-version":[{"id":9174,"href":"https:\/\/www.pmpf.rs.gov.br\/educacao\/wp-json\/wp\/v2\/posts\/9168\/revisions\/9174"}],"wp:featuredmedia":[{"embeddable":true,"href":"https:\/\/www.pmpf.rs.gov.br\/educacao\/wp-json\/wp\/v2\/media\/9169"}],"wp:attachment":[{"href":"https:\/\/www.pmpf.rs.gov.br\/educacao\/wp-json\/wp\/v2\/media?parent=9168"}],"wp:term":[{"taxonomy":"category","embeddable":true,"href":"https:\/\/www.pmpf.rs.gov.br\/educacao\/wp-json\/wp\/v2\/categories?post=9168"},{"taxonomy":"post_tag","embeddable":true,"href":"https:\/\/www.pmpf.rs.gov.br\/educacao\/wp-json\/wp\/v2\/tags?post=9168"}],"curies":[{"name":"wp","href":"https:\/\/api.w.org\/{rel}","templated":true}]}}