{"id":9137,"date":"2023-03-16T15:04:49","date_gmt":"2023-03-16T18:04:49","guid":{"rendered":"https:\/\/www.pmpf.rs.gov.br\/educacao\/?p=9137"},"modified":"2023-03-16T15:04:49","modified_gmt":"2023-03-16T18:04:49","slug":"prefeitura-inaugura-sede-da-escola-publica-de-musica-yamandu-costa-no-parque-da-gare","status":"publish","type":"post","link":"https:\/\/www.pmpf.rs.gov.br\/educacao\/2023\/03\/16\/prefeitura-inaugura-sede-da-escola-publica-de-musica-yamandu-costa-no-parque-da-gare\/","title":{"rendered":"Prefeitura inaugura sede da Escola P\u00fablica de M\u00fasica Yamandu Costa no Parque da Gare"},"content":{"rendered":"\n<p><\/p>\n\n\n\n<p>Um dos eventos mais aguardados da Semana da M\u00fasica e que representa um momento hist\u00f3rico para Passo Fundo foi realizado na manh\u00e3 desta quinta-feira (16): a prefeitura inaugurou a sede da Escola P\u00fablica de M\u00fasica Yamandu Costa, no Parque da Gare, um espa\u00e7o que vai concentrar o projeto de ensino da m\u00fasica para as crian\u00e7as da rede municipal. A abertura oficial da sede contou com a presen\u00e7a do violonista passo-fundense reconhecido no mundo e que empresta o seu nome para a iniciativa, Yamandu Costa.<\/p>\n\n\n\n<p>Para o prefeito, Pedro Almeida, a Educa\u00e7\u00e3o precisa ultrapassar as barreiras da sala de aula para que sejam ampliados os seus impactos na vida das pessoas. \u201c\u00c9 preciso imaginar o futuro da cidade transformado por uma iniciativa como esta, que est\u00e1 alicer\u00e7ada ao projeto de Cidade Educadora. Queremos levar o acesso \u00e0 m\u00fasica, contribuir com o desenvolvimento integral dos alunos e realizar sonhos\u201d, disse ele, que tamb\u00e9m \u00e9 m\u00fasico.<\/p>\n\n\n\n<p>A Escola de M\u00fasica reconhece e valoriza a trajet\u00f3ria do violonista e compositor passo-fundense Yamandu Costa. Filho de m\u00fasicos, ele cresceu em meio \u00e0 m\u00fasica e fala sobre como esse universo pode transformar as crian\u00e7as. \u201cMe pergunto o que eu fiz para melhorar a vida das pessoas. Tenho a certeza de que esse projeto d\u00e1 a possibilidade de fazer isso de fato. Mais do que tornar m\u00fasicos, essa escola vai abrir a percep\u00e7\u00e3o humana dessas crian\u00e7as e isso vai melhorar o futuro delas, que \u00e9 o mais importante, da forma mais bonita, que \u00e9 atrav\u00e9s da arte\u201d, destacou.<\/p>\n\n\n\n<p>As atividades ser\u00e3o feitas com estudantes da rede municipal do sexto ao nono ano, que ter\u00e3o acesso a quatro modalidades de ensino de m\u00fasica: instrumentos de cordas, cordas friccionadas, percuss\u00e3o e sopro. As aulas ser\u00e3o ministradas por quatro instrutores, quatro auxiliares e pelo maestro Rodrigo \u00c1vila e acontecer\u00e3o em quatro escolas municipais \u2013 uma em cada quadrante da cidade \u2013, que receberam uma sala de m\u00fasica e os instrumentos: EMEFs Senador Pasqualini, Cohab Secchi, Benoni Rosado e Wolmar Salton. Para a sede, no Parque da Gare, ser\u00e3o direcionadas as crian\u00e7as que apresentarem um melhor desempenho na modalidade que escolheram. Elas ir\u00e3o compor grupos e conservat\u00f3rios.<\/p>\n\n\n\n<p>O secret\u00e1rio de Educa\u00e7\u00e3o, Adriano Canabarro Teixeira, enfatizou que a iniciativa faz do territ\u00f3rio do munic\u00edpio um espa\u00e7o de forma\u00e7\u00e3o pedag\u00f3gica e humana. \u201cA Educa\u00e7\u00e3o n\u00e3o se faz somente com a escolariza\u00e7\u00e3o. Essa a\u00e7\u00e3o \u00e9 muito poderosa dentro do conceito de Cidade Educadora, que se preocupa com uma forma\u00e7\u00e3o integral da sua popula\u00e7\u00e3o\u201d, pontuou.<\/p>\n\n\n\n<p><strong>Trajet\u00f3ria de inspira\u00e7\u00e3o<br><\/strong>A cria\u00e7\u00e3o de Yamandu Costa foi em um caldeir\u00e3o de m\u00fasica, e o seu destino n\u00e3o seria diferente. compositor foi dentro de um caldeir\u00e3o de m\u00fasica, e o seu caminho n\u00e3o seria diferente. O seu pai, Algacir Costa (in memoriam), era educador e l\u00edder do grupo Os Fronteiri\u00e7os. A m\u00e3e, Clari Costa, por sua vez, \u00e9 cantora.<\/p>\n\n\n\n<p>Yamandu come\u00e7ou a estudar viol\u00e3o aos 7 anos de idade com o pai. Aos 17 anos, apresentou-se em S\u00e3o Paulo pela primeira vez, no Circuito Cultural Banco do Brasil, produzido pelo Est\u00fadio Tom Brasil. E, a partir da\u00ed, passou a ser reconhecido como m\u00fasico revela\u00e7\u00e3o do viol\u00e3o brasileiro, tocando de choro \u00e0 m\u00fasica cl\u00e1ssica brasileira, milongas, tangos, zambas e chamam\u00e9s. Ele esteve nos mais importantes palcos do Brasil e do mundo, participando de grandes festivais e encontros. Tamb\u00e9m foi vencedor dos mais relevantes pr\u00eamios da m\u00fasica brasileira, tornando-se reconhecido internacionalmente.<\/p>\n\n\n\n<p>Para Yamandu, ser refer\u00eancia para a Escola P\u00fablica de M\u00fasica da rede municipal de educa\u00e7\u00e3o \u00e9 manter no tempo a contribui\u00e7\u00e3o do seu pai enquanto educador. \u201cMe sinto muito honrado. Tudo isso me remete \u00e0 mem\u00f3ria do meu pai. Ele sempre foi a minha grande liga\u00e7\u00e3o com Passo Fundo e um educador nato, que formou muitas pessoas na cidade. Ele queria disseminar a linguagem da m\u00fasica\u201d, contou.<\/p>\n\n\n\n<p>Clari acompanhou a inaugura\u00e7\u00e3o da sede do projeto e, emocionada, compartilhou o que o momento significa para a M\u00fasica. \u201c\u00c9 um dia muito emocionante. Aqui est\u00e1 toda uma hist\u00f3ria que constru\u00edmos, come\u00e7ando pelo pai do Yamandu e por mim levando o nome de Passo Fundo com o grupo Os Fronteiri\u00e7os. A m\u00fasica emancipa e alegra a alma. Parab\u00e9ns a Passo Fundo e que isso v\u00e1 para o mundo\u201d, afirmou.<\/p>\n\n\n\n<p><\/p>\n\n\n\n<p><strong>Visita \u00e0s escolas<br><\/strong>Entre esta quinta (16) e sexta-feira (17), Yamandu Costa ir\u00e1, junto com o prefeito Pedro Almeida, at\u00e9 as escolas em que acontecer\u00e3o o projeto. As visitas iniciar\u00e3o na tarde de hoje pelas EMEFs Cohab Secchi e Senador Pasqualini.<\/p>\n\n\n\n<p>Conforme o prefeito, ser\u00e1 uma oportunidade para Yamandu conhecer a realidade dos territ\u00f3rios em que o projeto ser\u00e1 desenvolvido e para as crian\u00e7as terem contato com o m\u00fasico. \u201cAs escolas j\u00e1 est\u00e3o prontas para iniciar as aulas e n\u00f3s vamos conferir como ficaram as salas de m\u00fasica, fazendo tamb\u00e9m este primeiro contato com os alunos\u201d, salientou.<\/p>\n\n\n\n<p><\/p>\n\n\n\n<p><strong>Semana da M\u00fasica<br><\/strong>A Semana da M\u00fasica de Passo Fundo ir\u00e1 at\u00e9 18 de mar\u00e7o. A comunidade tem acesso a muitos eventos gratuitos, que ocupam os espa\u00e7os p\u00fablicos e contam com a presen\u00e7a de nomes importantes da m\u00fasica: Yamandu Costa, Renato Borghetti, Alegre Corr\u00eaa, Luna Paz e Gabriel Selvage. A programa\u00e7\u00e3o completa pode ser conferida no site da Prefeitura (www.pmpf.rs.gov.br).<\/p>\n","protected":false},"excerpt":{"rendered":"<p>O espa\u00e7o que vai concentrar o projeto de ensino da m\u00fasica para as crian\u00e7as da rede municipal. A inaugura\u00e7\u00e3o contou com a presen\u00e7a do violonista passo-fundense reconhecido no mundo e que empresta o seu nome para a iniciativa, Yamandu Costa<\/p>\n","protected":false},"author":6,"featured_media":9138,"comment_status":"closed","ping_status":"closed","sticky":true,"template":"","format":"standard","meta":{"footnotes":""},"categories":[1],"tags":[],"class_list":["post-9137","post","type-post","status-publish","format-standard","has-post-thumbnail","hentry","category-sem-categoria"],"yoast_head":"<!-- This site is optimized with the Yoast SEO plugin v23.8 - https:\/\/yoast.com\/wordpress\/plugins\/seo\/ -->\n<title>Prefeitura inaugura sede da Escola P\u00fablica de M\u00fasica Yamandu Costa no Parque da Gare - Secretaria de Educa\u00e7\u00e3o<\/title>\n<meta name=\"robots\" content=\"index, follow, max-snippet:-1, max-image-preview:large, max-video-preview:-1\" \/>\n<link rel=\"canonical\" href=\"https:\/\/www.pmpf.rs.gov.br\/educacao\/2023\/03\/16\/prefeitura-inaugura-sede-da-escola-publica-de-musica-yamandu-costa-no-parque-da-gare\/\" \/>\n<meta property=\"og:locale\" content=\"pt_BR\" \/>\n<meta property=\"og:type\" content=\"article\" \/>\n<meta property=\"og:title\" content=\"Prefeitura inaugura sede da Escola P\u00fablica de M\u00fasica Yamandu Costa no Parque da Gare - Secretaria de Educa\u00e7\u00e3o\" \/>\n<meta property=\"og:description\" content=\"O espa\u00e7o que vai concentrar o projeto de ensino da m\u00fasica para as crian\u00e7as da rede municipal. A inaugura\u00e7\u00e3o contou com a presen\u00e7a do violonista passo-fundense reconhecido no mundo e que empresta o seu nome para a iniciativa, Yamandu Costa\" \/>\n<meta property=\"og:url\" content=\"https:\/\/www.pmpf.rs.gov.br\/educacao\/2023\/03\/16\/prefeitura-inaugura-sede-da-escola-publica-de-musica-yamandu-costa-no-parque-da-gare\/\" \/>\n<meta property=\"og:site_name\" content=\"Secretaria de Educa\u00e7\u00e3o\" \/>\n<meta property=\"article:published_time\" content=\"2023-03-16T18:04:49+00:00\" \/>\n<meta name=\"author\" content=\"andressazorzetto07\" \/>\n<meta name=\"twitter:card\" content=\"summary_large_image\" \/>\n<meta name=\"twitter:label1\" content=\"Escrito por\" \/>\n\t<meta name=\"twitter:data1\" content=\"andressazorzetto07\" \/>\n\t<meta name=\"twitter:label2\" content=\"Est. tempo de leitura\" \/>\n\t<meta name=\"twitter:data2\" content=\"5 minutos\" \/>\n<script type=\"application\/ld+json\" class=\"yoast-schema-graph\">{\"@context\":\"https:\/\/schema.org\",\"@graph\":[{\"@type\":\"WebPage\",\"@id\":\"https:\/\/www.pmpf.rs.gov.br\/educacao\/2023\/03\/16\/prefeitura-inaugura-sede-da-escola-publica-de-musica-yamandu-costa-no-parque-da-gare\/\",\"url\":\"https:\/\/www.pmpf.rs.gov.br\/educacao\/2023\/03\/16\/prefeitura-inaugura-sede-da-escola-publica-de-musica-yamandu-costa-no-parque-da-gare\/\",\"name\":\"Prefeitura inaugura sede da Escola P\u00fablica de M\u00fasica Yamandu Costa no Parque da Gare - Secretaria de Educa\u00e7\u00e3o\",\"isPartOf\":{\"@id\":\"https:\/\/www.pmpf.rs.gov.br\/educacao\/#website\"},\"primaryImageOfPage\":{\"@id\":\"https:\/\/www.pmpf.rs.gov.br\/educacao\/2023\/03\/16\/prefeitura-inaugura-sede-da-escola-publica-de-musica-yamandu-costa-no-parque-da-gare\/#primaryimage\"},\"image\":{\"@id\":\"https:\/\/www.pmpf.rs.gov.br\/educacao\/2023\/03\/16\/prefeitura-inaugura-sede-da-escola-publica-de-musica-yamandu-costa-no-parque-da-gare\/#primaryimage\"},\"thumbnailUrl\":\"https:\/\/www.pmpf.rs.gov.br\/educacao\/wp-content\/uploads\/sites\/43\/2023\/03\/escola-publica-de-musica.jpeg\",\"datePublished\":\"2023-03-16T18:04:49+00:00\",\"dateModified\":\"2023-03-16T18:04:49+00:00\",\"author\":{\"@id\":\"https:\/\/www.pmpf.rs.gov.br\/educacao\/#\/schema\/person\/30ee1d1bd74da1469b01fcf086e43351\"},\"inLanguage\":\"pt-BR\",\"potentialAction\":[{\"@type\":\"ReadAction\",\"target\":[\"https:\/\/www.pmpf.rs.gov.br\/educacao\/2023\/03\/16\/prefeitura-inaugura-sede-da-escola-publica-de-musica-yamandu-costa-no-parque-da-gare\/\"]}]},{\"@type\":\"ImageObject\",\"inLanguage\":\"pt-BR\",\"@id\":\"https:\/\/www.pmpf.rs.gov.br\/educacao\/2023\/03\/16\/prefeitura-inaugura-sede-da-escola-publica-de-musica-yamandu-costa-no-parque-da-gare\/#primaryimage\",\"url\":\"https:\/\/www.pmpf.rs.gov.br\/educacao\/wp-content\/uploads\/sites\/43\/2023\/03\/escola-publica-de-musica.jpeg\",\"contentUrl\":\"https:\/\/www.pmpf.rs.gov.br\/educacao\/wp-content\/uploads\/sites\/43\/2023\/03\/escola-publica-de-musica.jpeg\",\"width\":1600,\"height\":1066},{\"@type\":\"WebSite\",\"@id\":\"https:\/\/www.pmpf.rs.gov.br\/educacao\/#website\",\"url\":\"https:\/\/www.pmpf.rs.gov.br\/educacao\/\",\"name\":\"Secretaria de Educa\u00e7\u00e3o\",\"description\":\"Secretaria de Educa\u00e7\u00e3o da cidade de Passo Fundo\",\"potentialAction\":[{\"@type\":\"SearchAction\",\"target\":{\"@type\":\"EntryPoint\",\"urlTemplate\":\"https:\/\/www.pmpf.rs.gov.br\/educacao\/?s={search_term_string}\"},\"query-input\":{\"@type\":\"PropertyValueSpecification\",\"valueRequired\":true,\"valueName\":\"search_term_string\"}}],\"inLanguage\":\"pt-BR\"},{\"@type\":\"Person\",\"@id\":\"https:\/\/www.pmpf.rs.gov.br\/educacao\/#\/schema\/person\/30ee1d1bd74da1469b01fcf086e43351\",\"name\":\"andressazorzetto07\",\"image\":{\"@type\":\"ImageObject\",\"inLanguage\":\"pt-BR\",\"@id\":\"https:\/\/www.pmpf.rs.gov.br\/educacao\/#\/schema\/person\/image\/\",\"url\":\"https:\/\/secure.gravatar.com\/avatar\/14c5458ed79dc81da99a13b9ff5f9f19?s=96&d=mm&r=g\",\"contentUrl\":\"https:\/\/secure.gravatar.com\/avatar\/14c5458ed79dc81da99a13b9ff5f9f19?s=96&d=mm&r=g\",\"caption\":\"andressazorzetto07\"},\"url\":\"https:\/\/www.pmpf.rs.gov.br\/educacao\/author\/andressazorzetto07\/\"}]}<\/script>\n<!-- \/ Yoast SEO plugin. -->","yoast_head_json":{"title":"Prefeitura inaugura sede da Escola P\u00fablica de M\u00fasica Yamandu Costa no Parque da Gare - Secretaria de Educa\u00e7\u00e3o","robots":{"index":"index","follow":"follow","max-snippet":"max-snippet:-1","max-image-preview":"max-image-preview:large","max-video-preview":"max-video-preview:-1"},"canonical":"https:\/\/www.pmpf.rs.gov.br\/educacao\/2023\/03\/16\/prefeitura-inaugura-sede-da-escola-publica-de-musica-yamandu-costa-no-parque-da-gare\/","og_locale":"pt_BR","og_type":"article","og_title":"Prefeitura inaugura sede da Escola P\u00fablica de M\u00fasica Yamandu Costa no Parque da Gare - Secretaria de Educa\u00e7\u00e3o","og_description":"O espa\u00e7o que vai concentrar o projeto de ensino da m\u00fasica para as crian\u00e7as da rede municipal. A inaugura\u00e7\u00e3o contou com a presen\u00e7a do violonista passo-fundense reconhecido no mundo e que empresta o seu nome para a iniciativa, Yamandu Costa","og_url":"https:\/\/www.pmpf.rs.gov.br\/educacao\/2023\/03\/16\/prefeitura-inaugura-sede-da-escola-publica-de-musica-yamandu-costa-no-parque-da-gare\/","og_site_name":"Secretaria de Educa\u00e7\u00e3o","article_published_time":"2023-03-16T18:04:49+00:00","author":"andressazorzetto07","twitter_card":"summary_large_image","twitter_misc":{"Escrito por":"andressazorzetto07","Est. tempo de leitura":"5 minutos"},"schema":{"@context":"https:\/\/schema.org","@graph":[{"@type":"WebPage","@id":"https:\/\/www.pmpf.rs.gov.br\/educacao\/2023\/03\/16\/prefeitura-inaugura-sede-da-escola-publica-de-musica-yamandu-costa-no-parque-da-gare\/","url":"https:\/\/www.pmpf.rs.gov.br\/educacao\/2023\/03\/16\/prefeitura-inaugura-sede-da-escola-publica-de-musica-yamandu-costa-no-parque-da-gare\/","name":"Prefeitura inaugura sede da Escola P\u00fablica de M\u00fasica Yamandu Costa no Parque da Gare - Secretaria de Educa\u00e7\u00e3o","isPartOf":{"@id":"https:\/\/www.pmpf.rs.gov.br\/educacao\/#website"},"primaryImageOfPage":{"@id":"https:\/\/www.pmpf.rs.gov.br\/educacao\/2023\/03\/16\/prefeitura-inaugura-sede-da-escola-publica-de-musica-yamandu-costa-no-parque-da-gare\/#primaryimage"},"image":{"@id":"https:\/\/www.pmpf.rs.gov.br\/educacao\/2023\/03\/16\/prefeitura-inaugura-sede-da-escola-publica-de-musica-yamandu-costa-no-parque-da-gare\/#primaryimage"},"thumbnailUrl":"https:\/\/www.pmpf.rs.gov.br\/educacao\/wp-content\/uploads\/sites\/43\/2023\/03\/escola-publica-de-musica.jpeg","datePublished":"2023-03-16T18:04:49+00:00","dateModified":"2023-03-16T18:04:49+00:00","author":{"@id":"https:\/\/www.pmpf.rs.gov.br\/educacao\/#\/schema\/person\/30ee1d1bd74da1469b01fcf086e43351"},"inLanguage":"pt-BR","potentialAction":[{"@type":"ReadAction","target":["https:\/\/www.pmpf.rs.gov.br\/educacao\/2023\/03\/16\/prefeitura-inaugura-sede-da-escola-publica-de-musica-yamandu-costa-no-parque-da-gare\/"]}]},{"@type":"ImageObject","inLanguage":"pt-BR","@id":"https:\/\/www.pmpf.rs.gov.br\/educacao\/2023\/03\/16\/prefeitura-inaugura-sede-da-escola-publica-de-musica-yamandu-costa-no-parque-da-gare\/#primaryimage","url":"https:\/\/www.pmpf.rs.gov.br\/educacao\/wp-content\/uploads\/sites\/43\/2023\/03\/escola-publica-de-musica.jpeg","contentUrl":"https:\/\/www.pmpf.rs.gov.br\/educacao\/wp-content\/uploads\/sites\/43\/2023\/03\/escola-publica-de-musica.jpeg","width":1600,"height":1066},{"@type":"WebSite","@id":"https:\/\/www.pmpf.rs.gov.br\/educacao\/#website","url":"https:\/\/www.pmpf.rs.gov.br\/educacao\/","name":"Secretaria de Educa\u00e7\u00e3o","description":"Secretaria de Educa\u00e7\u00e3o da cidade de Passo Fundo","potentialAction":[{"@type":"SearchAction","target":{"@type":"EntryPoint","urlTemplate":"https:\/\/www.pmpf.rs.gov.br\/educacao\/?s={search_term_string}"},"query-input":{"@type":"PropertyValueSpecification","valueRequired":true,"valueName":"search_term_string"}}],"inLanguage":"pt-BR"},{"@type":"Person","@id":"https:\/\/www.pmpf.rs.gov.br\/educacao\/#\/schema\/person\/30ee1d1bd74da1469b01fcf086e43351","name":"andressazorzetto07","image":{"@type":"ImageObject","inLanguage":"pt-BR","@id":"https:\/\/www.pmpf.rs.gov.br\/educacao\/#\/schema\/person\/image\/","url":"https:\/\/secure.gravatar.com\/avatar\/14c5458ed79dc81da99a13b9ff5f9f19?s=96&d=mm&r=g","contentUrl":"https:\/\/secure.gravatar.com\/avatar\/14c5458ed79dc81da99a13b9ff5f9f19?s=96&d=mm&r=g","caption":"andressazorzetto07"},"url":"https:\/\/www.pmpf.rs.gov.br\/educacao\/author\/andressazorzetto07\/"}]}},"_links":{"self":[{"href":"https:\/\/www.pmpf.rs.gov.br\/educacao\/wp-json\/wp\/v2\/posts\/9137"}],"collection":[{"href":"https:\/\/www.pmpf.rs.gov.br\/educacao\/wp-json\/wp\/v2\/posts"}],"about":[{"href":"https:\/\/www.pmpf.rs.gov.br\/educacao\/wp-json\/wp\/v2\/types\/post"}],"author":[{"embeddable":true,"href":"https:\/\/www.pmpf.rs.gov.br\/educacao\/wp-json\/wp\/v2\/users\/6"}],"replies":[{"embeddable":true,"href":"https:\/\/www.pmpf.rs.gov.br\/educacao\/wp-json\/wp\/v2\/comments?post=9137"}],"version-history":[{"count":1,"href":"https:\/\/www.pmpf.rs.gov.br\/educacao\/wp-json\/wp\/v2\/posts\/9137\/revisions"}],"predecessor-version":[{"id":9139,"href":"https:\/\/www.pmpf.rs.gov.br\/educacao\/wp-json\/wp\/v2\/posts\/9137\/revisions\/9139"}],"wp:featuredmedia":[{"embeddable":true,"href":"https:\/\/www.pmpf.rs.gov.br\/educacao\/wp-json\/wp\/v2\/media\/9138"}],"wp:attachment":[{"href":"https:\/\/www.pmpf.rs.gov.br\/educacao\/wp-json\/wp\/v2\/media?parent=9137"}],"wp:term":[{"taxonomy":"category","embeddable":true,"href":"https:\/\/www.pmpf.rs.gov.br\/educacao\/wp-json\/wp\/v2\/categories?post=9137"},{"taxonomy":"post_tag","embeddable":true,"href":"https:\/\/www.pmpf.rs.gov.br\/educacao\/wp-json\/wp\/v2\/tags?post=9137"}],"curies":[{"name":"wp","href":"https:\/\/api.w.org\/{rel}","templated":true}]}}