{"id":9130,"date":"2023-03-15T17:13:57","date_gmt":"2023-03-15T20:13:57","guid":{"rendered":"https:\/\/www.pmpf.rs.gov.br\/educacao\/?p=9130"},"modified":"2023-03-15T17:13:58","modified_gmt":"2023-03-15T20:13:58","slug":"yamandu-costa-conhece-projeto-pedagogico-da-escola-publica-de-musica","status":"publish","type":"post","link":"https:\/\/www.pmpf.rs.gov.br\/educacao\/2023\/03\/15\/yamandu-costa-conhece-projeto-pedagogico-da-escola-publica-de-musica\/","title":{"rendered":"Yamandu Costa conhece projeto pedag\u00f3gico da Escola P\u00fablica de M\u00fasica"},"content":{"rendered":"\n<p><\/p>\n\n\n\n<p><\/p>\n\n\n\n<p>A um dia da inaugura\u00e7\u00e3o oficial da Escola P\u00fablica de M\u00fasica Yamandu Costa, o m\u00fasico passo-fundense homenageado pela Prefeitura de Passo Fundo com a nomenclatura do espa\u00e7o sede da Escola e do programa de musicaliza\u00e7\u00e3o no munic\u00edpio, Yamandu Costa, visitou o gabinete do prefeito, Pedro Almeida, para dialogar sobre a a\u00e7\u00e3o do ensino de m\u00fasica nas escolas e tamb\u00e9m sobre o significado destes programas na forma\u00e7\u00e3o cidad\u00e3 dos alunos. \u201cA Escola P\u00fablica de M\u00fasica \u00e9 uma grande proposta que integra o programa das Cidades Educadoras. A partir deste modelo, vamos ampliar para outras \u00e1reas como o meio ambiente e o tr\u00e2nsito, por exemplo\u201d, disse Pedro.<\/p>\n\n\n\n<p>O prefeito tamb\u00e9m agradeceu a vinda de Yamandu ao munic\u00edpio para participar da solenidade de entrega da sede da Escola P\u00fablica de M\u00fasica e refor\u00e7ou o compromisso da gest\u00e3o com a promo\u00e7\u00e3o de iniciativas de valoriza\u00e7\u00e3o da arte, da cultura e da educa\u00e7\u00e3o.<\/p>\n\n\n\n<p>Ap\u00f3s a visita ao prefeito, Yamandu participou do primeiro encontro de forma\u00e7\u00e3o com os instrutores que atuar\u00e3o nas oficinas. Durante a tarde desta quarta-feira (15), Yamandu compartilhou suas experi\u00eancias de forma\u00e7\u00e3o musical e conheceu os detalhes que estruturam a iniciativa da Administra\u00e7\u00e3o Municipal de promover o ensino de m\u00fasica para os alunos da rede p\u00fablica de educa\u00e7\u00e3o.<\/p>\n\n\n\n<p>Conforme Yamandu, retornar a Passo Fundo para participar do lan\u00e7amento de um projeto educacional envolvendo a musicaliza\u00e7\u00e3o de crian\u00e7as e adolescentes \u00e9 uma \u201calegria imensa, porque representa uma oportunidade de reconhecer o quanto a m\u00fasica \u00e9 fundamental n\u00e3o apenas na minha vida, mas para toda a sociedade\u201d. \u201cAcredito muito nesta iniciativa de Passo Fundo, pois precisamos ampliar o acesso das pessoas \u00e0 arte, inclu\u00ed-las e oferecer estes espa\u00e7os de forma\u00e7\u00e3o. A Escola P\u00fablica de M\u00fasica \u00e9 uma ferramenta que pode potencializar estes processos\u201d, defendeu o m\u00fasico.<\/p>\n\n\n\n<p>A Escola P\u00fablica de M\u00fasica Yamandu Costa vai contemplar alunos de 32 escolas da Rede Municipal de Ensino, distribu\u00eddas em quatro quadrantes. As atividades tamb\u00e9m ocorrer\u00e3o na sede da Escola, constru\u00edda no Parque da Gare. De acordo com o secret\u00e1rio Municipal de Educa\u00e7\u00e3o, Adriano Canabarro Teixeira, ser\u00e3o oferecidas oficinas nas modalidades de Cordas, Cordas Friccionadas, Sopro e Percuss\u00e3o. \u201cOs instrutores da Escola P\u00fablica j\u00e1 est\u00e3o sensibilizando os estudantes das escolas municipais, anunciando o in\u00edcio das aulas e explicando como ser\u00e1 o funcionamento desta iniciativa\u201d, explicou Teixeira, complementando que o programa pedag\u00f3gico que orienta a Escola P\u00fablica de M\u00fasica foi constru\u00eddo objetivando a inser\u00e7\u00e3o e a promo\u00e7\u00e3o da musicalidade nos ambientes escolares.<\/p>\n\n\n\n<p>Para o maestro da Escola P\u00fablica de M\u00fasica, Rodrigo \u00c1vila, a oportunidade de apresentar as a\u00e7\u00f5es do projeto e a estrutura curricular do ensino das diferentes modalidades que ser\u00e3o oferecidas nas escolas ao m\u00fasico que empresta o seu nome e a sua trajet\u00f3ria para nomear o programa \u00e9 \u201cinspirador e tamb\u00e9m um desafio\u201d. \u201cEstamos muito empenhados em fazer deste um grande projeto. E ter o Yamandu como inspira\u00e7\u00e3o e modelo para o nosso trabalho nos enche de determina\u00e7\u00e3o\u201d, afirmou. As aulas ser\u00e3o ministradas por professores de M\u00fasica e auxiliares, contratados por meio de processo seletivo.<\/p>\n\n\n\n<p>A inaugura\u00e7\u00e3o da sede da Escola P\u00fablica de M\u00fasica Yamandu Costa ocorre nesta quinta-feira (16), \u00e0s 9h, no Parque da Gare. A atividade integra a programa\u00e7\u00e3o do Festival de M\u00fasica de Passo Fundo, uma a\u00e7\u00e3o da Prefeitura para marcar as comemora\u00e7\u00f5es da Semana da M\u00fasica.<\/p>\n","protected":false},"excerpt":{"rendered":"<p>Artista homenageado pela Prefeitura de Passo Fundo com a nomenclatura do espa\u00e7o e do programa de musicaliza\u00e7\u00e3o no munic\u00edpio participou do primeiro encontro com os instrutores que atuar\u00e3o nas oficinas<\/p>\n","protected":false},"author":6,"featured_media":9131,"comment_status":"closed","ping_status":"closed","sticky":true,"template":"","format":"standard","meta":{"footnotes":""},"categories":[1],"tags":[],"class_list":["post-9130","post","type-post","status-publish","format-standard","has-post-thumbnail","hentry","category-sem-categoria"],"yoast_head":"<!-- This site is optimized with the Yoast SEO plugin v23.8 - https:\/\/yoast.com\/wordpress\/plugins\/seo\/ -->\n<title>Yamandu Costa conhece projeto pedag\u00f3gico da Escola P\u00fablica de M\u00fasica - Secretaria de Educa\u00e7\u00e3o<\/title>\n<meta name=\"robots\" content=\"index, follow, max-snippet:-1, max-image-preview:large, max-video-preview:-1\" \/>\n<link rel=\"canonical\" href=\"https:\/\/www.pmpf.rs.gov.br\/educacao\/2023\/03\/15\/yamandu-costa-conhece-projeto-pedagogico-da-escola-publica-de-musica\/\" \/>\n<meta property=\"og:locale\" content=\"pt_BR\" \/>\n<meta property=\"og:type\" content=\"article\" \/>\n<meta property=\"og:title\" content=\"Yamandu Costa conhece projeto pedag\u00f3gico da Escola P\u00fablica de M\u00fasica - Secretaria de Educa\u00e7\u00e3o\" \/>\n<meta property=\"og:description\" content=\"Artista homenageado pela Prefeitura de Passo Fundo com a nomenclatura do espa\u00e7o e do programa de musicaliza\u00e7\u00e3o no munic\u00edpio participou do primeiro encontro com os instrutores que atuar\u00e3o nas oficinas\" \/>\n<meta property=\"og:url\" content=\"https:\/\/www.pmpf.rs.gov.br\/educacao\/2023\/03\/15\/yamandu-costa-conhece-projeto-pedagogico-da-escola-publica-de-musica\/\" \/>\n<meta property=\"og:site_name\" content=\"Secretaria de Educa\u00e7\u00e3o\" \/>\n<meta property=\"article:published_time\" content=\"2023-03-15T20:13:57+00:00\" \/>\n<meta property=\"article:modified_time\" content=\"2023-03-15T20:13:58+00:00\" \/>\n<meta name=\"author\" content=\"andressazorzetto07\" \/>\n<meta name=\"twitter:card\" content=\"summary_large_image\" \/>\n<meta name=\"twitter:label1\" content=\"Escrito por\" \/>\n\t<meta name=\"twitter:data1\" content=\"andressazorzetto07\" \/>\n\t<meta name=\"twitter:label2\" content=\"Est. tempo de leitura\" \/>\n\t<meta name=\"twitter:data2\" content=\"3 minutos\" \/>\n<script type=\"application\/ld+json\" class=\"yoast-schema-graph\">{\"@context\":\"https:\/\/schema.org\",\"@graph\":[{\"@type\":\"WebPage\",\"@id\":\"https:\/\/www.pmpf.rs.gov.br\/educacao\/2023\/03\/15\/yamandu-costa-conhece-projeto-pedagogico-da-escola-publica-de-musica\/\",\"url\":\"https:\/\/www.pmpf.rs.gov.br\/educacao\/2023\/03\/15\/yamandu-costa-conhece-projeto-pedagogico-da-escola-publica-de-musica\/\",\"name\":\"Yamandu Costa conhece projeto pedag\u00f3gico da Escola P\u00fablica de M\u00fasica - Secretaria de Educa\u00e7\u00e3o\",\"isPartOf\":{\"@id\":\"https:\/\/www.pmpf.rs.gov.br\/educacao\/#website\"},\"primaryImageOfPage\":{\"@id\":\"https:\/\/www.pmpf.rs.gov.br\/educacao\/2023\/03\/15\/yamandu-costa-conhece-projeto-pedagogico-da-escola-publica-de-musica\/#primaryimage\"},\"image\":{\"@id\":\"https:\/\/www.pmpf.rs.gov.br\/educacao\/2023\/03\/15\/yamandu-costa-conhece-projeto-pedagogico-da-escola-publica-de-musica\/#primaryimage\"},\"thumbnailUrl\":\"https:\/\/www.pmpf.rs.gov.br\/educacao\/wp-content\/uploads\/sites\/43\/2023\/03\/yamandu.jpeg\",\"datePublished\":\"2023-03-15T20:13:57+00:00\",\"dateModified\":\"2023-03-15T20:13:58+00:00\",\"author\":{\"@id\":\"https:\/\/www.pmpf.rs.gov.br\/educacao\/#\/schema\/person\/30ee1d1bd74da1469b01fcf086e43351\"},\"inLanguage\":\"pt-BR\",\"potentialAction\":[{\"@type\":\"ReadAction\",\"target\":[\"https:\/\/www.pmpf.rs.gov.br\/educacao\/2023\/03\/15\/yamandu-costa-conhece-projeto-pedagogico-da-escola-publica-de-musica\/\"]}]},{\"@type\":\"ImageObject\",\"inLanguage\":\"pt-BR\",\"@id\":\"https:\/\/www.pmpf.rs.gov.br\/educacao\/2023\/03\/15\/yamandu-costa-conhece-projeto-pedagogico-da-escola-publica-de-musica\/#primaryimage\",\"url\":\"https:\/\/www.pmpf.rs.gov.br\/educacao\/wp-content\/uploads\/sites\/43\/2023\/03\/yamandu.jpeg\",\"contentUrl\":\"https:\/\/www.pmpf.rs.gov.br\/educacao\/wp-content\/uploads\/sites\/43\/2023\/03\/yamandu.jpeg\",\"width\":1600,\"height\":1066},{\"@type\":\"WebSite\",\"@id\":\"https:\/\/www.pmpf.rs.gov.br\/educacao\/#website\",\"url\":\"https:\/\/www.pmpf.rs.gov.br\/educacao\/\",\"name\":\"Secretaria de Educa\u00e7\u00e3o\",\"description\":\"Secretaria de Educa\u00e7\u00e3o da cidade de Passo Fundo\",\"potentialAction\":[{\"@type\":\"SearchAction\",\"target\":{\"@type\":\"EntryPoint\",\"urlTemplate\":\"https:\/\/www.pmpf.rs.gov.br\/educacao\/?s={search_term_string}\"},\"query-input\":{\"@type\":\"PropertyValueSpecification\",\"valueRequired\":true,\"valueName\":\"search_term_string\"}}],\"inLanguage\":\"pt-BR\"},{\"@type\":\"Person\",\"@id\":\"https:\/\/www.pmpf.rs.gov.br\/educacao\/#\/schema\/person\/30ee1d1bd74da1469b01fcf086e43351\",\"name\":\"andressazorzetto07\",\"image\":{\"@type\":\"ImageObject\",\"inLanguage\":\"pt-BR\",\"@id\":\"https:\/\/www.pmpf.rs.gov.br\/educacao\/#\/schema\/person\/image\/\",\"url\":\"https:\/\/secure.gravatar.com\/avatar\/14c5458ed79dc81da99a13b9ff5f9f19?s=96&d=mm&r=g\",\"contentUrl\":\"https:\/\/secure.gravatar.com\/avatar\/14c5458ed79dc81da99a13b9ff5f9f19?s=96&d=mm&r=g\",\"caption\":\"andressazorzetto07\"},\"url\":\"https:\/\/www.pmpf.rs.gov.br\/educacao\/author\/andressazorzetto07\/\"}]}<\/script>\n<!-- \/ Yoast SEO plugin. -->","yoast_head_json":{"title":"Yamandu Costa conhece projeto pedag\u00f3gico da Escola P\u00fablica de M\u00fasica - Secretaria de Educa\u00e7\u00e3o","robots":{"index":"index","follow":"follow","max-snippet":"max-snippet:-1","max-image-preview":"max-image-preview:large","max-video-preview":"max-video-preview:-1"},"canonical":"https:\/\/www.pmpf.rs.gov.br\/educacao\/2023\/03\/15\/yamandu-costa-conhece-projeto-pedagogico-da-escola-publica-de-musica\/","og_locale":"pt_BR","og_type":"article","og_title":"Yamandu Costa conhece projeto pedag\u00f3gico da Escola P\u00fablica de M\u00fasica - Secretaria de Educa\u00e7\u00e3o","og_description":"Artista homenageado pela Prefeitura de Passo Fundo com a nomenclatura do espa\u00e7o e do programa de musicaliza\u00e7\u00e3o no munic\u00edpio participou do primeiro encontro com os instrutores que atuar\u00e3o nas oficinas","og_url":"https:\/\/www.pmpf.rs.gov.br\/educacao\/2023\/03\/15\/yamandu-costa-conhece-projeto-pedagogico-da-escola-publica-de-musica\/","og_site_name":"Secretaria de Educa\u00e7\u00e3o","article_published_time":"2023-03-15T20:13:57+00:00","article_modified_time":"2023-03-15T20:13:58+00:00","author":"andressazorzetto07","twitter_card":"summary_large_image","twitter_misc":{"Escrito por":"andressazorzetto07","Est. tempo de leitura":"3 minutos"},"schema":{"@context":"https:\/\/schema.org","@graph":[{"@type":"WebPage","@id":"https:\/\/www.pmpf.rs.gov.br\/educacao\/2023\/03\/15\/yamandu-costa-conhece-projeto-pedagogico-da-escola-publica-de-musica\/","url":"https:\/\/www.pmpf.rs.gov.br\/educacao\/2023\/03\/15\/yamandu-costa-conhece-projeto-pedagogico-da-escola-publica-de-musica\/","name":"Yamandu Costa conhece projeto pedag\u00f3gico da Escola P\u00fablica de M\u00fasica - Secretaria de Educa\u00e7\u00e3o","isPartOf":{"@id":"https:\/\/www.pmpf.rs.gov.br\/educacao\/#website"},"primaryImageOfPage":{"@id":"https:\/\/www.pmpf.rs.gov.br\/educacao\/2023\/03\/15\/yamandu-costa-conhece-projeto-pedagogico-da-escola-publica-de-musica\/#primaryimage"},"image":{"@id":"https:\/\/www.pmpf.rs.gov.br\/educacao\/2023\/03\/15\/yamandu-costa-conhece-projeto-pedagogico-da-escola-publica-de-musica\/#primaryimage"},"thumbnailUrl":"https:\/\/www.pmpf.rs.gov.br\/educacao\/wp-content\/uploads\/sites\/43\/2023\/03\/yamandu.jpeg","datePublished":"2023-03-15T20:13:57+00:00","dateModified":"2023-03-15T20:13:58+00:00","author":{"@id":"https:\/\/www.pmpf.rs.gov.br\/educacao\/#\/schema\/person\/30ee1d1bd74da1469b01fcf086e43351"},"inLanguage":"pt-BR","potentialAction":[{"@type":"ReadAction","target":["https:\/\/www.pmpf.rs.gov.br\/educacao\/2023\/03\/15\/yamandu-costa-conhece-projeto-pedagogico-da-escola-publica-de-musica\/"]}]},{"@type":"ImageObject","inLanguage":"pt-BR","@id":"https:\/\/www.pmpf.rs.gov.br\/educacao\/2023\/03\/15\/yamandu-costa-conhece-projeto-pedagogico-da-escola-publica-de-musica\/#primaryimage","url":"https:\/\/www.pmpf.rs.gov.br\/educacao\/wp-content\/uploads\/sites\/43\/2023\/03\/yamandu.jpeg","contentUrl":"https:\/\/www.pmpf.rs.gov.br\/educacao\/wp-content\/uploads\/sites\/43\/2023\/03\/yamandu.jpeg","width":1600,"height":1066},{"@type":"WebSite","@id":"https:\/\/www.pmpf.rs.gov.br\/educacao\/#website","url":"https:\/\/www.pmpf.rs.gov.br\/educacao\/","name":"Secretaria de Educa\u00e7\u00e3o","description":"Secretaria de Educa\u00e7\u00e3o da cidade de Passo Fundo","potentialAction":[{"@type":"SearchAction","target":{"@type":"EntryPoint","urlTemplate":"https:\/\/www.pmpf.rs.gov.br\/educacao\/?s={search_term_string}"},"query-input":{"@type":"PropertyValueSpecification","valueRequired":true,"valueName":"search_term_string"}}],"inLanguage":"pt-BR"},{"@type":"Person","@id":"https:\/\/www.pmpf.rs.gov.br\/educacao\/#\/schema\/person\/30ee1d1bd74da1469b01fcf086e43351","name":"andressazorzetto07","image":{"@type":"ImageObject","inLanguage":"pt-BR","@id":"https:\/\/www.pmpf.rs.gov.br\/educacao\/#\/schema\/person\/image\/","url":"https:\/\/secure.gravatar.com\/avatar\/14c5458ed79dc81da99a13b9ff5f9f19?s=96&d=mm&r=g","contentUrl":"https:\/\/secure.gravatar.com\/avatar\/14c5458ed79dc81da99a13b9ff5f9f19?s=96&d=mm&r=g","caption":"andressazorzetto07"},"url":"https:\/\/www.pmpf.rs.gov.br\/educacao\/author\/andressazorzetto07\/"}]}},"_links":{"self":[{"href":"https:\/\/www.pmpf.rs.gov.br\/educacao\/wp-json\/wp\/v2\/posts\/9130"}],"collection":[{"href":"https:\/\/www.pmpf.rs.gov.br\/educacao\/wp-json\/wp\/v2\/posts"}],"about":[{"href":"https:\/\/www.pmpf.rs.gov.br\/educacao\/wp-json\/wp\/v2\/types\/post"}],"author":[{"embeddable":true,"href":"https:\/\/www.pmpf.rs.gov.br\/educacao\/wp-json\/wp\/v2\/users\/6"}],"replies":[{"embeddable":true,"href":"https:\/\/www.pmpf.rs.gov.br\/educacao\/wp-json\/wp\/v2\/comments?post=9130"}],"version-history":[{"count":1,"href":"https:\/\/www.pmpf.rs.gov.br\/educacao\/wp-json\/wp\/v2\/posts\/9130\/revisions"}],"predecessor-version":[{"id":9132,"href":"https:\/\/www.pmpf.rs.gov.br\/educacao\/wp-json\/wp\/v2\/posts\/9130\/revisions\/9132"}],"wp:featuredmedia":[{"embeddable":true,"href":"https:\/\/www.pmpf.rs.gov.br\/educacao\/wp-json\/wp\/v2\/media\/9131"}],"wp:attachment":[{"href":"https:\/\/www.pmpf.rs.gov.br\/educacao\/wp-json\/wp\/v2\/media?parent=9130"}],"wp:term":[{"taxonomy":"category","embeddable":true,"href":"https:\/\/www.pmpf.rs.gov.br\/educacao\/wp-json\/wp\/v2\/categories?post=9130"},{"taxonomy":"post_tag","embeddable":true,"href":"https:\/\/www.pmpf.rs.gov.br\/educacao\/wp-json\/wp\/v2\/tags?post=9130"}],"curies":[{"name":"wp","href":"https:\/\/api.w.org\/{rel}","templated":true}]}}