{"id":9084,"date":"2023-02-28T15:35:41","date_gmt":"2023-02-28T18:35:41","guid":{"rendered":"https:\/\/www.pmpf.rs.gov.br\/educacao\/?p=9084"},"modified":"2023-03-07T15:35:06","modified_gmt":"2023-03-07T18:35:06","slug":"prefeitura-abre-inscricoes-para-alunos-que-queiram-integrar-a-escola-publica-de-musica-yamandu-costa","status":"publish","type":"post","link":"https:\/\/www.pmpf.rs.gov.br\/educacao\/2023\/02\/28\/prefeitura-abre-inscricoes-para-alunos-que-queiram-integrar-a-escola-publica-de-musica-yamandu-costa\/","title":{"rendered":"Prefeitura abre inscri\u00e7\u00f5es para alunos que queiram integrar a Escola P\u00fablica de M\u00fasica Yamandu Costa"},"content":{"rendered":"\n<p><\/p>\n\n\n\n<p>Em breve, a Escola P\u00fablica de M\u00fasica Yamandu Costa ser\u00e1 uma realidade para os alunos da rede municipal de Passo Fundo. Ao mesmo tempo em que finaliza a implementa\u00e7\u00e3o das salas de m\u00fasica nas escolas e a constru\u00e7\u00e3o da sede do projeto, no Parque da Gare, a Prefeitura est\u00e1 fazendo as inscri\u00e7\u00f5es dos estudantes interessados em fazer parte da iniciativa.<\/p>\n\n\n\n<p>Para o prefeito Pedro Almeida, essa \u00e9 uma oportunidade para que os alunos tenham contato com a m\u00fasica e sintam em suas vidas transforma\u00e7\u00f5es que podem acontecer a partir dela. \u201cEste \u00e9 um projeto que tem objetivos importantes: levar o acesso \u00e0 m\u00fasica, contribuir com o desenvolvimento integral dos alunos e realizar sonhos. A Escola P\u00fablica de M\u00fasica \u00e9 uma iniciativa que foi pensada com sensibilidade para ser um diferencial para os jovens\u201d, disse.<\/p>\n\n\n\n<p>O projeto \u00e9 voltado para os alunos do sexto ao nono ano da rede municipal. As inscri\u00e7\u00f5es podem ser realizadas pelo link <a href=\"http:\/\/gg.gg\/epyminscricao\">gg.gg\/epyminscricao<\/a>, mediante o preenchimento de um formul\u00e1rio com as informa\u00e7\u00f5es pessoais dos estudantes. Todas as institui\u00e7\u00f5es de Ensino Fundamental tamb\u00e9m receberam um cartaz com um QR Code para as inscri\u00e7\u00f5es e podem auxiliar a tirar d\u00favidas sobre o cadastramento.<\/p>\n\n\n\n<p>Paralelamente \u00e0s inscri\u00e7\u00f5es, \u00e9 efetuado nas escolas um processo de divulga\u00e7\u00e3o do projeto, a partir do qual os alunos t\u00eam contato com a m\u00fasica e os instrutores. Esta a\u00e7\u00e3o \u00e9 conduzida pelo coordenador da Escola de M\u00fasica, maestro Rodrigo \u00c1vila. \u201cEstamos fazendo um concerto did\u00e1tico com car\u00e1ter de aproximar os alunos \u00e0 Escola de M\u00fasica e apresentar para eles a proposta. Neste formato, com os professores tocando e interagindo, sentimos que vamos ter uma resposta muito maior porque os jovens conseguem vislumbrar onde podem chegar\u201d, destaca.<\/p>\n\n\n\n<p>Como o projeto conta com quatro salas de m\u00fasica em escolas, as visitas acontecem por quadrante. Neste momento, os instrutores est\u00e3o indo at\u00e9 as institui\u00e7\u00f5es abrangidas pela EMEF Benoni Rosado. A ideia \u00e9 que, at\u00e9 meados de mar\u00e7o, todos os quadrantes sejam visitados.<\/p>\n\n\n\n<p>Conforme o maestro Rodrigo \u00c1vila, a aceita\u00e7\u00e3o tem sido muito positiva. \u201cLevamos aos alunos um repert\u00f3rio que se aproxima \u00e0 realidade deles e propomos uma s\u00e9rie de din\u00e2micas com eles. Estamos tendo uma aceita\u00e7\u00e3o grande\u201d, enfatiza.<\/p>\n\n\n\n<p><\/p>\n\n\n\n<p><strong>Como vai funcionar<br><\/strong>A Escola P\u00fablica de M\u00fasica \u00e9 uma iniciativa inovadora da Prefeitura para levar aos jovens uma oportunidade de transforma\u00e7\u00e3o social. O projeto leva o nome do g\u00eanio da m\u00fasica mundial, vencedor do Grammy Latino em 2021 e passo-fundense Yamandu Costa.<\/p>\n\n\n\n<p>Os estudantes que tiverem interesse em participar do projeto ter\u00e3o acesso a quatro modalidades de ensino de m\u00fasica, que contemplam instrumentos de cordas, cordas friccionadas, percuss\u00e3o e sopro. A escolha da modalidade ocorre durante o preenchimento do formul\u00e1rio de inscri\u00e7\u00e3o.<\/p>\n\n\n\n<p>Quatro escolas de Ensino Fundamental concentrar\u00e3o as aulas de m\u00fasica. S\u00e3o elas: Senador Pasqualini, Cohab Secchi, Benoni Rosado e Wolmar Salton. O secret\u00e1rio de Educa\u00e7\u00e3o, Adriano Canabarro Teixeira, explica que a escolha dessas institui\u00e7\u00f5es foi realizada com a divis\u00e3o da cidade em quatro quadrantes. \u201cUma escola em cada quadrante foi definida para acolher o projeto. Essas escolas acolher\u00e3o alunos de outras institui\u00e7\u00f5es de suas regi\u00f5es. Partindo de uma dimens\u00e3o de cidade educadora, elas t\u00eam o territ\u00f3rio como espa\u00e7o de a\u00e7\u00e3o\u201d, salienta.<\/p>\n\n\n\n<p>Conforme explica Adriano, na sede da Escola de M\u00fasica Yamandu Costa, localizada no Parque da Gare, ser\u00e1 realizado um trabalho espec\u00edfico e aprofundado com os alunos que apresentarem maior aptid\u00e3o nas escolas do quadrante. \u201cOs alunos que se destacarem v\u00e3o poder estar no conservat\u00f3rio para compor conjuntos musicais formados por crian\u00e7as e jovens da rede p\u00fablica municipal de educa\u00e7\u00e3o\u201d, enfatiza.<\/p>\n\n\n\n<p>A Escola de M\u00fasica conta com quatro professores e quatro auxiliares, j\u00e1 contratados pela Prefeitura. Em sistema de rod\u00edzio, eles ir\u00e3o at\u00e9 as escolas para ministrar as aulas. As salas de m\u00fasica das escolas est\u00e3o em fase de finaliza\u00e7\u00e3o. Com a estrutura ac\u00fastica implementada, elas est\u00e3o recebendo o mobili\u00e1rio e, em seguida, ter\u00e3o os instrumentos. O pr\u00e9dio que sediar\u00e1 o projeto ganhou forma e est\u00e1 pr\u00f3ximo da inaugura\u00e7\u00e3o com 90% das obras conclu\u00eddas.<\/p>\n\n\n\n<p>O in\u00edcio das atividades da Escola P\u00fablica de M\u00fasica \u00e9 programado para o segundo trimestre do ano. J\u00e1 no terceiro trimestre, haver\u00e1 a abertura das atividades na sede da Escola, reunindo os estudantes com destaque.<\/p>\n","protected":false},"excerpt":{"rendered":"<p>Projeto \u00e9 voltado aos alunos do sexto ao nono ano da rede municipal. A estrutura necess\u00e1ria para o in\u00edcio das atividades est\u00e1 em fase de finaliza\u00e7\u00e3o<\/p>\n","protected":false},"author":6,"featured_media":9085,"comment_status":"closed","ping_status":"closed","sticky":true,"template":"","format":"standard","meta":{"footnotes":""},"categories":[1],"tags":[],"class_list":["post-9084","post","type-post","status-publish","format-standard","has-post-thumbnail","hentry","category-sem-categoria"],"yoast_head":"<!-- This site is optimized with the Yoast SEO plugin v23.8 - https:\/\/yoast.com\/wordpress\/plugins\/seo\/ -->\n<title>Prefeitura abre inscri\u00e7\u00f5es para alunos que queiram integrar a Escola P\u00fablica de M\u00fasica Yamandu Costa - Secretaria de Educa\u00e7\u00e3o<\/title>\n<meta name=\"robots\" content=\"index, follow, max-snippet:-1, max-image-preview:large, max-video-preview:-1\" \/>\n<link rel=\"canonical\" href=\"https:\/\/www.pmpf.rs.gov.br\/educacao\/2023\/02\/28\/prefeitura-abre-inscricoes-para-alunos-que-queiram-integrar-a-escola-publica-de-musica-yamandu-costa\/\" \/>\n<meta property=\"og:locale\" content=\"pt_BR\" \/>\n<meta property=\"og:type\" content=\"article\" \/>\n<meta property=\"og:title\" content=\"Prefeitura abre inscri\u00e7\u00f5es para alunos que queiram integrar a Escola P\u00fablica de M\u00fasica Yamandu Costa - Secretaria de Educa\u00e7\u00e3o\" \/>\n<meta property=\"og:description\" content=\"Projeto \u00e9 voltado aos alunos do sexto ao nono ano da rede municipal. A estrutura necess\u00e1ria para o in\u00edcio das atividades est\u00e1 em fase de finaliza\u00e7\u00e3o\" \/>\n<meta property=\"og:url\" content=\"https:\/\/www.pmpf.rs.gov.br\/educacao\/2023\/02\/28\/prefeitura-abre-inscricoes-para-alunos-que-queiram-integrar-a-escola-publica-de-musica-yamandu-costa\/\" \/>\n<meta property=\"og:site_name\" content=\"Secretaria de Educa\u00e7\u00e3o\" \/>\n<meta property=\"article:published_time\" content=\"2023-02-28T18:35:41+00:00\" \/>\n<meta property=\"article:modified_time\" content=\"2023-03-07T18:35:06+00:00\" \/>\n<meta property=\"og:image\" content=\"https:\/\/www.pmpf.rs.gov.br\/educacao\/wp-content\/uploads\/sites\/43\/2023\/02\/escola-de-musica.jpg\" \/>\n\t<meta property=\"og:image:width\" content=\"1600\" \/>\n\t<meta property=\"og:image:height\" content=\"1066\" \/>\n\t<meta property=\"og:image:type\" content=\"image\/jpeg\" \/>\n<meta name=\"author\" content=\"andressazorzetto07\" \/>\n<meta name=\"twitter:card\" content=\"summary_large_image\" \/>\n<meta name=\"twitter:label1\" content=\"Escrito por\" \/>\n\t<meta name=\"twitter:data1\" content=\"andressazorzetto07\" \/>\n\t<meta name=\"twitter:label2\" content=\"Est. tempo de leitura\" \/>\n\t<meta name=\"twitter:data2\" content=\"4 minutos\" \/>\n<script type=\"application\/ld+json\" class=\"yoast-schema-graph\">{\"@context\":\"https:\/\/schema.org\",\"@graph\":[{\"@type\":\"WebPage\",\"@id\":\"https:\/\/www.pmpf.rs.gov.br\/educacao\/2023\/02\/28\/prefeitura-abre-inscricoes-para-alunos-que-queiram-integrar-a-escola-publica-de-musica-yamandu-costa\/\",\"url\":\"https:\/\/www.pmpf.rs.gov.br\/educacao\/2023\/02\/28\/prefeitura-abre-inscricoes-para-alunos-que-queiram-integrar-a-escola-publica-de-musica-yamandu-costa\/\",\"name\":\"Prefeitura abre inscri\u00e7\u00f5es para alunos que queiram integrar a Escola P\u00fablica de M\u00fasica Yamandu Costa - Secretaria de Educa\u00e7\u00e3o\",\"isPartOf\":{\"@id\":\"https:\/\/www.pmpf.rs.gov.br\/educacao\/#website\"},\"primaryImageOfPage\":{\"@id\":\"https:\/\/www.pmpf.rs.gov.br\/educacao\/2023\/02\/28\/prefeitura-abre-inscricoes-para-alunos-que-queiram-integrar-a-escola-publica-de-musica-yamandu-costa\/#primaryimage\"},\"image\":{\"@id\":\"https:\/\/www.pmpf.rs.gov.br\/educacao\/2023\/02\/28\/prefeitura-abre-inscricoes-para-alunos-que-queiram-integrar-a-escola-publica-de-musica-yamandu-costa\/#primaryimage\"},\"thumbnailUrl\":\"https:\/\/www.pmpf.rs.gov.br\/educacao\/wp-content\/uploads\/sites\/43\/2023\/02\/escola-de-musica.jpg\",\"datePublished\":\"2023-02-28T18:35:41+00:00\",\"dateModified\":\"2023-03-07T18:35:06+00:00\",\"author\":{\"@id\":\"https:\/\/www.pmpf.rs.gov.br\/educacao\/#\/schema\/person\/30ee1d1bd74da1469b01fcf086e43351\"},\"inLanguage\":\"pt-BR\",\"potentialAction\":[{\"@type\":\"ReadAction\",\"target\":[\"https:\/\/www.pmpf.rs.gov.br\/educacao\/2023\/02\/28\/prefeitura-abre-inscricoes-para-alunos-que-queiram-integrar-a-escola-publica-de-musica-yamandu-costa\/\"]}]},{\"@type\":\"ImageObject\",\"inLanguage\":\"pt-BR\",\"@id\":\"https:\/\/www.pmpf.rs.gov.br\/educacao\/2023\/02\/28\/prefeitura-abre-inscricoes-para-alunos-que-queiram-integrar-a-escola-publica-de-musica-yamandu-costa\/#primaryimage\",\"url\":\"https:\/\/www.pmpf.rs.gov.br\/educacao\/wp-content\/uploads\/sites\/43\/2023\/02\/escola-de-musica.jpg\",\"contentUrl\":\"https:\/\/www.pmpf.rs.gov.br\/educacao\/wp-content\/uploads\/sites\/43\/2023\/02\/escola-de-musica.jpg\",\"width\":1600,\"height\":1066},{\"@type\":\"WebSite\",\"@id\":\"https:\/\/www.pmpf.rs.gov.br\/educacao\/#website\",\"url\":\"https:\/\/www.pmpf.rs.gov.br\/educacao\/\",\"name\":\"Secretaria de Educa\u00e7\u00e3o\",\"description\":\"Secretaria de Educa\u00e7\u00e3o da cidade de Passo Fundo\",\"potentialAction\":[{\"@type\":\"SearchAction\",\"target\":{\"@type\":\"EntryPoint\",\"urlTemplate\":\"https:\/\/www.pmpf.rs.gov.br\/educacao\/?s={search_term_string}\"},\"query-input\":{\"@type\":\"PropertyValueSpecification\",\"valueRequired\":true,\"valueName\":\"search_term_string\"}}],\"inLanguage\":\"pt-BR\"},{\"@type\":\"Person\",\"@id\":\"https:\/\/www.pmpf.rs.gov.br\/educacao\/#\/schema\/person\/30ee1d1bd74da1469b01fcf086e43351\",\"name\":\"andressazorzetto07\",\"image\":{\"@type\":\"ImageObject\",\"inLanguage\":\"pt-BR\",\"@id\":\"https:\/\/www.pmpf.rs.gov.br\/educacao\/#\/schema\/person\/image\/\",\"url\":\"https:\/\/secure.gravatar.com\/avatar\/14c5458ed79dc81da99a13b9ff5f9f19?s=96&d=mm&r=g\",\"contentUrl\":\"https:\/\/secure.gravatar.com\/avatar\/14c5458ed79dc81da99a13b9ff5f9f19?s=96&d=mm&r=g\",\"caption\":\"andressazorzetto07\"},\"url\":\"https:\/\/www.pmpf.rs.gov.br\/educacao\/author\/andressazorzetto07\/\"}]}<\/script>\n<!-- \/ Yoast SEO plugin. -->","yoast_head_json":{"title":"Prefeitura abre inscri\u00e7\u00f5es para alunos que queiram integrar a Escola P\u00fablica de M\u00fasica Yamandu Costa - Secretaria de Educa\u00e7\u00e3o","robots":{"index":"index","follow":"follow","max-snippet":"max-snippet:-1","max-image-preview":"max-image-preview:large","max-video-preview":"max-video-preview:-1"},"canonical":"https:\/\/www.pmpf.rs.gov.br\/educacao\/2023\/02\/28\/prefeitura-abre-inscricoes-para-alunos-que-queiram-integrar-a-escola-publica-de-musica-yamandu-costa\/","og_locale":"pt_BR","og_type":"article","og_title":"Prefeitura abre inscri\u00e7\u00f5es para alunos que queiram integrar a Escola P\u00fablica de M\u00fasica Yamandu Costa - Secretaria de Educa\u00e7\u00e3o","og_description":"Projeto \u00e9 voltado aos alunos do sexto ao nono ano da rede municipal. A estrutura necess\u00e1ria para o in\u00edcio das atividades est\u00e1 em fase de finaliza\u00e7\u00e3o","og_url":"https:\/\/www.pmpf.rs.gov.br\/educacao\/2023\/02\/28\/prefeitura-abre-inscricoes-para-alunos-que-queiram-integrar-a-escola-publica-de-musica-yamandu-costa\/","og_site_name":"Secretaria de Educa\u00e7\u00e3o","article_published_time":"2023-02-28T18:35:41+00:00","article_modified_time":"2023-03-07T18:35:06+00:00","og_image":[{"width":1600,"height":1066,"url":"https:\/\/www.pmpf.rs.gov.br\/educacao\/wp-content\/uploads\/sites\/43\/2023\/02\/escola-de-musica.jpg","type":"image\/jpeg"}],"author":"andressazorzetto07","twitter_card":"summary_large_image","twitter_misc":{"Escrito por":"andressazorzetto07","Est. tempo de leitura":"4 minutos"},"schema":{"@context":"https:\/\/schema.org","@graph":[{"@type":"WebPage","@id":"https:\/\/www.pmpf.rs.gov.br\/educacao\/2023\/02\/28\/prefeitura-abre-inscricoes-para-alunos-que-queiram-integrar-a-escola-publica-de-musica-yamandu-costa\/","url":"https:\/\/www.pmpf.rs.gov.br\/educacao\/2023\/02\/28\/prefeitura-abre-inscricoes-para-alunos-que-queiram-integrar-a-escola-publica-de-musica-yamandu-costa\/","name":"Prefeitura abre inscri\u00e7\u00f5es para alunos que queiram integrar a Escola P\u00fablica de M\u00fasica Yamandu Costa - Secretaria de Educa\u00e7\u00e3o","isPartOf":{"@id":"https:\/\/www.pmpf.rs.gov.br\/educacao\/#website"},"primaryImageOfPage":{"@id":"https:\/\/www.pmpf.rs.gov.br\/educacao\/2023\/02\/28\/prefeitura-abre-inscricoes-para-alunos-que-queiram-integrar-a-escola-publica-de-musica-yamandu-costa\/#primaryimage"},"image":{"@id":"https:\/\/www.pmpf.rs.gov.br\/educacao\/2023\/02\/28\/prefeitura-abre-inscricoes-para-alunos-que-queiram-integrar-a-escola-publica-de-musica-yamandu-costa\/#primaryimage"},"thumbnailUrl":"https:\/\/www.pmpf.rs.gov.br\/educacao\/wp-content\/uploads\/sites\/43\/2023\/02\/escola-de-musica.jpg","datePublished":"2023-02-28T18:35:41+00:00","dateModified":"2023-03-07T18:35:06+00:00","author":{"@id":"https:\/\/www.pmpf.rs.gov.br\/educacao\/#\/schema\/person\/30ee1d1bd74da1469b01fcf086e43351"},"inLanguage":"pt-BR","potentialAction":[{"@type":"ReadAction","target":["https:\/\/www.pmpf.rs.gov.br\/educacao\/2023\/02\/28\/prefeitura-abre-inscricoes-para-alunos-que-queiram-integrar-a-escola-publica-de-musica-yamandu-costa\/"]}]},{"@type":"ImageObject","inLanguage":"pt-BR","@id":"https:\/\/www.pmpf.rs.gov.br\/educacao\/2023\/02\/28\/prefeitura-abre-inscricoes-para-alunos-que-queiram-integrar-a-escola-publica-de-musica-yamandu-costa\/#primaryimage","url":"https:\/\/www.pmpf.rs.gov.br\/educacao\/wp-content\/uploads\/sites\/43\/2023\/02\/escola-de-musica.jpg","contentUrl":"https:\/\/www.pmpf.rs.gov.br\/educacao\/wp-content\/uploads\/sites\/43\/2023\/02\/escola-de-musica.jpg","width":1600,"height":1066},{"@type":"WebSite","@id":"https:\/\/www.pmpf.rs.gov.br\/educacao\/#website","url":"https:\/\/www.pmpf.rs.gov.br\/educacao\/","name":"Secretaria de Educa\u00e7\u00e3o","description":"Secretaria de Educa\u00e7\u00e3o da cidade de Passo Fundo","potentialAction":[{"@type":"SearchAction","target":{"@type":"EntryPoint","urlTemplate":"https:\/\/www.pmpf.rs.gov.br\/educacao\/?s={search_term_string}"},"query-input":{"@type":"PropertyValueSpecification","valueRequired":true,"valueName":"search_term_string"}}],"inLanguage":"pt-BR"},{"@type":"Person","@id":"https:\/\/www.pmpf.rs.gov.br\/educacao\/#\/schema\/person\/30ee1d1bd74da1469b01fcf086e43351","name":"andressazorzetto07","image":{"@type":"ImageObject","inLanguage":"pt-BR","@id":"https:\/\/www.pmpf.rs.gov.br\/educacao\/#\/schema\/person\/image\/","url":"https:\/\/secure.gravatar.com\/avatar\/14c5458ed79dc81da99a13b9ff5f9f19?s=96&d=mm&r=g","contentUrl":"https:\/\/secure.gravatar.com\/avatar\/14c5458ed79dc81da99a13b9ff5f9f19?s=96&d=mm&r=g","caption":"andressazorzetto07"},"url":"https:\/\/www.pmpf.rs.gov.br\/educacao\/author\/andressazorzetto07\/"}]}},"_links":{"self":[{"href":"https:\/\/www.pmpf.rs.gov.br\/educacao\/wp-json\/wp\/v2\/posts\/9084"}],"collection":[{"href":"https:\/\/www.pmpf.rs.gov.br\/educacao\/wp-json\/wp\/v2\/posts"}],"about":[{"href":"https:\/\/www.pmpf.rs.gov.br\/educacao\/wp-json\/wp\/v2\/types\/post"}],"author":[{"embeddable":true,"href":"https:\/\/www.pmpf.rs.gov.br\/educacao\/wp-json\/wp\/v2\/users\/6"}],"replies":[{"embeddable":true,"href":"https:\/\/www.pmpf.rs.gov.br\/educacao\/wp-json\/wp\/v2\/comments?post=9084"}],"version-history":[{"count":2,"href":"https:\/\/www.pmpf.rs.gov.br\/educacao\/wp-json\/wp\/v2\/posts\/9084\/revisions"}],"predecessor-version":[{"id":9087,"href":"https:\/\/www.pmpf.rs.gov.br\/educacao\/wp-json\/wp\/v2\/posts\/9084\/revisions\/9087"}],"wp:featuredmedia":[{"embeddable":true,"href":"https:\/\/www.pmpf.rs.gov.br\/educacao\/wp-json\/wp\/v2\/media\/9085"}],"wp:attachment":[{"href":"https:\/\/www.pmpf.rs.gov.br\/educacao\/wp-json\/wp\/v2\/media?parent=9084"}],"wp:term":[{"taxonomy":"category","embeddable":true,"href":"https:\/\/www.pmpf.rs.gov.br\/educacao\/wp-json\/wp\/v2\/categories?post=9084"},{"taxonomy":"post_tag","embeddable":true,"href":"https:\/\/www.pmpf.rs.gov.br\/educacao\/wp-json\/wp\/v2\/tags?post=9084"}],"curies":[{"name":"wp","href":"https:\/\/api.w.org\/{rel}","templated":true}]}}